{"id":8351,"date":"2009-09-28T00:00:00","date_gmt":"2006-11-06T00:00:00","guid":{"rendered":"https:\/\/intervius.com\/index.html\/?p=8351"},"modified":"2006-11-06T00:00:00","modified_gmt":"2006-11-06T00:00:00","slug":"Amin_Maalouf8351","status":"publish","type":"post","link":"https:\/\/intervius.com\/index.html\/Amin_Maalouf8351\/","title":{"rendered":"Amin Maalouf"},"content":{"rendered":"<p>Pregunta.- Buenos D\u00edas Sr. Maalouf, soy un gran admirador suyo y de su forma de escribir, buscando una visi\u00f3n distinta a la establecida y convierti\u00e9ndola en real. Quer\u00eda preguntarle sobre su nuevo libro, tengo curiosidad por saber qu\u00e9 nuevos temas se atreve a tratar y desde qu\u00e9 punto de vista intenta enfocarlo. \u00bfQu\u00e9 busca con este nuevo ensayo? Gracias.<\/p>\n<p>Respuesta.- Este ensayo surge de mis inquietudes respecto al mundo de hoy. Se trata de inquietudes que me suscita el desajuste del mundo a diversos planos, como son el clim\u00e1tico, el econ\u00f3mico, el ideol\u00f3gico, el estrat\u00e9gico y el \u00e9tico. <\/p>\n<p>P.- Hay tropas espa\u00f1olas en el L\u00edbano. \u00bfPuede dar su opini\u00f3n sobre la presencia de dichas tropas? \u00bfEs \u00fatil para el pueblo liban\u00e9s? \u00bfCu\u00e1l es la visi\u00f3n de los libaneses sobre esas tropas?<\/p>\n<p>R.- Su presencia es percibida como muy \u00fatil, porque aportan paz a una regi\u00f3n sensible. Desde ese punto de vista, su presencia es una contribuci\u00f3n muy positiva, no existe ninguna controversia sobre ellas, sino que se considera que es una contribuci\u00f3n positiva. <\/p>\n<p>P.- Querido Maalouf, disfruto leyendo tus libros. Tambi\u00e9n aprendo much\u00edsimo. Me estoy acordando ahora de lo que planteabas en el ensayo &#8220;Identidades asesinas&#8221; o relatabas en &#8220;Samarcanda&#8221; sobre la enorme influencia del colonialismo europeo en Oriente y sus consecuencias. \u00bfC\u00f3mo podr\u00edamos contribuir los europeos positivamente a la apertura del conservadurismo isl\u00e1mico?<\/p>\n<p>R.- La mayor contribuci\u00f3n ser\u00eda dar ejemplo dentro de los pa\u00edses europeos, porque si existiera una verdadera coexistencia armoniosa dentro de los pa\u00edses europeos, y sobre todo con los inmigrantes, eso podr\u00eda constituir un ejemplo y un est\u00edmulo a la apertura en numerosas sociedades. Y tambi\u00e9n tiene que haber desde Europa un apoyo constante a las aspiraciones democr\u00e1ticas de los pueblos \u00e1rabes. <\/p>\n<p>P.- \u00bfCu\u00e1l es, en su opini\u00f3n, El desajuste del mundo?<\/p>\n<p>R.- Creo que el mayor desajuste se debe a que hemos progresado muy r\u00e1pido en muchos campos, pero todav\u00eda no sabemos gestionar esos progresos, ya sea en el campo cient\u00edfico o en el de la estrategia. Creo que tenemos que replantearnos el mundo despu\u00e9s de todos estos progresos, porque despu\u00e9s de la I y la II Guerras Mundiales se trat\u00f3 de replantearse el mundo, pero despu\u00e9s de la Guerra Fr\u00eda no se ha hecho este ejercicio de replantearse el mundo. <\/p>\n<p>P.- \u00bfCree que el L\u00edbano est\u00e1 a salvo de una posible agresi\u00f3n de Israel en el futuro?<\/p>\n<p>R.- El L\u00edbano ser\u00eda el primer beneficiario de una soluci\u00f3n pac\u00edfica en Oriente Pr\u00f3ximo, y mientras no haya paz en Oriente Pr\u00f3ximo, no se puede descartar nada. <\/p>\n<p>P.- \u00bfTiene esperanzas en que Obama mejore la situaci\u00f3n en Oriente Medio?<\/p>\n<p>R.- Lo que Obama dijo en la Universidad de El Cairo el 4 de junio trazaba las grandes l\u00edneas de una buena situaci\u00f3n, lo que ocurre es que cuatro meses despu\u00e9s no hemos visto nada en este sentido, y empiezo a estar un poco preocupado de la actitud de Obama en esta cuesti\u00f3n.<\/p>\n<p>P.- Tras la \u00faltima reuni\u00f3n de la ONU, parece que EE.UU., Francia y Gran Breta\u00f1a est\u00e1n preparando el terreno para otra invasi\u00f3n como las de Irak y Afganistan, es decir, para atacar Ir\u00e1n. \u00bfQu\u00e9 opina usted?<\/p>\n<p>R.- No creo que est\u00e9n preparando un ataque, pero creo que si lo hicieran ser\u00eda un grav\u00edsimo error. <\/p>\n<p>P.- \u00bfVe alg\u00fan indicio esperanzador de que en un futuro pr\u00f3ximo Israel y Palestina se reconozcan mutuamente como Estados independientes y puedan &#8220;bajar&#8221; su enfrentamiento exclusivamente a un \u00e1mbito pol\u00edtico? <\/p>\n<p>R.- Cabe esperarlo, pero todav\u00eda no me da la sensaci\u00f3n de que se est\u00e9 avanzando en esta direcci\u00f3n.<\/p>\n<p>P.- \u00bfQu\u00e9 libros le\u00eda cuando era m\u00e1s joven? \u00bfC\u00f3mo consigue ese enfoque tan personal en sus novelas?<\/p>\n<p>R.- De joven, le\u00eda much\u00edsimo. Mis primeros recuerdos de libros que me marcaran seguramente fueron los Diarios de Gulliver. Tambi\u00e9n le\u00eda a Dickens, a Mark Twain. En cuanto a la segunda parte de la pregunta, yo creo que lo que m\u00e1s define mi voz personal es el hecho de estar a caballo entre dos culturas.<\/p>\n<p>P.- Lo primero es agradecerle al escritor Amin Maalouf el talante de su obra y su defensa de la libertad y pluralidad de ideas. Mi pregunta: \u00bfQu\u00e9 es ser Liban\u00e9s? Gracias<\/p>\n<p>R.- Ser liban\u00e9s es vivir en una sociedad compuesta por muchas comunidades, entonces el primer aprendizaje es el aprendizaje a vivir juntos. La libanesa es una de las pocas sociedades donde ha existido un aprendizaje \u00edntimo de las otras comunidades, de la comunidad cristiana, musulmana o jud\u00eda. <\/p>\n<p>P.- \u00bfCree que esas inquietudes que vd. tiene y que refleja en su libro tendr\u00e1n soluci\u00f3n en el futuro? \u00bfEn el libro hay quiz\u00e1 una luz de esperanza para este desastre?<\/p>\n<p>R.- S\u00ed, por supuesto existe una luz de esperanza, incluso en el libro hay sugerencias de soluci\u00f3n. Lo que est\u00e1 claro es que la situaci\u00f3n del mundo es muy preocupante en muchos campos, y quiz\u00e1 en el campo en el que m\u00e1s preocupante sea es en el de las perturbaciones clim\u00e1ticas. <\/p>\n<p>P.- El magn\u00edfico retrato de un viajero universal, como Le\u00f3n el Africano, simplemente gracias por ese libro. A algunas personas les cambi\u00f3 la vida leerlo. Como a m\u00ed. La pregunta es, \u00bfusted se ha sentido Le\u00f3n? Ser\u00eda lo m\u00e1s probable. S\u00f3lo era una excusa para hablar con Usted. Un abrazo.<\/p>\n<p>R.- Los personajes de un libro siempre hay una parte que son del autor y otra parte que no lo son. Algunos elementos de mi vida me llevan a reconocerme en Le\u00f3n, pero tambi\u00e9n cuento lo que es su vida, c\u00f3mo yo me imagino que es Le\u00f3n y c\u00f3mo me imagino que ha vivido.<\/p>\n<p>P.- Me ha llamado gratamente la atenci\u00f3n su reflexi\u00f3n sobre el papel de puente entre distintas culturas y pa\u00edses que pueden jugar los inmigrantes llegados a Europa. Pero: \u00bfc\u00f3mo conseguir integrar realmente a los inmigrantes en los pa\u00edses de acogida cuando no podemos admitir a todos los que llegan, muchas veces en condiciones penosas? \u00bfQu\u00e9 hacer con aquellos que llegan a nosotros, a veces jug\u00e1ndose la vida, y a los que no podemos admitir?<\/p>\n<p>R.- Es un problema extremadamente dif\u00edcil en todas las sociedades, y seguir\u00e1 siendo muy dif\u00edcil en los tiempos venideros. Creo que no podemos esperar una f\u00f3rmula ideal que resuelva el problema de una vez por todas, sino que tenemos que hacer una gesti\u00f3n lo mejor posible de la cuesti\u00f3n. La inmigraci\u00f3n es fuente de riqueza y de tensi\u00f3n al mismo tiempo, y que con una gesti\u00f3n sabia podemos aumentar la riqueza y reducir las tensiones. El objetivo que hay que alcanzar es que los inmigrantes puedan vivir plenamente sus m\u00faltiples filiaciones. Hay que animarlos a conocer perfectamente la lengua del pa\u00eds de acogida, pero al mismo tiempo hay que ayudarles a conocer la lengua de su pa\u00eds de origen.<\/p>\n<p>P.- Soy un admirador de su obra, que, entre otras cosas, me ha dado informaciones muy valiosas para vivir los pasados dos a\u00f1os en Beirut, de la que guardo un gran recuerdo y a la que le deseo \u00e9xito en sus dif\u00edciles equilibrios. \u00bfCree usted que el estado liban\u00e9s se ha portado correctamente con los refugiados palestinos? \u00bfConsidera que \u00e9stos son un elemento discordante en el equilibrio liban\u00e9s? \u00bfHay soluci\u00f3n al conflicto? Gracias por su tiempo.<\/p>\n<p>R.- No, no lo creo. Se ha comportado de manera inaceptable, creo que se les ten\u00eda que haber reconocido m\u00e1s derechos en la sociedad, aunque en principio el objetivo era que volvieran a sus tierras. Pero creo que el hecho de haberlos mantenido en campos de refugiados ha sido inaceptable.<\/p>\n<p>P.- \u00bfQu\u00e9 obras de escritores \u00e1rabes actuales recomendar\u00eda?, \u00bfpor qu\u00e9?<\/p>\n<p>R.- As\u00ed, a bote pronto, es dif\u00edcil se\u00f1alar un libro en particular, porque hay muchos autores interesantes hoy en d\u00eda. Porque, como ocurre siempre, en los periodos de crisis profunda, como el que vive el mundo hoy, hay un verdadero renacer de la creaci\u00f3n literaria. <\/p>\n<p>P.- Sr. Maalouf, \u00bfcree usted que si en Ir\u00e1n hubiese ganado la oposici\u00f3n hubiese cambiado sustancial su pol\u00edtca hacia Israel y occidente?<\/p>\n<p>R.- S\u00ed, hubieran cambiado muchas cosas. Exist\u00eda una apertura de Obama hacia Ir\u00e1n no se ha podido materializar por la reelecci\u00f3n de Ahmadineyad y las condiciones en las que se ha producido esta reelecci\u00f3n y los movimientos de protesta. Eso ha desempe\u00f1ado un papel muy negativo en las relaciones entre Ir\u00e1n y Occidente y ha retrasado una posible soluci\u00f3n en Oriente Pr\u00f3ximo.<\/p>\n<p>P.- Buenas tardes Sr. Maalouf. Si usted tuviera la influencia pol\u00edtica suficiente, \u00bfcu\u00e1l ser\u00eda su &#8220;hoja de ruta&#8221; para Oriente medio?<\/p>\n<p>R.- Creo que har\u00eda exactamente lo que dijo Obama, es decir, crear dos Estados, uno palestino y otro israel\u00ed, y una frontera m\u00e1s o menos equivalente a las del 67, con algunas modificaciones en la regi\u00f3n de Jerusalem y en la del Naguef, y habr\u00eda animado a todas las fuerzas pol\u00edticas y a todos los pa\u00edses de la regi\u00f3n a aceptar esa situaci\u00f3n, y a continuaci\u00f3n lanzar un verdadero Plan Marshal para apoyar la pacificaci\u00f3n y el desarrollo en la regi\u00f3n. <\/p>\n<p>P.- Sr. Amin Maalouf. \u00bfNo cree usted que el L\u00edbano se merece una clase pol\u00edtica mejor que la que ha heredado de la guerra civil? \u00bfMe gustar\u00eda saber qu\u00e9 piensa del Sr. Hasan Nasrallah?<\/p>\n<p>R.- Estoy de acuerdo en que el L\u00edbano merece una clase pol\u00edtica mejor, m\u00e1s preocupada por los intereses de toda la poblaci\u00f3n y menos preocupada por sus propios intereses y los de su propia comunidad. Nasrallah es un pol\u00edtico inteligente, h\u00e1bil, su movimiento pol\u00edtico ha surgido de las circunstancias de conflictos de la regi\u00f3n, es decir, el surgimiento de su movimiento pol\u00edtico est\u00e1 ligado a la revoluci\u00f3n iran\u00ed y al conflicto israel\u00ed-palestino, y tambi\u00e9n est\u00e1 vinculado a los juegos pol\u00edticos locales entre comunidades libanesas, y es cierto que su partido ha dado un mayor peso a la comunidad chi\u00edta en el conjunto de la pol\u00edtica libanesa.<\/p>\n<p>P.- \u00bfHacia qu\u00e9 civilizaci\u00f3n va occidente? \u00bfCu\u00e1les deber\u00edan ser las bases de una creciente nueva civilizaci\u00f3n?<\/p>\n<p>R.- Creo que estamos asistiendo al surgimiento de una civilizaci\u00f3n global, en la que est\u00e1n llamadas a fundirse todas nuestras civilizaciones. Es probable que la civilizaci\u00f3n occidental sea la que haga la contribuci\u00f3n m\u00e1s significativa a esa civilizaci\u00f3n global, pero es fundamental que todas las civilizaciones est\u00e9n representadas, para que cada ser humano se pueda sentir reflejado en esa civilizaci\u00f3n.<\/p>\n<p>P.- \u00bfRealmente se ha idealizado la \u00e9poca del Al Andalus, cuando las culturas \u00e1rabe, jud\u00eda y cristiana conviv\u00edan pac\u00edficamente? Es lo que argumentan aquellos que consideran imposible una convivencia tolerante y respetuosa entre culturas&#8230;<\/p>\n<p>R.- Creo que esa coexistencia es posible, pero nunca ser\u00e1 f\u00e1cil. La experiencia de Al Andalus es interesante porque supuso una convivencia de las tres culturas durante un largo periodo de tiempo, que desemboc\u00f3 en la creaci\u00f3n de una civilizaci\u00f3n muy destacada. Por supuesto, no fue una convivencia id\u00edlica, siempre hubo tensiones y periodos de intolerancia o de persecuci\u00f3n, pero esa \u00e9poca s\u00ed que demuestra que es posible vivir juntos y crear algo juntos. <\/p>\n<p>P.- Fiel lectora suya, he le\u00eddo pr\u00e1cticamente toda su bibliograf\u00eda. Debo decir que fue a trav\u00e9s de usted que descubr\u00ed y empec\u00e9 a amar Oriente Pr\u00f3ximo. En particular, siento un gran cari\u00f1o por Les \u00e9chelles de Levant que fue el libro que me catapult\u00f3 en cuerpo y alma a esa regi\u00f3n. As\u00ed como yo tengo mi libro favorito, \u00bfCu\u00e1l ser\u00eda el suyo? \u00bfDe cu\u00e1l se siente m\u00e1s orgulloso? <\/p>\n<p>R.- El pr\u00f3ximo. <\/p>\n<p>P.- Sr Maalouf, un honor poder charlar con usted. Es el escritor actual que m\u00e1s admiro. He visitado el L\u00edbano por negocios muy a menudo y aunque en el fondo del coraz\u00f3n desear\u00eda que fuera pr\u00f3spero y feliz, la cabeza me dice que el conflicto religioso y pol\u00edtico pinta un futuro muy negro. \u00bfCree usted que al final el L\u00edbano se escindir\u00e1 en dos mitades \u00e9tnico-religiosas como Israel o Chipre?<\/p>\n<p>R.- Creo que tanto su coraz\u00f3n como su mente tienen raz\u00f3n, es posible esperar un futuro de paz y prosperidad para el pa\u00eds, aun sabiendo que siempre va a ser dif\u00edcil. No pienso que la soluci\u00f3n vaya a ser partir el pa\u00eds, aunque haya periodos dif\u00edciles, de guerra y violencia, y aunque se haya planteado esto, no creo que la soluci\u00f3n vaya por ah\u00ed, y creo que el L\u00edbano va a seguir siendo un solo pa\u00eds.<\/p>\n<p>P.- Se\u00f1or Amin Maalouf, mis saludos. Perm\u00edtame esta pregunta. Sus historias son apasionantes y tratan a veces de personas que corren riesgos y aventuras. \u00bfToma estos ejemplos de su vida personal o m\u00e1s bien se documenta de ello para escribir sus libros?<\/p>\n<p>R.- Las dos cosas. A menudo, me documento mucho, pero por lo general me gusta ir in situ a los sitios de los que hablo, para poder referirme a ellos de forma m\u00e1s precisa y con mayor confianza. <\/p>\n<p>P.- Suponiendo que el escritor tenga hoy una &#8220;misi\u00f3n&#8221;, \u00bfcu\u00e1l ser\u00eda? \u00bfO bien debe limitarse m\u00e1s o menos a ser un contador de historias, como quer\u00eda Borges? <\/p>\n<p>R.- Creo que el hecho de contar historias no excluye el tener una misi\u00f3n. El escritor es tambi\u00e9n ciudadano, una persona que vive en el mundo de hoy y en una sociedad determinada, y que tiene responsabilidades de cara a sus contempor\u00e1neos. Mi opci\u00f3n personal es la de alternar entre escribir novelas y libros de reflexi\u00f3n sobre nuestra \u00e9poca, pero es mis libros de reflexi\u00f3n siempre hay un aspecto narrativo, as\u00ed como en mis novelas siempre hay un poco de reflexi\u00f3n. <\/p>\n<p>P.- Apreciado se\u00f1or, estoy acabando su libro y me ha gustado especialmente el an\u00e1lisis que hace del papel que jug\u00f3 Nasser en su momento. \u00bfCabe hoy la posibilidad de que surja un l\u00edder que pueda recuperar en cierta medida el panarabismo? \u00bfCree que tendr\u00eda alg\u00fan sentido?<\/p>\n<p>R.- Casualmente hoy es el aniversario de la muerte de Nasser, que muri\u00f3 el 28 de septiembre de 1970, hace hoy 39 a\u00f1os. Creo que Nasser era tambi\u00e9n el producto de una \u00e9poca de la descolonizaci\u00f3n y del tercermundismo, y hoy, aunque no imposible, me parece m\u00e1s dif\u00edcil ver surgir a un personaje pol\u00edtico que tenga una audiencia tan amplia en todo el mundo \u00e1rabe. <\/p>\n<p>P.- Querido se\u00f1or Maallouf: Me acabo de mudar al L\u00edbano y donde tan encantado como desconcertado por lo complicado de su idiosoncrasia. Para comprenderlo todo un poco mejor estoy releyendo sus obras, \u00bfpara cu\u00e1ndo la segunda parte de Origines? Y una segunda pregunta, \u00bfqu\u00e9 tanto se podr\u00eda cambiar la estructura pol\u00edtica del L\u00edbano en cuanto a su sistema de porcentajes? \u00bfSer\u00e1 posible alg\u00fan d\u00eda?<\/p>\n<p>R.- Pues no s\u00e9 para cu\u00e1ndo la segunda parte de &#8220;Origines&#8221;, pero quiero escribirla, porque cuenta la experiencia de la generaci\u00f3n de mi abuelo, y un segundo libro hablar\u00eda de la generaci\u00f3n de mi padre, pero todav\u00eda no he empezado a escribirlo. Es dif\u00edcil imaginar un cambio, no tengo una soluci\u00f3n cerrada, quiz\u00e1 ser\u00eda bueno tener dos C\u00e1maras, una que represente sobre todo a las comunidades, y otra con una representaci\u00f3n num\u00e9rica o proporcional. Lo que est\u00e1 claro es que el sistema actual no funciona.<\/p>\n","protected":false},"excerpt":{"rendered":"<p>Desde aquel primer libro, Las cruzadas vistas por los \u00e1rabes, la carrera literaria de Amin Maalouf ha estado cargada de \u00e9xitos como Le\u00f3n el africano, Samarcanda o la inquietante El primer siglo despu\u00e9s de Beatrice. Ahora, el escritor liban\u00e9s presenta en la Casa \u00c1rabe de Madrid El desajuste del mundo. Cuando nuestras civilizaciones se agotan (Alianza, 2009), una reflexi\u00f3n sobre la situaci\u00f3n en el siglo XXI y los motivos para mantener la esperanza. Maalouf ha charlado con los lectores sobre esta obra y su carrera literaria. <\/p>\n","protected":false},"author":1,"featured_media":0,"comment_status":"open","ping_status":"open","sticky":false,"template":"","format":"standard","meta":{"footnotes":""},"categories":[],"tags":[],"class_list":["post-8351","post","type-post","status-publish","format-standard","hentry"],"_links":{"self":[{"href":"https:\/\/intervius.com\/index.html\/wp-json\/wp\/v2\/posts\/8351","targetHints":{"allow":["GET"]}}],"collection":[{"href":"https:\/\/intervius.com\/index.html\/wp-json\/wp\/v2\/posts"}],"about":[{"href":"https:\/\/intervius.com\/index.html\/wp-json\/wp\/v2\/types\/post"}],"author":[{"embeddable":true,"href":"https:\/\/intervius.com\/index.html\/wp-json\/wp\/v2\/users\/1"}],"replies":[{"embeddable":true,"href":"https:\/\/intervius.com\/index.html\/wp-json\/wp\/v2\/comments?post=8351"}],"version-history":[{"count":0,"href":"https:\/\/intervius.com\/index.html\/wp-json\/wp\/v2\/posts\/8351\/revisions"}],"wp:attachment":[{"href":"https:\/\/intervius.com\/index.html\/wp-json\/wp\/v2\/media?parent=8351"}],"wp:term":[{"taxonomy":"category","embeddable":true,"href":"https:\/\/intervius.com\/index.html\/wp-json\/wp\/v2\/categories?post=8351"},{"taxonomy":"post_tag","embeddable":true,"href":"https:\/\/intervius.com\/index.html\/wp-json\/wp\/v2\/tags?post=8351"}],"curies":[{"name":"wp","href":"https:\/\/api.w.org\/{rel}","templated":true}]}}