{"id":8346,"date":"2009-09-23T00:00:00","date_gmt":"2006-11-06T00:00:00","guid":{"rendered":"https:\/\/intervius.com\/index.html\/?p=8346"},"modified":"2006-11-06T00:00:00","modified_gmt":"2006-11-06T00:00:00","slug":"Ana_Locking8346","status":"publish","type":"post","link":"https:\/\/intervius.com\/index.html\/Ana_Locking8346\/","title":{"rendered":"Ana Locking"},"content":{"rendered":"<p>Pregunta.- \u00bfA qu\u00e9 se debe el nombre de Antidoto?<\/p>\n<p>Respuesta.- Hola Nuria. Lo mismo que un medicamento combate los efectos de un dolor, un ant\u00eddoto lo hace de igual manera contra un veneno. Llevamos varias temporadas sufriendo los efectos de una larga crisis, es por ello que necesitamos ant\u00eddotos para superarlo y la moda perfectamente puede ser una raz\u00f3n para so\u00f1ar en medio de esa realidad. Besos<\/p>\n<p>P.- Ana, \u00bfQu\u00e9 tal llevan las modelos las transparencias? \u00bfHay alguna voluntaria o les tocan al azar?<\/p>\n<p>R.- Las modelos son absolutamente profesionales y est\u00e1n muy acostumbradas al tema transparencias. Una vez tan solo me top\u00e9 con una chica que me dijo que por su religi\u00f3n no pod\u00eda y yo lo acept\u00e9 y le puse otra prenda. Tuve que improvisar muy r\u00e1pido por que me lo dijo 5 min antes de empezar el desfile y no en las pruebas como deb\u00eda haber sido. Casi me da algo. Chao mikel<\/p>\n<p>P.- Hola guapa !!! Enhorabuena por la colecci\u00f3n !!!! Nos ha parecido magnifica. \u00bfD\u00f3nde podemos adquirir esa magn\u00edfica colecci\u00f3n de joyer\u00eda ef\u00edmera? <\/p>\n<p>R.- Saldr\u00e1 a la venta en mi tienda on-line. a partir de la pr\u00f3xima temporada (febrero) estamos experimentando con un recubrimiento especial, ya que al ser de cera puede manchar la ropa. Por lo que ir\u00e1 protegida con un barniz especial. Ser\u00e1n piezas muy especiales ya que son \u00fanicas. Gracias por los piropos. Un besazo<\/p>\n<p>P.- \u00bfDe donde sacas tanta energ\u00eda para tus desfiles? Un abrazo<\/p>\n<p>R.- Joooo, yo no se de donde saco la energ\u00eda Juanita. Por que esto es too much! Quiz\u00e1 que soy una mujer todo terreno y no me da miedo nada y tambi\u00e9n y eso es seguro, es que tengo un novio fant\u00e1stico que me da la fuerza que necesito en los momentos de flaqueza. Alberto es mi gran est\u00edmulo. Un abrazo para ti tb<\/p>\n<p>P.- Hola Ana, \u00bfte pondr\u00edas todos tus dise\u00f1os? \u00bfIncluso las transparencias? <\/p>\n<p>R.- Hola Claro que me pondr\u00eda mis dise\u00f1os, yo suelo vestir mucho de mi firma, las transparencias las completo con piezas estupendas de lenceria. Lo que en pasarela se ve normal, en la calle ser\u00eda un absurda provocaci\u00f3n. Un beso<\/p>\n<p>P.- \u00bfC\u00f3mo ha sido desarrollar una colecci\u00f3n con una marca accesible al gran p\u00fablico como FOSCO?<\/p>\n<p>R.- Estaba deseando elaborar una colecci\u00f3n de zapatos que pudiera ser accesible econ\u00f3micamente, ya que para mi es imposible hacerlo, ya que no dispongo de la rez de distribuci\u00f3n que tiene una firma como Fosco con mas de 30 zapaterias en toda Espa\u00f1a. Ha sido muy gratificante, me han dado libertad absoluta y he podido trabajar con materiales de calidad. Espero que tenga una buena acogida en ventas al igual que la ha tenido en prensa. <\/p>\n<p>P.- \u00bfQu\u00e9 prendas y colores consideras b\u00e1sicos para este invierno? Un saludo<\/p>\n<p>R.- Mi propuesta para este invierno estaba basada en el contraste de texturas, mate-brillo y de colores como el gris-rojo. sin olvidar el negro que es mi color fetiche. Podr\u00eda destacar la siguiente combinaci\u00f3n: la calidez de la franela gris con la energ\u00eda de un sat\u00e9n rojo- Saludos<\/p>\n<p>P.- Hola! Me gustar\u00eda saber tu opini\u00f3n sobre que la moda espa\u00f1ola no se pueda encontrar en las tiendas f\u00e1cilmente, tanto nacionales como internacionales, \u00bfa qu\u00e9 crees que se debe? \u00bfno hay nivel suficiente? \u00bfo crees que las subenciones y ayudas para desfilar hacen que los dise\u00f1adores se centren m\u00e1s en la pasarela y menos en la comercializaci\u00f3n de sus productos?<\/p>\n<p>R.- Hola Sonia. La base de todo esto es el complejo que los espa\u00f1oles seguimos teniendo por lo nuestro. No somos capaces a\u00fan de valorar lo bueno que tenemos. Si la ropa no est\u00e1 en las tiendas es por que los due\u00f1os de esas tiendas prefieren un producto desconocido de fuera antes que un producto conocido espa\u00f1ol. Yo me he encontrado numerosas veces a due\u00f1os de tienda dici\u00e9ndome la siguiente frase: &#8220;Yo por principio no compro producto espa\u00f1ol&#8221; Sonia, ante eso que hacemos&#8230;? Yo por ejemplo, vendo en Harvey NIchols, que es un gran almacen de lujo y estoy al lado de otros dise\u00f1adores increibles internacionales y en Espa\u00f1a me resulta muy dificil posicionar mi producto. Por ello inaugur\u00e9 mi propia tienda on.line con la que vendo a 42 pa\u00edses. No s\u00f3lo la moda tiene ayudas, diez veces mas las tiene el cine, la danza, el teatro&#8230;etc.<\/p>\n<p>P.- Hola Ana! \u00bfConsideras que la moda es compatible con la crisis econ\u00f3mica? \u00bfQu\u00e9 consejos dar\u00edas a una mujer con un presupuesto limitado pero que, a\u00fan as\u00ed, desea vestir a la moda? Un beso! <\/p>\n<p>R.- Hola Jana Siempre, siempre combinar prendas muy especiales con otras m\u00e1s b\u00e1sicas. Un vaquero con una blusa muy especial. Una falda divina con un b\u00e1sico de jersey o camiseta. O un look mas sencillo con un collar muy especial, zapatos o bolso estupendo. No todo debe ser car\u00edsimo, sino que el truco est\u00e1 en combinar siempre Besos<\/p>\n<p>P.- Ana, comentas que la moda tambi\u00e9n sirve para combatir el dolor, \u00bfa qu\u00e9 te refieres exactamente?<\/p>\n<p>R.- Me refiero a que podemos volver a disfrutar la moda como elemento creativo, la ropa siempre ha servido de medio para disfrutarla, para hacernos sentir diferentes, para animar el esp\u00edritu en un momento dif\u00edcil. A ti no te ha pasado que has tenido un d\u00eda gris o un poco depre y te has ido a comprar algo, te das un peque\u00f1o capricho y al pon\u00e9rtelo y te has sentido mejor, te has animado? A mi me ha pasado muchas veces. a so me refiero. La moda se ha acelerado tanto que ya casi no da tiempo a saborear el placer que debe otorgarnos, debemos volver a disfrutar de la moda, aunque sea en peque\u00f1as dosis.<\/p>\n<p>P.- Est\u00e1s nominada para los premios de Dise\u00f1o de Castilla-la Mancha, \u00bfTe sientes apreciada en tu tierra? \u00bfde qu\u00e9 manera ha influido esta tierra en tus creaciones? Gracias<\/p>\n<p>R.- Estoy orgullosa de haber nacido en una ciudad tan bonita como Toledo. Ahora tambi\u00e9n te digo que mientras que desde hace mas de 10 a\u00f1os me han invitado de todas las regiones a dar conferencias, hacer de jurado en cert\u00e1menes, a desfilar como dise\u00f1adora invitada, en Toledo me han descubierto hace apenas un a\u00f1o. No me siento por ello especialmente querida all\u00ed, la verdad. En mi trabajo influye mi vida y lo que me rodea. Yo vivo en Madrid desde el 2\u00ba d\u00eda en que nac\u00ed y Madrid es una ciudad de much\u00edsima mezcla, es esa mezcla la que realmente me ha influido. <\/p>\n<p>P.- \u00bfC\u00f3mo se vive el pasar de ser una joven dise\u00f1adora a una dise\u00f1adora ya consagrada? <\/p>\n<p>R.- Hola mi ni\u00f1o de par\u00eds. Yo no tengo la sensaci\u00f3n de estar consagrada en nada, tu sabes que en esta profesi\u00f3n y m\u00e1s en este pa\u00eds siempre hay que estar demostr\u00e1ndo lo que vales y t\u00fa vales mucho, pero que mucho. Demu\u00e9straselo ya al mundo&#8230; ! Mi ni\u00f1o de Par\u00eds AL QUE LE QUIERO UN MONT\u00d3N<\/p>\n<p>P.- \u00bfQu\u00e9 tal el salto a dise\u00f1ar en solitario? \u00bfQu\u00e9 ventajas o inconvenientes le ves?<\/p>\n<p>R.- Hola, esto ya lo he contado muchas veces, en estos casi dos a\u00f1os ya. Pues ha sido una aut\u00e9ntica liberaci\u00f3n. Todo son ventajas y realmente creo que en 2 a\u00f1os en solitario he avanzado mucho mas que en los \u00faltimo 5 con mi anterior firma. Puedo desarrollar lo que quiero y de la manera que quiero libremente y todo va mas r\u00e1pido por que no hay nadie que me ponga trabas a las decisiones. La \u00fanica barrera es la econ\u00f3mica y esa es mas dif\u00edcil de saltar, pero con ganas, buena energ\u00eda y esfuerzo se puede con casi todo.<\/p>\n<p>P.- Hola, Ana, \u00bfqu\u00e9 tal tu experiencia dise\u00f1ando zapatos? \u00bfSeguir\u00e1s?<\/p>\n<p>R.- Hola Mar\u00eda, mi intenci\u00f3n es seguir por supuesto, lo que ocurre es que para ello los dise\u00f1adores necesitamos un productor de zapatos detr\u00e1s que nos de la cobertura de fabricaci\u00f3n de dichos productos. Un dise\u00f1ador no puede asumir todo el producto en el que se diversifica la marca, excepto las grandes firmas internacionales l\u00f3gicamente. De todas formas mi intenci\u00f3n es continuar con esta experiencia de manera cont\u00ednua colecci\u00f3n tras colecci\u00f3n. Espero poder hacerlo.<\/p>\n<p>P.- \u00bfQu\u00e9 tal van las ventas en sus tiendas en esta temporada?<\/p>\n<p>R.- Yo no tengo tiendas propias. Tengo una tienda on-line en la que vendo a unos 42 pa\u00edses y curiosamente donde mas vendo es a los Emiratos Arabes. Tambi\u00e9n hay un numero importante de ventas en China, quiz\u00e1 se deba a la venta de mis prendas en los almacenes de lujo Harvey Nichols de Hong Kong En Espa\u00f1a tambi\u00e9n funcionan muy bi\u00e9n mis prendas en un portal de alquiler y venta de prendas de lujo : www.24fab.com No me puedo quejar la verdad, dada la realidad que nos rodea<\/p>\n<p>P.- Hola, Ana Cuando preparas una colecci\u00f3n, \u00bfmiras m\u00e1s a tu interior o al exterior? Quiero decir, \u00bfes posible hacer una colecci\u00f3n estrictamente a tu gusto o es inevitable tener en cuenta otros factores externos? Un beso !<\/p>\n<p>R.- Mis coleciones son muy autobiogr\u00e1ficas, unas han sido absolutamente producto de una transformaci\u00f3n emocional interna como en &#8220;Reetry&#8221; mi colecci\u00f3n de debut en solitario y otras son resultado de consecuencias sociales que me rodean como es esta reci\u00e9n presentada &#8220;Ant\u00eddoto&#8221; en la que planteo la moda como p\u00edldoras de energ\u00eda, como una evasi\u00f3n o raz\u00f3n para so\u00f1ar contra la realidad de crisis a la que estamos sometidos.<\/p>\n<p>P.- \u00bfQu\u00e9 porcentaje de tus ventas son fuera de Espa\u00f1a?<\/p>\n<p>R.- Hola Te puedo decir que un 80% de mis ventas son al extranjero. Los compredores de fuera no tienen el complejo que tienen los de aqu\u00ed. Las tiendas del extranjero compran por que les gusta y le ven rentabilidad, buena calidad Vs precio competitivo. En espa\u00f1a prefieren un producto mal acabado de fuera y desconocido a un bu\u00e9n producto espa\u00f1ol. Son muy pocas las tiendas que compran producto espa\u00f1ol. Debemos ser mucho mas abiertos de mente y proteger y vender mas lo nuestro. En el resto del mundo lo hacen.<\/p>\n<p>P.- \u00bfCrees que las colecciones de dise\u00f1adores para multinacionales franquicias del textil, como H&#038;M, realmente son una democratizaci\u00f3n de la moda? \u00bfT\u00fa aceptar\u00edas un reto de ese tipo?<\/p>\n<p>R.- Si que lo creo. Me encantar\u00eda encontrarme con esa propuesta alguna vez en mi carrera profesional por que ser\u00eda un gran reto par mi. Es mas creo que en el fondo estas multinacionales son una buena manera de hacer cultura de moda en un pa\u00eds. La cultura se debe hacer desde todas las clase sociales no s\u00f3lo desde las que pueden consumir firmas de lujo. Tambi\u00e9n es cierto que es una competencia muy desleal para los dise\u00f1adores peque\u00f1os, en cuanto a precios y fabricaci\u00f3n. Por ello el producto ha de ser muy diferente. Es la \u00fanica manera de poder competir con las grandes multinacionles. <\/p>\n<p>P.- Hola Nuria. Hay rumores estos d\u00edas sobre la posible desaparici\u00f3n de la pasarela Cibeles, como ya pas\u00f3 con Gaud\u00ed hace unos a\u00f1os. Me imagino que ser\u00e1 por cuestiones econ\u00f3micas (como siempre). \u00bfNo crees que ser\u00eda una cat\u00e1strofe ahora que parece que las cosas empiezan a despegar aqu\u00ed? Saludos.<\/p>\n<p>R.- Es cierto que la Pasarela Cibeles est\u00e1 empezando a posicionarse muy bi\u00e9n dentro del calendario internacional y ser\u00eda un fracaso que desapareciera. No creo, Acaba de cumplir 25 a\u00f1os, supongo que ha pasado por buenos y malos momentos en todos estos a\u00f1os y seguro que seguir\u00e1 muchos mas. Pero he de decirte que desconozco esta cuesti\u00f3n, quiz\u00e1 son mas rumores de la prensa que algo real. Beso<\/p>\n<p>P.- \u00bfQu\u00e9 te parece la tendencia de falda para hombres? <\/p>\n<p>R.- Hola Fernando Que te puedo decir, yo llevo incorporando looks de hombre con falda unos 4 a\u00f1os, (8 temporadas) y me encanta, lo he desarrollado de formas muy diferentes siempre y siempre de manera muy masculina. Es que a mi me parecen muy sexyes las rodillas de los chicos y la falda m\u00e1s a\u00fan&#8230;<\/p>\n<p>P.- Hola, Ana. \u00bfC\u00f3mo concibes una nueva colecci\u00f3n? \u00bftienes un concepto inicial? \u00bfc\u00f3mo enlaza con las anteriores? \u00bfqu\u00e9 influencias has tenido en la de esta temporada? Gracias y suerte!<\/p>\n<p>R.- Hola Elena. Siempre parto del momento en que me encuetro, mis sentimientos o sensaciones que hay a mi alrededor. Como ya he dicho anteriormente mi trabajo es muy autobiogr\u00e1fico. No intento enlazar colecciones, la coherencia sale de forma natural. Esta temporada est\u00e1 claro por todo lo que ya he contado anteriormente que viene dado por el momento de realidad social en el que llevamos sometidos casi 3 temporadas y surge como un ant\u00eddoto contra el veneno de la crisis<\/p>\n<p>P.- \u00bfDe d\u00f3nde viene lo de Locking (cerrando en ingles)? <\/p>\n<p>R.- Uy Pedro, creo que a ti te he contestado en la pregunta de otro. Pido disculpas a los dos. Ya no me acuerdo de la pregunta del otro lector. Perd\u00f3n por la confusi\u00f3n.<\/p>\n","protected":false},"excerpt":{"rendered":"<p>&#8220;La moda tambi\u00e9n puede servir para combatir el dolor, para devolver la ilusi\u00f3n a la gente&#8221;, ha dicho Ana Gonz\u00e1lez -alias Ana Locking. Por eso, el desfile de esta dise\u00f1adora en la Pasarela Cibeles llevaba por t\u00edtulo Ant\u00eddoto. La anterior integrante del t\u00e1ndem Locking Shocking ha vuelto a mostrar sus dise\u00f1os en la Cibeles Madrid Fashion Week y ha charlando con los lectores sobre todo lo que se ha visto en la pasarela. <\/p>\n","protected":false},"author":1,"featured_media":0,"comment_status":"open","ping_status":"open","sticky":false,"template":"","format":"standard","meta":{"footnotes":""},"categories":[],"tags":[],"class_list":["post-8346","post","type-post","status-publish","format-standard","hentry"],"_links":{"self":[{"href":"https:\/\/intervius.com\/index.html\/wp-json\/wp\/v2\/posts\/8346","targetHints":{"allow":["GET"]}}],"collection":[{"href":"https:\/\/intervius.com\/index.html\/wp-json\/wp\/v2\/posts"}],"about":[{"href":"https:\/\/intervius.com\/index.html\/wp-json\/wp\/v2\/types\/post"}],"author":[{"embeddable":true,"href":"https:\/\/intervius.com\/index.html\/wp-json\/wp\/v2\/users\/1"}],"replies":[{"embeddable":true,"href":"https:\/\/intervius.com\/index.html\/wp-json\/wp\/v2\/comments?post=8346"}],"version-history":[{"count":0,"href":"https:\/\/intervius.com\/index.html\/wp-json\/wp\/v2\/posts\/8346\/revisions"}],"wp:attachment":[{"href":"https:\/\/intervius.com\/index.html\/wp-json\/wp\/v2\/media?parent=8346"}],"wp:term":[{"taxonomy":"category","embeddable":true,"href":"https:\/\/intervius.com\/index.html\/wp-json\/wp\/v2\/categories?post=8346"},{"taxonomy":"post_tag","embeddable":true,"href":"https:\/\/intervius.com\/index.html\/wp-json\/wp\/v2\/tags?post=8346"}],"curies":[{"name":"wp","href":"https:\/\/api.w.org\/{rel}","templated":true}]}}