{"id":8338,"date":"2009-09-28T00:00:00","date_gmt":"2006-11-06T00:00:00","guid":{"rendered":"https:\/\/intervius.com\/index.html\/?p=8338"},"modified":"2006-11-06T00:00:00","modified_gmt":"2006-11-06T00:00:00","slug":"Manolo_Lama8338","status":"publish","type":"post","link":"https:\/\/intervius.com\/index.html\/Manolo_Lama8338\/","title":{"rendered":"Manolo Lama"},"content":{"rendered":"<p>Pregunta.- \u00a1\u00a1Hola!! De todos los momentos que has vivido en el mundo del deporte,\u00bfcon cu\u00e1l te quedas?<\/p>\n<p>Respuesta.- Con la consecuci\u00f3n de la eurocopa por parte de Espa\u00f1a, dos, la medalla de plata en Pek\u00edn de baloncesto y el debut de Fernando Mart\u00edn en la NBA.<\/p>\n<p>P.- manolo que te gusta mas ibrahimovi o eto me gustaria ir a cuatro contigo manu juanma y nico un ni\u00f1o tinerfe\u00f1o gran fan de todos ustedes<\/p>\n<p>R.- Creo que son diferentes, Ibrahimovic es m\u00e1s futbolista, Etoo tiene m\u00e1s veneno.<\/p>\n<p>P.- Raul es un \u00eddolo para ti, para mi tambien y para mi padre, y me parece muy egoista que la afici\u00f3n lo quiera jubilar cuando sigue marcando goles, pero aun asi el Madrid juega mejor con cinco centrocampistas, y por cierto, \u00bfserias Cristianoronaldista igual que raulista si este crack luso sigue asi?<\/p>\n<p>R.- \u00a1Como no! Yo valoro a los grandes, Ra\u00fal es grande y si Cristiano lo es, tambi\u00e9n lo valorar\u00e9. Como Kaka, Casillas y todos los buenos.<\/p>\n<p>P.- \u00bfme podias decir por que se prueva los 5 arbitros en la uefa que es de los mejores torneos del mundo y no en otros torneos o ligas inferiores?\u00bfcuando llegara eso a espa\u00f1a si funciona?<\/p>\n<p>R.- Porque yo creo que lo que buscan es notoriedad y que aparezca esa imagen en todos los informativos del mundo<\/p>\n<p>P.- si fueras un futbolista a que jugador quisieras parecerte y a que equipo quisieras ir?<\/p>\n<p>R.- Si fuera futbolista me gustar\u00eda ser Maradona, y jugar en el Brasil del 70 o la Espa\u00f1a de la Eurocopa.<\/p>\n<p>P.- Manolo me encantas!!! Me encantas como cantas los goles de Raul!!! Erres el mejor periodista deportivo que he conocido!!! bueno hay va mi pregunta crees que Raul merece ir ala Seleccion? yo pienso que si hay mucha gente que quieren entrerar ya al muerto pero yo creo que le quedan muchas bocas por callar!!! BUeno Manolo un asludo muu grande!!! de una Granaina!!!<\/p>\n<p>R.- Si hace la temporada que hizo el a\u00f1o pasado, s\u00ed.<\/p>\n<p>P.- \u00bfDe d\u00f3nde sacaste lo de &#8220;Ra\u00fal,el que nunca hace nada&#8221;?<\/p>\n<p>R.- Se me ocurri\u00f3 sobre la marcha. Nunca tengo nada preparado, me sale solo. Como cuando dije lo de &#8220;Hierro vete a tu casa&#8221; o &#8220;Casillas, viva la madre que te pari\u00f3&#8221;.<\/p>\n<p>P.- hola Manolo yo no me pregunto nada de futbol aunque soy un futbolero 100% Mi pregunta es porque llevando trajes al progama luego manu y tu os podeis todo tipos de chancletas?<\/p>\n<p>R.- Porque no tenemos dinero para zapatos&#8230;<\/p>\n<p>P.- \u00bfcrees que el kun se puede marchar de atletico?<\/p>\n<p>R.- Creo que es una posibilidad real y, lamentablemente para los atl\u00e9ticos, muy pr\u00f3xima.<\/p>\n<p>P.- Qu\u00e9 se disfruta m\u00e1s: los deportes del mediod\u00eda con manu, un partido del madrid en la ser o la feria de cabra con procesi\u00f3n de la virgen de la sierra inclu\u00edda??<\/p>\n<p>R.- Lo \u00faltimo, la feria de mi pueblo, porque ah\u00ed no tengo que soportar ni a Manu ni a los futbolistas, y encima me lo paso bien con mis amigos.<\/p>\n<p>P.- \u00bfcual fue el momento mas feliz que te dio el futbol?<\/p>\n<p>R.- Los cuartos de final contra Italia fue lo m\u00e1s emocionante de mi vida, la final contra Alemania, lo m\u00e1s feliz.<\/p>\n<p>P.- Hola, Manolo. \u00bfQu\u00e9 era lo que quer\u00edas ser de peque\u00f1o cuando fueras mayor?. \u00bfC\u00f3mo conseguistes llegar a ser presentador?.Gracias, un saludo.<\/p>\n<p>R.- Quer\u00eda dedicarme a algo que tuviera relaci\u00f3n con el deporte, pero nada en concreto.<\/p>\n<p>P.- Estimado sr. Lama, me encantaria que me diera su opinion sobre como va el Atletico de Madrid, \u00bfCree que es necesario echar a la directiva por otra mas decente? Yo pienso si, y tambien me encantaria que diera su opinion sobre la situacion de abel y quien le parece que si se fuera seria su sustituto gracias.<\/p>\n<p>R.- Abel es un buen entrenador, lo demostr\u00f3 cogi\u00e9ndolo en las circunstancias que lo cogi\u00f3 el a\u00f1o pasado y meti\u00e9ndolo en Champions. Pero los entrenadores tienen que ir acompa\u00f1ados de grandes futbolistas para conseguir grandes gestas. La situaci\u00f3n del Atl\u00e9tico es inestable, pero no es de ahora, a\u00f1o tras a\u00f1o hay un divorcio entre afici\u00f3n y directiva, porque la afici\u00f3n sigue recordando que tiempo atr\u00e1s se ganaban t\u00edtulos y que ya no ocurre esto.<\/p>\n<p>P.- crees que el juego del real madrid es el de un equipo que aspira a ganarlo todo\u00bf?<\/p>\n<p>R.- No. El Madrid tiene grand\u00edsimos futbolistas, pero le falta hacer un equipo.<\/p>\n<p>P.- Si la entrega del bal\u00f3n de oro fuese decisi\u00f3n tuya, \u00bf se lo dar\u00edas a Lionel Messi o a Cristiano Ronaldo ?<\/p>\n<p>R.- Este a\u00f1o lo ha merecido Messi. Campe\u00f3n de Europa, campe\u00f3n de Liga, la supercopa de Europa, la de Espa\u00f1a, la copa del Rey&#8230;<\/p>\n<p>P.- Considera oportuno y justo que un dirigente deportivo, utilice un club como escaparate a un inter\u00e9s personal y distinto al deportivo. Me refiero a Laporta con el Bcn, en lo concerniente a la pol\u00edtica. Muchas Gracias. MAM65<\/p>\n<p>R.- Me parece lamentable cada vez que se hace uso del nombre de cualquier club para favorecer los intereses econ\u00f3micos, personales o pol\u00edticos de los presidentes.<\/p>\n<p>P.- \u00bfComo son las jornadas laborales dando los deportes? \u00bfMola? \u00bfY si mola, me lo aconsejarias?<\/p>\n<p>R.- Cuando te gusta tu profesi\u00f3n, te encanta. A mi me gusta y no me cuesta ir a trabajar. Me divierto.<\/p>\n<p>P.- manolo quien crees que tiene mejor duo el madrid o el sevilla<\/p>\n<p>R.- El Sevilla-Madrid va a ser la primera piedra de toque para el Madrid, ante un Sevilla con mucha calidad en las bandas y la delantera, y va a probar definitivamente el estado del equipo de Pellegrini.<\/p>\n<p>P.- \u00bfQuien crees que ganara el clasico de este a\u00f1o,el Madrid galactico o el super Bar\u00e7a?<\/p>\n<p>R.- Todav\u00eda queda mucho, pero creo que cada uno se va a llevar el cl\u00e1sico que dispute en su casa.<\/p>\n","protected":false},"excerpt":{"rendered":"<p>Este lunes Manolo Lama responder\u00e1 a tus preguntas. Cada lunes, en el site de deportes, una entrevista nueva \u00a1S\u00e9 t\u00fa el periodista!<\/p>\n","protected":false},"author":1,"featured_media":0,"comment_status":"open","ping_status":"open","sticky":false,"template":"","format":"standard","meta":{"footnotes":""},"categories":[],"tags":[],"class_list":["post-8338","post","type-post","status-publish","format-standard","hentry"],"_links":{"self":[{"href":"https:\/\/intervius.com\/index.html\/wp-json\/wp\/v2\/posts\/8338","targetHints":{"allow":["GET"]}}],"collection":[{"href":"https:\/\/intervius.com\/index.html\/wp-json\/wp\/v2\/posts"}],"about":[{"href":"https:\/\/intervius.com\/index.html\/wp-json\/wp\/v2\/types\/post"}],"author":[{"embeddable":true,"href":"https:\/\/intervius.com\/index.html\/wp-json\/wp\/v2\/users\/1"}],"replies":[{"embeddable":true,"href":"https:\/\/intervius.com\/index.html\/wp-json\/wp\/v2\/comments?post=8338"}],"version-history":[{"count":0,"href":"https:\/\/intervius.com\/index.html\/wp-json\/wp\/v2\/posts\/8338\/revisions"}],"wp:attachment":[{"href":"https:\/\/intervius.com\/index.html\/wp-json\/wp\/v2\/media?parent=8338"}],"wp:term":[{"taxonomy":"category","embeddable":true,"href":"https:\/\/intervius.com\/index.html\/wp-json\/wp\/v2\/categories?post=8338"},{"taxonomy":"post_tag","embeddable":true,"href":"https:\/\/intervius.com\/index.html\/wp-json\/wp\/v2\/tags?post=8338"}],"curies":[{"name":"wp","href":"https:\/\/api.w.org\/{rel}","templated":true}]}}