{"id":8323,"date":"2009-09-21T00:00:00","date_gmt":"2006-11-06T00:00:00","guid":{"rendered":"https:\/\/intervius.com\/index.html\/?p=8323"},"modified":"2006-11-06T00:00:00","modified_gmt":"2006-11-06T00:00:00","slug":"Jose_Samano8323","status":"publish","type":"post","link":"https:\/\/intervius.com\/index.html\/Jose_Samano8323\/","title":{"rendered":"Jos\u00e9 S\u00e1mano"},"content":{"rendered":"<p>Pregunta.- Hola. Muchos palos se le ha dado al Inter, pero nadie menciona el sensacional trabajo defensivo del Bar\u00e7a en Milan. Milito y Etoo es una pareja imparable -7 goles en 5 partidos entre los dos- y la actuaci\u00f3n de Piqu\u00e9 y Puyol fue memorable. A todo esto, \u00bfno crees que se debilita sin Puyol y con Dimitro de titular?<\/p>\n<p>Respuesta.- Hola, buenas tardes a todos. S\u00ed creo que el trabajo defensivo del Bar\u00e7a en Mil\u00e1n fue excelente, pero no exclusivamente por los defensas. La mejor defensa del Bar\u00e7a comienza por imantar la pelota y en esa faceta Piqu\u00e9 es mucho mejor que Puyol. Este Bar\u00e7a se defiende a partir de mimar la pelota y hacer que sea el contrario el que corra. Contra el Atl\u00e9tico quiso correr tanto como el grupo de Abel y lo pag\u00f3. Por eso no tuvo tanto control como otras veces y por ello se disgust\u00f3 Pep Guardiola.<\/p>\n<p>P.- Se\u00f1or periodista S\u00e1mano. \u00bfNo cree que tanto delantero, Ronaldo, Kaka, Benzem\u00e1 estorban a Ra\u00fal en el terreno de juego? A este paso nunca va a coger a Zarra. <\/p>\n<p>R.- Los buenos nunca se estorban entre s\u00ed. A Ra\u00fal no le importa coger a Zarra, adem\u00e1s, no hay comparaci\u00f1on posible, son otros tiempos, nada ver los unos con los otros. S\u00ed creo que uno de los cuatro deber\u00eda ir al banquillo en favor de un tercer centrocampista. Un apunte: el partido de Ra\u00fal en Z\u00farich me pareci\u00f3 impecable, para la retina. Se movi\u00f3 con una inteligencia supeior. M\u00e1s all\u00e1 de las condiciones naturales de cada uno, pocos descodifican el juego como Ra\u00fal.<\/p>\n<p>P.- Jos\u00e9, \u00bfnos podr\u00eda detallar c\u00f3mo de apasionadas e intensas son sus charlas futbol\u00edsticas con Diego Torres? \u00bfEn qu\u00e9 coinciden y en qu\u00e9 divergen? Muchas gracias. <\/p>\n<p>R.- Diego es un excelente reportero y de nuestras charlas ambos sacamos provecho.<\/p>\n<p>P.- Buenas tardes, no piensa que ser\u00eda bueno para la liga, que los contratos de television se firmaran de manera conjunta, teniendo que cuenta clasificaciones, &#8220;pinchazos televisivos&#8221; y t\u00edtulos? Obviamente R.Madrid y F.C Barcelona cobrar\u00edan m\u00e1s que el resto, pero no habr\u00eda tanta diferencia entre equipos, da pena ver como se ha convertido en un duopolio. Cree que Real Madrid y F.C Barcelona aceptar\u00edan (yo creo que no)<\/p>\n<p>R.- Se trata de un negocio y como tal existe la oferta y la demanda. Siempre he cre\u00eddo que una negociaci\u00f3n conjunta ser\u00eda mejor, pero los clubes no se distinguen por la solidaridad. En todo caso, mucho antes de la llamada guerra televisiva ya exist\u00eda el dichoso &#8220;duopolio&#8221; (han ganado entre ambos 21 de las \u00faltimas 25 Ligas). Y antes, hasta la llegada de Johan Cruyff al banquillo del Bar\u00e7a, dir\u00eda que hab\u00eda un &#8220;monopolio&#8221;. Le recuerdo que del 60 al 85, si no me falla la memoria, el Bar\u00e7a gan\u00f3 dos Ligas (1973 y 1985). <\/p>\n<p>P.- como ves esta temporada para el athletic club de bilbao??sera suficiente la plantilla para hacer frente a las 3 competiciones? muchas gracias un saludo<\/p>\n<p>R.- Depende de a qu\u00e9 se refiera con &#8220;hacer frente&#8221;. Ha empezado el curso antes que el resto y ha cogido la ola en el inicio del campeonato. Pero me cuesta verle en otra final como la de Copa de Valencia. Desde hace a\u00f1os me parece que se ha acomodado un poco, que ya no explota como antes su peculiar idiosincrasia como si fuera una virtud.<\/p>\n<p>P.- Hola buenas, en los anteriores equipos donde han estado Kaka ha jugado como segundo punta acompa\u00f1ando a Pato y Ronaldo tambien acompa\u00f1ado de Rooney. \u00bfcrees posible que utilice Pelegrini esta posibilidad de poner en punta a Kaka y Ronaldo, para que el centro de campo pueda estar poblado con gente de mucho control de pelota como Lass, Xabi, Guti y Granero? <\/p>\n<p>R.- En el calcio Kak\u00e1 y un punta ya era casi subversivo. En Manchester no tanto. CR jugaba con Rooney y muchas veces junto a ambos se alineaban T\u00e9vez o Berbatov. En cualquie caso considero que al Madrid le falta un centrocampista. Para m\u00ed, el tr\u00edo ser\u00eda Lass, Xabi Alonso y Guti (con Granero al quite en sus bajonazos). Ocurre que la pujanza de Ra\u00fal y las expectativas con Benzema le &#8220;complicar\u00e1n&#8221; la vida a Pellegrini. <\/p>\n<p>P.- Hola Jos\u00e9! ahora que los gutistas tenemos ocasi\u00f3n de sacar pecho aunque sea un poquito \u00bfcrees que este jugador podr\u00eda haber sido el &#8220;xavi del pase largo&#8221; si hubiera hecho su carrera en le Bar\u00e7a? Personalmente, creo que ha sido sistem\u00e1ticamente maltratado: es tan dif\u00edcil otorgarle la titularidad al 14 como la suplencia al 7<\/p>\n<p>R.- Soy gutista. Guti es mucho m\u00e1s de lo que dicen sus detractores y muchas veces menos de lo que quisi\u00e9ramos sus feligreses. En Guti todo depende de Guti.<\/p>\n<p>P.- Hola Jos\u00e9, un saludo desde Costa Rica. Creo que Leo Messi ha quemado etapas m\u00e1s r\u00e1pido que otros futbolistas y s\u00f3lo tiene 22 a\u00f1os! \u00bfCrees que pueda mantenerse en esa \u00e9lite y escalar a la altura de Pel\u00e9 y Di Stefano? Y por \u00faltimo que piensas de este Bar\u00e7a, crees que pueda convertirse en la primera dinast\u00eda del Siglo XXI?<\/p>\n<p>R.- Empiezo por el final. El Bar\u00e7a del \u00faltimo equipo es el mejor que he visto jam\u00e1s, el m\u00e1s bello y eficaz que he conocido. En cuanto a las comparaciones individuales, no me gustan, me parecen imposibles. Nada tiene que ver el paisaje de Messi con el de Pel\u00e9 o el de Di St\u00e9fano. De lo que estoy seguro es de que Messi ser\u00e1 (es) un grande muy grande.<\/p>\n<p>P.- \u00a1Buenas Sr. S\u00e1mano!. \u00bfCree Usted que para contrarrestar el juego de ataque de equipos como el Barcelona en la actualidad por ejemplo, ser\u00eda v\u00e1lido recuperar el juego de contraataque de categor\u00eda que hab\u00edan hecho grandes equipos en el pasado como el Bayer, Liverpool o sin ir m\u00e1s lejos el Atl\u00e9tico de Madrid?. Gr\u00e1cias. <\/p>\n<p>R.- Entre las virtudes del Bar\u00e7a est\u00e1 empeque\u00f1ecer a sus rivales. Todos coinciden: no es f\u00e1cil correr 90 minutos detr\u00e1s de la pelota, no es sencillo afrontar a un equipo tan gremial con individualidades semejantes. Por ahora, en la etapa Guardiola el equipo que m\u00e1s le ha llevado al l\u00edmite ha sido el Chelsea y, des luego, no fue a la contra, sino que mucha lija, pierna fuerte y un combate en cada rinc\u00f3n del c\u00e9sped.<\/p>\n<p>P.- Hola Jos\u00e9. Rebusco entre todos mis recuerdos futbol\u00edsticosy no encuentro un centro del campo mejor que la pareja Xavi &#8211; Iniesta. Reconozco que mi memoria no logra alcanzar al Dream Team. Desde esa fecha, \u00bfRecuerda usted alguna mejor?<\/p>\n<p>R.- Del &#8220;dream team&#8221; hasta ahora, ninguno. Xavi e Iniesta no tienen secuelas, desde su infancia interpretan el f\u00fatbol de forma muy natural, con un gusto exquisito por la pelota y los tiempos del juego. Asisten, templan y enga\u00f1an como nadie.<\/p>\n<p>P.- Buenas tardes se\u00f1or S\u00e1mano. El gol de Iniesta es de los goles que m\u00e1s me han emocionado jam\u00e1s. \u00bfQu\u00e9 goles recuerda usted por emotivos?<\/p>\n<p>R.- Tantos y tantos&#8230; De los m\u00e1s recientes: el de Zidane al Leverkusen, el de Bakero en Kaiserslautern, el de Koeman en Wembley, el de Torres en la final de Viena, el de Messi al Getafe&#8230; De mi infancia recuerdo especialmente el de Cruyff de talonazo al Atl\u00e9tico de Reina, el de Luis en la final Bayern-Atl\u00e9tico y uno de Neeskens a Brasil en la semifinal de Alemania 74. Seguro que se me olvidan much\u00edsimos.<\/p>\n<p>P.- Hola Jos\u00e9 y gracias por ponerte al alcance de los lectores! Soy atl\u00e9tico y me huele muy mal este inicio de temporada&#8230;el se\u00f1or Cerezo recordando el 4-2 del Calder\u00f3n para hacer ver que aqu\u00ed no pasa nada, el entrenador declarando que salieron con 2-0 como si el no tuviera nada que ver en ello, esta plantilla que con tres retoques hubiera mejorado much\u00edsimo, ese mensaje derrotista de esto es lo que hay&#8230;crees que el atl\u00e9tico puede bajar a segunda?<\/p>\n<p>R.- Precedentes hay, y con una plantilla much\u00edsimo mejor que la de ahora, pero no creo que llegue al abismo. Hace a\u00f1os que creo que el Atl\u00e9tico se ha caricaturizado en exceso. No me consta que exista una oferta econ\u00f3mica, no he conocido a nadie que p\u00fablicamente concrete seriamente su deseo de comprar el club. Otra cosa: en los \u00faltimos 32 a\u00f1os el Atl\u00e9tico ha ganado una Liga (1996). Tras unos a\u00f1os de penurias ha vuelto a la Liga de Camepones, el podio que realmente le corresponde, por historia, palmar\u00e9s y potencial econ\u00f3mico y deportivo. Otro asunto es que su plantilla est\u00e9 mal tejida y su cantera muy descuidada, y que la plantilla deber\u00eda recibir mayores mensajes de grandeza desde los despachos. Creo que se la ofrecen continuas coartadas.<\/p>\n<p>P.- Piensa ustede que Pellegrini tiene el c\u00e1racter para manejar a un grupo de estrellas como la que tiene el Real Madrid? Tiene Pellegrini la credibilidad de sus jugadores costosos?<\/p>\n<p>R.- Me consta que por ahora tiene toda la credibilidad, de las estrellas reci\u00e9n llegadas y de los pretorianos del vestuario. Es did\u00e1ctico, trabajador y detallista. Y, sobre todo, no resta protagonismo a los jugadores, sin duda lo que m\u00e1s valora un vestuario.<\/p>\n<p>P.- \u00bfNo cree que se est\u00e1 pasando por encima el esc\u00e1ndalo de la ampliaci\u00f3n de capital del Valencia? El 80% del nuevo capital, un total de 74 millonesde euros, fue suscrito por la fundaci\u00f3n Valencia CF gracias a un aval de la Generalitat Valenciana y a un cr\u00e9dito de Bancaja, una de las entidades a la que el Gobierno central m\u00e1s dinero ha tenido que inyectar. Bravo, con el paro y el d\u00e9ficit p\u00fablico disparados nuestros impuestos se emplean en que Silva no se marche a la Premier.<\/p>\n<p>R.- Totalmente de acuerdo. Las arcas p\u00fablicas no est\u00e1n para socorrer a los clubes de f\u00fatbol ni a los derroches irresponsables de transitorios dirigentes en busca de un pelotazo econ\u00f3mico y reconocimiento social. Lamentablemente, muchas veces el f\u00fatbol s\u00f3lo es una tapadera pol\u00edtica y econ\u00f3mica.<\/p>\n<p>P.- Hola Jos\u00e9, el Madrid todav\u00eda no ha jugado con un equipo de entidad este a\u00f1o. \u00bfc\u00f3mo crees que reaccionar\u00e1 al enfrentarse por vez primera a un equipo grande?<\/p>\n<p>R.- Espero una buena respuesta. Le faltan muchas cosas, pero alrededor de Xabi Alonso y su extraordinaria artiller\u00eda le veo muy capaz. Mucho m\u00e1s que en tempoaradas anteriores, cuando sus carencias eran tales que donde hoy pueden comer pipas Ra\u00fal, Benzema, Van Nistelrooy o Higua\u00edn, s\u00f3lo estaba un peso liger\u00edsimo como Saviola.<\/p>\n<p>P.- Antes que nada, d\u00e9jame decirte que nadie sintetiza con tanta claridad la cr\u00f3nica de un partido como t\u00fa, y lo que es m\u00e1s estimulante, poder leerlo con este derroche de elevados matices literarios. Te felicito. Ah\u00ed va mi pregunta: \u00bfDe qu\u00e9 crees que depender\u00e1 que la maquinaria madridista se engrase y empiece a funcionar? Simplemente por el hecho de jugar m\u00e1s partidos, por ajustar el sistema t\u00e1ctico el entrenador&#8230;? Gracias<\/p>\n<p>R.- Muchas gracias. Me parece que el equipo crecer\u00e1 alrededor de Xabi Alonso y lo que \u00e9ste significa, por el mensaje que difunde. Con Alonso al tim\u00f3n, las estrellas se encuentran unas a otras en el momento justo; \u00e9l pone el ritmo y dicta el juego. Sin \u00e9l, el equipo se parte, unos reculan y otros aceleran, porque nadie ordena el tr\u00e1fico. Si, comon ya he dicho, Pellegrini suma un centrocampista m\u00e1s, el equipo ser\u00e1 mucho m\u00e1s arm\u00f3nico y mantendr\u00e1 intacta su pegada. Definitivamente, Alonso me parece el fichaje m\u00e1s necesario.<\/p>\n","protected":false},"excerpt":{"rendered":"<p>Los inicios de la Liga est\u00e1n siguiendo el gui\u00f3n esperado: Real Madrid y Barcelona ganan sus partidos y parece que la brecha con los dem\u00e1s equipos va a ser grande. Jos\u00e9 S\u00e1mano, redactor Jefe de Deportes de El Pa\u00eds, ha charlado con los lectores de la tercera jornada liguera y del resto de la actualidad deportiva.<br \/>\nARCHIVO DE ENTREVISTAS:<br \/>\n14 de septiembre<\/p>\n","protected":false},"author":1,"featured_media":0,"comment_status":"open","ping_status":"open","sticky":false,"template":"","format":"standard","meta":{"footnotes":""},"categories":[],"tags":[],"class_list":["post-8323","post","type-post","status-publish","format-standard","hentry"],"_links":{"self":[{"href":"https:\/\/intervius.com\/index.html\/wp-json\/wp\/v2\/posts\/8323","targetHints":{"allow":["GET"]}}],"collection":[{"href":"https:\/\/intervius.com\/index.html\/wp-json\/wp\/v2\/posts"}],"about":[{"href":"https:\/\/intervius.com\/index.html\/wp-json\/wp\/v2\/types\/post"}],"author":[{"embeddable":true,"href":"https:\/\/intervius.com\/index.html\/wp-json\/wp\/v2\/users\/1"}],"replies":[{"embeddable":true,"href":"https:\/\/intervius.com\/index.html\/wp-json\/wp\/v2\/comments?post=8323"}],"version-history":[{"count":0,"href":"https:\/\/intervius.com\/index.html\/wp-json\/wp\/v2\/posts\/8323\/revisions"}],"wp:attachment":[{"href":"https:\/\/intervius.com\/index.html\/wp-json\/wp\/v2\/media?parent=8323"}],"wp:term":[{"taxonomy":"category","embeddable":true,"href":"https:\/\/intervius.com\/index.html\/wp-json\/wp\/v2\/categories?post=8323"},{"taxonomy":"post_tag","embeddable":true,"href":"https:\/\/intervius.com\/index.html\/wp-json\/wp\/v2\/tags?post=8323"}],"curies":[{"name":"wp","href":"https:\/\/api.w.org\/{rel}","templated":true}]}}