{"id":8318,"date":"2011-02-22T00:00:00","date_gmt":"2006-11-06T00:00:00","guid":{"rendered":"https:\/\/intervius.com\/index.html\/?p=8318"},"modified":"2006-11-06T00:00:00","modified_gmt":"2006-11-06T00:00:00","slug":"Alma_Guillermoprieto8318","status":"publish","type":"post","link":"https:\/\/intervius.com\/index.html\/Alma_Guillermoprieto8318\/","title":{"rendered":"Alma Guillermoprieto"},"content":{"rendered":"<p>Pregunta.- \u00bfSigue sinti\u00e9ndose insegura cada vez que se pone a componer una cr\u00f3nica? \u00bfO el oficio y la experiencia ya le dictan m\u00e1s o menos como dar pasos m\u00e1s seguros a la hora de escribir?<\/p>\n<p>Respuesta.- Por supuesto que con la edad y la experiencia uno va adquiriendo ma\u00f1as, algunas de las cuales sirven para hacer que la nota mejore. Pero lo real es que cada vez que uno empieza un texto nuevo se enfrenta al fracaso porque cada texto tiene sus propias reglas y exige su propia creaci\u00f3n. Lo m\u00e1s importante es no dejarse asustar por la posibilidad de ese fracaso. Despu\u00e9s de una nota mala seguramente vendr\u00e1 una mejor. <\/p>\n<p>P.- Buenas tardes Alma. En primer lugar enhorabuena, tengo muchas ganas de tener entre mis manos las cr\u00f3nicas que forman parte de Desde el pa\u00eds de nunca jam\u00e1s. Me gustar\u00eda que nos diera un consejo a los y las periodistas que, como yo, nos licencianos este a\u00f1o. Ante una situaci\u00f3n ta negra para los medios de comunicaci\u00f3n, \u00bfqu\u00e9 nos recomienda? Gracias. Un abrazo.<\/p>\n<p>R.- La situaci\u00f3n de los medios es tan negra porque estamos en medio de una revoluci\u00f3n. Yo tengo muy claro que hay que inventar el periodismo de ma\u00f1ana casi a partir de cero. Pero ese periodismo ya no lo voy a inventar yo. Lo inventar\u00e1n ustedes a trav\u00e9s de un proceso de errores, fracasos y aciertos. S\u00f3lo habr\u00e1 una constante: seguiremos siendo los ojos a trav\u00e9s de los cuales los que se quedan en casa miran el mundo, y por lo tanto siempre habr\u00e1 necesidad de periodistas. <\/p>\n<p>P.- \u00bf Cu\u00e1l ha sido la persona o la escena humana que m\u00e1s dificultad le ha tocado perfilar o describir?<\/p>\n<p>R.- Yo creo que nadie me ha resultado tan escurridizo como Evo Morales. Literalmente me toc\u00f3 perseguirlo por todo el pa\u00eds: desde La Paz hasta Cochabamba, atravesando r\u00edos inundados por medio de puentes colapsados, y arrincon\u00e1ndolo por fin contra una pared en el Congreso de la Rep\u00fablica. No s\u00e9 por qu\u00e9 me tuvo tanto miedo. Fue una experiencia frustrante porque creo que hubiera podido contar muchas cosas interesantes y finalmente s\u00f3lo me concedi\u00f3 cinco minutos. La mayor\u00eda de las personas, al contrario de Evo, tienen un deseo profundo, que es el de contar su historia y ser escuchados verdaderamente. <\/p>\n<p>P.- \u00bfSe puede explicar la violencia en Centroam\u00e9rica en base a intereses geopol\u00edticos de los EEUU o nos exceder\u00edamos en la teor\u00eda conspirativa?<\/p>\n<p>R.- Yo creo que no basta una sola explicaci\u00f3n para entender las guerras que asolaron Centroam\u00e9rica en los a\u00f1os ochenta. Pero es evidente que sin la injerencia de los Estados Unidos, que fue obsesiva y que, al mismo tiempo, ignor\u00f3 completamente la realidad centroamericana, los conflictos no hubieran tenido ni la duraci\u00f3n ni las caracter\u00edsticas de violencia aterradora que nos toc\u00f3 presenciar a los reporteros. En realidad, los pa\u00edses de Centroam\u00e9rica fueron piezas del ajedrez geopol\u00edtico estadounidense. <\/p>\n<p>P.- \u00bfC\u00f3mo valora nuevas inciativas medi\u00e1ticas como ProPublica? \u00bfLe gustar\u00eda que se extendiese el formato fuera de los Estados Unidos? Gracias<\/p>\n<p>R.- Me parece que entre que pasa esta tormenta provocada por la revoluci\u00f3n tecnol\u00f3gica, muchos medios tendr\u00e1n que apoyarse en un modelo parecido al de ProP\u00fablica. Es decir, a falta de anunciantes, habr\u00e1 que buscar a instituciones e individuos dispuestos a financiar medios que sirvan al inter\u00e9s p\u00fablico. No s\u00e9 si a la larga es la mejor opci\u00f3n, y estoy segura de que un buen medio siempre ser\u00e1 rentable. Lo que pasa es que todav\u00eda no hemos dado con el modelo econ\u00f3mico adecuado. <\/p>\n<p>P.- Alma, cu\u00e1l es tu m\u00e9todo para amar una cr\u00f3nica de largo aliento, c\u00f3mo es el proceso de recabar informaci\u00f3n. Un saludo<\/p>\n<p>R.- Cada cr\u00f3nica exige su propio m\u00e9todo pero yo siempre digo que hago las cr\u00f3nicas caminando. En cada ciudad camino y camino hasta sentir que empiezo a entender el ritmo, los olores, el lenguaje, los c\u00f3digos de ese lugar. A partir de ese momento busco un personaje o un incidente que me ayude a explicar el momento en el que se encuentra un pa\u00eds. No me interesan las noticias sino lo que ocurre en la vida de las personas cuando se acaba el noticiero. Leo mucho, y luego le dedico semanas a escribir el texto. Lo m\u00e1s dif\u00edcil es encontrar la estructura interna de la nota, que est\u00e1, por as\u00ed decirlo, esper\u00e1ndome en alg\u00fan lugar secreto de m\u00ed misma. <\/p>\n<p>P.- Hola Alma, hace media hora me compr\u00e9 tu \u00faltimo libro. \u00bfen qu\u00e9 te basaste para escoger estas cr\u00f3nicas? \u00bfme recomiendas una en especial? Felicidades, eres mi inspiraci\u00f3n!<\/p>\n<p>R.- Muchas gracias por ser seguramente la primera lectora. \u00a1Ojal\u00e1 te gusten todas las cr\u00f3nicas! No las escog\u00ed yo, las escogi\u00f3 mi editor, Claudio L\u00f3pez, y espero que lo haya hecho bien : ) Por alguna raz\u00f3n siempre me han gustado mucho dos. Por un lado, &#8220;Una visita a La Habana&#8221;, que es tremendamente personal. Por otro, &#8220;Las luchadoras bolivianas&#8221;, que refleja todo lo que m\u00e1s amo de Am\u00e9rica Latina. <\/p>\n<p>P.- Hola Alma, un saludo desde Mazatl\u00e1n. Dame tu opini\u00f3n sobre la autocensura que gobierna a la mayor\u00eda de los peri\u00f3dicos mexicanos en los temas de narcotr\u00e1fico.<\/p>\n<p>R.- La verdadera pregunta es c\u00f3mo cubrir el narcotr\u00e1fico. \u00bfCu\u00e1les son los temas que nos tenemos que plantear los periodistas? Por supuesto que hay que hablar de d\u00eda a d\u00eda del crimen, pero el reto es hacerlo de manera que no colaboremos con el narcotr\u00e1fico en su campa\u00f1a de aterrorizar a la poblaci\u00f3n. Como reportera, lo que me resulta m\u00e1s dif\u00edcil (aunque al mismo tiempo es lo que me interesa m\u00e1s) es hacer comprensible el mundo del narcotr\u00e1fico y sus habitantes, tratar de entender lo inconcebible, que es el vac\u00edo moral en el que habitan. Creo que sin entender esto no se pueden encontrar soluciones a largo plazo. Por otro lado, tenemos que descubrir formas de hacer periodismo de investigaci\u00f3n y poder seguir con vida. No es f\u00e1cil. Por \u00faltimo, yo soy poco amiga del periodismo llamado de denuncia, porque me parece que \u00e9ste se hace a gritos y no ayuda mucho a la comprensi\u00f3n de un tema. Lo que m\u00e1s me interesa como persona es entender el mundo; y como periodista, ayudar a los dem\u00e1s a entenderlo. En el caso del narcotr\u00e1fico \u00e9sta es una tarea endiabladamente dif\u00edcil porque pasa por el miedo. Es cierto que una parte de la autocensura tiene que ver con la corrupci\u00f3n, pero la otra parte tiene que ver con el miedo, y no soy yo quien puede exigirle a un reportero o a un editor que arriesgue su vida por una nota. Gracias al terror del narcotr\u00e1fico los mexicanos hemos pasado a vivir en una especie de t\u00fanel negro en el que cuesta trabajo entender lo que nos est\u00e1 pasando. Es una tragedia. <\/p>\n","protected":false},"excerpt":{"rendered":"<p>La periodista y escritora mexicana, que publica su libro de cr\u00f3nicas Desde el pla\u00eds de nunca jam\u00e1s (Debate), ha charlado con los lectores sobre su \u00faltimo libro y su obra literaria.<br \/>\nFoto: Claudio \u00c1lvarez<\/p>\n","protected":false},"author":1,"featured_media":0,"comment_status":"open","ping_status":"open","sticky":false,"template":"","format":"standard","meta":{"footnotes":""},"categories":[],"tags":[],"class_list":["post-8318","post","type-post","status-publish","format-standard","hentry"],"_links":{"self":[{"href":"https:\/\/intervius.com\/index.html\/wp-json\/wp\/v2\/posts\/8318","targetHints":{"allow":["GET"]}}],"collection":[{"href":"https:\/\/intervius.com\/index.html\/wp-json\/wp\/v2\/posts"}],"about":[{"href":"https:\/\/intervius.com\/index.html\/wp-json\/wp\/v2\/types\/post"}],"author":[{"embeddable":true,"href":"https:\/\/intervius.com\/index.html\/wp-json\/wp\/v2\/users\/1"}],"replies":[{"embeddable":true,"href":"https:\/\/intervius.com\/index.html\/wp-json\/wp\/v2\/comments?post=8318"}],"version-history":[{"count":0,"href":"https:\/\/intervius.com\/index.html\/wp-json\/wp\/v2\/posts\/8318\/revisions"}],"wp:attachment":[{"href":"https:\/\/intervius.com\/index.html\/wp-json\/wp\/v2\/media?parent=8318"}],"wp:term":[{"taxonomy":"category","embeddable":true,"href":"https:\/\/intervius.com\/index.html\/wp-json\/wp\/v2\/categories?post=8318"},{"taxonomy":"post_tag","embeddable":true,"href":"https:\/\/intervius.com\/index.html\/wp-json\/wp\/v2\/tags?post=8318"}],"curies":[{"name":"wp","href":"https:\/\/api.w.org\/{rel}","templated":true}]}}