{"id":8312,"date":"2009-09-22T00:00:00","date_gmt":"2006-11-06T00:00:00","guid":{"rendered":"https:\/\/intervius.com\/index.html\/?p=8312"},"modified":"2006-11-06T00:00:00","modified_gmt":"2006-11-06T00:00:00","slug":"Maldini8312","status":"publish","type":"post","link":"https:\/\/intervius.com\/index.html\/Maldini8312\/","title":{"rendered":"Maldini"},"content":{"rendered":"<p>Pregunta.- Hola capit\u00e1n! que te parece el inicio de temporada de la Juventus? lo ves con verdaderas aspiraciones de alzarse con Liga o Champions, incluso con ambos titulos? y el rol de Diego?? Creo que sin duda es de los mejores movimientos de este verano. \u00bfSeria Banega un buen refuerzo para el centro del campo de la albiceleste? gracias crack!<\/p>\n<p>Respuesta.- Hola Lolo. Veo muy mejorada a la Juve, ya lo coment\u00e9 en el primer partido de liga ante el Chievo. Juega m\u00e1s el bal\u00f3n abajo, y aunque quiz\u00e1 pierda un poco de agresividad creo que el estilo de este Juve de Ferrara le va a dar \u00e9xitos. Incluso no se le not\u00f3 tanto la baja de Diego y de Felipe Melo ante el Livorno. Creo que va a manejar mucho m\u00e1s los partidos que antes. Diego es el mejor jugador de la Juve y probablemente el m\u00e1s importante de toda la serie A en su club. La pide, se ofrece, es el aut\u00e9ntico cerebro y l\u00edder del equipo. <\/p>\n<p>P.- Crack soy de Valencia y quiero ir a ver en directo el Fiebre Maldini&#8230; se puede??? me encantaria conoceros a todos los &#8220;locos entra\u00f1ables&#8221; jeje gracias\u00a1<\/p>\n<p>R.- David, s\u00ed que se puede. Env\u00eda un mail a fiebremaldini@plus.es<\/p>\n<p>P.- Hola Maldini!! Tras las primeras actuaciones de Chygrynskyi en el Barcelona y teniendo en cuenta que lleg\u00f3 siendo un total desconocido al Bar\u00e7a. \u00bfCrees que es central para el Bar\u00e7a o que esta vez Guardiola ha podido pinchar en hueso? Gracias y un saludo.<\/p>\n<p>R.- Es un buen central, con buena salida de bal\u00f3n pero no entiendo el porqu\u00e9 de la insistencia de Guardiola en su fichaje. Veremos como responde y desde luego Guardiola le va a dar mucha cancha. <\/p>\n<p>P.- En primer lugar darte las gracias por darnos esta oportunidad de saber un poquito mas de f\u00fatbol. Mis preguntas son estas: \u00bfCrees que el PSG tiene equipo como para luchar por la Ligue 1 o tan solo puede optar a quedar en puestos Champions? \u00bfPiensas que el Betis ascendera sin muchos problemas o crees que pegara el vaj\u00f3n en el paron navide\u00f1o y sufrira para estar entre los grandes? P.D.discrepo contigo en lo de que Clement (PSG) es malillo, jeje. Gracias porque lo poco que se de f\u00fatbol es gracias a ti. Un saludo hasta siempre!!! <\/p>\n<p>R.- Hola Raikko. He visto casi todos los partidos del PSG esta temporada, aun no el del domingo ante el Lyon pero espero sacar tiempo hoy. Creo que est\u00e1 un escal\u00f3n por debajo del Burdeos (que sigue siendo el mejor en Francia) e incluso el Marsella y que juega peor que otros equipos con menos nombre como el Rennes. No deber\u00eda tener problemas el Betis para ascender. Un abrazo y gracias por lo que dices<\/p>\n<p>P.- Hola que le parecen dos jugadroes como Thomas M\u00fcller y Toni Kroos. Yo creo que tienen una gran proyeci\u00f3n y un gran futuro. Adi\u00f3s y muchas gracias.<\/p>\n<p>R.- Tony Kroos est\u00e1 en un peque\u00f1o bache, incluso le est\u00e1 costando entrar en el Leverkusen aunque fue titular el \u00faltimo partido ante el Bremen. Tiene talento y es un tipo de jugador que cada vez sale menos en Alemania (con excepciones como Marin yOzil por ejemplo). Thomas Muller de momento est\u00e1 muy bien, un centrocampista con mucha llegada y disparo. Ya es titular en el Bayern, aunque cuando empiece a entrar Ribery desde el inicio veremos qu\u00e9 pasa. <\/p>\n<p>P.- Buenas Julio.Si la recuperacion de &#8220;Gaby Milito&#8221; va por buen puerto.Le podria arrebatar la titularidad a alguno de los centrales del&#8221;Bar\u00e7a&#8221;.Y con ello regresar ala &#8220;Albiceleste&#8221;.En Zaragoza tenemos un gran recuerdo de el.<\/p>\n<p>R.- Dif\u00edcil me parece, la llegada del ucraniano Chygrynski le perjudica aun m\u00e1s. Me parece que Gaby Milito cuando se recupere tendr\u00e1 que buscar la salida.<\/p>\n<p>P.- Hola Julio, parece que este a\u00f1o juve e inter pelearan a solas por el scudetto.La diferencia la marcaran sus delanteros creo,bueno;\u00bfque delantera te parece mejor la de la juve o la del inter?(vamos a incluir los 4 delanteros de cada equipo).A mi la de la juve porque aunque etoo y milito meten mas goles que iaquinta y amauri,creo que trezeguet y del piero puden rendir m\u00e1s que los delanteros suplentes del inter..Gracias un saludo<\/p>\n<p>R.- A m\u00ed me parece mejor la del Inter, la verdad. Amauri es el mejor delantero de la Juve, est\u00e1 en un momento inmenso, lo hace todo. Marca goles, se mueve bien por los costados, desborda&#8230;Pero Trezeguet creo que ya no est\u00e1 para el primer nivel (qued\u00f3 demostrado para m\u00ed en los dos partidos que ha jugado) y Del Piero ya entr\u00f3 en la cuesta abajo<\/p>\n<p>P.- Maldini, \u00bfVes a Maradona rindi\u00e9ndose ante la evidencia y poniendo a jugadores mas j\u00f3venes como Higuain? Un saludo de un forofo alcorconero.<\/p>\n<p>R.- Dif\u00edcilmente Maradona va a dar su brazo a torcer, es muy orgulloso. Si cae ser\u00e1 con sus ideas y sus convicciones. No creo que convoque a Higuain y menos a Riquelme<\/p>\n<p>P.- Buenas, \u00bfQue posibilidades tiene Espa\u00f1a de hacer algo importante en el Mundial Sub-20? \u00bfSelecciones favoritas? \u00bfJugadores destacados? Gracias y un saludo.<\/p>\n<p>R.- Cuando empiece el mundial sub-20 el jueves y hasta la final har\u00e9 un seguimiento en el blog Fiebre Maldini aqu\u00ed en AS y podremos hablar mucho del torneo. Los equipos europeos van muy disminuidos por las ligas locales. Alemania por ejemplo no lleva jugadores de primera divisi\u00f3n. Mi favorito es un sudamericano. Vamos a ver c\u00f3mo rinde la Brasil de Walter o Douglas Costa. Y ojo a los africanos.<\/p>\n<p>P.- \u00bfQu\u00e9 te parece Ireland? Te parece un buen jugador para un equipo como el bar\u00e7a para darle mas profundidad a la plantilla.<\/p>\n<p>R.- Es un centrocampista notable en muchas cosas pero sin tener sobresaliente en ninguna. Trabaja, llega con peligro al \u00e1rea. Pero el Barca se le queda grande., <\/p>\n<p>P.- Hola Maldini! No crees que en el tottenham de esta desprovechando a un talento como luka modric? yo creo que si y que podria dar mucho mas. La liga belga est\u00e1 sacando muy buenos jugadores&#8230;que opinas de habib habibou del charleroi? Gracias<\/p>\n<p>R.- Hola Karim. Una pena lo de Modric porque justo ahora estaba empezando a rendir y se lesiona. Volver\u00e1 pronto. Pero es verdad que se le desaprovech\u00f3 un poco la temporada pasada. La verdad es que a Habibou no le he visto esta temporada, pero lo anoto y le seguir\u00e9- Un abrazo<\/p>\n<p>P.- Hola Julio encantado de poder hablar con usted. Quisiera saber,que opina usted de Jose Maria Gutierrez, GUTI puesto que es mi idolo desde hace mucho tiempo y personalmente pienso que nunca fue reconocido. Gracias<\/p>\n<p>R.- Hola rafael. Creo que Guti es un enorme talento que \u00e9l mismo se ha encargado de no explotar al m\u00e1ximo. Y creo de verdad que es un jugador para cambiar el signo de un partido en el segundo tiempo, con los rivales m\u00e1s desgastados y m\u00e1s espacios. Personalmente entiendo que no haya terminado de asentarse como titular en el Real Madrid, aunque insisto que talento tiene y mucho<\/p>\n<p>P.- \u00a1Que tal crack!te queria preguntar sobre Iker Muniain.\u00bfte parece que puede ser un jugador de primer nivel en un futuro muy cercano? yo lo veo tipo Ag\u00fcero pero a la Bilbaina.Tiene un tren inferior importante y juega con mucho descaro, no parece que tenga 16 a\u00f1os. A la espera de tu respuesta te mando un abrazo <\/p>\n<p>R.- Exacto, le hasa definido bien, tiene descaro y potencia. Ahora le llega el momento de consolidarse y mantenerse.<\/p>\n<p>P.- El dia del Trofeo Joan Gamper jug\u00f3 en el City un chaval que me dej\u00f3 muy buena sensaci\u00f3n, el esloveno Vladimir Weiss (dorsal 40). Desde entonces intento seguirlo siempre que puedo que, por desgracia, no he podido a\u00fan. \u00bfComo le est\u00e1 yendo al chaval? \u00bfQue opini\u00f3n te merece?<\/p>\n<p>R.- Hola Jaime. Weiss es titular con Eslovaquia, en ese sentido le va bien y le veremos en el mundial. En el City casi no juega,.<\/p>\n<p>P.- Hola Julio, soy un chileno afincado en Espa\u00f1a y seguidor habitual de Fiebre Maldini. Me gustaria que me dijeras quien es a tu juicio el mejor jugador de la historia del futbol chileno. Felicidades por el programa!!<\/p>\n<p>R.- Dif\u00edcil respuesta parfa eso Daniel. Yo creo que El\u00edas Figueroa, pero no me olvido de Carlos Caszely<\/p>\n<p>P.- Hola Julio. Quer\u00eda preguntarte por 3 nombres propios: 1) Luis Suarez. Otra muestra de lo abus\u00f3n que es. \u00bfSabes si tuvo alguna oferta seria este verano? Es que yo hace tiempo que no veo un jugador tan superior no ya a sus compa\u00f1eros, sino a toda una Liga. 2) Vermaelen. Me sorprende el rendimiento goleador que est\u00e1 dando. \u00bfSiempre ha tenido estos registros para ser defensa? 3) Esto es m\u00e1s una sugerencia. \u00bfPodr\u00edas dedicar una entrada del blog exclusivamente a Giggs? Lo que hizo ayer cn 36 a\u00f1os es para saltarse las l\u00e1grimas. Gracias crack, y enhorabuena por tu fenomenal labor<\/p>\n<p>R.- Luis Su\u00e1rez es un espect\u00e1culo, es verdad que tiene una superioridad aplastante sobre el resto. Supongo que habr\u00e1n llegado ofertas pero ninguna demasiado buena. Quiz\u00e1 su bajo rendimiento en la selecci\u00f3n tenga que ver y las \u00faltimas temporadas algo decepcionantes del Ajax tambi\u00e9n. A m\u00ed tambi\u00e9n me est\u00e1 sorprendiendo el rendimiento goleador de Vermaelen en el Arsenal. La temporada pasada marc\u00f3 cuatro goles en el Ajax en 30 partidos y ahora lleva tres en cinco, hay que pensar que es un poco casual. Lo de Giggs, prometido queda<\/p>\n<p>P.- \u00bfVa ha sufrir mucho el AC Milan en competiciones europeas?<\/p>\n<p>R.- Mucho, y no solo en Europa tambi\u00e9n en la serie A. Ya sufri\u00f3 una barbaridad en Marsella, donde gan\u00f3 de milagro. En ese partido de Champions en Marsella solo jugaron del once titular tres menores de 30 a\u00f1os (Flamini, Thiago Silva y Pato). Eso a la larga se nota y la temporada es muy larga. <\/p>\n<p>P.- hola crack.Dame una buena raz\u00f3n para comprarme digital en vez de gol tv.gracias<\/p>\n<p>R.- Hola Juan77. Te doy varias. Muchos m\u00e1s directos, los mejores partidos de f\u00fatbol italiano y la alta definici\u00f3n, que cr\u00e9eme es una verdadera pasada. <\/p>\n<p>P.- Hola, \u00bfpodr\u00eda ud. compararme a Alves con Maicon? \u00bfCon cual se queda? Gracias<\/p>\n<p>R.- Ayer precisamente comentaba este tema con Ra\u00fal Ruiz. Yo prefiero a Alves, es m\u00e1s r\u00e1pido y m\u00e1s ofensivo, aunque Maicon ofensivo tambi\u00e9n es mucho. Pero entiendo que Dunga prefiera a Maicon por ser mejor defensor, y Brasil tiene eso mucho en cuenta.<\/p>\n<p>P.- hola julio! eres el tio que m\u00e1s sabe de f\u00fatbol, sin duda. Qu\u00e9 tal lo est\u00e1 haciendo Keirrison en el Benfica? \u00bfC\u00f3mo lo ves para el Bar\u00e7a en un futuro? Me apasiona Dzagoev, espero que el Bar\u00e7a se fije en \u00e9l, ser\u00eda el jugador total para el 4-3-3 de Guardiola, un fen\u00f3meno. \u00bfNo crees? Gracias Maldini, eres un crack.<\/p>\n<p>R.- Gracias Manuel, pero siempre digo que de f\u00fatbol sabe todo el mundo y no sabe nadie, otra cosa es el tiempo que se le dedica. Keirrison mal, jugando poco, y adem\u00e1s Saviola est\u00e1 empezando a rendir. Dzagoev es un fen\u00f3meno y es verdad que por sus caracter\u00edsticas es un jugador que se adaptar\u00eda bien al estilo del Barcelona. Pero cuidado con los j\u00f3venes rusos que muchos se quedan, como Izmailov por ejemplo.<\/p>\n<p>P.- Mi abuelo dice que se habla poco de Kubala, el lo vio jugar y siempre me ha dicho que era un espectaculo, era total, era fantasia pura, el lo considera uno de los grandes, siempre me dice que no tenia que envidiar nada a Di Stefano, ni a Pele ni a nadie, yo no lo he visto nunca, tan bueno era? O no para tanto nivel?<\/p>\n<p>R.- Hola Carles, lamentablemente yo tampoco he visto lo suficiente a Kubala como para opinar, as\u00ed que hay que confiar en tu abuelo.<\/p>\n<p>P.- Qu\u00e9 opinas del salto que ha pegado Marchisio? Se ha afianzado en media temporada en la Juve e Italia Le ves trazas de crack? yo si<\/p>\n<p>R.- S\u00ed se\u00f1or, Marchisio ha progresado bastante. No creo que llegue a crack, pero s\u00ed a ser un jugador importante en la Juve y en la selecci\u00f3n. Para el pr\u00f3ximo Fiebre Maldini tenemos pensado analizarle mucho m\u00e1s. <\/p>\n<p>P.- Hola Julio.En mi opinion,en estos momentos.Julio Cesar portero del &#8220;Inter&#8221; esta por encima de Iker Casillas.Le costara mucho a Iker Casillas coger su mejor nivel.<\/p>\n<p>R.- Opino igual que t\u00fa, Julio C\u00e9sar ahora mismo est\u00e1 mejor y ya lo estuvo la temporada pasada. Es una de las claves del t\u00edtulo del Inter en liga y del actual Brasil. <\/p>\n","protected":false},"excerpt":{"rendered":"<p>El periodista experto en f\u00fatbol internacional vuelve a su cita semanal con los lectores. Maldini ha charlado con los internautas sobre la actualidad del f\u00fatbol internacional. <\/p>\n<p>ARCHIVO DE ENTREVISTAS:<\/p>\n<p>15 de septiembre de 2009 &#8211; 08 de septiembre de 2009 &#8211; 01 de septiembre de 2009 &#8211; 25 de agosto del 2009 &#8211; 18 de agosto del 2009 &#8211; 11 de agosto del 2009 &#8211; 04 de agosto del 2009 &#8211; 23 de junio del 2009 &#8211; 16 de junio del 2009 &#8211; 09 de junio del del 2009 &#8211; 02 de junio del 2009 &#8211; 26 de mayo del 2009 &#8211; 19 de mayo del 2009 &#8211; 12 de mayo del 2009 &#8211; 5 de mayo del 2009 &#8211; 28 de abril del 2009 &#8211; 21 de abril del 2009 &#8211; 14 de abril del 2009 &#8211; 7 de abril del 2009 &#8211; 31 de marzo del 2009 &#8211; 10 de marzo del 2009 &#8211; 3 de marzo del 2009 &#8211; 24 de febrero del 2009 &#8211; 17 de febrero del 2009 &#8211; 11 de febrero del 2009 &#8211; 3 de febrero del 2009 &#8211; 27 de enero del 2009 &#8211; 13 de agosto del 2008 &#8211; 28 de junio del 2008 &#8211; 6 de junio del 2008 <\/p>\n","protected":false},"author":1,"featured_media":0,"comment_status":"open","ping_status":"open","sticky":false,"template":"","format":"standard","meta":{"footnotes":""},"categories":[],"tags":[],"class_list":["post-8312","post","type-post","status-publish","format-standard","hentry"],"_links":{"self":[{"href":"https:\/\/intervius.com\/index.html\/wp-json\/wp\/v2\/posts\/8312","targetHints":{"allow":["GET"]}}],"collection":[{"href":"https:\/\/intervius.com\/index.html\/wp-json\/wp\/v2\/posts"}],"about":[{"href":"https:\/\/intervius.com\/index.html\/wp-json\/wp\/v2\/types\/post"}],"author":[{"embeddable":true,"href":"https:\/\/intervius.com\/index.html\/wp-json\/wp\/v2\/users\/1"}],"replies":[{"embeddable":true,"href":"https:\/\/intervius.com\/index.html\/wp-json\/wp\/v2\/comments?post=8312"}],"version-history":[{"count":0,"href":"https:\/\/intervius.com\/index.html\/wp-json\/wp\/v2\/posts\/8312\/revisions"}],"wp:attachment":[{"href":"https:\/\/intervius.com\/index.html\/wp-json\/wp\/v2\/media?parent=8312"}],"wp:term":[{"taxonomy":"category","embeddable":true,"href":"https:\/\/intervius.com\/index.html\/wp-json\/wp\/v2\/categories?post=8312"},{"taxonomy":"post_tag","embeddable":true,"href":"https:\/\/intervius.com\/index.html\/wp-json\/wp\/v2\/tags?post=8312"}],"curies":[{"name":"wp","href":"https:\/\/api.w.org\/{rel}","templated":true}]}}