{"id":8308,"date":"2009-09-22T00:00:00","date_gmt":"2006-11-06T00:00:00","guid":{"rendered":"https:\/\/intervius.com\/index.html\/?p=8308"},"modified":"2006-11-06T00:00:00","modified_gmt":"2006-11-06T00:00:00","slug":"El_Delgado_Buil8308","status":"publish","type":"post","link":"https:\/\/intervius.com\/index.html\/El_Delgado_Buil8308\/","title":{"rendered":"El Delgado Buil"},"content":{"rendered":"<p>Pregunta.- Hola; \u00a1Enhorabuena por vuestro trabajo! \u00bfQu\u00e9 opin\u00e1is de que muchos de los dise\u00f1adores de Cibeles no vendan sus productos en ninguna tienda (o en muy pocas) y en cambio reciban grandes subvenciones? Me refiero a los que pertenecen a ACME. \u00bfNo creeis que el objetivo final de la pasarela es la venta? \u00bfCreeis que esto ocurre en todas las pasarelas internacionales? Muchas gracias por vuestra respuesta.<\/p>\n<p>Respuesta.- Para nosotras como bien dices nuestro objetivo es la venta. Despu\u00e9s del desfile vamos a Paris a vender la colecci\u00f3n, de este modo llegamos a puntos de venta tanto nacionales como internacionales. Es una manera no solo de hacer ventas y posicionamiento de marca<\/p>\n<p>P.- \u00bfPor qu\u00e9 cre\u00e9is que Espa\u00f1a todav\u00eda no est\u00e1 a la altura de las grandes pasarelas de moda como pueden ser Londres, Par\u00eds o Nueva York?<\/p>\n<p>R.- en primer lugar, no tenemos la tradici\u00f3n de todas esas pasarelas. Y, en segundo, deber\u00eda hacerse un replanteamiento del calendario y elecci\u00f3n de marcas a desfilar. La prensa y los compradores internacionales son necesarios para que las marcas salgan del territorio nacional.<\/p>\n<p>P.- \u00bfOpin\u00e1is como alguna gente que ve desfiles como Cibeles como algo elitista y con dise\u00f1os que no son &#8220;ponibles&#8221; o cre\u00e9is que estos eventos son necesarios para el desarrollo de la moda y las tendencias? Gracias por mojaros.<\/p>\n<p>R.- No creemos que Cibeles sea nada elitista. Todo lo que vemos en pasarela son propuestas y conceptos. Todos estos eventos ayudan a crear valor de marca y con ello podemos llegar a m\u00e1s personas. A partir de ah\u00ed, la gente adapta la moda a su ritmo de vida.<\/p>\n<p>P.- Desde vuestro punto de vista, \u00bfqu\u00e9 ciudad del mundo es la m\u00e1s atrevida a la hora de vestirse? \u00bfY la m\u00e1s elegante?<\/p>\n<p>R.- La m\u00e1s elegante definitivamente Par\u00eds. La m\u00e1s atrevida Tokyo. <\/p>\n<p>P.- \u00bfC\u00f3mo definiria\u00eds vuestra colecci\u00f3n? \u00bfC\u00f3mo veis el mundo de la moda en Espa\u00f1a?<\/p>\n<p>R.- Hoy hemos presentado la colecci\u00f3n m\u00e1s rom\u00e1ntica hasta el momento. Abundan los volantes, corazones y estrellas. Seguimos apostando por los mejores materiales. El mundo de la moda es dif\u00edcil en general, no solo en Espa\u00f1a. Aqu\u00ed, falta que la creaci\u00f3n vaya de la mano de la industria y que se fomente la cultura de moda.<\/p>\n<p>P.- Un saludo y felicidades por vuestro \u00e9xito. \u00bfPara qu\u00e9 tipo de persona va destinada vuestra ropa? Muchas gracias<\/p>\n<p>R.- El perfil de nuestro cliente es sensible a la tendencia y no olvida la calidad. Personas de todas las edades con mucha personalidad y con criterio propio.<\/p>\n<p>P.- \u00bfNo est\u00e1is hartas del rollo la-moda-espa\u00f1ola-no-vende? \u00bfO del rollo: las subvenciones son malas? \u00bfO incluso del rollo: Madrid-es-m\u00e1s-humana-pero-Barcelona-es-m\u00e1s-cosmopolita?<\/p>\n<p>R.- No nos gustan los t\u00f3picos.<\/p>\n<p>P.- \u00a1Enhorabuena chicas! Est\u00e1is cumpliendo el sue\u00f1o de muchas j\u00f3venes promesas, \u00bfcu\u00e1l cre\u00e9is que es el secreto de vuestro \u00e9xito?<\/p>\n<p>R.- Trabajar, trabajar y trabajar. Siempre disfrutando muchisimo de \u00e9l.<\/p>\n<p>P.- Hola. Esta noche seguro que me paso por la fiesta en el Charada. \u00bfAlguna preview? \u00bfAlguna recomendaci\u00f3n? \u00bfCu\u00e1l es vuestro club favorito? Sois las m\u00e1s majas de Cibeles. SIN DUDA. <\/p>\n<p>R.- Muchas gracias! el dress code de esta noche deber\u00eda ser EL DELGADO BUIL. La verdad, es que salimos poco por Madrid, aunque la \u00faltima vez en el Wurlitzer lo pasamos genial.<\/p>\n<p>P.- \u00bfNo cre\u00e9is que en alguna de vuestras colecciones os solap\u00e1is con dise\u00f1adores como Cruz Castillo, Martin Lamothe o Potipoti? \u00bfBeb\u00e9is de las mismas fuentes?<\/p>\n<p>R.- NOOOOOOOO!!! son amigos nuestros. Admiramos su trabajo pero, en nuestra opini\u00f3n, nuestras colecciones son distintas a las de ellos.<\/p>\n<p>P.- Creo que desfil\u00e1bais hoy. \u00bfC\u00f3mo ha ido el desfile? \u00bfC\u00f3mo se siente uno desu\u00e9s de haber pasado ni m\u00e1s ni menos que por Cibeles?<\/p>\n<p>R.- Muy bien, gracias. Ahora mismo, nos cuesta hasta escribir . La verdad, es que ha salido todo de maravilla.<\/p>\n<p>P.- \u00bfEs dif\u00edcil dise\u00f1ar entre dos? Siempre me ha parecido que tiene que ser m\u00e1s complicado que hacerlo una persona sola&#8230; Besos a las dos!<\/p>\n<p>R.- Nos costar\u00eda dise\u00f1ar solas. Estamos superacostumbradas a trabajar juntas. Cada una mejora el trabajo de la otra. <\/p>\n<p>P.- Como dise\u00f1adoras, cada colecci\u00f3n sale de vuestro bolsillo o teneis suport externo? Ya que cada 6 meses hay que empezar otra vez y otra vez, \u00bfcu\u00e1l es el truco? Gracias <\/p>\n<p>R.- En las \u00faltimas colecciones hemos llegado a autofinanciarnos. Contamos con ventas a nivel internacional y la colaboraci\u00f3n de algunas marcas. Pero aun con el apoyo es dif\u00edcil. <\/p>\n<p>P.- Hola a las dos, en vuestra opini\u00f3n de profesionales del mundo del dise\u00f1o, \u00bfpor qu\u00e9 se prefieren modelos delgadas a la hora de desfilar? Perdonar mi ignorancia, \u00bfpero no luce mejor la ropa puesta en modelos del tipo de hace unos a\u00f1os como Cindy Crawford o Naomi Campbell? Esto lo digo independientemente de que, como hombre, reconozco que me resultan m\u00e1s atractivas las curvas. Muchas gracias por la respuesta.<\/p>\n<p>R.- Como en todo existen tendencias, y ahora hay una tendencia a una mujer menos voluptuosa. Que la ropa quede mejor o peor depende de la actitud.<\/p>\n<p>P.- \u00a1Buenas, chicas! Ya os hab\u00e9is convertido en un cl\u00e1sico en la Pasarela Cibeles. \u00bfC\u00f3mo record\u00e1is la primera vez que pudisteis ver vuestros dise\u00f1os en Cibeles? Un saludo<\/p>\n<p>R.- Lo recordamos con much\u00edsimo cari\u00f1o! y la sorpresa del premio fue la guinda!<\/p>\n<p>P.- Enhorabuena por vuestro \u00e9xito. \u00bfA qu\u00e9 famoso, estrella, actor, deportista&#8230; os gustar\u00eda vestir? \u00bfAlguien en especial?<\/p>\n<p>R.- Chloe Sevigny, Kirsten Dunst, Johnny Deep, Christian Bale.. A gente con actitud que empatiza con la marca. <\/p>\n<p>P.- \u00bfEs el precio un factor explicativo de la poca penetraci\u00f3n que la moda de autor tiene entre la gente joven espa\u00f1ola?<\/p>\n<p>R.- No, la gente prefiere cantidad a calidad. Existe un gran desconocimiento, nosotras no somos nada caras.<\/p>\n","protected":false},"excerpt":{"rendered":"<p>El Delgado Buil es el nombre tras el que est\u00e1n Anna Figuera y Macarena Ramos, las dise\u00f1adoras que vuelven a acudir a su cita con la Pasarela Cibeles. En esta ocasi\u00f3n, su desfile para la Primavera-Verano de 2010 pretende reinterpretar la bulliciosa est\u00e9tica de las majorettes. Figuera y Ramos han charlado con los lectores de sus dise\u00f1os y su participaci\u00f3n en Cibeles. <\/p>\n","protected":false},"author":1,"featured_media":0,"comment_status":"open","ping_status":"open","sticky":false,"template":"","format":"standard","meta":{"footnotes":""},"categories":[],"tags":[],"class_list":["post-8308","post","type-post","status-publish","format-standard","hentry"],"_links":{"self":[{"href":"https:\/\/intervius.com\/index.html\/wp-json\/wp\/v2\/posts\/8308","targetHints":{"allow":["GET"]}}],"collection":[{"href":"https:\/\/intervius.com\/index.html\/wp-json\/wp\/v2\/posts"}],"about":[{"href":"https:\/\/intervius.com\/index.html\/wp-json\/wp\/v2\/types\/post"}],"author":[{"embeddable":true,"href":"https:\/\/intervius.com\/index.html\/wp-json\/wp\/v2\/users\/1"}],"replies":[{"embeddable":true,"href":"https:\/\/intervius.com\/index.html\/wp-json\/wp\/v2\/comments?post=8308"}],"version-history":[{"count":0,"href":"https:\/\/intervius.com\/index.html\/wp-json\/wp\/v2\/posts\/8308\/revisions"}],"wp:attachment":[{"href":"https:\/\/intervius.com\/index.html\/wp-json\/wp\/v2\/media?parent=8308"}],"wp:term":[{"taxonomy":"category","embeddable":true,"href":"https:\/\/intervius.com\/index.html\/wp-json\/wp\/v2\/categories?post=8308"},{"taxonomy":"post_tag","embeddable":true,"href":"https:\/\/intervius.com\/index.html\/wp-json\/wp\/v2\/tags?post=8308"}],"curies":[{"name":"wp","href":"https:\/\/api.w.org\/{rel}","templated":true}]}}