{"id":8296,"date":"2011-02-18T00:00:00","date_gmt":"2006-11-06T00:00:00","guid":{"rendered":"https:\/\/intervius.com\/index.html\/?p=8296"},"modified":"2006-11-06T00:00:00","modified_gmt":"2006-11-06T00:00:00","slug":"Calixto_Bieito8296","status":"publish","type":"post","link":"https:\/\/intervius.com\/index.html\/Calixto_Bieito8296\/","title":{"rendered":"Calixto Bieito"},"content":{"rendered":"<p>Pregunta.- Hola Calixto. Me cuesta entender que en la \u00e9poca en la que estamos haya gente que se escandalice por ver en un escenario simulaciones de actos sexuales que practica en su alcoba por ejemplo.\u00bfCrees que alg\u00fan d\u00eda se agotar\u00e1 la capacidad de provocaci\u00f3n por este u otros motivos?<\/p>\n<p>Respuesta.- Hola, gracias por enviarme vuestras preguntas. Intentar\u00e9 dar las mejores respuestas que pueda. A m\u00ed tambi\u00e9n me cuesta entenderlo, m\u00e1s que nada porque toda la televisi\u00f3n, la publicidad giran alrededor del sexo y nadie pone el grito en el cielo. Espero que la capacidad de provocaci\u00f3n de la \u00f3pera o del teatro, o del arte en general no se agote nunca.<\/p>\n<p>P.- \u00a1Muy buenas! No se imagina la alegr\u00eda que me da tener la oportunidad de preguntarle en persona. Desde 2001 sigo su trayectoria (Macbeth en Salzburgo) y actualmente estoy comenzando con los preparativos de mi tesis doctoral sobre su trabajo. Mi pregunta, la del mill\u00f3n \ud83d\ude42 \u00bfHasta qu\u00e9 punto es para usted el postmodernismo una fuente de inspiraci\u00f3n? \u00a1Mil gracias!<\/p>\n<p>R.- No sabr\u00eda decirte si el posmodernismo es una fuente de inspiraci\u00f3n para m\u00ed, porque mi cultura es muy muy cl\u00e1sica, pero vivo hoy y s\u00f3lo puedo ser una persona de hoy en d\u00eda, con las influencias de todo lo que me rodea.<\/p>\n<p>P.- Regia su versi\u00f3n &#8220;La vida es sue\u00f1o&#8221; en el San Mart\u00edn de Buenos Aires. \u00a1Qu\u00e9 lujo de actores y la m\u00fasica en directo! Fue un placer, pero es mezcla de espa\u00f1ol con porteron resultaba un poco confusa. Siendo un cl\u00e1sico, siempre hab\u00eda imaginado la obra en un espa\u00f1ol claro. \u00bfCuando volver\u00e1 a Buenos Aires?<\/p>\n<p>R.- Me encanta el acento porte\u00f1o con el texto de Calder\u00f3n, creo que haber utilizado una versi\u00f3n de castellano estandar con actores argentinos hubiera sido castrarlos. Creo fuertemente en la riqueza de las lenguas, en la fuerza de los acentos&#8230; no es necesario entender todo el texto de Calder\u00f3n, se trata de una experiencia sensorial y emocional. Me gustar\u00eda regresar a Buenos Aires muy pronto.<\/p>\n<p>P.- Calixto, \u00bfqu\u00e9 crees que deber\u00edamos hacer los catalanes ante el desafecto de Espa\u00f1a? \u00bfQuedarnos y sufrir o intentar andar por nuestra cuenta?<\/p>\n<p>R.- Deber\u00edamos conseguir un estado federal y que desde Catalu\u00f1a se tomen las decisiones propias que conciernen al pa\u00eds. Me parece fundamental para el progreso no s\u00f3lo de Catalu\u00f1a sino del Estado espa\u00f1ol en general. Una rep\u00fablica.<\/p>\n<p>P.- Y el teatro Calixto, \u00bfPor qu\u00e9 diriges tan poco teatro ahora? \u00bfQu\u00e9 tiene la \u00f3pera que no encuentras en el teatro? <\/p>\n<p>R.- La \u00f3pera me fascina por la m\u00fasica y por el contacto continuo en todos los ensayos con el piano. Me gustan los cantantes y utilizo la disciplina de los cantantes con los actores y la libertad de los actores con los cantantes, pero dirijo menos teatro tambi\u00e9n por una cuesti\u00f3n de calendario. Los calendarios de \u00f3pera se preparan con mucho tiempo de antelaci\u00f3n, pero voy a hacer teatro en Inglaterra, en Alemania y en Estados Unidos.<\/p>\n<p>P.- Felicidades por el premio. \u00bfPor qu\u00e9 se prodiga tan poco como director teatral en Espa\u00f1a? <\/p>\n<p>R.- Empec\u00e9 a viajar hace quince a\u00f1os y mi curiosidad contin\u00faa intacta. Intento, aunque no es exactamente as\u00ed, empezar de cero siempre, por eso voy cambiando de pa\u00eds bastante a menudo y me gusta mucho el modelo cultural centroeuropeo.<\/p>\n<p>P.- \u00bfPara cuando Calixto la Tetralogia wagneriana? \u00bfte atreves?<\/p>\n<p>R.- S\u00ed, creo que va a ser pronto y no quiero que me coja muy mayor, porque necesitas mucha energ\u00eda no solamente mental sino f\u00edsica para llevarlo a escena. Tengo bastantes ideas al respecto y he recibido un par de ofertas y tengo que pensar.<\/p>\n<p>P.- Gracias por la magn\u00edfica programaci\u00f3n que hiciste el a\u00f1o pasado en el Festival de Salamanca. Fue genial \u00bfQu\u00e9 nos preparas para este a\u00f1o? \u00bfHabr\u00e1 festival? He o\u00eddo que hay recortes de presupuesto brutales.<\/p>\n<p>R.- Los recortes presupuestarios son muy fuertes y voy a intentar construir un festival lo mejor posible, adaptado a estos grandes problemas presupuestarios. Personalmente creo que no deber\u00edan existir estos recortes en la cultura, castran a un pa\u00eds.<\/p>\n<p>P.- \u00bfQu\u00e9 ha sido lo que m\u00e1s le ha sorprendido sobre las tablas en los \u00faltimos d\u00edas? \u00bfAlguna propuesta arriesgada que le haya tocado?<\/p>\n<p>R.- Desafortunadamente no he podido ir al teatro ni a la \u00f3pera en las \u00faltimas semanas, pero me sorprendieron mucho unos cuadros que ya conoc\u00eda que vi en Venecia la semana pasada en una exposici\u00f3n sobre Hieronimus Bosch. Nunca deja de golpearme y sorprenderme.<\/p>\n<p>P.- \u00bfNos tienes reservada alguna novedad para el festival FACYL en Salamanca?<\/p>\n<p>R.- Espero que s\u00ed, de hecho todo deber\u00edan ser novedades ya que el festival hasta ahora ha sido una isla maravillosa dentro del panorama esc\u00e9nico del estado espa\u00f1ol.<\/p>\n<p>P.- Me ha impresionado su representaci\u00f3n de Don Juan. Me gustar\u00eda saber cu\u00e1l fue la idea que hizo surgir este personaje que luce tan poco seductor. Soy de Rep\u00fablica Dominicana y no hab\u00eda tenido oportunidad de conocer sus obras, fue gracias a un m\u00e1ster de literatura que curso en la UB, con quienes estamos trabajando la obra Don Giovanni de diferentes directores.<\/p>\n<p>R.- Intent\u00e9 crear un Don Giovanni de hoy con un personaje atractivo, cercano a la belleza que atrae a las j\u00f3venes de hoy, que es muy diferente a la que pod\u00eda atraer por ejemplo a mi madre hace a\u00f1os. Y sobre todo recoger la esencia de un personaje nihilista, ego\u00edsta, autodestructivo y buscando los l\u00edmites del abismo.<\/p>\n<p>P.- Buenos d\u00edas, Calixto. En diferentes entrevistas tuyas he le\u00eddo que ser mirand\u00e9s ha marcado de manera rotunda tu manera de afrontar tu obra (imagino que, de alguna manera, tambi\u00e9n tu vida). Siendo tambi\u00e9n mirandesa, ha sido algo que suscit\u00f3 mi curiosidad \u00bfpodr\u00edas explicar cu\u00e1les son los &#8220;efectos&#8221; de ese ser mirand\u00e9s? Muchas gracias, mucha suerte.<\/p>\n<p>R.- Pues son muchas. Desde el fr\u00edo que pasaba en invierno, que me ayuda a no pasar fr\u00edo en todos los pa\u00edses n\u00f3rdicos donde trabajo, e incluso a sentirme familiarizado, hasta much\u00edsimos recuerdos de infancia que de manera inconsciente aparecen en mis espect\u00e1culos muchas veces. La infancia y el principio de la adolescencia es un per\u00edodo muy importante en la formaci\u00f3n \u00e9tica, cultural e intelectual de una persona.<\/p>\n<p>P.- Calixto, en un CV siempre aparecen los mayores logros, sin embargo, no hay espacio para explicar c\u00f3mo se han conseguido, ni tampoco cuales han sido los motivos que han evitado el desistimiento cuando el viento no era favorable. Podr\u00eda echar la vista atr\u00e1s y decirnos: \u00bfQu\u00e9 cualidades personales y\/o circunstancias profesionales han sido clave para conseguir los logros que hoy avalan su carrera profesional? Gracias.<\/p>\n<p>R.- Continuidad, paciencia, muchas horas de trabajo, curiosidad, una formaci\u00f3n muy s\u00f3lida y nunca creer que lo tengo acabado. Soy una persona extremadamente inquieta en todo lo que se relaciona con el arte y como he dicho anteriormente, aunque a veces tengo la obsesi\u00f3n de que soy un poco vago, trabajo 14 o 15 horas m\u00ednimo diarias y amo mi trabajo.<\/p>\n<p>P.- Para alguien que no se sepa nada de usted, \u00bfc\u00f3mo se definir\u00eda?<\/p>\n<p>R.- Una persona simplemente complicada, como todas, con una vida normal y muy afortunado de tener la libertad de hacer mi trabajo como quiero, cuando quiero y el privilegio de escoger y de gozar de la libertad que me ofrece una sala de ensayo, donde todo es posible con generosidad, disciplina y atrevimiento.<\/p>\n<p>P.- \u00bfQu\u00e9 recuerdos guardas de su Miranda del Ebro natal? \u00bfVuelves de vez en cuando?<\/p>\n<p>R.- Muchos, muchos, much\u00edsimos. A veces paseo mentalmente por las calles, las campas, el r\u00edo&#8230; He vuelto muy pocas veces. Tengo un viaje pendiente con mis hijos.<\/p>\n<p>P.- \u00bfQu\u00e9 tiene usted de castellano, por el nacimiento, y qu\u00e9 de catal\u00e1n, por donde reside?<\/p>\n<p>R.- Pues una mezcla formidable. La lengua de mi casa actualmente es el catal\u00e1n. Soy totalmente biling\u00fce y a mi cultura castellana se a\u00f1ade toda la influencia de la vasta cultura catalana. Y una cosa muy importante: aprend\u00ed a amar en catal\u00e1n.<\/p>\n<p>P.- Hola, Calixto. \u00bfCu\u00e1l es la mejor idea que se te ocurre para devolver al p\u00fablico a los teatros?<\/p>\n<p>R.- Ser\u00edan varias ideas. Incitar a la curiosidad, educar al p\u00fablico en un teatro mucho m\u00e1s multidisciplinar, lleno de influencias de diferentes culturas y pa\u00edses y sobre todo no darle aquello que reclama siempre, aquello a lo que est\u00e1 acomodado.<\/p>\n<p>P.- Muchas Felicidades. He podido asistir a algunas de sus adaptaciones de cl\u00e1sicos como Shakespeare y Calder\u00f3n. M\u00e1s all\u00e1 de que el resultado de sea m\u00e1s o menos satisfactorio (lo cual es, en definitiva, cuesti\u00f3n de puntos de vista), \u00bfqu\u00e9 lleva a un profesional del teatro a considerar que los cl\u00e1sicos son tan radicalmente adaptables, y qu\u00e9 hace que este profesional se considere a s\u00ed mismo capacitado para mejorar la obra de unos aut\u00e9nticos maestros?<\/p>\n<p>R.- Considero que las obras de los grandes cl\u00e1sicos es un gran regalo que entre la humanidad nos vamos haciendo y podemos utilizarlos para expresarnos, que es la necesidad \u00faltima de cualquier persona que se dedique al arte. Todo el arte del siglo XX ha sido una reinterpretaci\u00f3n del arte de los siglos anteriores y as\u00ed sucesivamente, por lo que yo no invento nada nuevo sino que soy un continuador de algo ya establecido.<\/p>\n<p>P.- \u00bfC\u00f3mo consigue uno\/a trabajar contigo?<\/p>\n<p>R.- Depende de qu\u00e9 pa\u00eds, pero en el estado espa\u00f1ol normalmente hago muchas audiciones cuando estoy antes de empezar un espect\u00e1culo. S\u00ed, por medio de audiciones.<\/p>\n<p>P.- \u00bfPara cu\u00e1ndo una visita y una charla en Galicia, preferiblemente en la facultad de Filolog\u00eda de Santiago?<\/p>\n<p>R.- Cuando me inviten, me encantar\u00eda hacerlo, me encanta Santiago, me encanta Galicia, soy un declarado admirador y siento su influencia en much\u00edsimos de mis espect\u00e1culos de Valle-Incl\u00e1n y de una buena parte de la cultura celta. He confesado varias veces que tengo en mis ojos melancol\u00eda de vaca gallega y me encantan el albari\u00f1o y el godello.<\/p>\n<p>P.- He seguido todos los espect\u00e1culos teatrales que ha dirigido en Barcelona desde el ANFITRI\u00d3 del Teatre Lliure, pero cada vez es m\u00e1s dificil porque dirige muy poco en Barcelona y, adem\u00e1s, ahora deja la direcci\u00f3n del Teatro Romea. \u00bfPor qu\u00e9 se va? y \u00bfPuede hacer un balance de su aportaci\u00f3n estos 10 a\u00f1os al frente este este emblem\u00e1tico teatro barcelon\u00e9s?<\/p>\n<p>R.- Me voy porque son ya demasiados a\u00f1os al frente de un teatro y hay que dejar paso a nuevas ideas. Porque mis compromisos me impiden estar al frente del d\u00eda a d\u00eda del teatro. Mi aportaci\u00f3n creo que ha sido una internacionalizaci\u00f3n del Teatro Romea de una manera bastante sorprendente incluso para m\u00ed. El teatro ha estrenado Shakespeare en Londres en catal\u00e1n, Ibsen en Noruega en catal\u00e1n, Tirant lo Blanc en catal\u00e1n en Berl\u00edn, ha viajado a Par\u00eds, a Estrasburgo, a Italia. Puedo afirmar, y perm\u00edtanme con un cierto orgullo, que ha sido un trabajo del que me siento francamente satisfecho.<\/p>\n<p>P.- Trabaja mucho en Alemania, dir\u00eda que su carrera como director de escena est\u00e1 centrada en ese pa\u00eds, eso es lo que se deduce siguiendo lista de sus montajes desde que empez\u00f3 \u00bfQu\u00e9 halla en ese pa\u00eds que no encuentra en Espa\u00f1a u otros pa\u00edses, como Francia, Italia, el Reino Unido, con una gran tradici\u00f3n teatral, para acapararle? Ahora que deja la direci\u00f3n del Teatro Romea de Barcelona, debo pensar que es para ir a dirigir un teatro alem\u00e1n? \u00bfQu\u00e9 otro teatro tiene previsto dirigir?<\/p>\n<p>R.- Por el momento no voy a coger ning\u00fan teatro p\u00fablico en ning\u00fan pa\u00eds europeo. Mi carrera ha estado diez o doce a\u00f1os vinculada al Reino Unido y a la lengua inglesa, contin\u00faa estando vinculada a Inglaterra y trabajo mucho en el \u00e1rea centroeuropea y escandinava. Podr\u00eda decirte que el modelo centroeuropeo de teatro y \u00f3pera es el mejor del mundo.<\/p>\n<p>P.- \u00bfHa pensado en dirigir cine?<\/p>\n<p>R.- S\u00ed, una vez estuve a punto de llevar &#8220;La vida es sue\u00f1o&#8221; al cine, pero finalmente el proyecto no cuaj\u00f3. La verdad es que no es una obsesi\u00f3n, y tendr\u00eda que tenerlo bastante f\u00e1cil para hacerlo. No lo descarto, pero creo que ahora el horno no est\u00e1 para bollos.<\/p>\n<p>P.- \u00bfLe han quedado ganas de volver a trabajar con Carles Santos? \u00bfHar\u00e1n de nuevo algo juntos?<\/p>\n<p>R.- S\u00ed, me encanta Carles Santos y espero concretar un proyecto con \u00e9l en breve. Es uno de los artistas m\u00e1s interesantes del pa\u00eds.<\/p>\n<p>P.- \u00bfQu\u00e9 siente cuando sale al escenario y le cae una bronca? Pero ya apenas le protestan sus puestas en escena. \u00bfSe ha vuelco un cl\u00e1sico?<\/p>\n<p>R.- No me gusta que me abronquen y me tiemblan un poco las piernas cuando salgo a saludar. No te puedo decir si me protestan m\u00e1s o menos porque no estoy muy pendiente de ello, igual una parte importante del p\u00fablico se ha acostumbrado ya a mis puestas en escena, lo que significar\u00eda una buena comunicaci\u00f3n con ellos y sobre todo que avanzamos juntos.<\/p>\n<p>P.- Hace tiempo que no sabemos nada de uste en Londres. \u00bfTiene previsto volver? \u00bfY con qu\u00e9?<\/p>\n<p>R.- S\u00ed, tengo muchas ofertas en Londres y voy a regresar en breve con un Shakespeare al Festival de las Artes de los Juegos Ol\u00edmpicos y con \u00f3pera tambi\u00e9n. S\u00ed, tambi\u00e9n tengo ganas de volver a Londres, no puedo olvidar que mi tercera lengua es el ingl\u00e9s, e incluso sue\u00f1o en ingl\u00e9s.<\/p>\n<p>P.- Hola, he visto dos de tus obras; Plataforma y Los persas. Me parecieron fascinantes, provocadoras, honestas, cl\u00e1sicas y modernas a la vez, contundentes. y por encima con buenos actores, buen\u00edsimos actores, y m\u00fasica en directo, en fin, de lo mejor que vi en mucho tiempo.\u00bfMe gustar\u00eda saber si has tenido alg\u00fan tipo de problema con alg\u00fan empresario o teatro por estas obras? y tambien como planteas el trabajo con los actores.<\/p>\n<p>R.- No, no he tenido ning\u00fan problema con ning\u00fan empresario fuera de las normales conversaciones presupuestarias, pero soy una persona que normalmente no tiene problemas ni con cantantes, ni con actores ni con empresarios. Me considero muy dialogante. Trabajo con los actores de una manera respetuosa, exigente, muy f\u00edsica, donde todo el cuerpo est\u00e1 involucrado por un texto y donde parte de mi trabajo es potenciar la imaginaci\u00f3n oculta en sus mentes. Mis espect\u00e1culos son un trabajo muy colectivo entre la fantas\u00eda de los actores y mi propia imaginaci\u00f3n, pero siempre tengo muy claro qu\u00e9 quiero explicar con un espect\u00e1culo.<\/p>\n<p>P.- \u00bfQu\u00e9 significa para usted haber recibido el Premio Ciutat de Barcelona de proyecci\u00f3n Internacional?<\/p>\n<p>R.- Pues un placer y un honor y sobre todo la alegr\u00eda de compartirlo con la gente que me rodea y que me quieren bien. Dec\u00eda Fassbinder que en el fondo uno lo que quiere es sentirse querido.<\/p>\n<p>P.- Hola Calixto. he trabajado contigo en Rakes progress en La Coru\u00f1a y fu\u00e9 todo un placer.esta es la pregunta. \u00bfQu\u00e9 crees que nos das a los cantantes que, aunque nos las hayas hecho pasar putas en el escenario&#8230; nos encanta trabajar contigo y te defendemos siempre ante los carcas que denostan tus propuestas? Nunca he visto defender a nadie como a ti lo hizo una soprano obesa que pusiste en el Liceu en combinaci\u00f3n de raso en un rueda de prensa en la que le preguntaron por tu trabajo, Besote<\/p>\n<p>R.- No lo s\u00e9 lo que le doy. Por descontado ninguna estrategia extra\u00f1a y quiz\u00e1s mi sinceridad art\u00edstica y de alguna manera yo tambi\u00e9n me siento desnudo en un ensayo y sin miedo a hacer el rid\u00edculo. Creo que lo \u00fanico que intento es que los ensayos sean un lugar sin miedo y un espacio un poco &#8220;ut\u00f3pico&#8221; de libertad absoluta donde pr\u00e1cticamente no hay ning\u00fan l\u00edmite.<\/p>\n<p>P.- \u00bfComo afectan la actual legislaci\u00f3n de derechos de autor al Teatro? \u00bfQue aspectos de la misma perjudican a los artistas y a la creatividad? \u00bfRealmente mejora la creatividad un plazo de protecci\u00f3n de las obras de 80 a\u00f1os post mortem o es m\u00e1s bien un problema a la hora de encontrar al titular de los derechos?<\/p>\n<p>R.- \u00bfComo afectan la actual legislaci\u00f3n de derechos de autor al Teatro? \u00bfQue aspectos de la misma perjudican a los artistas y a la creatividad? \u00bfRealmente mejora la creatividad un plazo de protecci\u00f3n de las obras de 80 a\u00f1os post mortem o es m\u00e1s bien un problema a la hora de encontrar al titular de los derechos?<\/p>\n<p>P.- \u00bfSi pudieras programar, como en FACYL, pero teniendo presupuesto ilimitado, a quienes traer\u00edas de fuera?\u00bfVes oferta creativa en Espa\u00f1a?<\/p>\n<p>R.- De fuera al FACYL me gustar\u00eda traer \u00f3pera. Era mi sue\u00f1o de poder ofrecer al p\u00fablico de Salamanca \u00f3pera con una visi\u00f3n contempor\u00e1nea de ella, o sea que traer\u00eda dos o tres o cuatro de los grandes teatros de \u00f3pera de Europa, que hacen programas arriesgados, con producciones que tienen mucho que decir a la sociedad actual. El estado espa\u00f1ol est\u00e1 lleno de personas con talento. No hemos sido capaces entre pol\u00edticos y sociedad civil de crear un modelo cultural fuerte que pueda resistir los embates de la crisis. Por eso si empezamos a recortar los presupuestos de cultura, que es la continuaci\u00f3n de la educaci\u00f3n de los j\u00f3venes y los adultos, corremos el peligro de convertirnos en una Italia dos. Es un momento para ser serios y establecer prioridades y grandes consensos entre los pol\u00edticos e intentar contradecir a mi querido Arturo P\u00e9rez Reverte cuando dice que Espa\u00f1a es un pa\u00eds de ignorantes y que se congratula de serlo.<\/p>\n<p>P.- \u00bfQu\u00e9 les dir\u00edas a quienes asocian tu est\u00e9tica al feismo (latas de cervezas, bolsas de pl\u00e1stico)?<\/p>\n<p>R.- Simplemente que yo hago muchos espect\u00e1culos muy diferentes, y que hay espect\u00e1culos en los que utilizo el fe\u00edsmo, en otros utilizo instalaciones contempor\u00e1neas muy alejadas a lo que os refer\u00eds con fe\u00edsmo. Mi carrera es muy vasta en los \u00faltimos 15 a\u00f1os, y con cosas muy diferentes que no se han visto en Espa\u00f1a. Uno de mis \u00faltimos espect\u00e1culos, llamado Stemmer, hecho en Conpenhage con actores daneses, es un oratorio sobre mi idea de la belleza. Los que opinan sobre mi est\u00e9tica fe\u00edsta tienen una opini\u00f3n sesgada.<\/p>\n<p>P.- En sus montajes teatrales y oper\u00edsticos se percibe que se nutre de muchas referencias de la actualidad. \u00bfHasta que punto todas sus puestas en escena tienen la realidad de su entorno como fuente de inspiraci\u00f3n?<\/p>\n<p>R.- S\u00ed, no puedo dejar de ser una persona de hoy que vive el d\u00eda a d\u00eda, que lee los peri\u00f3dicos, que lee literatura contempor\u00e1nea, que asiste a museos donde se nutre de arte contempor\u00e1neo, que ve pel\u00edculas y que se siente a veces indignado, otras veces satisfecho por las noticias que acontecen en el prensente.<\/p>\n<p>P.- Me ha impresionado el fallecimiento de ese actorazo valenciano de aspecto circense que trabaj\u00f3, por lo menos, en una zarzuela que usted dirigi\u00f3. S\u00e9, por ejemplo, que en el estreno se desmay\u00f3 y que ten\u00eda constantes problemas de salud en el escenario. \u00bfQu\u00e9 impresi\u00f3n le ha causado su muerte?<\/p>\n<p>R.- Le ten\u00eda mucho amor al actor al que te refieres. Siempre que se pierde un colega de trabajo y sobre todo con el que has tenido una complicidad especial pierdes algo tuyo, pero tambi\u00e9n lo conservas dentro de ti seguramente para siempre.<\/p>\n<p>P.- \u00bfQu\u00e9 cl\u00e1sico le gustar\u00eda dirigir y a\u00fan no le han ofrecido?<\/p>\n<p>R.- La verdad es que estoy haciendo todo lo que m\u00e1s o menos quer\u00eda hacer porque ten\u00eda muchas ganas de hacer Soldaten, de Jacob Lenz, y en 2013 voy a hacer la \u00f3pera de Zimmermann basada en esta obra, por lo que me siento plenamente contento con todo el repertorio que voy haciendo, y sobre todo con la libertad que me permite el poder escoger. Me encanta trabajar continuamente y ensayar continuamente hasta que me aguanten la mente y el cuerpo.<\/p>\n<p>P.- \u00bfQu\u00e9 autor o director le ha influido m\u00e1s teatralmente?<\/p>\n<p>R.- Pues podr\u00eda decir que pertenezco a la sala que inicia Goya, contin\u00faa con Valle-Incl\u00e1n y llega hasta Bu\u00f1uel. Es decir, este viaje entre el &#8220;expresionismo&#8221; espa\u00f1ol hasta el Surrealismo. Despu\u00e9s he recibido muchas influencias de la cultura catalana y del surrealismo catal\u00e1n, y de la fant\u00e1stica libertad mental que te otorga el biling\u00fcismo.<\/p>\n<p>P.- \u00bfCu\u00e1les son las pr\u00f3ximas \u00f3peras que tiene previsto dirigir? \u00bfEn Espa\u00f1a tiene previsto dirtigir alguna?<\/p>\n<p>R.- Il triomfo del tempo e del disenganno de Haendel, una maravilla. En Espa\u00f1ano tengo previsto dirigir ninguna por el momento.<\/p>\n","protected":false},"excerpt":{"rendered":"<p>El m\u00e1s internacional de los directores de escena espa\u00f1oles, Calixto Bieito, cuyos personales montajes teatrales y oper\u00edsticos no dejan indiferente al p\u00fablico y generan pol\u00e9mica, acaba se sumar a los reconocimientos de que es objeto el Premio Ciutat de Barcelona de Proyecci\u00f3n Internacional.<br \/>\nTodo sobre Calixto Bieito<br \/>\nFoto: Ignacio Adeva<\/p>\n","protected":false},"author":1,"featured_media":0,"comment_status":"open","ping_status":"open","sticky":false,"template":"","format":"standard","meta":{"footnotes":""},"categories":[],"tags":[],"class_list":["post-8296","post","type-post","status-publish","format-standard","hentry"],"_links":{"self":[{"href":"https:\/\/intervius.com\/index.html\/wp-json\/wp\/v2\/posts\/8296","targetHints":{"allow":["GET"]}}],"collection":[{"href":"https:\/\/intervius.com\/index.html\/wp-json\/wp\/v2\/posts"}],"about":[{"href":"https:\/\/intervius.com\/index.html\/wp-json\/wp\/v2\/types\/post"}],"author":[{"embeddable":true,"href":"https:\/\/intervius.com\/index.html\/wp-json\/wp\/v2\/users\/1"}],"replies":[{"embeddable":true,"href":"https:\/\/intervius.com\/index.html\/wp-json\/wp\/v2\/comments?post=8296"}],"version-history":[{"count":0,"href":"https:\/\/intervius.com\/index.html\/wp-json\/wp\/v2\/posts\/8296\/revisions"}],"wp:attachment":[{"href":"https:\/\/intervius.com\/index.html\/wp-json\/wp\/v2\/media?parent=8296"}],"wp:term":[{"taxonomy":"category","embeddable":true,"href":"https:\/\/intervius.com\/index.html\/wp-json\/wp\/v2\/categories?post=8296"},{"taxonomy":"post_tag","embeddable":true,"href":"https:\/\/intervius.com\/index.html\/wp-json\/wp\/v2\/tags?post=8296"}],"curies":[{"name":"wp","href":"https:\/\/api.w.org\/{rel}","templated":true}]}}