{"id":8257,"date":"2009-09-15T00:00:00","date_gmt":"2006-11-06T00:00:00","guid":{"rendered":"https:\/\/intervius.com\/index.html\/?p=8257"},"modified":"2006-11-06T00:00:00","modified_gmt":"2006-11-06T00:00:00","slug":"Inako_Diaz_Guerra8257","status":"publish","type":"post","link":"https:\/\/intervius.com\/index.html\/Inako_Diaz_Guerra8257\/","title":{"rendered":"I\u00f1ako D\u00edaz Guerra"},"content":{"rendered":"<p>Pregunta.- Hola i\u00f1ako,como no va antonio lopez esta noche que esta lesionado,\u00bfquien jugara de lateral? no cuento a dominguez que se va al mundial sub20,encima que es el unico que podria sustituirlo&#8230;.que desastre ni lateral derecho ni izquierdo. Un saludo <\/p>\n<p>Respuesta.- Hola, perdonad el retraso. El Atleti va a intentar que Dom\u00ednguez, que sufre una pubalgia, que no le impide jugar, pero si pide algo de reposo, no vaya al Mundial Sub-20. Despu\u00e9s de lo de Bojan, lo mismo cuela. Si no la cosa est\u00e1 complicada, porque el tercer lateral izquierdo ser\u00eda Cabrera que tambi\u00e9n est\u00e1 en el Sub-20, as\u00ed que toca improvisar con Perea o Valera y dejar una vez m\u00e1s en evidencia la planificaci\u00f3n de Pitarch, porque que Dom\u00ednguez y Cabrera se ir\u00edan al Sub-20 se intu\u00eda hace meses.<\/p>\n<p>P.- hola i\u00f1ako, no estaria bien darle la opurtunidad ahora que se asengo a david de gea, ya que segun dicen se va en diciembre y roberto que se quede para la copa?<\/p>\n<p>R.- No. Si Roberto es el segundo portero no veo motivos para poner a De Gea. Roberto tambi\u00e9n es un chaval joven e internacional en todas las inferiores que se merece esta oportunidad. De Gea jug\u00f3 mal sus cartas este verano y ahora no le viene mal un periodo de reflexi\u00f3n<\/p>\n<p>P.- I\u00f1ako, intentando rebajar un poco la tensi\u00f3n \u00bfC\u00f3mo ves el partido de esta noche? yo creo que ganamos f\u00e1cil y que nos va a venir de perlas&#8230;<\/p>\n<p>R.- S\u00ed, es lo suyo. Y no se me ocurre un momento mejor para una victoria sencilla y bonita. La afici\u00f3n se merece una tregua<\/p>\n<p>P.- Desde el ascenso estamos en el mejor momento,deportivamente hablando. \u00bfA que viene tanto lio? \u00bfQuien esta detras? <\/p>\n<p>R.- Detr\u00e1s s\u00f3lo est\u00e1 la desconfianza evidente que generan los due\u00f1os desde hace muchos a\u00f1os. Est\u00e1 que ser cuartos tampoco puede ser considerado un \u00e9xito como para no seguir mejorando. Est\u00e1 que el verano ha sido muy frustrante en cuanto al mercado, porque no se ha logrado vender a nadie de los que sobraban ni traer un dichoso centrocampista. Si nos conformamos con ser cuartos, estamos abocados a ser siempre sextos<\/p>\n<p>P.- Hola que taal I\u00f1ako. Bueno,el Atletico esta muy mal muy mal&#8230;pero tu crees logico el comportamiento de la aficion ? Yo creo que se pasan un poco. Un saludo,muchas gracias.<\/p>\n<p>R.- La afici\u00f3n ha tragado mucho y ha estallado ahora. Cuando analizas una cosa as\u00ed s\u00f3lo por la raz\u00f3n \u00faltima desencadenante (la venta de Heitinga) siempre parece que no es motivo suficiente. Hay que mirarlo a un plazo m\u00e1s largo y entender que es la suma de cosas la que ha provocado esto, no una cosa aislada. Si se pasan o no, depende de la opini\u00f3n de cada uno. A m\u00ed, salvo exabruptos aislados, no me pareci\u00f3 especialmente agresiva la protesta<\/p>\n<p>P.- i\u00f1ako, reyes ya no va ni convocado, yo casi lo agradezco, cuantas menos oportunidades se le den mejor; no me taches de injusto pero creo q a este hombre se le acab\u00f3 el cupo hace mucho tiempo.<\/p>\n<p>R.- HAce a\u00f1os. Pero Pitarch nos lo ha dejado aqu\u00ed como recordatorio, para que no olvidemos en toda la temporada que \u00e9l lo trajo por una pasta y ha sido incapaz ahora de venderlo por la mitad. Y que por gestiones as\u00ed le pagan una pasta. Yo de mayor quiero ser Suso<\/p>\n<p>P.- Buenas I\u00f1ako. Me gustan mucho los cl\u00e1sicos americanos de la novela negra (me consta que a t\u00ed tb) y hace poco, por recomendaci\u00f3n de C.Boyero, he leido la serie alemana de Phillip Kerr, que me ha alucinado. Me puedes, por favor, recomendar algo de novela negra de alg\u00fan autor contempor\u00e1neo? Muchas gracias! Un abrazo<\/p>\n<p>R.- Estuve en Berl\u00edn este verano y aprovech\u00e9 para leerme las tres primeras novelas de Berlin Noir, de Kerr. Me han gustado bastante. Pocas ambientaciones mejor para una novela de detectives que la Alemn\u00eda de los 30 y 40. Mi preferido actual es, con mucha diferencia sobre el resto, John Connolly. Coge las siete novelas que lleva (ochi si lees en ingl\u00e9s) del detective Charlie PArker y prep\u00e1rate a no dormir: porque no puedes dejar de leer y porque sus malos dan mucho miedo cuando aagas la luz. Y otra, no es ex\u00e1ctamente novela negra, pero, por favor, leed El poder del perr,o de Don Winslow, una historia sobre el narcotr\u00e1fico mexicano saltando de M\u00e9xico a Centra\u00e9rica a San Diego y a NY durante 30 a\u00f1os. Bestial.<\/p>\n<p>P.- Hola I\u00f1ako, tengo 36 a\u00f1os y desde que tengo uso de raz\u00f3n, colchonero a muerte. Pues es la primera vez en la vida, que la desiluci\u00f3n me llega a esta altura de la temporada. Comenzar de forma desastroza la liga, viendo el panorama en las pr\u00f3ximas semanas, ( Barcelona, ALMERIA, Valencia ), nos podemos ver los \u00faltimos sin llevar un mes de competici\u00f3n y a m\u00e1s de 10 puntos de la cabeza. Con la mano en el coraz\u00f3n, veo muy por encima a Valencia, Villarreal y Sevilla. En mi opini\u00f3n, el equipo este a\u00f1o se deber\u00eda quedar contento&#8230; si pillamos UEFA, y eso contando que no se lesionen ninguno de los 4 fant\u00e1sticos. \u00bfQu\u00e9 opinas al respecto ? MUCHAS GRACIAS.<\/p>\n<p>R.- No soy tan derrotista. El comienzo ha sido duro, pero tambien muy extra\u00f1o por toda la pol\u00e9mica alrededor del equipo y el dichoso virus FIFA. No creo que lo debamos tomar como un adelanto de lo que viene. De los rivales directos, es obvio que el Valencia parece hoy por encima, pero tambi\u00e9n empez\u00f3 muy fuerte el curso pasado y acab\u00f3 en UEFA. Esperad un poco antes de conformaros con ser sextos. El Ateti tiene que pelear ser tercero. Sigo pens\u00e1ndolo.<\/p>\n<p>P.- \u00bfEs realista desear que Abel alinee a Jurado de mediocentro, y por delante al Kun y a Forl\u00e1n? \u00bfcual es tu opioni\u00f3n sobre Elbow? \u00bfhas le\u00eddo La elegancia del erizo?<\/p>\n<p>R.- A m\u00ed es la idea que m\u00e1s me convence. Total, si ya no defendemos bien, intentemos atacar mejor. Al menos contra equipos d\u00e9biles como el APOEL. Pero nop creo que Abel seatreva demasiados d\u00edas saolvo que Jurado deslumbre sistem\u00e1ticamente. Si le parece poco m\u00fasculo, tal vez pod\u00eda un 4-3-3 con Assun\u00e7ao, Ra\u00fal Garc\u00eda (cuando est\u00e9) y Jurado en el medio y Simao, Kun y Forl\u00e1n arriba. El caso es que, con lo que hay, deber\u00eda darle diez partidos seguidos en el centro a Jurado porque es la \u00fanica soluci\u00f3n que tiene en casa y el talento est\u00e1 ah\u00ed.<\/p>\n<p>P.- Hola I\u00f1ako. \u00bfC\u00f3mo analizar\u00edas la marcha de la \u00d1BA en el Eurobasket? \u00bfQu\u00e9 le penaliza m\u00e1s, la ausencia de Calder\u00f3n o el &#8220;oficio&#8221; de Scarola?<\/p>\n<p>R.- El problema de los bases es evidente, porque Ricky est\u00e1 ma\u00b4y Cabezas y Ra\u00fcl 10 o 12 niveles por debajo. Hay, para m\u00ed, un claro error al confeccionar la lista. Por mal que haya estado este a\u00f1o, Sergio Rodr\u00edguez da m\u00e1s garant\u00edas como segundo base que cualquiera de estos. Y llull de tercer, dej\u00e1ndote hueco para un alero m\u00e1s grande tipo Carlos Su\u00e1rez, en vista de que Mumbr\u00fa est\u00e1 en las \u00faltimas. Y que no est\u00e9 V\u00e1zquez es para cortar cabezas. No me creo que renunciar\u00e1 \u00e9l, m\u00e1s bien que la FEB y los epsos pesados prefer\u00edan que ese hueco fuera para Garbajosa. Luego lo de las rotaciones es de juzgado de guardia \u00bfpor qu\u00e9 ha dejado de jugar Claver cuando siempre que lo hizo cumpli\u00f3 y puede tener minutos de calidad como tres alto???? Y lo de Llull con Turqu\u00eda, t\u00edpico de entrenador que quiere ir de listo. Dicho esto, no se entiende la actitud de los jugadores hasta ayer, Ah, y ganaremos el oro.<\/p>\n<p>P.- Hola I\u00f1ako. \u00bfCrees que la dimisi\u00f3n de Ab\u00e1solo puede obedecer a un intento de pescar en r\u00edo revuelto planteando alg\u00fan tipo de oposici\u00f3n real a los Gil ahora que tienen a toda la afici\u00f3n en contra? \u00bfqu\u00e9 confianza te merece Ab\u00e1solo? \u00bfpara cuando gira de Los Planetas? Muchas gracias y un saludo<\/p>\n<p>R.- No creo, aunque ser\u00eda una buena noticia. M\u00e1s bien huele a estar harto de tener voz sin voto. No conozco lo suficiente a Ab\u00e1solo como para juzgarle. No he le\u00eddo nada respecto a Los Planetas. Supongo que cuando a J le d\u00e9 por ah\u00ed, no es precisamente un hombre de orden y planificaci\u00f3n<\/p>\n<p>P.- hola I\u00f1ako. Mir\u00e1ndolo desde un prisma exclusivamente rojiblanco,nos convendr\u00eda o no que Madrid 2016 ganara? Por qu\u00e9?<\/p>\n<p>R.- Que no ganara. Porque as\u00ed no habr\u00eda que trasladarse a Alcorc\u00f3n durante un a\u00f1o para las obras de poner y quitar la pista de atletismo<\/p>\n<p>P.- \u00bfQu\u00e9 expectativas te produce la nueva pelicula de Tarantino? v\u00ed el viernes el trailer en el cine y me dej\u00f3 frio, lo cual espero que se arregle cuando la vea. un abrazo<\/p>\n<p>R.- Tengo muchas ganas, pero se me est\u00e1n quitando seg\u00fan la gente que la ve me la pone a caldo. A\u00fan as\u00ed, siempre le tengo fe a Tarantino. Esperemos.<\/p>\n<p>P.- Hola I\u00f1ako&#8230; \u00bfQue te parece lo de Ab\u00e1solo? \u00bfNo crees que se intenta bajar del barco antes de que salgan cosas feas.. y se le pueda culpar? Y hablando de m\u00fasica que te parece Vetusta Morla (Se que no es tu estilo pero quien sabe).. Gracias crack..<\/p>\n<p>R.- no me deja responder!!!!!!!<\/p>\n<p>P.- Hola I\u00f1ako, como crees que se nos presenta la temporada? yo no soy muy positivo si te soy sincero, tenemos una plantilla cortisima, en la que hay al menos 5 jugadores que no quiere el entrenador, no quiere la grada&#8230; La verdad veo mas fuerte a Valencia y Sevilla, y si encima no ganamos los partidos en casa a equipos como el Racing y con uno menos (respeto para el Racing) vamos a tener una liga muy sufrida<\/p>\n<p>R.- Siempre tenemos unas ligas muy sufridas, nada nuevo bajo el sol. Siempre vemos m\u00e1s fuertes a los dem\u00e1s y al final, a veces s\u00ed y a veces no. Un poco de paciencia<\/p>\n<p>P.- Buenas I\u00f1ako, Como siempre mucho ruido y pocas nueces \u00bfAlg\u00fan d\u00eda despertaremos del letargo?. \u00bfEs verdad, que antes de fin de a\u00f1o empiezan a construir la ciudad deportiva?<\/p>\n<p>R.- Se ha despertado un poco. Ala manifestaci\u00f3n fueron m\u00e1s que nunca y hay m\u00e1s gente interesada en el tema que antes. No podemos pasar de 0 a 100 en 5 segundos. Veremos. En cuanto a la ciudad deportiva, esos son los planes. pero yo con estas cosas no me creo nada hasta que no veo las gruas.<\/p>\n<p>P.- I\u00f1ako si ya de por si Sinama jugando de delantero es normalito tirando a flojo \u00bfpor que sigue Abel encabezonado en ponerlo de extremo dia tras otro cada vez que juega?<\/p>\n<p>R.- A m\u00ed Sinama me parece un buen delantero, lo que pasa es que si lo comparamos con Kun y Forl\u00e1n est\u00e1 frito. Pero como tercer opunta, no tengo prioblema con \u00e9l. El tema del extremo es que no hay ning\u00fan jugador de banda en la plantilla por detr\u00e1s de Simao y Maxi (que ser\u00eda discutible que sea de banda). Est\u00e1 un ex futbolista como Reyes y un mediapunta como Jurado. Esa es la plantilla que ha dejado Pitarch y Sinama, con todas sus limitaciones, es casi la mejor opci\u00f3n que hay sin recurrir a la cantera. pero vamos, a poco que Keko est\u00e9 fino&#8230;<\/p>\n<p>P.- Hola I\u00f1ako. Uno de los deportes de este verano fue disparar contra Ibrahimovic y de paso, contra el Bar\u00e7a y Pep(aunque s\u00ed, el negocio fue ruinoso cuanto menos&#8230;)&#8230;como si el sueco fuese Reyes o Sinama&#8230;\u00bfcrees que Ibra esta hecho para el Bar\u00e7a?\u00bfpor qu\u00e9 tanta man\u00eda en criticarle?\u00bfque crees que aportara?\u00bfse acordar\u00e1 mucho el Camp Nou de Eto\u00b4o?&#8230;.aunque para todos esos que hablan tanto,sin estar muy en forma,en 2 partidos de liga, 2 goles y una asistencia&#8230;(a cierto 7, por menos le dan portadas&#8230;).Muchas gracias&#8230;y de paso, para el s\u00e1bado,\u00bfte atreves a un pron\u00f3stico?<\/p>\n<p>R.- Creo que la gente o ve poco f\u00fatbol o estamos demasiado rodeados de madridistas. Supongo que cuando algo va tan bien como el BAr\u00e7a, la esperanza del resto es que los cambios lo estropeen ya que alcanzarles por m\u00e9ritos propios es complicado. Ibrahimovic es uno de los 5 mejores futbolistas del mundo, para m\u00ed. Y nadie es pichichic en Italia si no tiene gol, que es lo que se le discute. Porque clase&#8230;buffff,Se puede echar de menos la presi\u00f3n y la intensidad de Etoo, pero no creo que mucho m\u00e1s. S\u00f3lo barajo dos opciones: 6-0 o 1-3. No veo t\u00e9rmino medio<\/p>\n<p>P.- Que tal socio \u00bfcrees que keko podria ser titular esta tarde contra el Apoel y nos libraremos de ver al incompetente de Sinama?<\/p>\n<p>R.- No creo. Ser\u00e1n Maxi y Simao.<\/p>\n","protected":false},"excerpt":{"rendered":"<p>El redactor del Diario AS I\u00f1ako D\u00edaz-Guerra analiza cada semana la situaci\u00f3n del Atl\u00e9tico de Madrid. El periodista ha charlado con los lectores sobre la convulsa actualidad del Atl\u00e9tico de Madrid as\u00ed como del resto de novedades que afectan al club colchonero, tanto en la Liga como en Europa.<\/p>\n<p>ARCHIVO DE ENTREVISTAS:<\/p>\n<p>01 de septiembre &#8211; 25 de agosto &#8211; 18 de agosto &#8211; 11 de agosto &#8211; 27 de julio &#8211; 21 de julio &#8211; 14 de julio &#8211; 07 de julio &#8211; 30 de junio &#8211; 23 de junio &#8211; 16 de junio &#8211; 09 de junio &#8211; 02 de junio -26 de mayo -19 de mayo &#8211; 12 de mayo &#8211; 05 de mayo &#8211; 28 de abril &#8211; 21 de abril &#8211; 14 de abril &#8211; 07 de abril &#8211; 24 de marzo &#8211; 17 de marzo &#8211; 10 de marzo &#8211; 3 de marzo &#8211; 24 de febrero &#8211; 10 de febrero &#8211; 17 de febrero &#8211; 13 3 de enero &#8211; 2 3 de diciembre &#8211; 2 de diciembre &#8211; 25 de noviembre &#8211; 4 de noviembre &#8211; 18 de noviembre &#8211; 4 de noviembre &#8211; 11 de noviembre &#8211; 4 de noviembre &#8211; 24 de octubre &#8211; 7 de octubre &#8211; 30 de septiembre &#8211; 23 de septiembre &#8211; 16 de septiembre <\/p>\n","protected":false},"author":1,"featured_media":0,"comment_status":"open","ping_status":"open","sticky":false,"template":"","format":"standard","meta":{"footnotes":""},"categories":[],"tags":[],"class_list":["post-8257","post","type-post","status-publish","format-standard","hentry"],"_links":{"self":[{"href":"https:\/\/intervius.com\/index.html\/wp-json\/wp\/v2\/posts\/8257","targetHints":{"allow":["GET"]}}],"collection":[{"href":"https:\/\/intervius.com\/index.html\/wp-json\/wp\/v2\/posts"}],"about":[{"href":"https:\/\/intervius.com\/index.html\/wp-json\/wp\/v2\/types\/post"}],"author":[{"embeddable":true,"href":"https:\/\/intervius.com\/index.html\/wp-json\/wp\/v2\/users\/1"}],"replies":[{"embeddable":true,"href":"https:\/\/intervius.com\/index.html\/wp-json\/wp\/v2\/comments?post=8257"}],"version-history":[{"count":0,"href":"https:\/\/intervius.com\/index.html\/wp-json\/wp\/v2\/posts\/8257\/revisions"}],"wp:attachment":[{"href":"https:\/\/intervius.com\/index.html\/wp-json\/wp\/v2\/media?parent=8257"}],"wp:term":[{"taxonomy":"category","embeddable":true,"href":"https:\/\/intervius.com\/index.html\/wp-json\/wp\/v2\/categories?post=8257"},{"taxonomy":"post_tag","embeddable":true,"href":"https:\/\/intervius.com\/index.html\/wp-json\/wp\/v2\/tags?post=8257"}],"curies":[{"name":"wp","href":"https:\/\/api.w.org\/{rel}","templated":true}]}}