{"id":8251,"date":"2011-02-14T00:00:00","date_gmt":"2006-11-06T00:00:00","guid":{"rendered":"https:\/\/intervius.com\/index.html\/?p=8251"},"modified":"2006-11-06T00:00:00","modified_gmt":"2006-11-06T00:00:00","slug":"Jose_Samano8251","status":"publish","type":"post","link":"https:\/\/intervius.com\/index.html\/Jose_Samano8251\/","title":{"rendered":"Jos\u00e9 S\u00e1mano"},"content":{"rendered":"<p>Pregunta.- Que te ha parecido la copa del rey? No crees que la final de ayer es digna de un trofeo como el que se jug\u00f3? Que te pareci\u00f3 la deportividad de ambos equipos en la cancha una vez finalizado el partido? Ese fair-play crees que es posible que se d\u00e9 en Valencia el 20 de abril? Felicidades por tus reportajes<\/p>\n<p>Respuesta.- Buenas tardes a todos. La Copa del Rey ha confirmado que tiene el formato m\u00e1s atractivo para el p\u00fablico, emociones permanentes, nada de partidos de relleno. La final me pareci\u00f3 defensivamente estupenda, seguramente muy del paladar de los puristas. Yo hubiera preferido un partidazo de Navarro, Ricky, Llull, Mirotic&#8230; Es decir, un duelo m\u00e1s anotador, con jugadores de mu\u00f1eca caliente. En Europa predomina el baloncesto t\u00e1ctico, de laboratorio. Una cuesti\u00f3n de gustos. En cuanto a la final de Valencia, es probable que en las gradas haya mayor temperatura. Pero tambi\u00e9n recuerdo algunos cl\u00e1sicos del basket terribles, en plena caldera. Recuerdo al amigo Itu en un cuadril\u00e1tero con Davis, a Djordjevic escoltado para dejar el Palau&#8230; <\/p>\n<p>P.- Jos\u00e8, le escribo desde La Jolla, California. La forma en que Barral se ha llevado a Piqu\u00e8 para el primer gol del partido nos hace ver la baja forma de Piqu\u00e8. Sabe usted a que se debe esta baja de facultades del defensa catal\u00e0n?<\/p>\n<p>R.- El mejor Piqu\u00e9 es el que tiene el control de Puyol. La jugada de Barral fue muy buena, hizo muy bien al meter su cuerpo por delante del de Piqu\u00e9 justo al entrar al \u00e1rea, luego se resbal\u00f3 Milito y su disparo fue magn\u00edfico. <\/p>\n<p>P.- Hola Jos\u00e9, crees que al final Manolo Preciado le ha dado una lecci\u00f3n a Mourino o este es incapaz de ver m\u00e1s all\u00e1 de sus intereses?<\/p>\n<p>R.- No creo que se trate de dar lecciones. En su momento, Mou insinu\u00f3 lo peor que se puede sospechar de un profesional, cuestionar su intenci\u00f3n de ganar. Luego, Preciado se excedi\u00f3 en su r\u00e9plica. Lo del Molin\u00f3n desmiente al portugu\u00e9s, pero en su coro se dir\u00e1 que el empate asturiano se debi\u00f3 a la llamada de atenci\u00f3n de Mou, a que \u00e9l puso al Sporting en el disparadero. Mou siempre gana. <\/p>\n<p>P.- Hola, D. Jos\u00e9, \u00bfapostar\u00eda usted a que Mourihno se queda m\u00e1s a\u00f1os en el caso de que no gane nada?. <\/p>\n<p>R.- No apostar\u00eda mucho, con Mourinho nunca se sabe. Lo mismo buscar\u00eda otra oportunidad para no tener un tach\u00f3n en su carrera como se justificar\u00eda con las malas estructuras del club o algo similar.<\/p>\n<p>P.- \u00bfCree usted que el Arsenal le jugar\u00e1 de t\u00fa a t\u00fa al Bar\u00e7a, intent\u00e1ndole quitar la pelota, o por el contrario, intentar\u00e1 un juego m\u00e1s f\u00edsico, de ida y vuelta, y de alto ritmo de partido? Muchas gracias por su valoraci\u00f3n.<\/p>\n<p>R.- El Arsenal es un equipo muy din\u00e1mico en ataque, donde no tiene una referencia fija pero s\u00ed muchos llegadores, gente r\u00e1pida y h\u00e1bil que llega en oleadas: Van Persie, Arshavin, Wilshere, Walcott, Cesc (Nasri si estuviera). Es un equipo con muchas picaduras que obligara al Bar\u00e7a a guardar como nunca la pelota. El Arsenal penaliza muy bien las p\u00e9rdidas del rival.<\/p>\n<p>P.- Buenas tardes, Samano \u00bfves posible que Florentino a golpe de fichajes, como este \u00faltimo de Adebayor que parece bueno, acabe con la supremacia del Barcelona? Es este su \u00fanico plan o piensas que a largo refrescar\u00e1 la cantera.<\/p>\n<p>R.- Yo no veo al Madrid tan lejos del Bar\u00e7a como presuponen algunos y en cuanto a fichajes solo ver\u00eda necesario tener un remedio m\u00e1s claro para las ausencias de Xabi Alonso, salvo que Mou, cosa que dudo much\u00edsimo, tenga un flechazo final con Granero o Pedro Le\u00f3n. El modelo de Florentino P\u00e9rez prioriza llegar cuanto antes a la cima; a partir de ah\u00ed, si se consolida, puede que tenga una pol\u00edtica un poco m\u00e1s aperturista hacia la cantera. Pero sin exagerar.<\/p>\n<p>P.- Se va Ronaldo. El aut\u00e9ntico, el Fen\u00f3meno. Soy joven, y no he visto un delantero m\u00e1s potente sobre un terreno de juego. \u00bfLo ha habido realmente? \u00bfhasta d\u00f3nde hubiera llegado si le hubieran respetado las rodillas y el metabolismo? Saludos.<\/p>\n<p>R.- Ronaldo en plenitud ha sido \u00daNICO: potente, veloz, h\u00e1bil, preciso, imaginativo. Un futbolista sublime y con una capacidad de superaci\u00f3n extraordinaria. Detr\u00e1s de ese juerguista con dientes de pillo hab\u00eda un chico capaz de soportar terribles dolores, de imponerse a sus rodillas. En una ocasi\u00f3n le vi la cicatriz y me qued\u00e9 asombrado. Tambi\u00e9n tuvo que padecer la glotoner\u00eda comercial que se cre\u00f3 a su alrededor. Se va un grande muy grande, un chico admirable con todos sus pecadillos juveniles. <\/p>\n<p>P.- \u00bfC\u00f3mo cree que se va a percibir desde el extranjero la absoluci\u00f3n de Contador? \u00bfNo le parece que la imagen del deporte espa\u00f1ol va a quedar muy da\u00f1ada?<\/p>\n<p>R.- Se ver\u00e1 mal, porque el deporte espa\u00f1ol lleva tiempo bajo sospecha. La ins\u00f3lita interferencia de Rodr\u00edguez Zapatero acentuar\u00e1 la percepci\u00f3n tolerante que se tiene fuera sobre Espa\u00f1a y el dopaje. Contador, como todos los ciclistas, deber\u00eda ser juzgado exclusivamente de acuerdo al C\u00f3digo Mundial Antidopaje. Por cierto, firmado en Madrid bajo el padrinazgo del Gobierno de Zapatero. Otra cosa es que el reglamento sea demasiado estricto y confuso, que deba ser cambiado. Yo lo har\u00eda, pero mientras tanto la norma es la norma. No tengo todos los elementos para exculpar o condenar al ciclista, pero cuando oigo o leo voces externas me pregunto si tendr\u00edan el mismo celo si el acusado fuera Shleck, por ejemplo. <\/p>\n<p>P.- ola buenas tardes \u00bfQu\u00e9 crees que le pasa al betis? sigues viendolo como m\u00e1ximo favorito para subir a primera? \u00bf ves al barca ganador de la liga a pesar del tropiezo de este fin de semana? <\/p>\n<p>R.- El Betis parece estar pasando una mala resaca de su prestigiosa cita con el Bar\u00e7a en la Copa. Se ha distra\u00eddo algo y ha ca\u00eddo en un bache, pero creo que si Gordillo mantiene el tipo y corta de ra\u00edz cualquier fatalismo anticipado, el equipo se recuperar\u00e1. Tiene t\u00e9cnico y plantilla. <\/p>\n<p>P.- Pepe, no crees que la UEFA o quien sea debiera imponer un m\u00e1ximo presupuestario para los participaentes, de lo contrario el Madrid o el Manchester City u otros clubes comprados por magnates pueden acaparar los t\u00edtulos mediante lo que Wenger llamaba &#8220;doping financiero&#8221; ?<\/p>\n<p>R.- NO pondr\u00eda demasiadas cotas al libre mercado, salvo que cada club cumpla escrupulosamente con su presupuesto. Sonora definici\u00f3n la de Wenger, pero nada dice el franc\u00e9s sobre sus buceos en las canteras de otros equipos para fichar juveniles. \u00bfEs que el rutilante Emirates Stadium no se financia?<\/p>\n<p>P.- Respecto a la destituci\u00f3n de Camacho, los n\u00fameros son claros y acaban de entrar en descenso y son varias las temporadas en las est\u00e1n jugando con juego. Pero dejando eso de lado, \u00bfda para m\u00e1s la plantilla del Osasuna? Yo creo que no, que es muy justa. Gracias<\/p>\n<p>R.- Desde su llegada, Camacho no ha tenido idilio posible con un politizado sector de la grada osasunista. La relaci\u00f3n era forzada y, adem\u00e1s, el equipo, por las circunstancias que fuera, no se ha contagiado de esa furia que suele transmitir el de Cieza. Con Camacho al frente, todo indicaba que se multiplicar\u00eda la dosis de testosterona que siempre ha tenido un club tan admirable como Osasuna; pero no ha sido as\u00ed. Ni la victoria sobre el Madrid de hace dos semanas le ha sostenido, lo que da idea del deterioro de la situaci\u00f3n. <\/p>\n<p>P.- Un placer estas charlas, Sr. S\u00e1mano. \u00bfC\u00f3mo ve esta temporada el &#8220;cl\u00e1sico&#8221; bache del Bar\u00e7a en los meses de enero-febrero? Este a\u00f1o ha pasado enero sin problemas, pero como dijo Guardiola, ante el Atleti ya se vieron fisuras, y frente al Sporting estuvieron muy por debajo del nivel. Y los a\u00f1os anteriores ante Lyon y Stutgart lo pasaron mal en la ida de octavos. \u00bfPuede ser m\u00e1s duro frente al Arsenal? Muchas gracias.<\/p>\n<p>R.- Febrero no es el mes preferido del Bar\u00e7a, que suele retrasar un mes la tradicional cuesta de enero. Con el Arsenal lo tendr\u00e1 m\u00e1s crudo que en Lyon y Sttutgart, donde lo pas\u00f3 fatal en otros dubitativos febreros. Hay partidos en los que los suplentes de Guardiola pesan muy poco. <\/p>\n<p>P.- Sr S\u00e1mano, lo siento pero no me termin\u00f3 de contestar la semana pasada. \u00bfPor qu\u00e9 los periodistas de su redacci\u00f3n que hacen el seguimiento del Barcelona son catalanes y declarados cul\u00e9s; y los que escriben del Madrid no son madrile\u00f1os y tienen que demostrar constantemente su imparcialidad y que no son madridistas. Es un aspecto generalizado en la mayor\u00eda de medios de comunicaci\u00f3n y me gustar\u00eda saber el motivo de esa estrategia. Gracias <\/p>\n<p>R.- No hay estrategia alguna ni se pide a nadie el carn\u00e9 de identidad. <\/p>\n","protected":false},"excerpt":{"rendered":"<p>El redactor Jefe de Deportes de EL PA\u00cdS, Jos\u00e9 S\u00e1mano, ha charlado con los lectores sobre la jornada de Liga, de la Copa del Rey de baloncesto, as\u00ed como del resto de la actualidad deportiva.<\/p>\n<p>M\u00e1s entrevistas digitales<br \/>\nARCHIVO DE ENTREVISTAS:<br \/>\n 7 de febrero<br \/>\n> 31 de enero &#8211; 24 de enero<br \/>\n 17 de enero -10 de enero &#8211; 20 de diciembre<br \/>\n &#8211; 13 de diciembre &#8211; 6 de diciembre<br \/>\n &#8211; 30 de noviembre &#8211; 22 de noviembre<br \/>\n &#8211; 15 de noviembre &#8211; 8 de noviembre<br \/>\n &#8211; 1 de noviembre &#8211; 25 de octubre<br \/>\n &#8211; 18 de octubre &#8211; 4 de octubre<br \/>\n &#8211; 27 de septiembre &#8211; 20 de septiembre<br \/>\n &#8211; 13 de septiembre &#8211; 30 de agosto<\/p>\n","protected":false},"author":1,"featured_media":0,"comment_status":"open","ping_status":"open","sticky":false,"template":"","format":"standard","meta":{"footnotes":""},"categories":[],"tags":[],"class_list":["post-8251","post","type-post","status-publish","format-standard","hentry"],"_links":{"self":[{"href":"https:\/\/intervius.com\/index.html\/wp-json\/wp\/v2\/posts\/8251","targetHints":{"allow":["GET"]}}],"collection":[{"href":"https:\/\/intervius.com\/index.html\/wp-json\/wp\/v2\/posts"}],"about":[{"href":"https:\/\/intervius.com\/index.html\/wp-json\/wp\/v2\/types\/post"}],"author":[{"embeddable":true,"href":"https:\/\/intervius.com\/index.html\/wp-json\/wp\/v2\/users\/1"}],"replies":[{"embeddable":true,"href":"https:\/\/intervius.com\/index.html\/wp-json\/wp\/v2\/comments?post=8251"}],"version-history":[{"count":0,"href":"https:\/\/intervius.com\/index.html\/wp-json\/wp\/v2\/posts\/8251\/revisions"}],"wp:attachment":[{"href":"https:\/\/intervius.com\/index.html\/wp-json\/wp\/v2\/media?parent=8251"}],"wp:term":[{"taxonomy":"category","embeddable":true,"href":"https:\/\/intervius.com\/index.html\/wp-json\/wp\/v2\/categories?post=8251"},{"taxonomy":"post_tag","embeddable":true,"href":"https:\/\/intervius.com\/index.html\/wp-json\/wp\/v2\/tags?post=8251"}],"curies":[{"name":"wp","href":"https:\/\/api.w.org\/{rel}","templated":true}]}}