{"id":8248,"date":"2009-09-14T00:00:00","date_gmt":"2006-11-06T00:00:00","guid":{"rendered":"https:\/\/intervius.com\/index.html\/?p=8248"},"modified":"2006-11-06T00:00:00","modified_gmt":"2006-11-06T00:00:00","slug":"Jose_Samano8248","status":"publish","type":"post","link":"https:\/\/intervius.com\/index.html\/Jose_Samano8248\/","title":{"rendered":"Jos\u00e9 S\u00e1mano"},"content":{"rendered":"<p>Pregunta.- Sr. S\u00e1mano: \u00bfNo cree que deber\u00eda ponerse un tope salarial (tipo NBA) y un porcentaje m\u00e1ximo sobre el presupuesto del club para el gasto en fichajes con el prop\u00f3sito de mantener la competitividad en la Liga? \u00bfNo queda desvirtuada en funci\u00f3n de la capacidad de gesti\u00f3n financiera (marcada por el presidente de turno)sobre la deportiva?<\/p>\n<p>Respuesta.- Buenas tardes a todos desde Z\u00farich -donde el Real Madrid comienza ma\u00f1ana una edici\u00f3n muy especial para \u00e9l de la Liga de Campeones, con final en s\u00e1bado y en el Santiago Bernab\u00e9u- y perd\u00f3n por el retraso: problemas t\u00e9cnicos con la red. No soy parttidario de los l\u00edmites salariales, porque no existen en ning\u00fan sector profresional que conozca y no s\u00e9 por qu\u00e9 el deporte tendr\u00eda que ser una excepci\u00f3n. En todos los \u00f3rdenes de la vida hay ricos y pobres. Adem\u00e1s, Bar\u00e7a y Madrid se han repartido 21 de las \u00faltimas 25 Ligas, es decir, que nunca hubo mucha competitividad, lo mismo que en la Premier (United, Liverpool, Arsenal, el \u00faltimo Chelsea), o el Calcio (Juve, Inter, Milan). Soy partidario de un mayor y celoso control financiero de los clubes por parte de la patronal y las autoridades. <\/p>\n<p>P.- Hola. Leyendo su articulo, viendo las noticias nacionales&#8230;lo unico que observo es como se infravalora y casi ni se menciona al Sevilla Fc. No soy un aficionado ac\u00e9rrimo del equipo, para nada. Pero es que la forma en la que obvian a este equipo ya es desmesurado. Menciona usted al Deportivo, un gran equipo, pero hace casi 10 a\u00f1os que dej\u00f3 de ser Super Depor. Y sit\u00faa al equipo andaluz como \u00faltima alternativa, habiendo quedado 3\u00ba el a\u00f1o pasado, por delante del mimado por todos Valencia. <\/p>\n<p>R.- Lamento que haya pensado eso porque desde luego no era mi intenci\u00f3n obviar a un equipazo como el Sevilla. Lo que trataba de analizar en mi art\u00edculo es la posible respuesta de los tres equipos que en los \u00faltimos 25 a\u00f1os han impedido -en la Liga- el bipartidismo Bar\u00e7a-Madrid, es decir, Deportivo, Valencia (en dos ocasiones) y Atl\u00e9tico. En cualquier caso, veo al Sevilla lejos de las dos superpotencias, aunque s\u00ed creo que volver\u00e1 a estar en el podio de la Champions.<\/p>\n<p>P.- Buenas tardes, En la edici\u00f3n de hoy se han dedicado varias p\u00e1ginas a los partidso de ayer del Barcelona, del Atl\u00e9tico de Madrid y del Real Madrid. Sin embargo, ayer se jug\u00f3 otro partido ayer, en el Sanchez Pizjuan del cual no se ha hablado. Y me gustar\u00eda saber por que se ha ignorado a un equipo de Champions. Gracias por adelantado <\/p>\n<p>R.- El Sevilla no ha sido ignorado, ning\u00fan equipo lo es. Ocurre que con el horario televisivo de las diez de la noche en el peri\u00f3dico tenemos problemas de producci\u00f3n, puesto que la primera tirada se produce a las diez de la noche, es decir, dos horas antes de acabar el partido. De esa forma, s\u00f3lo la cr\u00f3nica s\u00f3lo puede entrar en determinadas ediciones. No es un problema con el Sevilla, sino con cualquier equipo que juegue a esa hora.<\/p>\n<p>P.- Un plazer poder volver a preguntarle. Que le ha parecido el verano??? Madrid, Bar\u00c7a, Confederaciones, Europeo, Bolt, Semenya&#8230;etc. <\/p>\n<p>R.- Bolt: una de las gestas m\u00e1s sorber\u00edas, una ventilador magn\u00edfico para el atletismo; Bar\u00e7a: cuando intervienen Guardiola y la pelota el club est\u00e1 muy por encima de la instituci\u00f3n; Real Madrid; de nuevo todo el derecho a sonar, una gran idea, ahora falta plasmarla en el campo; Semenya: un caso que no deber\u00eda existir hasta que la federaci\u00f3n internacional se pronuncie, lo dem\u00e1s son habladur\u00edas muy da\u00f1inas contra una jovenc\u00edsima atleta. <\/p>\n<p>P.- \u00bfQu\u00e9 jugadores crees que faltan en la selecci\u00f3n argentina para volver a ser grande? \u00bfQu\u00e9 piensas del &#8220;otro Messi&#8221;, el de la albiceleste?<\/p>\n<p>R.- Creo que el Bar\u00e7a hace mejor a Messi lo que demuestra que los colectivos son en ocasiones m\u00e1s relevantes que las individualidades. A Maradona le falta sosiego y una mirada m\u00e1s amplia, a bote pronto figuras como Higua\u00edn y Lucho Gonz\u00e1lez.<\/p>\n<p>P.- \u00bfpor qu\u00e9 el madrid, barcelona y bilbao no son sociedades an\u00f3nimas deportivas como el resto de clubs; no crees que esto adultera la competici\u00f3n?<\/p>\n<p>R.- S\u00ed, creo que ha llegado el momento de que todos partan de la misma situaci\u00f3n pero a\u00fan as\u00ed creo que los palmar\u00e9s de unos y otros no variar\u00edan. <\/p>\n<p>P.- Buenas tardes. \u00bfVe usted a alg\u00fan equipo capaz de acercarse a Bar\u00e7a o Madrid para el t\u00edtulo de liga? \u00bfno se parece esto cada vez m\u00e1s a la bipolirzaci\u00f3n pol\u00edtica? para mi le quita mucha gracia a la competici\u00f3n: yo pondr\u00eda un l\u00edmite de gastos por equipo ya mismo. gracias.<\/p>\n<p>R.- Sobre el l\u00edmite de gastos ya he contestado en la primera pregunta. Creo que el \u00fanico que el Barcelona y Madrid Ver\u00e1 por el retrovisor ser\u00e1 al Valencia que tiene una l\u00ednea de ataque de las mejores de Europa. El Sevilla tambi\u00e9n ser\u00e1 competitivo pero dudo que pueda discutir con los dos grandes. <\/p>\n<p>P.- \u00bfComo ve al Espanyol este a\u00f1o? Apesar de las dos derrotas, a mi me gusta la propuesta de Pochettino de no rifar ni un bal\u00f3n&#8230;<\/p>\n<p>R.- Si le soy sincero, creo que a Pochettino todo el mecano se la ido abajo con la desgracia de Jarque; ahora su labor psicol\u00f3gica es m\u00e1s importante que la pizarra. Del equipo me queda otra duda: la respuesta de antiguos pretorianos como De La Pe\u00f1a, Tamudo y Luis Garc\u00eda que a veces han tenido un exceso de poder. <\/p>\n<p>P.- muy fuerte lo de Espa\u00f1a en Polonia. Los comentaristas, contra Serbia, dijeron (literalmente): alguien duda de que Espa\u00f1a estar\u00e1 en la final? yo quiero que nos toque Serbia, ah, pues yo Lituania, as\u00ed se la devolvemos&#8221;. y mire donde estamos. \u00bfQu\u00e9 pocentaje de &#8220;culpa&#8221; atribuye al est\u00fapido triunfalismo en el sonoro fracaso de juego y resultados de la selecci\u00f3n?<\/p>\n<p>R.- La selecci\u00f3n se hab\u00eda ganado con todo el derecho la ola de optimismo que hab\u00eda a su alrededor: hablamos de el campe\u00f3n mundial y subcampe\u00f3n ol\u00edmpico y europeo. En el deporte en ocasiones aparecen factores con los que no se contaba, ya sean las lesiones o la iluminaci\u00f3n de los rivales que tambi\u00e9n cuenta como se vio con la jovenc\u00edsima Serbia en el primer partido.<\/p>\n<p>P.- Buenas tardes, Jos\u00e9. Creo que compartimos ambos una gran admiraci\u00f3n por el juego y la calidad de Guti, pero parece que este a\u00f1o va a tener que jugar un papel secundario desde el banquillo. En mi opini\u00f3n, con un medio defensivo como Lass o incluso al lado de Xabi Alonso, que le descargar\u00edan de &#8220;trabajo sucio&#8221;, Guti todav\u00eda podr\u00eda aportar mucho entrando desde el principio. \u00bfTiene cabida en este equipo?<\/p>\n<p>R.- S\u00ed, los grandes jugadores tienen cabida en cualquier equipo, otra cosa es que \u00e9l est\u00e9 por la labor y que Pellegrini decida prestarle la atenci\u00f3n especial que requiere Guti. Mientras tanto tiene que resolver si jugar con tres centrocampistas como en Cornell\u00e1 o con dos como en la primera jornada. En el segundo supuesto veo a Guti, Granero y Alonso por delante de todos los dem\u00e1s. <\/p>\n<p>P.- Hola Jos\u00e9. \u00bfLe gusta la idea de la liga europea de f\u00fatbol? Particularmente, me gusta m\u00e1s la champions league. El encanto de los Inter &#8211; Barcelona, por poner un ejemplo, es que no se ven todos los a\u00f1os, por eso son tan especiales. \u00bfNo cree?<\/p>\n<p>R.- Esto completamente de acuerdo con usted. En el f\u00fatbol compartir emociones con los vecinos a\u00fan tiene mucho tir\u00f3n. Un Inter \u2013 Bar\u00e7a cada temporada estar\u00eda muy bien pero imag\u00ednese un Madrid \u2013 Z\u00farich cada a\u00f1o.<\/p>\n<p>P.- Buenas tardes se\u00f1or S\u00e1mano. El otro d\u00eda un amigo me explic\u00f3 la diferencia entre los cracks y los grand\u00edsimos jugadores, Cristiano Ronaldo, y Xavi, por ejemplo. Cristiano Ronaldo te gana un partido, y Xavi te gana una liga. Tiene raz\u00f3n \u00bfNo?<\/p>\n<p>R.- No del todo, me parece un poco extremo; Cristiano tambi\u00e9n ha ganado Ligas y Champions. S\u00ed dir\u00eda que a Cristiano jugadores como Xavi le har\u00edan ser mejor y a Xavi los buenos jugadores tambi\u00e9n le hacen mucho mejor. Como \u00e9l mismo dice: nunca ganar\u00e1 el bal\u00f3n de oro pero si har\u00e1 que lo ganen muchos.<\/p>\n<p>P.- \u00bfNo deber\u00eda ser incompatible el cargo de seleccionador nacional con elo de entrenador de otro equipo? Hablo de Scariolo, claro&#8230;<\/p>\n<p>R.- No creo que el problema sea compatibilizar el cargo, creo que el nuevo seleccionador no ha acabado de congeniar con la selecci\u00f3n de oro. En mi modesta opini\u00f3n, se equivoca en mantener muchos minutos en pista a un equipo demasiado bajito. No le encontr\u00e9 sentido a que fuera Llull el encargado del \u00faltimo tiro ante Turqu\u00eda y creo hay jugadores inutilizados como Claver, Mumbr\u00fa y Cabezas. No obstante con un par de victorias todo puede enderezarse de nuevo.<\/p>\n","protected":false},"excerpt":{"rendered":"<p>El Real Madrid ha protagonizado el mercado de fichajes de este verano, con la intenci\u00f3n de arrebatar el cetro al Barcelona, ganador de tres competiciones el a\u00f1o pasado. Mientras, Atl\u00e9tico de Madrid, Sevilla y Villarreal sue\u00f1an con estar en lo m\u00e1s alto. Jos\u00e9 S\u00e1mano, redactor Jefe de Deportes de El Pa\u00eds, charlar\u00e1 con los lectores sobre los primeros partidos de la competici\u00f3n, tras la segunda jornada, y de lo que ha dado de s\u00ed el verano.<\/p>\n","protected":false},"author":1,"featured_media":0,"comment_status":"open","ping_status":"open","sticky":false,"template":"","format":"standard","meta":{"footnotes":""},"categories":[],"tags":[],"class_list":["post-8248","post","type-post","status-publish","format-standard","hentry"],"_links":{"self":[{"href":"https:\/\/intervius.com\/index.html\/wp-json\/wp\/v2\/posts\/8248","targetHints":{"allow":["GET"]}}],"collection":[{"href":"https:\/\/intervius.com\/index.html\/wp-json\/wp\/v2\/posts"}],"about":[{"href":"https:\/\/intervius.com\/index.html\/wp-json\/wp\/v2\/types\/post"}],"author":[{"embeddable":true,"href":"https:\/\/intervius.com\/index.html\/wp-json\/wp\/v2\/users\/1"}],"replies":[{"embeddable":true,"href":"https:\/\/intervius.com\/index.html\/wp-json\/wp\/v2\/comments?post=8248"}],"version-history":[{"count":0,"href":"https:\/\/intervius.com\/index.html\/wp-json\/wp\/v2\/posts\/8248\/revisions"}],"wp:attachment":[{"href":"https:\/\/intervius.com\/index.html\/wp-json\/wp\/v2\/media?parent=8248"}],"wp:term":[{"taxonomy":"category","embeddable":true,"href":"https:\/\/intervius.com\/index.html\/wp-json\/wp\/v2\/categories?post=8248"},{"taxonomy":"post_tag","embeddable":true,"href":"https:\/\/intervius.com\/index.html\/wp-json\/wp\/v2\/tags?post=8248"}],"curies":[{"name":"wp","href":"https:\/\/api.w.org\/{rel}","templated":true}]}}