{"id":8234,"date":"2009-09-14T00:00:00","date_gmt":"2006-11-06T00:00:00","guid":{"rendered":"https:\/\/intervius.com\/index.html\/?p=8234"},"modified":"2006-11-06T00:00:00","modified_gmt":"2006-11-06T00:00:00","slug":"Juanma_Castano_y_Santi_Canizares8234","status":"publish","type":"post","link":"https:\/\/intervius.com\/index.html\/Juanma_Castano_y_Santi_Canizares8234\/","title":{"rendered":"Juanma Casta\u00f1o y Santi Ca\u00f1izares"},"content":{"rendered":"<p>Pregunta.- hola cracks,antes de nada,espero que os vaya todo muy bien hoy en el programa,y que tengais mucha suerte y sobre todo mucha audiencia,jaja,\u00bfcomo vais a plantear el programa,con la esencia antigua o algo novedoso?gracias cracks!!!! <\/p>\n<p>Respuesta.- Santi: Va a haber un poco de todo. Secciones antiguas y algunas novedades Juanma: Respetar\u00e1 la esencia, pero intentar\u00e1 aportar cosas que antes no ten\u00eda el programa.<\/p>\n<p>P.- Juanma, \u00bfcu\u00e1ndo vais a llevar al programa a Villa? \u00bfLe har\u00e9is escanciar sidra? Gracias y un saludo.<\/p>\n<p>R.- Juanma: Es posible que venga al cuarto programa. Y en cuanto a lo de la sidra, tenemos un plat\u00f3 nuevo que no podemos ensuciar&#8230;<\/p>\n<p>P.- Hola, que pasa Juanma y Ca\u00f1ete, \u00bf Siempre habr\u00e1 un invitado cada lunes? Gracias cracks.<\/p>\n<p>R.- Santi: No siempre, pero en los primeros programas s\u00ed.<\/p>\n<p>P.- Hola buenas tardes, gracias por recuperar el mejor programa de f\u00fatbol de los \u00faltimos 20 a\u00f1os.\u00bf que lineas vais a seguir para conducir el programa? Por favor que no sea un mon\u00f3logo madridista y que analizeis en la manera de lo posible a todos los equipos en la misma proporci\u00f3n y cambieis la din\u00e1mica de informaci\u00f3n deportiva que tiene el periodismo en Espa\u00f1a. La audiencia os lo va a agradecer. Un saludo y mucha suerte <\/p>\n<p>R.- Juanma: Nos hemos marcado como objetivo acercarnos a todas las historias de la jornada, no s\u00f3lo a las de los grandes.<\/p>\n<p>P.- Hola Juanma, hola Santi, os deseo suerte en este programa. Mi pregunta es: \u00bfQuien sera el invitado a vuestro programa?<\/p>\n<p>R.- Juanma: Hoy, Valdano<\/p>\n<p>P.- \u00bfEn qu\u00e9 se va a centrar b\u00e1sicamente el d\u00eda despu\u00e9s?\u00bfS\u00f3lo en res\u00famenes de los partidos de La Liga?<\/p>\n<p>R.- Santi: No. Buscaremos lo m\u00e1s interesante, lo m\u00e1s curioso y sobre todo lo que no se haya visto durante el fin de semana.<\/p>\n<p>P.- \u00bfCual es vuestra motivaci\u00f3n para querer hacer un programa muy entretetenido y la meta que vosotros os poneis para llevar el d\u00eda despues?<\/p>\n<p>R.- Juanma: La motivaci\u00f3n es ver trabajar a todo el equipo de deportes de Sogecable y la meta, que los espectadores se lo pasen bien el lunes a las 20.30 cuando lleguen a casa, sin m\u00e1s pretensiones<\/p>\n<p>P.- Santi,\u00bfno te preocupa que si el programa sale bien,a Juanma se le pueda subir a la cabeza? Ya pas\u00f3 con lo de la Eurocopa,jejeje.<\/p>\n<p>R.- Santi: Es un peligro al que nos enfrentamos&#8230; Tengo serias dudas sobre si el \u00e9xito le sienta bien, por eso ya he contactado con un gabinete de psicolog\u00eda (jajajaja)<\/p>\n<p>P.- \u00bfSe va a poder ver por plus.es? Juanma que te parece el sporting<\/p>\n<p>R.- Santi: El programa se ver\u00e1 en Canal+ y por la noche en Canal+ Liga. Pero en plus.es tendremos un videochat a eso de las 21.30h. No os lo perdais.<\/p>\n<p>P.- Hola juanma,ficharias a ca\u00f1i para el sporting en invierno jeje,un saludo para los dos.<\/p>\n<p>R.- Juanma: No, nuestro objetivo es permanecer en Primera Divisi\u00f3n.<\/p>\n<p>P.- \u00a1Hola Santi y Juanma! por favor responder individualmente \u00bfQu\u00e9 jugador cree\u00eds que ser\u00e1 la gran estrella de la champions? \u00bfY cu\u00e1l el estrellado? gracias<\/p>\n<p>R.- Santi: Creo que la estrella puede ser, una vez m\u00e1s, Iniesta. Y el estrellado, alg\u00fan equipo de los grandes que no pasar\u00e1 la primera ronda. Juanma: La estrella, Kak\u00e1. El estrellado, Ag\u00fcero.<\/p>\n<p>P.- Para ca\u00f1izares,de un aficionado del Valencia:\u00bfQue el Valencia pueda pelear por la liga depende mas de como este el Valencia o de como esten los dos grandes?\u00bfSi tubieras que vender a uno de estos dos, Silva y Villa, a cual no venderias? PD:Gracias por todo lo que has dado en el Valencia.<\/p>\n<p>R.- Sani: Necesitamos de una manita de los dos grandes para poder luchar por la Liga, pero creo que este a\u00f1o el equipo rendir\u00e1 mejor que en a\u00f1os anteriores. Y no vender\u00eda ni a Villa ni a Silva, estoy de acuerdo con la decisi\u00f3n de Llorente. Villa rinde m\u00e1ss que Silva, pero tambi\u00e9n es menos joven.<\/p>\n<p>P.- Juanma Casta\u00f1o, \u00bfQuien liga mas cuando os vais de parranda tu o Manolo &#8220;pelos largos&#8221; Lama ?<\/p>\n<p>R.- Juanma: Los dos estamos marcados por el fracaso, damos l\u00e1stima. Lo de ligar, para Carre\u00f1o, Nico.<\/p>\n<p>P.- Hola Santi, soy su fan, una gran satisfaci\u00f3n hablar contigo. Que piensas sobre Argentina querdarse sin Mundial? Un abrazo Santi e y Juanma<\/p>\n<p>R.- Santi: Estoy muy preocupado porque Argentina es mi segunda patria. Yo creo que va a clasificar pero estoy m\u00e1s asustado que una vieja a las 3 de la ma\u00f1ana.<\/p>\n<p>P.- Ca\u00f1ete, \u00bfQue jugador te parece el mejor con el que has jugado? \u00bfRaul o Villa?<\/p>\n<p>R.- Santi: De verdad, es una dif\u00edcil elecci\u00f3n. Me he desesperado mucho entrenando con ellos porque me hac\u00edan muchos goles. No sabr\u00eda a quien elegir.<\/p>\n<p>P.- hola buenos,enhorabuena por la trayectoria que estais haciendo.que os parece el arranque ligero os parece que la liga es cosa de 2 o equipos como el valencia o sevilla le pueden da\u00f1o y luchar para que no sea asi?<\/p>\n<p>R.- Juanma: Yo creo que va a ser cosa de dos a partir de la tercera jornada. La distancia entre Madrid y Bar\u00e7a y el resto es sideral.<\/p>\n<p>P.- Hola, tengo una propuesta para Ca\u00f1izares, quisiera si puedes decirme una alineaci\u00f3n de 11 jugadores de todos lso tiempos formada s\u00f3lo con porteros que se manejaran bien con los pies, como Higuita, Campos, etc. T\u00fa puedes ponerte de portero que eras de los mejores.<\/p>\n<p>R.- Santi: Pues si ya tenemos portero, empecemos por la defensa: Wright, Moy\u00e1, Van der Sar y Aranzubia. Centrocampistas: Higuita, Molina, Chilavert y Rogerio Ceni. Delanteros: Campos y Vito Bahia, para vender camisetas.<\/p>\n<p>P.- Que jugadores de futbol espa\u00f1oles que juegan en otras ligas os traeriais para jugar en la LFP?<\/p>\n<p>R.- Juanma: Torres, sin duda. Y Cesc. Santi: Se te han olvidado Reina y Riera, Juanma&#8230;<\/p>\n<p>P.- el atleti a segunda?<\/p>\n<p>R.- Santi: No seas cruel. Ya s\u00e9 que necesita un periodo de reflexi\u00f3n pero estar\u00e1 arriba.<\/p>\n<p>P.- Ca\u00f1izares \u00bfdefender\u00e1s a tu antiguo club, el Valencia, cuando habl\u00e9is de Villa y Juanma no pare de soltar sus &#8220;hay que pena&#8221;?<\/p>\n<p>R.- Juanma: A mi me da pena no ver a Villa en la Champions. Eso es lo \u00fanico que tengo claro. Pero el Valencia me parece un gran club y un gran equipo. Santi: Juanma, el a\u00f1o que viene el Valencia estar\u00e1 en Champions y Villa haciendo goles.<\/p>\n<p>P.- Ca\u00f1i, \u00bf no crees que Garay, Metzelder o Albiol ( suplente en la selecci\u00f3n) no son del todo centrales de garant\u00edas?<\/p>\n<p>R.- Santi: No olvidemos que el jefe de la defensa es Pepe. Y cualquiera de ellos tres son buenos escuderos.<\/p>\n<p>P.- Casta\u00f1o, \u00bfpor qu\u00e9 ten\u00e9is que ridiculizar la informaci\u00f3n del f\u00fatbol y el deporte en general en los informativos? Lo siento pero sois insoportables de graciosillos. Por eso os he dejado de ver y por supuesto no ver\u00e9 vuestro nuevo programa. Suerte a Ca\u00f1ete<\/p>\n<p>R.- Danos una oportunidad&#8230;<\/p>\n<p>P.- Hola chicos. De verdad espero que esta aventura os salga bien, porque pienso que es el periodismo deportivo en su m\u00e1xima expresi\u00f3n al mezclar rigor y humor. Mi pregunta es \u00bfcreeis que el mundial est\u00e1 entre Espa\u00f1a Alemania, Italia y Brasil mientrar Argentina y Francia no cambien de entrenador? Muchas gracias y a por todas!!<\/p>\n<p>R.- Juanma: Yo incluyo a Inglaterra. Capello no me gusta, pero me da mucho miedo&#8230; y la fase de clasificaci\u00f3n ha sido espectacular.<\/p>\n<p>P.- \u00bfComo ves a este Sporting Juanma?\u00bfCrees que nos salvaremos sin tantos problemas como la pasada temporada? Un saludo a los dos.Puxa Sporting<\/p>\n<p>R.- Juanma: M\u00e1s serio en defensa, pero creo que sufriremos hasta el final. Eso s\u00ed, seguimos dando una lecci\u00f3n con la afici\u00f3n que tenemos.<\/p>\n<p>P.- \u00bfquien creeis que sera el pichichi de la liga 09\/10?<\/p>\n<p>R.- Juanma: Villa Santi: Ibrahimovic<\/p>\n<p>P.- juanma este a\u00f1o va a ver lo que el ojo no ve<\/p>\n<p>R.- Juanma: Sin duda. Es la \u00fanica parte sagrada que no se pod\u00eda tocar en el programa.<\/p>\n<p>P.- Mi pregunta es para Santi, despu\u00e9s de Casillas \u00bfcu\u00e1l es el mejor protero del mundo en la actualidad? si puedes decirme 2 \u00f3 3 mejor.<\/p>\n<p>R.- Santi: Buffon, Reina y Julio Cesar.<\/p>\n<p>P.- \u00a1Hola Santi y Juanma! \u00bfCu\u00e1l cree\u00eds que ser\u00e1 el equipo revelaci\u00f3n de esta temporada? \u00bfSe har\u00e1 Granero un sitio en el once titular del madrid? gracias <\/p>\n<p>R.- Santi: El Getafe. En los grandes hay trece o catorce titulares y entre ellos estar\u00e1 Granero.<\/p>\n<p>P.- Hola,como se lleva el sindrome post-futbolista???,gracias<\/p>\n<p>R.- Santi: Lo he superado, je, pero la vida te cambia mucho cuando dejas el f\u00fatbol.<\/p>\n<p>P.- \u00bfser\u00e1 capaz el Milan estar a un gran nivel con Leonardo este a\u00f1o en Europa y en el Calcio?<\/p>\n<p>R.- \u00bfser\u00e1 capaz el Milan estar a un gran nivel con Leonardo este a\u00f1o en Europa y en el Calcio?<\/p>\n<p>P.- \u00bfque se siente horas antes de presentar un programa que marc\u00f3 epoca en el mundo de la tv? \u00bfcuales son vuestras sensaciones?<\/p>\n<p>R.- Juanma: Si te digo la verdad estoy responsabilizado, pero no nervioso. Supongo que a los cinco minutos de programa ya estaremos pensando en que todo vaya bien y no obsesionados con que el d\u00eda de hoy es el de la vuelta de EDD. Santi: Lleno de satisfacci\u00f3n. Es un placer.<\/p>\n<p>P.- ola craks! \u00bfla relacion entre raul y villa es tan mala y odiosa como se dice?<\/p>\n<p>R.- Juanma: Te parecer\u00e1 incre\u00edble, pero yo nunca he hablado con Villa sobre Ra\u00fal, y creo que si lo hiciera jam\u00e1s me dir\u00eda nada malo del 7 del Madrid. Santi: Yo he jugado con los dos y son muy parecidos a la hora de manifestar respeto y admiraci\u00f3n por los grandes jugadores, por lo que puedo afirmar que todo lo que se dice es un bulo.<\/p>\n<p>P.- SANTI, TU QUE PARECES UN TIO SENSATO ?NO TE PARECE UNA AUTENTICA ABERRACION TAL COMO ESTA ESTE PAIS, LO QUE HA HECHO ESTE A\u00d1O FLORENTINO PEREZ\u00bf<\/p>\n<p>R.- Santi: Ni el Real Madrid ni el Barcelona son ejemplos de austeridad. Florentino realiza una inversi\u00f3n cuyo acierto o no repercutir\u00e1 en el Real Madrid, no en el resto de los espa\u00f1oles. Son otros los responsables de que el pa\u00eds est\u00e9 as\u00ed, no los clubes de f\u00fatbol. Juanma: Ya, pero que al menos paguen a Hacienda&#8230;<\/p>\n<p>P.- \u00bfVosotros tambi\u00e9n teneis la sensaci\u00f3n que Cristiano har\u00e1 una temporada regularcilla? buff, es que yo lo veo tremendamente inferior a Robben en el aspecto desequilibrante y de desborde, y ya no digamos a Messi&#8230;<\/p>\n<p>R.- Santi: Su categor\u00eda como futbolista est\u00e1 fuera de dudas, pero est\u00e1 claro que tiene m\u00e1s responsabilidad que sus compa\u00f1eros. Cada cosa que hace se magnifica y esa presi\u00f3n es evidente. Juanma: Yo creo que va a hacer una buena temporada y que la ansiedad de la que se habla no la tiene \u00e9l, sino la prensa deportiva.<\/p>\n<p>P.- \u00a1Hola Santi y Juanma! despu\u00e9s de ver 2 jornadas de la Liga \u00bfSe ve m\u00e1s espect\u00e1culo que en la Premier? \u00bfV\u00e9is a los 4 grandes de Inglaterra en cuartos de final?\u00bfO a alguno de ellos alzarse con la champions? gracias<\/p>\n<p>R.- Santi: Creo que ambas ligas est\u00e1n muy igualadas. Cada vez es m\u00e1s grande la diferencia entre los grandes y los peque\u00f1os. Para m\u00ed, el mejor equipo de Inglaterra en este momento es el Chelsea. Juanma: Maldini me dijo una frase que nunca olvidar\u00e9. Un partido de la liga inglesa es como una peli de vaqueros: pueden ser malos, pero siempre hay tiros.<\/p>\n<p>P.- \u00bfCa\u00f1izares te gustaria jugar en el CD Badajoz?<\/p>\n<p>R.- Santi: Recib\u00ed una oferta hace a\u00f1o y medio y con sumo respeto dije que no. Ya tengo una experiencia muy bonita en Extremadura, que fue mi paso por el M\u00e9rida.<\/p>\n<p>P.- \u00a1Hola Santi y Juanma! solo una preguntita sin ninguna importancia moj\u00e1ros un poco&#8230; \u00bfQui\u00e9n ganar\u00e1 la Liga la Copa y la Champions? gracias <\/p>\n<p>R.- Juanma: Liga, Barca. Copa el Valencia. Champions: Inter. Santi: Liga Real Madrid. Copa el Valencia,Champions el Barca.<\/p>\n","protected":false},"excerpt":{"rendered":"<p>De porterazo a presentador. Ca\u00f1ete nunca deja a nadie indiferente. No se corta, se moja y tras convertirse en una de las caras CANAL+, ahora se atreve a ense\u00f1arnos lo que aprendi\u00f3 bajo palos en la peque\u00f1a pantalla. Por su parte, La escuela de la Cadena Ser sigue plagando las antenas de radio y televisi\u00f3n de estrellas. En ciernes, pero importante por sus an\u00e1lisis y la pasi\u00f3n que le pone a todo, Juanma Casta\u00f1o se convierte en una de las nuevas caras de CANAL+ y el director en pantalla del mejor programa que el f\u00fatbol de la piel de toro ha visto. Ca\u00f1izares y Juanma Casta\u00f1o ha charlado con los internautas sobre el arranque de la temporada.<\/p>\n","protected":false},"author":1,"featured_media":0,"comment_status":"open","ping_status":"open","sticky":false,"template":"","format":"standard","meta":{"footnotes":""},"categories":[],"tags":[],"class_list":["post-8234","post","type-post","status-publish","format-standard","hentry"],"_links":{"self":[{"href":"https:\/\/intervius.com\/index.html\/wp-json\/wp\/v2\/posts\/8234","targetHints":{"allow":["GET"]}}],"collection":[{"href":"https:\/\/intervius.com\/index.html\/wp-json\/wp\/v2\/posts"}],"about":[{"href":"https:\/\/intervius.com\/index.html\/wp-json\/wp\/v2\/types\/post"}],"author":[{"embeddable":true,"href":"https:\/\/intervius.com\/index.html\/wp-json\/wp\/v2\/users\/1"}],"replies":[{"embeddable":true,"href":"https:\/\/intervius.com\/index.html\/wp-json\/wp\/v2\/comments?post=8234"}],"version-history":[{"count":0,"href":"https:\/\/intervius.com\/index.html\/wp-json\/wp\/v2\/posts\/8234\/revisions"}],"wp:attachment":[{"href":"https:\/\/intervius.com\/index.html\/wp-json\/wp\/v2\/media?parent=8234"}],"wp:term":[{"taxonomy":"category","embeddable":true,"href":"https:\/\/intervius.com\/index.html\/wp-json\/wp\/v2\/categories?post=8234"},{"taxonomy":"post_tag","embeddable":true,"href":"https:\/\/intervius.com\/index.html\/wp-json\/wp\/v2\/tags?post=8234"}],"curies":[{"name":"wp","href":"https:\/\/api.w.org\/{rel}","templated":true}]}}