{"id":8233,"date":"2011-02-08T00:00:00","date_gmt":"2006-11-06T00:00:00","guid":{"rendered":"https:\/\/intervius.com\/index.html\/?p=8233"},"modified":"2006-11-06T00:00:00","modified_gmt":"2006-11-06T00:00:00","slug":"Tomas_Roncero8233","status":"publish","type":"post","link":"https:\/\/intervius.com\/index.html\/Tomas_Roncero8233\/","title":{"rendered":"Tom\u00e1s Roncero"},"content":{"rendered":"<p>Pregunta.- Tomas cuando se podran hacer nuevos socios en el Madrid?? no te parece un insulto que no se pueda? un saludo desde zaragoza<\/p>\n<p>Respuesta.- El asunto est\u00e1 parado por los procesos judiciales. Es doloroso estar as\u00ed pero en el club consideran que hasta que no haya sentencias definitivas no pueden mover la lista de inscripci\u00f3n ni dar altas nuevas. Toca armarse de paciencia amigo. <\/p>\n<p>P.- Tomas \u00bfComo ves a Morata y a Sarabia? Gracia.<\/p>\n<p>R.- Buen\u00edsimos. Sarabia es una maravila de mediapunta y dar\u00e1 que hablar. Y Morata un nueve alto, estilizado, con t\u00e9cnica depurada y buen golpeo con ambas piernas. Los dos valen para el Madrid. No entiendo que no est\u00e9n hoy en el amistoso de la sub 21 en Guadalajara.<\/p>\n<p>P.- Se\u00f1or Roncero Mou y usted se quejan de que hay equipos que no se emplean con intensidad ante el Bar\u00e7a y quisiera saber que opina de la intensidad que emplearon en el Bernabeu Zaragoza, Real Sociedad, Depor y Zaragoza por poner algunos ejemplos??? Gracias por su franca respuesta.<\/p>\n<p>R.- El Zaragozar no ha venido esta temporada por el Bernab\u00e9u, as\u00ed que no le puedo decir. En cuanto a Real Sociedad y Depor le recuerdo que Casillas hizo tres paradones a Tamudo, que evitaron otros tantos goles. No recuerdo a Vald\u00e9s que tenga que hacer en el Camp Nou m\u00e1s de una intervenci\u00f3n en la mayor\u00eda de partidos. <\/p>\n<p>P.- \u00bf por quien crees que fichara CES FABREGAS Madrid \u00f3 Barca ?<\/p>\n<p>R.- Cesc ir\u00e1 al Bar\u00e7a y en el mundillo del f\u00fatbol todo el mundo lo sabe. El es cul\u00e9 y lo veo normal. <\/p>\n<p>P.- Buenos dias Tomas,Si la temporada que viene llegan el Kun y LLorente y se mantiene Higua\u00edn,\u00bfno crees que el pipa seguira siendo titular,porque es el mas &#8220;fiable&#8221; de los tres?<\/p>\n<p>R.- Higua\u00edn es el n\u00famero uno y Llorente una m\u00e1quina. Quiz\u00e1s el suplente ser\u00eda el Kun. De hecho, Ag\u00fcero es el suplente del Pipita en la selecci\u00f3n argentina. <\/p>\n<p>P.- Muy buenas Tom\u00e1s. Hace unas semanas le pregunte a Manolete porque muchos madridistas nos alegramos del triunfo del Atleti en la Europa League y sin embargo ellos nunca se alegrar\u00e1n de los nuestros. Su respuesta: es pura rivalidad. \u00bfLa tuya? Un saludo.<\/p>\n<p>R.- No es rivalidad. Es complejo y prejuicios absurdos. El antimadridismo se ha convertido en una religi\u00f3n para ellos. Prefieron que pierda el Madrid a que gane su equipo. Inexplicable&#8230; <\/p>\n<p>P.- Sr. Roncero. Tengo entradas para el partido de Espa\u00f1a. \u00bfHe hecho bien o vaticina un partido &#8220;tost\u00f3n&#8221;? Un saludo y siga dando ca\u00f1a a Manolete.<\/p>\n<p>R.- Siempre que juega esta Espa\u00f1a merece la pena ir al estadio. Seguro que usted se lo pasa bien con La Roja. \u00c1nimo y adelante. <\/p>\n<p>P.- Tom\u00e1s, con el paso del tiempo, me he dado cuenta de que llevamos 6-7 temporadas haciendo las cosas mal. Y en eso, hemos dejado que el Barsa haga dos grandes equipos (con Rijkaard y con Pep). Mientras se deshac\u00eda uno y se constru\u00eda el otro, nos hemos mirado mucho el ombligo, crey\u00e9ndonos el centro del universo y el eje del mundo. \u00bfNo es hora de admitir la superioridad del Barsa, y a partir de ah\u00ed, con paciencia, construir otro Gran Madrid? No s\u00e9, pero lo del Clavo Ardiendo pas\u00f3, y pas\u00f3. Pero hace de eso 6 a\u00f1os, \u00a1\u00a1\u00a1y seguimos igual\u00a1\u00a1\u00a1<\/p>\n<p>R.- No le quites a\u00f1os amigo. Lo del Clavo Ardiendo fue hace s\u00f3lo cuatro a\u00f1os (2007) y hace apenas dos a\u00f1os y medio el Bar\u00e7a hizo pasillo al Madrid en el Bernab\u00e9u y se llev\u00f3 un 4-1, con Messi, Xavi, Iniesta, Puyol y Vald\u00e9s en ese Bar\u00e7a&#8230; Claro que hay cosas que se han hecho mal y que tantos bandazos en la ruta deportiva ha trastocado los proyectos al no sembrar ninguna idea fija. Pero con Mourinho, si se le deja trabajar, eso va a cambiar. Paciencia. Tiempo al tiempo. <\/p>\n<p>P.- Hola Tom\u00e1s! Soy madridista hasta la m\u00e9dula, y estoy bastante de acuerdo con la politica de traer jugadorazos, pero&#8230; \u00bf qu\u00e9 es eso de fichar a p.leon, canales, etc y dejarlos en el banquillo? A pedro se lo ha cargado mourinho, cuando podria jugar perfectamente, y con sergio va camino de lo mismo. me gusta mourinho pero es un mentiroso. Recuerda que se tiraba el farol de que queria dar bola a la cantera y hacer descubrimientos&#8230; Pues asi no. \u00bf que piensas ?<\/p>\n<p>R.- Mourinho, como todos los entrenadores de s\u00faper elite, quiere resultados inmediatos y no tiene paciencia ni con la cantera ni con los j\u00f3venes. Pedro Le\u00f3n meti\u00f3 el gol del empate en Mil\u00e1n y desde entonces casi no ha jugado apenas. Canales fue titular en Mallorca en la primera jornada de Liga y hasta hoy. Claro que son chavales que deben hacerse m\u00e1s, pero yo les dar\u00eda m\u00e1s minutos. Pero Mou tiene prisa y tambi\u00e9n es dif\u00edcil para \u00e9l jug\u00e1rsela. Vamos a darle tiempo&#8230;<\/p>\n<p>P.- hola tomas \u00bfcrees que cr7 pudes ser el pichichi de la liga y de la chmpions? \u00bfme puedes decir cual seria tu final so\u00f1ada de la champions ? y tu opinion sobre ozil un saludo y gracias por defender al madridismo en estos tiempos .<\/p>\n<p>R.- Claro que puede. Cristiano est\u00e1 siempre hiperactivo ante el gol y ahora que ha recuperado la racha seguro que est\u00e1 en esa pelea con Messi hasta el final del curso. Mi final so\u00f1ada es Madrid-Bar\u00e7a en Wembley. Le tengo ganas al Bar\u00e7a y nada mejor que ganarles la final de la Champions para que callen para siempre. Ozil es un genio. El Zidane del siglo XXI. Un crack. <\/p>\n<p>P.- Hola Tom\u00e1s.Un Madridista como t\u00fa.\u00bfQue te pareci\u00f3 el pase del Real Madrid ganando al Sevilla y logrando el pase a la final de la copa del Rey?\u00bfComo viste la victoria y el juego del Real Madrid frente a la Real Sociedad?\u00bfComo est\u00e1s viendo t\u00fa a Adebayor? <\/p>\n<p>R.- Amigo tiene m\u00e9rito habrse plantado en la final e Copa eliminando en cuartos al actual subcampe\u00f3n, el Atleti, y en semifinales al campe\u00f3n, el sevilla. El Madrid de Mourinho ha mostrado su car\u00e9cter competityivo en competiciones de eliminatorias, donde el portugu\u00e9s es un especialista. Adebayor me encanta. Parece lento pero es r\u00e1pido, s\u00f3lo q<\/p>\n<p>P.- Tom\u00e1s soy cule y me alegra mucho ver como este periodico si pone que messi y cristiano estan igualados a goles.No como en otro periodico que dicen que cristiano tiene 25 goles.<\/p>\n<p>R.- Ponemos los que lleva. Nada m\u00e1s. Cristiano lleva 24 porque el gol de Anoeta se le dio a Pepe en el acta arbitral. Yo quiero que gane Cristiano el pichichi, pero el AS jam\u00e1s va a enga\u00f1ar a sus lectores para que ocurra lo que nos gustar\u00eda a niver particular. <\/p>\n<p>P.- El se\u00f1or\u00edo, la fuerza, la potencia del Madrid se desloma cuando Mourinho busca excusas. No es propio de un equipo como el suyo. A mi me da pena que solo valgan las excusas y no reconozca que no puede, que todo est\u00e1 muy bien pero el Bar\u00e7a mejor. Y adem\u00e1s (disc\u00falpeme) a usted pieno que le pasa lo mismo.<\/p>\n<p>R.- Acepto su cr\u00edtica se\u00f1or pero le aseguro que no son excusas. Son reflexiones sobre situaciones que se est\u00e1n dando y que han perjudicado al Madrid hasta la fecha. Pero la calidad del juego del Bar\u00e7a y la justicia de su actual liderato no la ha discutido nadie. Otra cosa es ver qu\u00e9 pasa en la final de Copa y en La Champions. Esto no ha acabado amigo&#8230;<\/p>\n<p>P.- Tom\u00e1s, si solo nos fijamos en los n\u00famero como haceis on CR y Messi en el n\u00famero de faltas, entonces \u00bfValdes es mejor que Casillas porque recibe menos goles?<\/p>\n<p>R.- Una cosa es el balance goleador a ra\u00edz del trabajo de tu equipo (como es el caso de los porteros) y otra valorar la llamativa diferencia que existe entre las faltas que SUFRE Cristiano y las que sufre Messi. Es revelador que le hagan casi el doble y seguro que hasta t\u00fa analizar\u00e1s que es un dato muy significativo. Por cierto, Vald\u00e9s es quiz\u00e1s el mejor portero de Espa\u00f1a despu\u00e9s de Casillas, luego no vas desencaminado. <\/p>\n<p>P.- Yo har\u00eda 2 fichajes este verano. 1\u00ba Adebayor (calidad-precio un chollo, y muy de Mou). 2\u00ba Un Xabi (pq nos la vamos a volver a pegar en cuanto no est\u00e9). Mi candidato ser\u00eda Cesc pero lo veo inviable, as\u00ed que Modric o Swcheisteiger. Y vale!!!<\/p>\n<p>R.- Adebayor, un Xabi y Swensteiger. Suena bien. Yo s\u00f3lo a\u00f1adir\u00eda un nombre m\u00e1s: Llorente. Con eso, equipo para muchos a\u00f1os.<\/p>\n<p>P.- \u00bfHabr\u00e1 enfrentamiento Cristiano &#8211; Messi en el Portugal &#8211; Argentina? Veremos al verdadero Messi sin sus pasadores y a Cristiano sin sus compa\u00f1eros de equipo, y podremos decir quien es mejor a nivel global y no s\u00f3lo en un h\u00e1bitat determinado.<\/p>\n<p>R.- S\u00f3lo es un amistoso, pero es verdad que el duelo de ma\u00f1ana en Ginebra puede servir para ratificar lo que todo el mundo sabe. Messi con Argentina es un bluff y se vio claramente en el Mundial. Ojo que este duelo todav\u00eda nos va a dejar cap\u00edtulos apasionantes. <\/p>\n<p>P.- \u00bfQui\u00e9n ha hecho mas da\u00f1o al Madrid, Calder\u00f3n y Mijatovic o Florentino y Valdano? Lo siento por Florentino, pero en su af\u00e1n por construir un Madrid digno ha trabajado mucho de forma &#8220;subterr\u00e1nea&#8221; en la \u00e9poca de Calder\u00f3n, y as\u00ed nos luce el pelo ahora. \u00bfQu\u00e9 piensas?<\/p>\n<p>R.- Mijatovic fich\u00f3 de lujo en su etapa como el tiempo est\u00e1 demostrando. Higua\u00edn, Marcelo, Van Nistelrooy, Lass, Sneijder, Van der Vaart&#8230; S\u00f3lo se equivoc\u00f3 con Emerson, Diarra y Drenthe. Pero eso es tiempo pasado y en el presente a m\u00ed s\u00ed me parece que es necesaria la figura de Jorge Valdano. Es el portavoz del club y ejerce el cargo con dignidad y se\u00f1or\u00edo. Mourinho ya ha dicho que ahora est\u00e1 feliz porque Valdano ha dado un paso a un lado, pero conste que Jorge todo lo que ha hecho es por el club. Para m\u00ed carg\u00e1rselo no solucionar\u00eda nada. Ser\u00eda un error. <\/p>\n<p>P.- Buenas Maldini \u00bfTe parece que Ra\u00fal ha sido maltratado por la prensa y por la gente a pesar de que durante muchos a\u00f1os ha sido el unico referente espa\u00f1ol del futbol? Gracia<\/p>\n<p>R.- Hay gente que se cansa de ver siempre las mismas caras y el bueno de Ra\u00fal sufri\u00f3 un poco eso. Pero el tiempo ha jugado de su parte y hasta sus m\u00e1s cr\u00edticos ya reconocen que quiz\u00e1s no debi\u00f3 salir as\u00ed del Madrid y que su \u00faltima p\u00e1gina como futbolista de \u00e9lite est\u00e1 a\u00fan por escribir. Ra\u00fal es el m\u00e1s grande y yo al menos no le olvidar\u00e9 jam\u00e1s. \u00a1Eterno capit\u00e1n!<\/p>\n<p>P.- Hola Tom\u00e1s, \u00bfpiensas al igual que Jose Mourinho, que a Messi no le tratan los defensas de igual modo que a Cristiano? un saludo.<\/p>\n<p>R.- Totalmente de acuerdo. El informe elaborado hoy por el AS demuestra que eso es as\u00ed. L\u00e9etelo que no tiene desperdicio. <\/p>\n<p>P.- Hola Tomas, siento que estamos cantando victoria antes de tiempo, Kaka se ha recuperado solo por que jugo bien 60 minutos el domingo y contra una real que estaba irreconocible. Tambien me preocupa lo facil que llegaron la real sociedad la defensa estuvo dormida, si no fuese por Casillas un partido que dominamos, hubiesemos podido terminar pidiendo la hora. \u00bfQue opinas?<\/p>\n<p>R.- Que en efecto hay margen de mejora y que el domingo la Real pudo meter tres goles pese a su manifiesta inferioridad. Mejor as\u00ed. Que el equipo no se conf\u00ede es bueno para que lleguen en tensi\u00f3n m\u00e1xima ante el Lyon y en la final de Copa. <\/p>\n<p>P.- Tom\u00e1s, acepto a Xavi e Iniesta como a dos Zidanes. Y jugar con dos Zidanes es casi insuperable. Pero es que me choca bastante una cosa: nosotros con los Gal\u00e1cticos \u00e9ramos tambi\u00e9n vulnerables, aunque gan\u00e1bamos casi siempre (o cuando los futbolistas se lo propon\u00edan). El Barsa no es vulnerable en nada, y su nivel f\u00edsico da para pensar mucho. \u00bfQu\u00e9 piensas? <\/p>\n<p>R.- Que corren y corren y vuelven a correr. Yo fichar\u00eda al preparador f\u00edsico del Bar\u00e7a, que es el que hace que esa gente se pase todo el partido presionando. Chapeau para su trabajo. Es verdad que da para pensar que nunca se cansen. Pero ser\u00e9 un ni\u00f1o bueno. Supongo que se entrenan mejor que nadie y hay que felicitarles por ello. <\/p>\n<p>P.- Este a\u00f1o hacemos triplete Tom\u00e1s! nos han subestimado y esa ser\u00e1 su perdici\u00f3n. \u00bfNo te parece? En Barcelona ya se cre\u00e9n campeones de todo en Febrero, no se puede ser tan prepotente. Saludos crack<\/p>\n<p>R.- Normalmente, la prepotencia se paga. Si nosotros fu\u00e9semos como ellos ya nos habr\u00edan echado de Espa\u00f1a. Pero d\u00e9jales que ya se crean ganadores de todo. M\u00e1s dura ser\u00e1 la ca\u00edda. Ladran, luego cabalgamos&#8230;<\/p>\n","protected":false},"excerpt":{"rendered":"<p>El redactor jefe de la secci\u00f3n del Real Madrid ha analizado la actualidad del club de Concha Espina con los internautas, protagonizada esta vez por el pase a la final de Copa y por la c\u00f3moda victoria en el Bernab\u00e9u ante la Real Sociedad<\/p>\n","protected":false},"author":1,"featured_media":0,"comment_status":"open","ping_status":"open","sticky":false,"template":"","format":"standard","meta":{"footnotes":""},"categories":[],"tags":[],"class_list":["post-8233","post","type-post","status-publish","format-standard","hentry"],"_links":{"self":[{"href":"https:\/\/intervius.com\/index.html\/wp-json\/wp\/v2\/posts\/8233","targetHints":{"allow":["GET"]}}],"collection":[{"href":"https:\/\/intervius.com\/index.html\/wp-json\/wp\/v2\/posts"}],"about":[{"href":"https:\/\/intervius.com\/index.html\/wp-json\/wp\/v2\/types\/post"}],"author":[{"embeddable":true,"href":"https:\/\/intervius.com\/index.html\/wp-json\/wp\/v2\/users\/1"}],"replies":[{"embeddable":true,"href":"https:\/\/intervius.com\/index.html\/wp-json\/wp\/v2\/comments?post=8233"}],"version-history":[{"count":0,"href":"https:\/\/intervius.com\/index.html\/wp-json\/wp\/v2\/posts\/8233\/revisions"}],"wp:attachment":[{"href":"https:\/\/intervius.com\/index.html\/wp-json\/wp\/v2\/media?parent=8233"}],"wp:term":[{"taxonomy":"category","embeddable":true,"href":"https:\/\/intervius.com\/index.html\/wp-json\/wp\/v2\/categories?post=8233"},{"taxonomy":"post_tag","embeddable":true,"href":"https:\/\/intervius.com\/index.html\/wp-json\/wp\/v2\/tags?post=8233"}],"curies":[{"name":"wp","href":"https:\/\/api.w.org\/{rel}","templated":true}]}}