{"id":8228,"date":"2009-09-10T00:00:00","date_gmt":"2006-11-06T00:00:00","guid":{"rendered":"https:\/\/intervius.com\/index.html\/?p=8228"},"modified":"2006-11-06T00:00:00","modified_gmt":"2006-11-06T00:00:00","slug":"Robert_Alvarez8228","status":"publish","type":"post","link":"https:\/\/intervius.com\/index.html\/Robert_Alvarez8228\/","title":{"rendered":"Robert \u00c1lvarez"},"content":{"rendered":"<p>Pregunta.- \u00bfCrees que este a\u00f1o Espa\u00f1a est\u00e1 en condiciones de plantar cara a los grandes equipos?<\/p>\n<p>Respuesta.- S\u00ed. Aunque Espa\u00f1a no est\u00e1 jugando bien por ahora y parece dif\u00edcil que pueda llegar a recuperar el mejor juego que ha exhibido en a\u00f1os anteriores, su potencial es suficientes para plantar cara a cualquiera, por supuesto, y para ganar tambi\u00e9n el campeonato. No se vislumbran equipos como para que deba irse a jugar contra ellos con complejos. Pero eso tampoco quiere decir que, como hizo Serbia, no le puedan ganar a Espa\u00f1a hasta con cierta holgura. <\/p>\n<p>P.- \u00bfNo crees que se nota mas de lo que deber\u00eda la baja de J.M. Calder\u00f3n?<\/p>\n<p>R.- Perd\u00f3n por el t\u00f3pico pero es as\u00ed: cuando las cosas no funcionan, se notan m\u00e1s las ausencias. En este caso ya era de prever que Espa\u00f1a perd\u00eda solvencia y veteran\u00eda en la direcci\u00f3n de su juego. El mal funcionamiento de otros aspectos del juego ha puesto de mayor relevancia la diferencia entre Calder\u00f3n y la juventud de Ricky, un maravilloso jugador pero que todav\u00eda, l\u00f3gicamente, debe apuntalar varios aspectos de su juego. Ni Ra\u00fal L\u00f3pez ni Cabezas han logrado enmendar tampoco la plana. <\/p>\n<p>P.- \u00bfCrees que esposible que Espa\u00f1a recupere la solidez efensiva que ha tenido en los JJOO y en anteriores campeonatos?<\/p>\n<p>R.- Ser\u00e1 muy dif\u00edcil por las caracter\u00edsticas de los jugadores que ha perdido por el camino: Calder\u00f3n, Jim\u00e9nez e incluso un especialista como Berni Rodr\u00edguez. Me temo que parte del problema en conjunto que acusa Espa\u00f1a es que Scariolo pretende resolver esas ausencias repartiendo las tareas y el papel de algunos jugadores ha tenido que cambiar: Mumbr\u00fa ten\u00eda que asumir la titularidad, Llull y Rudy jugar de tres&#8230;. <\/p>\n<p>P.- Buenas tardes, \u00bfno le parece que en la posici\u00f3n de 3, donde ya no tenemos a Carlos Jim\u00e9nez, se ha perdido una ocasi\u00f3n estupenda de que Carlos Su\u00e1rez se vaya fogueando (igual que Claver)? Un saludo y gracias<\/p>\n<p>R.- Una baja siempre da la oportunidad a alguien. En Jap\u00f3n, falt\u00f3 V\u00e1zquez, Felipe se lesion\u00f3 y emergi\u00f3 Marc. En este caso, Scariolo ha querido mantener la jerarqu\u00eda y ha dado prioridad a Mumbr\u00fa y a continuaci\u00f3n a Claver, e incluso en el tercer partido ha prescindido de ambos para jugar con Llull y Rudy en esa posici\u00f3n. Carlos Su\u00e1rez ha evidenciado una gran mejor\u00eda esta temporada, pero tampoco tan exagerada como para descalificar la elecci\u00f3n de Scariolo.<\/p>\n<p>P.- Nos esta pasando factura la tormentosa politica del Presidente de la Federaci\u00f3n de baloncesto en nombramientos y ceses de entrenadores, \u00bfno crees?<\/p>\n<p>R.- El carrusel no ha empezado ahora y hasta el momento todo hab\u00eda funcionado bastante bien de manera que no me parece que ese aspecto sea tan decisivo. Aunque a la larga, y me consta que al propio Jos\u00e9 Luis S\u00e1ez le gustar\u00eda que hubiera mayor continuidad en la direcci\u00f3n t\u00e9cnica del equipo.<\/p>\n<p>P.- \u00bfComo han cambiado tus expectativas sobre Espa\u00f1a desde que comenzo el campeonato?<\/p>\n<p>R.- Mucho. Pero no tanto por la apuesta o la posibilidad de que Espa\u00f1a no pueda llegar a lograr una medalla o el oro sino porque el camino est\u00e1 siendo y me temo que va seguir siendo mucho m\u00e1s dificil de lo que sospechaba. <\/p>\n<p>P.- \u00bfCrees que el sentimiento de euforia generalizado, acrecentado en parte por la prensa, est\u00e1 condicionando los resultados del equipo? <\/p>\n<p>R.- Posiblemente. Ese es un intangible dif\u00edcil de asegurar de manera objetiva. De todas formas si una cosa distingue a la generaci\u00f3n de Gasol, Navarro y compa\u00f1\u00eda es que siempre ha dado la cara en los momentos m\u00e1s dif\u00edciles y ha resistido la presi\u00f3n, cosa que no se puede decir de generaciones anteriores. Pero una cosa es eso y otra es que, efectivamente, no puedan haber ca\u00eddo en el s\u00edndrome del dream team, es decir tener que hacerlo tan bien, tan bonito y a la vez ganar de paliza, que eso, sin quererlo, no pueda estar perjudic\u00e1ndoles en el aspecto psicol\u00f3gico.<\/p>\n<p>P.- \u00bfHay buena sinton\u00eda entre T\u00e9cnicos y Jugadores? No me refiero tanto a que se lleven bien o mal sino a si los jugadores est\u00e1n convencidos con este nuevo t\u00e9cnico despu\u00e9s del paso de Aito y Pepu. Gracias<\/p>\n<p>R.- Si no est\u00e1n convencidos con un t\u00e9cnico de la solvencia y el recorrido de Scariolo, mal vamos. No creo que est\u00e9 ah\u00ed el problema. Otra cosa es que tal vez algunas de las ideas que trata de inculcarles sean m\u00e1s o menos adecuadas a su manera de hacer y de pensar c\u00f3mo deber\u00eda jugar el equipo. Pero eso, francamente, lo desconozco.<\/p>\n<p>P.- \u00bfNo cree que los \u00e1rbrtros nos respetan respetan poco, y que no pitan todas las faltas que nos hacen los contrarios?<\/p>\n<p>R.- En absoluto. Una de las cosas m\u00e1s positivas de esta selecci\u00f3n, durante los \u00faltimos a\u00f1os, es que se ha acabado con el victimismo. Los \u00e1rbitros te pueden perjudicar un d\u00eda pero eso no puede llevar al victimismo. Adem\u00e1s, el prestigio de la selecci\u00f3n y de varioss de sus jugadores ayuda a que Espa\u00f1a goce de un respeto comparable al de las mejores selecciones.<\/p>\n<p>P.- Por unas causas o por otras, \u00bfno le da la impresi\u00f3n de que Espa\u00f1a suele llegar muy justa a los grandes campeonatos? Ha pasado en los tres \u00faltimos europeos. \u00bfFalla la preparaci\u00f3n? \u00bfDemasiada relajaci\u00f3n?<\/p>\n<p>R.- Las fechas dan para lo que dan. Los seleccionadores se quejan de que disponen de poco tiempo y es verdad pero tambi\u00e9n entiendo que los jugadores est\u00e1n mucho tiempo concentrados despu\u00e9s de una temporada. Pero me parece que tambi\u00e9n es bueno que se sepa que estos campeonatos exigen que el juego vaya de menos a m\u00e1s porque no se puede empezar a todo trapo. Otra cosa es que, por las lesiones y muchas otras causas, el equipo lo haya pasado tan mal en la primera fase..<\/p>\n<p>P.- Ni Mumbru, ni Raul L\u00f3pez, ni Claver, tuvieron incidencia alguna enn el partido de ayer. \u00bfConsideras adecuada la pol\u00edtica de rotaciones que est\u00e1 llevando a cabo Sergio?<\/p>\n<p>R.- Todav\u00eda no s\u00e9 si es adecuada o no porque no acabo de entender muy bien porqu\u00e9 un d\u00eda los utiliza y otro no. Porqu\u00e9 ante Inglaterra apost\u00f3 por un equipo alto contra un equipo bajo y porqu\u00e9 ante Eslovenia hizo todo lo contrario. Todo est\u00e1 todav\u00eda por descubrir y lo que suceda m\u00e1s adelante aportar\u00e1 mayor luz sobre las decisiones que se han tomado hasta ahora. <\/p>\n<p>P.- En medio de este desconcierto por esta Espa\u00f1a irreconocible y, tal vez, disparando un poco al aire&#8230; \u00bfc\u00f3mo es la relaci\u00f3n de Scariolo con los jugadores? \u00bfpuede estar siendo un elemento de distorsi\u00f3n (m\u00e1s) en este empeoramiento de la selecci\u00f3n?<\/p>\n<p>R.- A simple vista no me parece que sea mala. No creo.<\/p>\n<p>P.- Si nuestros tres bases son de nivel NBA (Ra\u00fcl, Ricky y Cabezas) \u00bfpor qu\u00e9 parece que ese es el puesto que peor funciona?<\/p>\n<p>R.- Eso se puede matizar mucho. Los d\u00edas de Raul en la NBA pasaron a mejor vida tras sus lesionees en las rodillas, los de Cabezas nunca se han confirmado -hubo rumores del inter\u00e9s de lso Knicks pero&#8230;-, y los de Ricky est\u00e1n por llegar. Es un base muy apreciado all\u00ed pero hubiera tenido que pasar el primer a\u00f1o de novato y esas cosas. Perm\u00edtame otra apreciaci\u00f3n, muchas veces el sello de la NBA no lo es todo. Muchos jugadores act\u00faan all\u00ed y no logran ser indiscutibles en sus selecciones, l\u00e9ase los casos de Vujacic (Lakers), varios serbios o, sin ir m\u00e1s all\u00e1, el particular caso de Sergio Rodr\u00edguez.<\/p>\n<p>P.- \u00bfNo hay nihg\u00fan jugador espa\u00f1ol que sea capaz de hacer la labor de equipo, sobre todo en defensa y rebotes, que hac\u00eda Carlos Jim\u00e9nez?<\/p>\n<p>R.- Cada jugador tiene sus caracter\u00edsticas. Jim\u00e9nez ten\u00eda una experiencia que ahora s\u00f3lo podr\u00eda suplir Garbajosa, que es un poco m\u00e1s cuatro que tres. Lo que hac\u00eda en ambos aspectos del juego el bueno de Jim\u00e9nez debe ser asumido por todo el equipo. Y lo mismo pasa en el caso de Calder\u00f3n o de cualquiera que pueda causar baja. Esmuy dif\u00edcil poner y quitar a pelo y que la estad\u00edstica y las cosas que hace un jugador sean exactamente las mismas que las del jugador al que suple.<\/p>\n<p>P.- Espa\u00f1a tiene que jugar ahora con Turqu\u00eda, Polonia y Lituania. Lo mismo que si huebiera quedado primera de grupo. \u00bfQu\u00e9 ventaja tiene entonces el ser primero? <\/p>\n<p>R.- No importa la posici\u00f3n sino el n\u00famero de victorias con el que un equipo entra en la segunda fase (no se cuentan los partidos que se han disputado contra el equipo que haya sido eliminado, en este caso Gran Breta\u00f1a). <\/p>\n<p>P.- \u00bfDe verdad es necesaria la primera fase de un Eurobasket? Pese a que algunas selecciones &#8220;inferiores&#8221; puedan dar sorpresas puntuales, no parece que haya 16 selecciones realmente competitivas en Europa, y a la larga da la impresi\u00f3n de que algunos partidos de la primera fase sobran. \u00bfNo cree que la competici\u00f3n ganar\u00eda en inter\u00e9s e intensidad si se siguiese, por ejemplo, el sistema que se emplea en los Juegos Ol\u00edmpicos: dos grupos de seis equipos, y de ah\u00ed directamente a las eliminatorias? Gracias. <\/p>\n<p>R.- Todo es cuesti\u00f3n de gustos. Es posible que con 12 selecciones se pueda disputar un Eurobasket m\u00e1s atractivo. Pero hay que tener en cuenta que muchas selecciones progresan a marchas forzadas a base de pelear por esas plazas. Hay que recordar, por ejemplo, que Italia no logr\u00f3 meterse entre las 16 mejores ni siquiera en la repesca. Y eso pasa as\u00ed tambi\u00e9n en el f\u00fatbol y en el balonmano. Al respecto, para m\u00ed el principla reproche es son las dos jornadas de descanso entre la primera y la segunda fase y que en la segunda fase haya una jornada de descanso entre partido y partido. Eso alarga en exceso el campeonato.<\/p>\n<p>P.- \u00bfEs Turqu\u00eda la favorira oculta del torneo? Yo creo que s\u00ed.<\/p>\n<p>R.- Pues no muy oculta porque cada vez se oyen m\u00e1s voces que le dan cr\u00e9dito como tal y adem\u00e1s posee algunos jugadores excelentes, caso de Turkoglu e Ilyasova. Por eso ser\u00e1 muy interesante el partido de Espa\u00f1a contra ellos el pr\u00f3ximo s\u00e1bado. <\/p>\n<p>P.- \u00bfCrees que los partidos con situaciones &#8220;al l\u00edmite&#8221; han provocado que las cuotas de audiencias hayan subido?<\/p>\n<p>R.- Por supuesto. Esa es la salsa del baloncesto. Finales apretados y posibilidad de que una derrota o una victoria tenga consecuencias palpables (eliminaci\u00f3n o pase a la siguiente fase, etc).<\/p>\n<p>P.- \u00bfSe echa de menos a Pepu Hernandez? \u00bfC\u00f3mo se explica su cambio por no dedicarse full time a la selecci\u00f3n, y despues se ficha a entrenadores para eventos puntuales, como Aito o Sergio?<\/p>\n<p>R.- Pepu Hern\u00e1ndez consigui\u00f3 una magn\u00edfica qu\u00edmica de grupo el primer a\u00f1o en Jap\u00f3n. Un a\u00f1o despu\u00e9s en Madrid, las cosas ya no fueron tan rodadas. Efectivamente, es discutible el tema de A\u00edto pero la coyuntura era la que era y su periplo, a fin de cuentas, fue positivo. En cuanto a Sergio, te\u00f3ricamente tiene contrato hasta Londres 2012. Veremos.<\/p>\n<p>P.- Hola, sobre la selecci\u00f3n espa\u00f1ola: \u00bfCrees que el hecho de que Cabezas y Raul Lop\u00e9z sean jugadores del equipo ruso de Scariolo condiciona sus minutos en juego?. En mi opini\u00f3n el equipo mejorar\u00eda poniendo a Llul de base y a Claver en la rotaci\u00f3n de alero, pero esto dejar\u00eda en evidencia los fichajes de Scariolo. \u00bfQu\u00e9 piensas?<\/p>\n<p>R.- Las sospechas son libres. Yo no las tengo. Pienso que Scariolo es un t\u00e9cnico honesto. Por ejemplo, ha apostado como primer base claramente por Ricky. Y a Raul no le dio ni un minuto contra Eslovenia. En cuanto de lo de Llull y Claver, es evidente que podr\u00eda ser as\u00ed pero la idea de Scariolo, desde el principio, ha sido apostar por Llull en la posici\u00f3n de alero y por Claver situarlo preferentemente de 3-4.<\/p>\n<p>P.- \u00bfHay alguna clave interna (problemas f\u00edsicos, t\u00e1cticos, el entrenador, malas relaciones) que el aficionado no sabe y s\u00ed el experto siguiendo a la selecci\u00f3n, para justificar el porqu\u00e9 del inesperado rendimiento de un equipo que hasta hace pocos d\u00edas era casi invencible?<\/p>\n<p>R.- El que tenga el secreto, que lo diga. Creo que es un c\u00f3ctel de varias cuestiones lo que ha bajado el rendimiento de la selecci\u00f3n pero en cualquier caso el equipo presumo que ser\u00e1 capaz de recuperar y no s\u00e9 si ganar o no, pero s\u00ed rendir mucho mejor de lo que lo ha hecho hasta ahora. Invencible no hay nadie. Espa\u00f1a perdi\u00f3 la final del anterior Europeo contra Rusia y en la priemra fase contra Croacia y perdi\u00f3 las dos veces contra Estados Unidos en los Juegos. <\/p>\n<p>P.- Hola. Me gustar\u00eda saber que sensaciones transmite hoy nuestra selecci\u00f3n tras la victoria de ayer antes Eslovenia. Especialmente si ya se empieza a notar esa alegr\u00eda y complicidad que les caracterizaba y hemos echado de menos en los primeros encuentros del europeo. Un saludo y muchas gracias.<\/p>\n<p>R.- Pues hoy han viajado desde Varsovia a Lodz en autocar y cuando Felipe ha atendido a la prensa, sus compa\u00f1eros han bromeado con \u00e9l y con los periodistas, asomados desde una planta superior del edifico. No parece faltar el buen humor.Espero y deseo que sigan as\u00ed.<\/p>\n","protected":false},"excerpt":{"rendered":"<p>La selecci\u00f3n espa\u00f1ola de baloncesto ha llegado al Eurobasket con la vitola de favorita, tras proclamarse campeona del mundo y subcampeona de Europa, pero el primer partido supuso una sorprendente derrota ante Serbia. Luego llegaron la victoria ante Gran Breta\u00f1a, con m\u00e1s apuros de los previstos, y el triunfo ante Eslovenia tras una pr\u00f3rroga. El enviado especial de EL PA\u00cdS a Polonia, Robert \u00c1lvarez, ha charlado con los lectores el d\u00eda despu\u00e9s de que finalice la fase de grupos. <\/p>\n","protected":false},"author":1,"featured_media":0,"comment_status":"open","ping_status":"open","sticky":false,"template":"","format":"standard","meta":{"footnotes":""},"categories":[],"tags":[],"class_list":["post-8228","post","type-post","status-publish","format-standard","hentry"],"_links":{"self":[{"href":"https:\/\/intervius.com\/index.html\/wp-json\/wp\/v2\/posts\/8228","targetHints":{"allow":["GET"]}}],"collection":[{"href":"https:\/\/intervius.com\/index.html\/wp-json\/wp\/v2\/posts"}],"about":[{"href":"https:\/\/intervius.com\/index.html\/wp-json\/wp\/v2\/types\/post"}],"author":[{"embeddable":true,"href":"https:\/\/intervius.com\/index.html\/wp-json\/wp\/v2\/users\/1"}],"replies":[{"embeddable":true,"href":"https:\/\/intervius.com\/index.html\/wp-json\/wp\/v2\/comments?post=8228"}],"version-history":[{"count":0,"href":"https:\/\/intervius.com\/index.html\/wp-json\/wp\/v2\/posts\/8228\/revisions"}],"wp:attachment":[{"href":"https:\/\/intervius.com\/index.html\/wp-json\/wp\/v2\/media?parent=8228"}],"wp:term":[{"taxonomy":"category","embeddable":true,"href":"https:\/\/intervius.com\/index.html\/wp-json\/wp\/v2\/categories?post=8228"},{"taxonomy":"post_tag","embeddable":true,"href":"https:\/\/intervius.com\/index.html\/wp-json\/wp\/v2\/tags?post=8228"}],"curies":[{"name":"wp","href":"https:\/\/api.w.org\/{rel}","templated":true}]}}