{"id":8226,"date":"2009-09-11T00:00:00","date_gmt":"2006-11-06T00:00:00","guid":{"rendered":"https:\/\/intervius.com\/index.html\/?p=8226"},"modified":"2006-11-06T00:00:00","modified_gmt":"2006-11-06T00:00:00","slug":"Toni_Garcia8226","status":"publish","type":"post","link":"https:\/\/intervius.com\/index.html\/Toni_Garcia8226\/","title":{"rendered":"Toni Garc\u00eda"},"content":{"rendered":"<p>Pregunta.- Si tuvieras que resumirme esta Mostra, \u00bfqu\u00e9 me contar\u00edas? <\/p>\n<p>Respuesta.- Buenos d\u00edas. Le contar\u00eda que ha habido demasiadas pel\u00edculas en demasiadas secciones y que deber\u00edan reducir el tama\u00f1o y volumen del festival. El otro d\u00eda Joe Dante, jurado del festival, me dec\u00eda que era una locura poner 25 pel\u00edculas a competici\u00f3n en secci\u00f3n oficial. Estoy totalmente de acuerdo con \u00e9l.<\/p>\n<p>P.- \u00bfC\u00f3mo valoras las palabras de Oliver Stone sobre el Rey?<\/p>\n<p>R.- Como las palabras de un provocador con carn\u00e9. Stone ha sido pol\u00e9mico desde el minuto uno, as\u00ed que esto es solo &#8220;suma y sigue&#8221;. <\/p>\n<p>P.- Como periodista \u00bfc\u00f3mo percibio la visita del presidente Chavez? \u00bfY qu\u00e9 opinion le da el documental de Oliver Stone?<\/p>\n<p>R.- Como periodista me pareci\u00f3 lamentable que se le hiciera m\u00e1s caso al se\u00f1or Chavez que a cualquier director (novato o veterano) que viniera aqu\u00ed a presentar su pel\u00edcula. Entiendo que para La Mostra todo el asunto Chavez fuera muy medi\u00e1tico y que no pod\u00edan evitar que viniera ya que fue invitado por el propio Oliver Stone pero a\u00fan as\u00ed creo que los pol\u00edticos deber\u00edan quedarse en casa. En general.<\/p>\n<p>P.- \u00bfQu\u00e9 peli te has gustado m\u00e1s?<\/p>\n<p>R.- Sin duda: La carretera. Me pareci\u00f3 una pel\u00edcula sensacional. <\/p>\n<p>P.- \u00bfA usted le sorprendi\u00f3 el ins\u00f3lito y absoluto fervor que caus\u00f3 el presidente venezolano con su presencia? \u00bfEs algo que ocurra con otras personalidades, incluso de la llamada far\u00e1ndula?<\/p>\n<p>R.- Me sorprendi\u00f3 relativamente. El presidente de Venezuela es un se\u00f1or muy populista y en Italia gustan mucho ese tipo de pol\u00edticos. Tambi\u00e9n hubo entusiasmo por Clooney pero eso me parece m\u00e1s comprensible.<\/p>\n<p>P.- Hola Toni adem\u00e1s de preguntarte sobre que te pareci\u00f3 South of the border de Oliver Stone, tambien hacerlo sobre si conoces a alg\u00fan director que se atreviera hacer una pelicula sobre Van Morrison ya que s\u00e9 que eres de las personas que m\u00e1s conocen la obra del irland\u00e9s. salud<\/p>\n<p>R.- Hola Javier, South of the border me pareci\u00f3 un documental muy entretenido pero altamente panfletario y muy desequilibrado. La diferencia con Comandante, su anterior trabajo del mismo estilo, es que \u00e9ste \u00faltimo estaba producido por HBO y los jefazos de la cadena le obligaron a volver a Cuba y hablar tambi\u00e9n con la oposici\u00f3n. No creo que podamos esperar lo mismo en esta ocasi\u00f3n. \u00bfVan Morrison? Creo que Scorsese ser\u00eda el \u00fanico capaz de hacer una pel\u00edcula sobre \u00e9l, pero me gustar\u00eda saber quien ser\u00eda capaz de interpretar a Van El Terrible.<\/p>\n<p>P.- Hola Toni, \u00bfqu\u00e9 tal tu experiencia con Chavez? \u00bfno es un poco extra\u00f1a para alguien habituado a escribir sobre series y cine y no sobre pol\u00edtica?. Un abrazo Van Galego.<\/p>\n<p>R.- Bueno, a Chavez le vi de lejos, al que tuve muy cerca fue a Stone. La experiencia con todo este asunto fue muy surrealista. A mi me gusta el cine y la buena televisi\u00f3n, la pol\u00edtica me atrae pero no me considero un experto ni mucho menos. Preferir\u00eda no repetir.<\/p>\n<p>P.- \u00bfQu\u00e9 repercusi\u00f3n de critica y publico tuvo la pel\u00edcula &#8220;Gordos&#8221;?<\/p>\n<p>R.- Pues me parece que muy buena. Lo que pasa es que al estar en una secci\u00f3n paralela se pierde un poco de fuelle, pero tengo la impresi\u00f3n de que fue muy bien recibida en Venecia.<\/p>\n<p>P.- \u00bfEste tipo de participaciones de Presidentes como Ch\u00e1vez con cineastas como Stone en una alfombra roja, le hacen bien a un evento que tiene un perfil comercial pero es ante todo un acontecimiento art\u00edstico y est\u00e9tico?<\/p>\n<p>R.- No. Definitivamente. <\/p>\n<p>P.- Buenos d\u00edas. me gustar\u00eda que hicieras una valoraci\u00f3n del recibimiento que tuvo por parte de p\u00fablica y cr\u00edtica la pel\u00edcula espa\u00f1ola &#8220;Celda 211&#8221; de Daniel Monz\u00f3n, y tu opini\u00f3n sobre ella. Tambi\u00e9n que opinaras sobre la interpretaci\u00f3n de Lu\u00eds Tosar. Pensaba que a Carlos Boyero no le gustar\u00eda y me sorprendieron sus palabras elogiosas.<\/p>\n<p>R.- Celda 211 es un peliculon y Tosar est\u00e1 que se sale. Creo que a Carlos Boyero le sorprendi\u00f3 tanto como a los dem\u00e1s pero que el filme se merece los elogios. Estos y los que vendr\u00e1n, porque tengo la impresi\u00f3n de que va a ser la pel\u00edcula de la temporada en Espa\u00f1a.<\/p>\n<p>P.- Hola. \u00bfEs cierto que la interpretaci\u00f3n de Nicolas Cage en el remake de Werner Herzog es la peor de su carrera, totalmente llena de tics? Eso ya es decir teniendo en cuenta los proyectos que realiza \u00faltimamente. \u00bfY realmente la pel\u00edcula de Romero estuvo tan fuera de lugar y fue tan criticada por los asistentes?<\/p>\n<p>R.- Lo de Nicolas Cage es un desprop\u00f3sito, bastante gracioso por cierto, pero no se si es lo peor de su carrera: estamos hablando de Nicolas Cage. A Romero le aplaudieron con diplomacia pero es cierto que el comentario general era que estamos ante su peor pel\u00edcula. El mismo me dijo antes de ayer en una entrevista que se sent\u00eda &#8220;muy raro&#8221; estando en competici\u00f3n.<\/p>\n<p>P.- Hola, \u00bfqu\u00e9 sabes de l&#8221;Amore e basta&#8221;, de Stefano Consiglio? \u00bfLa has podido ver?<\/p>\n<p>R.- No la he visto, lo siento. A veces me es muy dif\u00edcil compaginar todo el circo de las entrevistas con lo que me apetecer\u00eda m\u00e1s, que es ir al cine a ver pel\u00edculas. No se puede tener todo, supongo.<\/p>\n<p>P.- \u00bfTiene sentido hoy en d\u00eda seguir celebrando festivales de cine como el de Venecia? Si ya de por s\u00ed se le hace bastante poco caso a la cr\u00edtica cinematogr\u00e1fica (no hay m\u00e1s que ver cu\u00e1les son las pel\u00edculas m\u00e1s taquilleras todos los fines de semana), \u00bfcu\u00e1l es el verdadero sentido de la existencia de un festival de cine? <\/p>\n<p>R.- La verdadera misi\u00f3n de un festival en mi opini\u00f3n deber\u00eda ser poner luz y taqu\u00edgrafos sobre ese cine que nunca llega a ning\u00fan sitio, pero lo cierto es que se est\u00e1 convirtiendo m\u00e1s y m\u00e1s en un escaparate donde, casi siempre, se nos escapa lo m\u00e1s interesante. Soy bastante esc\u00e9ptico respecto a la continuidad del sistema festivalero tal como esta concebido a d\u00eda de hoy.<\/p>\n<p>P.- La Mostra de Venecia es un evento internacional. Es tambi\u00e9n el momento en que en Italia todo el mundo (cr\u00edticos, periodistas, directores, actores) hace un an\u00e1lisis del cine italiano. Me gustar\u00eda conocer su opini\u00f3n sobre el cine italiano seg\u00fan las pel\u00edculas que ha visto en el festival. <\/p>\n<p>R.- Solo he visto la de Michele Placido y la de Tornatore. No me gustado ninguna de las dos. El cine italiano est\u00e1 de baj\u00f3n desde hace una eternidad. Hace unos d\u00edas estuve charlando con Mario Monicelli (al que nadie hac\u00eda ni caso, imag\u00ednese como esta el tema) y creo que la propia industria italiana es consciente de que hace falta un cambio. No basta con el &#8220;Gomorra&#8221; de turno. Creo que el cine italiano est\u00e1 m\u00e1s o menos como el pa\u00eds: del rev\u00e9s<\/p>\n<p>P.- Teniendo en cuenta todos los temas de los que hablaron tanto Oliver Stone como Tariq Ali y su importancia y relevancia dentro de la pel\u00edcula que se ha proyectado: \u00bfNo te parece un poco sensacionalista y complemente lejos de la realidad el titular de que el Rey Juan Carlos deb\u00eda callarse?<\/p>\n<p>R.- Hola Paolo, creo que el titular debe resumir lo m\u00e1s destacado de lo acontecido y que esa frase destaca con luz propia. No s\u00e9 si es sensacionalista, yo creo que no, pero seguro que habr\u00e1 opiniones para todos los gustos.<\/p>\n<p>P.- Hola, \u00bfte ha pasado alguna vez lo de pagar por entrevistas, como se dec\u00eda de Moore? Entrevistas, que de por s\u00ed, ya son promocionales. \u00bfD\u00f3nde queda la frontera, en el periodismo cultural, entre publicidad e informaci\u00f3n? <\/p>\n<p>R.- El periodista nunca paga por las entrevistas (aunque me dec\u00eda ayer un colega croata que a \u00e9l le hab\u00edan pedido directamente dinero, a\u00fan tengo que chequear ese tema), paga la distribuidora del pa\u00eds en cuesti\u00f3n. Me explico: una productora paga una peli, esa peli se vende por territorios y cada territorio tiene derecho a exhibirla. Si la distribuidora que tiene los derechos, en Espa\u00f1a pongamos por caso, quiere promocionarla con entrevistas a los actores\/actrices\/directores, etc, tiene que pagar una cantidad determinada por cada periodista a la productora. Por eso solo los medios de comunicaci\u00f3n m\u00e1s poderosos tienen acceso a determinados nombres. En principio eso no deber\u00eda determinar el rumbo de la entrevista en cuesti\u00f3n pero si que restringe much\u00edsimo el acceso a los protagonistas de la funci\u00f3n.<\/p>\n<p>P.- \u00bfEs cierto el rumor que corre por Venecia de que algunos directores exig\u00edan dinero a los periodistas por ser entrevistados?<\/p>\n<p>R.- No. Los que exigen dinero son los productores, y no a los periodistas sino a las distribuidoras de turno en cada territorio. Esto no es nuevo, lo que si lo fue es el hecho de una mini-rueda de prensa de Michael Moore se convirtiera en una olla a presi\u00f3n por culpa de este tema. Cuanto m\u00e1s peque\u00f1o el pa\u00eds menos recursos tiene la distribuidora, eso excluye directamente a muchos periodistas y, l\u00f3gicamente, les cabrea. Fue el caso del free-lance noruego que &#8220;dispar\u00f3&#8221; a Moore.<\/p>\n<p>P.- \u00bfMe recomiendas &#8220;La clienta&#8221;? <\/p>\n<p>R.- No la he visto. Lo siento.<\/p>\n<p>P.- Despu\u00e9s de tantos d\u00edas viendo pelis, \u00bfqu\u00e9 haces cuando vuelves a casa? \u00bfDesconectas del DVD por un mes?<\/p>\n<p>R.- Pues lo cierto es que no. Lo que hago es desaparecer durante un par de d\u00edas en el sof\u00e1 de mi casa&#8230; pero me hincho a ver dvds.<\/p>\n<p>P.- \u00bfQu\u00e9 es lo que m\u00e1s le ha sorprendido de esta edici\u00f3n del festival? <\/p>\n<p>R.- En el sentido positivo, que hubiera muchas pel\u00edculas de g\u00e9nero (de terror). En eso estoy con Muller: hay que sacar al g\u00e9nero del armario. En el sentido negativo la cantidad de cosas que pasaban cada d\u00eda. No es algo racional solapar tantos eventos.<\/p>\n<p>P.- Buenos d\u00edas, Toni. \u00bfQu\u00e9 sabes de &#8220;La Doppia Ora&#8221;, de Giuseppe Capotondi? \u00bfLa has podido ver?<\/p>\n<p>R.- Pues, me repito m\u00e1s que el ajo, no la he visto. Las entrevistas son mi prioridad y eso me obliga a perderme m\u00e1s pel\u00edculas de la cuenta. Pero un periodista ingl\u00e9s me dijo que le entusiasmo, y es un se\u00f1or con muy buen gusto. Boyero no me hablado de ella, por lo que deduzco que no le habr\u00e1 gustado.<\/p>\n<p>P.- Buenos d\u00edas, Toni. \u00bfno crees que todo ese cebo medi\u00e1tico alrrededor de Chaves se acaba volviendo en contra del propio festival? Un saludo<\/p>\n<p>R.- Hola Alberto. Por supuesto, esto no deber\u00eda ser un circo, pero lo es.<\/p>\n<p>P.- Buenas tardes, \u00bfqui\u00e9n cree que se llevar\u00e1 los premios en esta Mostra? Venga, m\u00f3jese.<\/p>\n<p>R.- Hola Juanillo. Me voy a mojar con lo que he visto: creo que podr\u00edan ser Lourdes, The Road, Libano o Mr. Nobody. <\/p>\n<p>P.- \u00bfHas coincidido en Venecia con el gran Carlos Boyero? \u00bfC\u00f3mo ha sido trabajar con \u00e9l?<\/p>\n<p>R.- Carlos es buen amigo m\u00edo as\u00ed que no puedo ser muy objetivo, aunque en este festival solo le veo a la hora de cenar. Es un tipo muy divertido y encantador en las distancias cortas. Boyero es Boyero, que les voy a contar.<\/p>\n<p>P.- Buenas tardes, \u00bfQue te ha parecido &#8220;The informant&#8221;? <\/p>\n<p>R.- La disfrut\u00e9 mucho, y dir\u00eda que la entrevista a Soderbergh fue lo mejor del festival: es un se\u00f1or tan sumamente listo&#8230;El sopl\u00f3n! es una comedia en que lo que ves y lo que oyes se llevan la contraria continuamente. Es de una agudeza insultante.<\/p>\n<p>P.- Como experto en Van Morrison y gran conocedor de Tom Waits \u00bfdestacar\u00edas alguna propuesta que hayas visto en el festival relacionada con la m\u00fasica?.<\/p>\n<p>R.- Adela, gracias por lo de &#8220;experto&#8221; y &#8220;gran conocedor&#8221;. Tendr\u00e9 que pagarte algo. Lo mejor a nivel musical que ha dado el festival han sido &#8220;Soul Kitchen&#8221; de Fatih Akin, que tiene una banda sonora espeluznante (por buena) y el score de Marvin Hamlisch para The informant, fabuloso.<\/p>\n<p>P.- Hola Tono soy periodista tambi\u00e9n y me gustar\u00eda preguntarte: \u00bfComo estas viviendo desde Italia las numerosas criticas que est\u00e1 lanzando Berlusconi a los medios y a El Pais directamente? Gracias!<\/p>\n<p>R.- Berlusconi es un personaje fabuloso si uno es periodista: te da un titular cada 30 segundos y es capaz de articular memeces de todo tipo sin ni siquiera sonrojarse. Mi mujer es italiana y vengo mucho aqu\u00ed as\u00ed que puedo decir que no me sorprende nada de lo que diga y haga. Viendo como luce la izquierda en este pa\u00eds se me ocurre que queda Berlusconi para rato. Respecto a las cr\u00edticas contra El Pa\u00eds, pues bueno, tiene m\u00e1s frentes abiertos que Alemania en la 2\u00aa Guerra Mundial, as\u00ed que yo no me preocupar\u00eda demasiado.<\/p>\n<p>P.- \u00bfQue festival Europeo es el que te gusta mas, y cual es el que tiene mayor &#8220;calidad&#8221; ? Un saludo<\/p>\n<p>R.- El que tiene m\u00e1s calidad es Cannes, sin duda. Berlin es bueno si te va el cine experimental (pero el de verdad) y si tienes buen ojo para cazar tendencias. Venecia es un camale\u00f3n, cambia de color cada a\u00f1o pero sigue siendo el mismo: es un festival extra\u00f1\u00edsimo, incomprensible, empezando por su ubicaci\u00f3n, el Lido, que es como un islote horroroso con precios de Monaco. Obviamente, la crisis no ayuda y los festivales cuestan un mont\u00f3n de pasta as\u00ed que creo que veremos cambios importantes en el sector a no mucho tardar. Locarno, cuando lo dirig\u00eda Muller, estaba muy muy bien.<\/p>\n<p>P.- \u00bfSabe qui\u00e9n le financi\u00f3 el documental a Oliver Stone?<\/p>\n<p>R.- Un conglomerado de productores e inversionistas de diversos pa\u00edses que van a recuperar cada d\u00f3lar multiplicado por diez, y al frente Fernando Sulichin un se\u00f1or list\u00edsimo que ha trabajado entre otros con Scorsese y Jarmusch. Ah\u00ed es nada.<\/p>\n<p>P.- Buenos dias, si tuvieras que elegir una pelicula que no estuvo en el festival y que seg\u00fan tu deberia estarlo, \u00bfcon cual te quedar\u00edas? <\/p>\n<p>R.- Buenos dias, si tuvieras que elegir una pelicula que no estuvo en el festival y que seg\u00fan tu deberia estarlo, \u00bfcon cual te quedar\u00edas? <\/p>\n","protected":false},"excerpt":{"rendered":"<p>La Mostra de Venecia ha llegado este a\u00f1o cargada de noticias, y no s\u00f3lo sobre cine. Un d\u00eda, Oliver Stone dec\u00eda que el rey Juan Carlos deb\u00eda callarse; otro, Michael Moore descubr\u00eda en una rueda de prensa que algunos periodistas tuvieron que pagar por entrevistarlo&#8230; Y, por supuesto, tambi\u00e9n ha habido muchos estrenos. El enviado especial de EL PA\u00cdS a la Mostra de Venecia, Toni Garc\u00eda, ha charlado con los lectores sobre todo lo que ha dado de s\u00ed el festival.<\/p>\n","protected":false},"author":1,"featured_media":0,"comment_status":"open","ping_status":"open","sticky":false,"template":"","format":"standard","meta":{"footnotes":""},"categories":[],"tags":[],"class_list":["post-8226","post","type-post","status-publish","format-standard","hentry"],"_links":{"self":[{"href":"https:\/\/intervius.com\/index.html\/wp-json\/wp\/v2\/posts\/8226","targetHints":{"allow":["GET"]}}],"collection":[{"href":"https:\/\/intervius.com\/index.html\/wp-json\/wp\/v2\/posts"}],"about":[{"href":"https:\/\/intervius.com\/index.html\/wp-json\/wp\/v2\/types\/post"}],"author":[{"embeddable":true,"href":"https:\/\/intervius.com\/index.html\/wp-json\/wp\/v2\/users\/1"}],"replies":[{"embeddable":true,"href":"https:\/\/intervius.com\/index.html\/wp-json\/wp\/v2\/comments?post=8226"}],"version-history":[{"count":0,"href":"https:\/\/intervius.com\/index.html\/wp-json\/wp\/v2\/posts\/8226\/revisions"}],"wp:attachment":[{"href":"https:\/\/intervius.com\/index.html\/wp-json\/wp\/v2\/media?parent=8226"}],"wp:term":[{"taxonomy":"category","embeddable":true,"href":"https:\/\/intervius.com\/index.html\/wp-json\/wp\/v2\/categories?post=8226"},{"taxonomy":"post_tag","embeddable":true,"href":"https:\/\/intervius.com\/index.html\/wp-json\/wp\/v2\/tags?post=8226"}],"curies":[{"name":"wp","href":"https:\/\/api.w.org\/{rel}","templated":true}]}}