{"id":8210,"date":"2009-09-08T00:00:00","date_gmt":"2006-11-06T00:00:00","guid":{"rendered":"https:\/\/intervius.com\/index.html\/?p=8210"},"modified":"2006-11-06T00:00:00","modified_gmt":"2006-11-06T00:00:00","slug":"Maldini8210","status":"publish","type":"post","link":"https:\/\/intervius.com\/index.html\/Maldini8210\/","title":{"rendered":"Maldini"},"content":{"rendered":"<p>Pregunta.- Hola Maldini. Me parece una verg\u00fcenza lo que sucede con Francia, un equipo campe\u00f3n del Mundo y de la Eurocopa. \u00bfC\u00f3mo es posible que mantengan a Domenech como seleccionador? Otra, esta sobre Alemania, casi nunca se habla de ese equipo, est\u00e9 bien o mal. \u00bfPor qu\u00e9? \u00bfPor qu\u00e9, sea cual sea su calidad, siempre est\u00e1n ah\u00ed luchando y fiel a su estilo y que, contario a lo que pensamos de que son personas fr\u00edas, son gente que siempre sienten sus colores y juegan con el coraz\u00f3n? Saludos.<\/p>\n<p>Respuesta.- Hola ETC: Cuando acab\u00f3 la Eurocopa Domenech debi\u00f3 haberse marchado, su ciclo hab\u00eda terminado y no hab\u00eda sido capaz de mezclar las dos generaciones. Como es l\u00f3gico eso se mantiene, y ni siquiera ha sabido aprovechar el exclente momento de forma de Gourcuff. No termina de apostar por Gignac como nueve, no tiene claras varias posiciones del equipo. En lo de Alemania estoy de acuerdo. Y ojo que si Ozil mantiene este estado de forma en el mundial puede ser el factor diferencial de Alemania, que va a crecer m\u00e1s aun con \u00e9l. Ojito con Ozil. <\/p>\n<p>P.- Buenas Maldini, me gustaria hacerte un par de preguntas sobre la seleccion argentina.La primera es referente a la porteria. Considero a Mariano Andujar un portero con mucho futuro y el proximo portero titular de Argentina, pero lo que no entiendo es por que se fue a Catania\u00bfNo hay equipos mas grandes interesados en el? La segunda es sobre quien podria ocupar el puesto de Riquelme, por que Veron ya no esta para esos trotes.\u00bfCrees que Pastore seria el hombre? \u00bfQue otro podria ser? Y una mas para terminar \u00bfCual seria la pareja de centrales titular para ti en Argentina? para mi Heinze &#8211; Coloccini. Un saludo crack!<\/p>\n<p>R.- S\u00ed considero a Andujar un buen portero, supongo que acept\u00f3 con el Catania la primera gran oferta que tuvo de Europa. No quiso esperar m\u00e1s, tendr\u00eda mucho que ver su representante. Ver\u00f3n no aguanta los partidos enteros, le pas\u00f3 ante Colombia cuando hizo un gran primer tiempo y el s\u00e1bado de nuevo. Pastore no es un diez, yo le veo m\u00e1s como segundo punta algfo retrasado pero no es exactamente un armador de juego. El problema de Artgentina son los centrocampistas. No tiene, no salen. <\/p>\n<p>P.- Maldini! Soy un gran seguidor tuyo desde peque\u00f1ito! Me gustaria saber que opinas sobre dos grandes futuros cracks en mi opinion, Eden Hazard y Dzsudzsak&#8230;podrias hacerme un analisis de ambos? Muchas gracias por anticipado!<\/p>\n<p>R.- De Hazard vengo desde hace tiempo avisando. Pero esta temporada ha enpezado flojo, demasiado retrasado y cerca de la banda en el Lille. Participa poco, incluso le ha quitado protagonismo Obraniak. Y ha sido hasta suplente alg\u00fan partido, si no recuerdo mal ante el Marsella. Dzsudzsak tiene una de las mejores zurdas de la Eredivisie, es un jugador en franco crecimiento. <\/p>\n<p>P.- Hola Maldonado. Mi pregunta es la siguiente. \u00bfCrees que en la pr\u00f3xima convocatoria de la seleccion espa\u00f1ola puede ir ya convocado Esteban Granero?. Gracias por atender mi pregunta. Un saludo.<\/p>\n<p>R.- No lo creo, imagino que hasta que llegue el mundial y haya una convocatoria definitiva y m\u00e1s amplia no habr\u00e1 incorporaciones. Veremos cuantos minutos tiene Granero en el Real Madrid, eso va a ser clave.<\/p>\n<p>P.- Ahora que la carrera tanto de Totti como de Del Piero, dos de los futbolistas m\u00e1s talentosos que ha dado Italia llega a su recta final y siendo historicos cada uno para su club, cual de los dos ha consiguido emocionarte m\u00e1s?<\/p>\n<p>R.- Los dos me han emocionado mucho, pero me quedo con Totti. Ten\u00eda (tiene aun aunque lo ofrece con cuentagotas) un punto de genialidad por encima del mejor Del Piero. Aunque quiz\u00e1 si analizamos el rendimiento a largo plazo quiz\u00e1 Del Piero haya sido m\u00e1s. <\/p>\n<p>P.- Julio crees que el problema de Portugal es por culpa de Queiroz o que sus estrellas(como Ronaldo) no rinden adecuadamente<\/p>\n<p>R.- Un poco de todo. Contra Dinamarca volvieron los viejos fantasmas de Portugal, buen juego pero sin gol. Portugal hizo un gran primer tiempo de f\u00fatbol combinativo, con Deco excelente. Cre\u00f3 ocasiones, gener\u00f3 peligro pero estuvo mal en los \u00faltimos metros. Despu\u00e9s del partido que hizo que solo haya sido capaz de marcar en un corner deja todo claro. Me gusta la apuesta de Duda como lateral izquierdo, le da mucha profundidad al equipo. Pero Pepe como mediocentro me parece un desperdicio en un puesto clave. Aun as\u00ed si Portugal sigue a este nivell creo que ganar\u00e1 en Hungr\u00eda. Ah, y Ronaldo de nueve no puede ser. Eso en realidad es jugar sin delantero centro. Liedson arriba y Ronaldo por detr\u00e1s debe ser la soluci\u00f3n,. <\/p>\n<p>P.- Hola Maldini! Recuerdas a GianLuigi Lentini? el ex jugador de Torino que ficho por el Milan por una cifra record de 2.600 millones en aquella epoca y tuvo el grave accidente de trafico? de verdad era tan bueno como para pagar aquella cifra? entonces solo hablaban de que era una estrella. <\/p>\n<p>R.- Hola Xavier, claro que le recuerdo. Compa\u00f1ero de Martin V\u00e1zquez en el Torino. Ten\u00eda una zancada limpia, era muy vertical, un gran jugador. Era muy bueno, la verdad. <\/p>\n<p>P.- buenas crack! entre Silva y Robben con quien te quedarias para tu equipo? gracias<\/p>\n<p>R.- Con Silva, aunque son jugadores distintos. Robben es un extremo de los que ya no hay, Silva no. Los problemas de lesiones de Robben cuentan. Son muy buenos los dos. <\/p>\n<p>P.- \u00a1Hola crack! \u00bfCrees que la zurda de Michel Mastos y el olfato de Lisandro ser\u00e1 determinante este a\u00f1o para que el Lyon gane el t\u00edtulo?\u00bfCrees que el Girondins repetir\u00e1? y por \u00faltimo, \u00bfCrees que Moutinho, Hamsik o Kacar dar\u00e1n pronto el salto a un grande? Gracias.<\/p>\n<p>R.- De Michel Bastos espero mucho, en el Lille fue un espect\u00e1culo y no creo que el salto al Lyon lo acuse. Va a ser clave en el Lyon. Lisandro es r\u00e1pido, un jugador as\u00ed hace mucho da\u00f1o en Francia donde se juega un ritmo m\u00e1s lento (aunque ha crecido en el inicio de esta temporada). Ahora mismo el mejor equipo de Francia es el Girondins, si no cambia mucho s\u00ed creo que volver\u00e1 a ganar la liga. Hamsik y Kacar s\u00ed creo que dar\u00e1n el salto, Hamsik tiene destino en el Inter ya lo ver\u00e1s. A Mourinho le encanta. Kacar destino un grande de la Premier espero. Moutinho no me acaba de convencer del todo. Igual que a Veloso les veo un tanto sobrevalorados. <\/p>\n<p>P.- Hola Maldini, despues d trasnochar el sabado viendo los partidos de CONMEBOL y CONCACAF la pregunta es obligada y espero que te mojes. Quien crees quedara 4a y 5a en Sudamerica y que seleccion jugara la repesca en CONCACAF? Gracias<\/p>\n<p>R.- Dif\u00edcil&#8230; Creo que en Sudam\u00e9rica se meten Brasil (ya est\u00e1), Chile, Paraguay y Argentina y a la repesca Colombia, que tiene en las dos \u00faltimas jornadas a Chile y Paraguay ya quiz\u00e1 clasificados. Para la repesca de CONCACAF Honduras. <\/p>\n<p>P.- Hola Julio, eres un m\u00e1quina. Te quer\u00eda preguntar sobre el Argentina-Brasil, \u00bfA q\u00fae nivel defensivo crees que est\u00e1 Brasil? \u00bfhay otra selecci\u00f3n superior en defensa? y sobre todo saber tu opini\u00f3n sobre el papel de Espa\u00f1a si se enfrentase con los brasile\u00f1os. Muchas gracias, un saludo.<\/p>\n<p>R.- Luego escribir\u00e9 una entrada en el blog de Fiebre Maldini aqu\u00ed en AS sobre el partido, pero el Argentina-Brasil me pareci\u00f3 un tanto deprimente. Es Brasil que Brasil dio la sensaci\u00f3n de estar a un buen nivel defensivo el s\u00e1bado, pero no olvidemos los partidos que le ha salvado Julio Cesar (el portero m\u00e1s en forma del mundo ahora mismo) o la cantidad de ocasiones que le provoc\u00f3 Ecuador por ejemplo. No creo que Brasil jugando as\u00ed sea campe\u00f3n del mundo. Contra Espa\u00f1a ser\u00eda un dominio claro de Espa\u00f1a, que en condiciones normales ganar\u00eda el partido. <\/p>\n<p>P.- Hola Maldini \u00bfque te parece el jugador del Lyon Pjanic? \u00bfCrees que podria acabar en un grande?<\/p>\n<p>R.- T\u00e9cnicamente muy bueno, un poco blando, no tengo claro que progrese demasiado y sea la estrella que muchos esperan, la verdad. Creo que sui techo lo tiene en el Lyon. <\/p>\n<p>P.- Hola Julio. El otro dia vi de nuevo el gol de Iniesta a Belgica en el partido de la primera vuelta. Creo que hay actualmente muy poquitos jugadores al alcaanze de una jugada as\u00ed. Me record\u00f3 al mejor Zidane o Laudrup. Desp\u00faes est\u00e1 el pedazo de temporada que se ha marcado. Y nunca sale entre los candidatos a los premios individuales. Mi pregunta es si este olvido internacional corresponde solo a los organismo &#8220;Oficiales&#8221; O si tambi\u00e9n para tus colegas extranjeros (Comentaristas, periodistas deportivos en general) es desconocido e infravalorado. \u00bfQue opiniones levanta en el extranjero?<\/p>\n<p>R.- S\u00ed es verdad, aquel golazo fue tremendo. Su perfil bajo en cuanto al poder medi\u00e1tico, esa timidez fuera del campo le perjudica. Si fuese con pendientes de brillantes y con una modelo del brazo ser\u00eda otra cosa, pero Iniesta es un fen\u00f3meno y no es as\u00ed. <\/p>\n<p>P.- No crees que el Bar\u00e7a con Arshavin seria invencible? A que jugador eligirias tu como sustituto de Henry para la banda izquierda del Bar\u00e7a (que no sea Ribery)?<\/p>\n<p>R.- Hola Jimmy. Al nivel de este Barcelona cualquier jugador atrevido y h\u00e1bil mejora m\u00e1s aun. Desde luego Arshavin ser\u00eda espectacular en el Barcelon\u00e1, s\u00ed. Tambien Robinho, del que se habl\u00f3 y mucho que pod\u00eda llegar al Barcelona. <\/p>\n<p>P.- Hola Maldini haber si esta vez hay suerte. Vengo sorprendiendome por la opinion de muchos franceses y del propio seleccionador de que Gignac es mejor que Benzema. A mi me parece una soberana chorrada , pero me gustaria saber que opina usted que es uno de los mayores expertos en futbol internaciinal,\u00bf Benzema o Gignac?<\/p>\n<p>R.- Y a m\u00ed tambi\u00e9n Abel, Gignac es un buen delantero, con buena zurda y que adem\u00e1s est\u00e1 en racha, pero Benzema para m\u00ed es superior en todo. Se mueve m\u00e1s, se ofrece m\u00e1s, tiene mejor t\u00e9cnica con la pelota. Benzema va a ser referencia mundial durante varios a\u00f1os, no tengo duda de que el Real Madrid hizo un gran fichaje y lo coment\u00e9 en su d\u00eda. <\/p>\n<p>P.- Hola Julio. \u00bfNo crees que con Victor Vald\u00e9s se est\u00e1 cometiendo una injusticia? Podria llegar a ser muy injusto que un jugador que ha ganado dos champions, unas cuantas ligas y dos trofeos zamora, acabe su carrera profesional sin haber disputado un solo mundial. A mi me parece un porterazo y una injusticia que no se le convoque nunca ni como tercer portero. Gracias<\/p>\n<p>R.- Hola Juanma, pues en este caso no estoy de acuerdo contigo. Creo que Victor Vald\u00e9s est\u00e1 por muchos sobrevalorado, a m\u00ed no me parece un porterazo. Lo del trofeo Zamora es un t\u00edtulo enga\u00f1oso, un equipo como el barcelona que tiene el bal\u00f3n todo el tiempo concede muy pocas llegadas al rival, quiero decir que el m\u00e9rito no es solo de V\u00edctor Vald\u00e9s. Me parece un portero del que no te puedes fiar, muy irregular. Ahora mismo Casillas, Reina, Diego Lopez y Asenjo son muy superiores a \u00e9l, y podr\u00eda citar m\u00e1s. No te enfades conmigo Juanma, es s\u00f3lo mi opini\u00f3n que no tiene por que ser acertada. Pero me la has pedido y soy sincero. <\/p>\n<p>P.- Hola Julio! Yo queria hacerte una pregunta que desde siempre he querido hacertela, en especial a ti. Crees que Rio Ferdinand seria un buen central para el Real Madrid? Hace 3 o 4 dias esta misma pagina publicaba una posible marcha de Rio a Madrid o Barcelona. Quiero que me digas si Ferdinand podria ser un buen central del Real Madrid. Soy fan de Rio y merengue, por eso tengo tanto inter\u00e9s. Gracias Julio! <\/p>\n<p>R.- S\u00ed es un muy buen central, bueno por arriba y capaz de sacar el bal\u00f3n mejor que por ejemplo Terry. <\/p>\n<p>P.- Hola Maldini. La noche del s\u00e1bado al domingo vi entero el partido de Argentina contra Brasil. Escuch\u00e9 a tu compa\u00f1ero Sixto que dec\u00eda que Argentina jugaba con todo. \u00bfEs verdad que Maradona sac\u00f3 de inicio lo mejor que ten\u00eda? Ver\u00f3n tiene una edad y su toque de pelota no es el de antes, Messi est\u00e1 s\u00f3lo arriba y tiene que hacerlo el s\u00f3lo todo, la defensa con 2 centrales que juegan en la liga argentina se lo trag\u00f3 todo&#8230; Expl\u00edcamelo, por favor. Gracias.<\/p>\n<p>R.- S\u00ed, y ese es el gran problema de Argentina. Con Riquelme apartado Ver\u00f3n es lo que hay, nada m\u00e1s. Argentina tiene muy buenos delanteros (Messi, Aguero, Tevez, Diego Milito&#8230;) y un gran mediocentro recuperador como Mascherano, pero no tiene centrocampistas para armar el juego. <\/p>\n<p>P.- buenas, julio, \u00bfpiensas que el Bayern tiene un buen equipo para pelear por la Champions?<\/p>\n<p>R.- Con la llegada de Robben y Ribery definitivamente centrado el Bayern ha mejorado, pero no creo que tengan nivel para pelear por la Champions. <\/p>\n<p>P.- Bueno, la pregunta que te har\u00e1 todo el mundo, \u00bfque selecci\u00f3n crees que puede llegar mejor al mundial? Realmente Espa\u00f1a puede ser la &#8220;favorita&#8221;, \u00bfcomo ves a las dem\u00e1s candidatas? gracias, y enhorabuena por tu trabajo, me parece explendido el conocimiento que tienes del futbol, un saludo.<\/p>\n<p>R.- Muchas gracias Eloy. Vengo viendo todos los partidos de las selecciones importantes en los \u00faltimos a\u00f1os y ahora mismo Espa\u00f1a es la mejor selecci\u00f3n. Por f\u00fatbol, nivel t\u00e9cnico de sus jugadores y porque tiene un plan. Y porque juegan de memoria. Espa\u00f1a ser\u00e1 la favorita para ganar el mundial, pero un torneo tan corto es muy traicionero. No te olvides que en la Eurocopa solo pudo ganar a Italia por penaltis. Habr\u00e1 alg\u00fan partido que se decida por peque\u00f1os detalles y ah\u00ed est\u00e1 el peligro, pero Espa\u00f1a es la mejor. <\/p>\n<p>P.- Buenos d\u00edas crack \u00bfEl mejor Ginola o el mejor Robben? Gracias<\/p>\n<p>R.- Son muy distintos. Ginola era m\u00e1s elegante, Robben m\u00e1s r\u00e1pido. Para mi equipo prefiero al mejor Robben, es un jugador que te cambia un partido en un momento. <\/p>\n<p>P.- \u00bfQue ha hecho el Chelsea con equipos humildes que no hayan hecho otros equipos europeos, para merecer una sancion? Saludos Maldini, y a ver si nos informas de los futuros cracks de 18 a\u00f1os, que los precios que se paga hoy dia en el futbol son demasiado grandes<\/p>\n<p>R.- Pues es verdad, no creo que otros equipos grandes no hayan manejado este tipo de cosas con los traspasos. Hay que recordar para el que no lo sepa que el Chelsea ya fue sancionado sin fichar hasta el 2011 por la FIFA por irregularidades en el fichaje de Kakuta y ahora la historia se repite por Boga, <\/p>\n<p>P.- Buenos dias Maldini Viste el derby de Mil\u00e1n la semana pasada, verdad? Es cierto que el Milan est\u00e1 muy mal, pero a me pareci\u00f3 ver a un gran Inter. Sinceramente creo que con la incorporaci\u00f3n de Sneijder finalmente hay equipo para luchar por la Champions, no crees? Y por otro lado, como ves el Inter-Bar\u00e7a de dentro de unos dias? Gracias<\/p>\n<p>R.- Hola Otmar, s\u00ed claro, lo coment\u00e9 para Canal Plus. Me pareci\u00f3 un gran Inter, con mejor circulaci\u00f3n de bal\u00f3n. Va ser clave Thiago Motta, un jugador t\u00e9cnicamente mucho mejor de lo que muchos creen. Y Milito y Etoo se entienden de maravilla. La incorporaci\u00f3n de Snejder mejora un puesto que para m\u00ed Stankovic no terminaba de cubrir (aunque para sus caracter\u00edsticas no lo hac\u00eda nada mal). S\u00ed creo que este a\u00f1o tiene equipo para pelear por la Champions. <\/p>\n<p>P.- Hola Maldini me gustar\u00eda conocer tu opini\u00f3n sobre los \u00faltimos seleccionadores argentinos Pasarella, Bielsa, Pekerman, Basile y Maradona. <\/p>\n<p>R.- De todos el mejor Bielsa, sin duda. A Pekerman le qued\u00f3 grande el puesto, es un gran profesor para los j\u00f3venes, pero ser seleccionador de un pa\u00eds as\u00ed es otra cosa. Con Maradona la AFA ha intentado explotar el mito, pero no funciona como entrenador. Pero no hay que culparle por todo, Argentina tiene una carencia clara de jugadores de medio campo. <\/p>\n","protected":false},"excerpt":{"rendered":"<p>El periodista experto en f\u00fatbol internacional vuelve a su cita semanal con los lectores. Maldini ha charlado con los internautas sobre los partidos de clasificaci\u00f3n para el Mundial 2010 y el resto de la actualidad del f\u00fatbol internacional. <\/p>\n<p>ARCHIVO DE ENTREVISTAS:<\/p>\n<p>01 de septiembre de 2009 &#8211; 25 de agosto del 2009 &#8211; 18 de agosto del 2009 &#8211; 11 de agosto del 2009 &#8211; 04 de agosto del 2009 &#8211; 23 de junio del 2009 &#8211; 16 de junio del 2009 &#8211; 09 de junio del del 2009 &#8211; 02 de junio del 2009 &#8211; 26 de mayo del 2009 &#8211; 19 de mayo del 2009 &#8211; 12 de mayo del 2009 &#8211; 5 de mayo del 2009 &#8211; 28 de abril del 2009 &#8211; 21 de abril del 2009 &#8211; 14 de abril del 2009 &#8211; 7 de abril del 2009 &#8211; 31 de marzo del 2009 &#8211; 10 de marzo del 2009 &#8211; 3 de marzo del 2009 &#8211; 24 de febrero del 2009 &#8211; 17 de febrero del 2009 &#8211; 11 de febrero del 2009 &#8211; 3 de febrero del 2009 &#8211; 27 de enero del 2009 &#8211; 13 de agosto del 2008 &#8211; 28 de junio del 2008 &#8211; 6 de junio del 2008 <\/p>\n","protected":false},"author":1,"featured_media":0,"comment_status":"open","ping_status":"open","sticky":false,"template":"","format":"standard","meta":{"footnotes":""},"categories":[],"tags":[],"class_list":["post-8210","post","type-post","status-publish","format-standard","hentry"],"_links":{"self":[{"href":"https:\/\/intervius.com\/index.html\/wp-json\/wp\/v2\/posts\/8210","targetHints":{"allow":["GET"]}}],"collection":[{"href":"https:\/\/intervius.com\/index.html\/wp-json\/wp\/v2\/posts"}],"about":[{"href":"https:\/\/intervius.com\/index.html\/wp-json\/wp\/v2\/types\/post"}],"author":[{"embeddable":true,"href":"https:\/\/intervius.com\/index.html\/wp-json\/wp\/v2\/users\/1"}],"replies":[{"embeddable":true,"href":"https:\/\/intervius.com\/index.html\/wp-json\/wp\/v2\/comments?post=8210"}],"version-history":[{"count":0,"href":"https:\/\/intervius.com\/index.html\/wp-json\/wp\/v2\/posts\/8210\/revisions"}],"wp:attachment":[{"href":"https:\/\/intervius.com\/index.html\/wp-json\/wp\/v2\/media?parent=8210"}],"wp:term":[{"taxonomy":"category","embeddable":true,"href":"https:\/\/intervius.com\/index.html\/wp-json\/wp\/v2\/categories?post=8210"},{"taxonomy":"post_tag","embeddable":true,"href":"https:\/\/intervius.com\/index.html\/wp-json\/wp\/v2\/tags?post=8210"}],"curies":[{"name":"wp","href":"https:\/\/api.w.org\/{rel}","templated":true}]}}