{"id":8197,"date":"2011-02-03T00:00:00","date_gmt":"2006-11-06T00:00:00","guid":{"rendered":"https:\/\/intervius.com\/index.html\/?p=8197"},"modified":"2006-11-06T00:00:00","modified_gmt":"2006-11-06T00:00:00","slug":"Luis_Prados8197","status":"publish","type":"post","link":"https:\/\/intervius.com\/index.html\/Luis_Prados8197\/","title":{"rendered":"Luis Prados"},"content":{"rendered":"<p>Pregunta.- Buenos dias, Queria preguntarle \u00bfpor que &#8220;ahora&#8221; esta peticion popular de cambios politicos (de manera tan masiva) en varios paises arabes? \u00bfque lo ha &#8220;encendido&#8221;? Gracias<\/p>\n<p>Respuesta.- Buena parte de los pa\u00edses \u00e1rabes estaban sufriendo en los \u00faltimos meses la carest\u00eda derivada de la crisis econ\u00f3mica internacional pero la verdadera chispa estall\u00f3 en T\u00fanez con la inmolaci\u00f3n a lo bonzo de un joven licenciado en paro. Su sacrificio fue la espoleta de una bomba de relojer\u00eda demogr\u00e1fica, son pa\u00edses donde la mayor\u00eda de la poblaci\u00f3n tiene menos de 30 a\u00f1os y ning\u00fan futuro, econ\u00f3mica y pol\u00edtica, con una ausencia casi total de libertades. Los j\u00f3venes tunecinos, movilizados a trav\u00e9s de Facebook y Twitter, pusieron en marcha un movimiento de protesta espont\u00e1neo, sin distinci\u00f3n de clase o edad, que acab\u00f3 expulsando al dictador. Su \u00e9xito ha demostrado al resto de los pa\u00edses \u00e1rabes que viven bajo dictaduras que es posible el cambio y han seguido su ejemplo.<\/p>\n<p>P.- \u00bfLa poblaci\u00f3n est\u00e1 pidiendo un cambio democr\u00e1tico \u00f3 simplemente protesta por las adversas condiciones de vida (paro, precios, hambruna..)? \u00bfhay posibilidades reales de estados de derecho en el mundo \u00e1rabe? (el experimento parece haber fracasado en Irak) Gracias por su atenci\u00f3n<\/p>\n<p>R.- En mi opini\u00f3n, en las protestas est\u00e1 en primer plano la exigencia de libertad y democracia. Los manifestantes, los j\u00f3venes que son sus verdaderos protagonistas, saben que s\u00f3lo la democracia supondr\u00e1 una mejor distribuci\u00f3n de loa ingresos, que s\u00f3lo la libertad generar\u00e1 oportunidades. S\u00f3lo con el cambio hay futuro. Los r\u00e9gimenes que han durado 23 a\u00f1os como en T\u00fanez o 30 como Egipto han fracasado pol\u00edtica y econ\u00f3micamente. S\u00ed creo que hay posibilidades de Estados de derecho en el mundo \u00e1rabe y por eso estamos ante un acontecimiento de dimensiones hist\u00f3ricas. Si las revueltas democr\u00e1ticas triunfan, el mundo \u00e1rabe ganar\u00e1 una legitimidad in\u00e9dita hasta ahora, que quiz\u00e1 sea una de las grandes fallas del nuevo Irak.<\/p>\n<p>P.- Estimado Luis , sabiendo la naturalez de la mayoria de los regimenes arabes, Como puede Francia y otros paises occidentales justificar el aumento de venta de material antidisturbio a esos regimenes . parece que la UE quiere la democracia y los derechos humanos para si misma , preo no para los emas . <\/p>\n<p>R.- La actitud de los Estados europeos y de la Uni\u00f3n Europea en esta crisis hasta el momento es injustificable. No s\u00f3lo es inmoral sino que es contraproducente en t\u00e9rminos pr\u00e1cticos y pol\u00edticos. La miop\u00eda europea ante los acontecimientos tendr\u00e1 consecuencias: un enorme desprestigio y menor capacidad para gestionar nuestros legitimos intereses en la zona. <\/p>\n<p>P.- Crees que el cambio que esta viendo en el mundo Arabe,puede llegar a Marruecos?<\/p>\n<p>R.- Hay tendencias comunes en el movimiento de protesta que recorre el mundo \u00e1rabe pero cada pa\u00eds tiene sus propias particularidades. No soy un experto en Marruecos y es dif\u00edcil aventurar qu\u00e9 pasar\u00e1, pero no hay que descartar que la revoluci\u00f3n democr\u00e1tica que se est\u00e1 viviendo en algunos pa\u00edses obligue a la monarqu\u00eda marroqu\u00ed a hacer reformas, al menos para prevenir las protestas. <\/p>\n<p>P.- Ante todo buenos d\u00edas: \u00bfEstas protestas van dirigidos contra un regimen, pero cuales son las peticiones pol\u00edticas y si estas tienden a una mayor secularizaci\u00f3n de la sociedad o no?.<\/p>\n<p>R.- Las peticiones pol\u00edticas son muy claras y muy sencillas: libertad, democracia, reformas, oportunidades, futuro. Y tanto en T\u00fanez como en Egipto, dos pa\u00edses bastante secularizados, no parece que nadie est\u00e9 pensando que ese futuro lo gobiernen los cl\u00e9rigos.<\/p>\n<p>P.- Buenos d\u00edas. \u00bfCree que fue determinante la revoluci\u00f3n en T\u00fanez para que tuvieran lugar las protestas en Egipto o la situaci\u00f3n all\u00ed estaba suficientemente deteriorada para que comenzasen en cualquier momento?<\/p>\n<p>R.- Sin ninguna duda. T\u00fanes demostr\u00f3 que es posible el cambio, que se puede echar al dictador.<\/p>\n<p>P.- \u00bfCree que habr\u00e1 menos resistencia al cambio en, el mundo \u00e1rabe ahora con Obama como presidente de EE UU que, si fuera estado Baush?<\/p>\n<p>R.- La actitud de la Administraci\u00f3n de Obama ha sido desde el principio favorable al cambio, lo que no han hecho otras grandes potencias. El presidente Obama tiene una dif\u00edcil ecucai\u00f3n por delante: debe honrar sus propias palabras en el discurso de El Cairo de 2009 y los intereses de EE UU y su credibilidad ante sus aliados y al tiempo actuar con cautela para no ser acusado de injerencia. Con el pensamiento pol\u00edtico de la Administraci\u00f3n de Bush las cosas hubieran sido mucho m\u00e1s dif\u00edciles.<\/p>\n<p>P.- \u00bfesta Israel detr\u00e1s de Mubarak? <\/p>\n<p>R.- Israel est\u00e1 siguiendo los acontecimientos de Egipto con enorme inquietud. El miedo a la inestabilidad del m\u00e1s importante pa\u00eds \u00e1rabe con el que ha firmado un tratado de paz (el otro es Jordania) es una preocupaci\u00f3n l\u00f3gica y leg\u00edtima. Pero no es tanto que &#8220;est\u00e9 detr\u00e1s de Mubarak&#8221; como el temor a que cualquier cambio en Egipto y en otros pa\u00edses \u00e1rabes altere el statu quo en la regi\u00f3n y acabe perjudic\u00e1ndole.<\/p>\n<p>P.- Ante una situaci\u00f3n en Egipto que se est\u00e1 yendo de las manos&#8230; \u00bfQu\u00e9 puede hacer la comunidad internacional?<\/p>\n<p>R.- La comunidad internacional, es decir Occidente, porque China y Rusia parecen sentirse exentos de esta responsabilidad, deber\u00edan actuar con prudencia pero tambi\u00e9n con firmeza a favor las reformas democr\u00e1ticas facilitando el cambio. Incrementando la presi\u00f3n diplom\u00e1tica y econ\u00f3mica sobre los dictadores y respaldando a los opositores.<\/p>\n<p>P.- Se\u00f1or Prados, \u00bfexiste alguna posibilidad de que los procesos democr\u00e1ticos que se est\u00e1n iniciando en esos pa\u00edses caigan en manos de radicales isl\u00e1micos? Creo que esa preocupaci\u00f3n est\u00e1 en la mente de muchos de nosotros. Gracias de antemano<\/p>\n<p>R.- Creo que es dif\u00edcil. Tanto T\u00fanez como Egipto son sociedades laicas, mediterr\u00e1neas, donde el turismo ha tenido gran influencia. Los partidos isl\u00e1micos, Renacer en T\u00fanez y los Hermanos Musulmanes en Egipto, encontrar\u00e1n su lugar al sol, tendr\u00e1n su influencia, incluso podran llegar a ser un factor de poder pero eso no tiene nada que ver con una islamizaci\u00f3n de la sociedad o una revoluci\u00f3n isl\u00e1mica.<\/p>\n<p>P.- \u00bfQu\u00e9 probabilidades hay de que las revueltas se extiendan a Siria? \u00bfEs razonablemente seguro viajar a Siria en mayo o julio?<\/p>\n<p>R.- Hay protestas convocadas en Damasco ma\u00f1ana y pasado. Habr\u00e1 que esperar y ver si se llega a desarrollar esa protesta y la actitud del r\u00e9gimen. Siria es un pa\u00eds m\u00e1s cerrado y aislado internacionalmente que T\u00fanez y Egipto y gobernado con pu\u00f1o de hierro por la dinast\u00eda republicana Assad desde hace d\u00e9cadas. Es pronto para saber qu\u00e9 pasar\u00e1 en primavera.<\/p>\n<p>P.- \u00bfnLas redes sociales, en su opini\u00f3n, han &#8220;encendido la mecha&#8221; de la revoluci\u00f3n o han sido meros transmisores del descontento generalizado? <\/p>\n<p>R.- Han sido algo m\u00e1s que transmisores: han sido movilizadores como pudieron serlo los panfletos durante la Revoluci\u00f3n Francesa.<\/p>\n<p>P.- \u00bfEst\u00e1 Al qaeda detr\u00e1s de las revueltas del mundo \u00e1rabe?<\/p>\n<p>R.- Rotundamente no. La revoluci\u00f3n democr\u00e1tica que se desarrolla en T\u00fanez y Egipto y tal vez se extienda a otros pa\u00edses es un rotundo desmentido a todos los planteamientos, a la t\u00e1ctica, objetivos y ret\u00f3rica de la organizaci\u00f3n terrorista de Bin Laden.<\/p>\n","protected":false},"excerpt":{"rendered":"<p>Tras las protestas en T\u00fanez, que acabaron con el r\u00e9gimen de Ben Al\u00ed, la oleada de cambios en el mundo \u00e1rabe tiene en jaque al egipcio Mubarak y amenaza con extenderse a otros pa\u00edses de la zona. Luis Prados, redactor jefe de Internacional de EL PA\u00cdS, ha charlado con los lectores sobre estos acontecimientos y sus posibles consecuencias.<br \/>\n Foto: Alberto Ferreras<\/p>\n","protected":false},"author":1,"featured_media":0,"comment_status":"open","ping_status":"open","sticky":false,"template":"","format":"standard","meta":{"footnotes":""},"categories":[],"tags":[],"class_list":["post-8197","post","type-post","status-publish","format-standard","hentry"],"_links":{"self":[{"href":"https:\/\/intervius.com\/index.html\/wp-json\/wp\/v2\/posts\/8197","targetHints":{"allow":["GET"]}}],"collection":[{"href":"https:\/\/intervius.com\/index.html\/wp-json\/wp\/v2\/posts"}],"about":[{"href":"https:\/\/intervius.com\/index.html\/wp-json\/wp\/v2\/types\/post"}],"author":[{"embeddable":true,"href":"https:\/\/intervius.com\/index.html\/wp-json\/wp\/v2\/users\/1"}],"replies":[{"embeddable":true,"href":"https:\/\/intervius.com\/index.html\/wp-json\/wp\/v2\/comments?post=8197"}],"version-history":[{"count":0,"href":"https:\/\/intervius.com\/index.html\/wp-json\/wp\/v2\/posts\/8197\/revisions"}],"wp:attachment":[{"href":"https:\/\/intervius.com\/index.html\/wp-json\/wp\/v2\/media?parent=8197"}],"wp:term":[{"taxonomy":"category","embeddable":true,"href":"https:\/\/intervius.com\/index.html\/wp-json\/wp\/v2\/categories?post=8197"},{"taxonomy":"post_tag","embeddable":true,"href":"https:\/\/intervius.com\/index.html\/wp-json\/wp\/v2\/tags?post=8197"}],"curies":[{"name":"wp","href":"https:\/\/api.w.org\/{rel}","templated":true}]}}