{"id":8180,"date":"2011-02-01T00:00:00","date_gmt":"2006-11-06T00:00:00","guid":{"rendered":"https:\/\/intervius.com\/index.html\/?p=8180"},"modified":"2006-11-06T00:00:00","modified_gmt":"2006-11-06T00:00:00","slug":"Tomas_Roncero8180","status":"publish","type":"post","link":"https:\/\/intervius.com\/index.html\/Tomas_Roncero8180\/","title":{"rendered":"Tom\u00e1s Roncero"},"content":{"rendered":"<p>Pregunta.- Hola Roncero. Te escuhce ayer en la radio hablar de que preferias las copas, a principio de temporada un amigo me comento que el madrid estaba muy fuerte para reventar la liga y yo le conteste que la copa y la champions si porque los equipos de Mau llega el momento que bajan la forma en liga para dar prioridad a otros asi paso recientemente en el inter que tiro una renta de nueve puntos para jugarse la liga en el ultimo partido. Ahora te pregunto realmente cres que la decima opaque el efecto barca esta temporada<\/p>\n<p>Respuesta.- Es evidente que con Mourinho lo de las eliminatorias se le da bien. Mira el Inter o el Chesea. O el Oporto. La historia habla por \u00e9l. Pese a lo ocurrido en la Liga, conf\u00edo plenamente en \u00e9l. <\/p>\n<p>P.- Hola de nuevo, fen\u00f3meno. Es la segunda pregunta que te hago, pero bueno, a ver si por el hecho de que llevo semanas intentando preguntarte a t\u00ed, y a Rela\u00f1o cosas, y nunca las publican, a ver si hoy tengo suerte y me publican mis dos preguntas. He leido tu informaci\u00f3n sobre lo de Pedro Le\u00f3n. \u00bfYa se quiere desprender el Madrid de \u00e9l? Pero si est\u00e1 recien fichado&#8230; se ve que a MOu no le hace mucho til\u00edn este hombre pero&#8230; \u00bfTraspasaran a Pedro Le\u00f3n al final de temporada si llega una buen oferta? Y si lo traspasan, \u00bfes ya para siempre, o es para que se sigua fogueando, y luego vuelva m\u00e1s hecho? Un abrazo crack.<\/p>\n<p>R.- Pedro Le\u00f3n y Canales vinieron de la mano de Valdano y es evidente que a Mourinho no le acaban de convencer del todo. Es una pena porque me gustan mucho los dos. Espa\u00f1oles, con talento y jugadores creativos. Pero Mou es mucho Mou y tiene su cord\u00f3n de seguridad con otros futbolistas. Se lo respeto, aunque me gustar\u00eda que les diera m\u00e1s bola a estos dos espa\u00f1oles j\u00f3venes y sobradamente preparados. <\/p>\n<p>P.- Buenos d\u00edas Tom\u00e1s. Soy cul\u00e9 y yo digo que la liga no est\u00e1 acabada ni mucho menos. S\u00f3lo si el Barcelona piensa as\u00ed va a ganar la liga. Y por lo visto con Pep, as\u00ed va a ser. Ahora bien, como madridista confeso que eres, \u00bfcomo os qued\u00f3 el cuerpo al ver que vuestro dios Mou no es realmente un dios y que es m\u00e1s humano que yo? \u00bfNo os aferr\u00e1is demasiado al &#8220;milagro y a la \u00e9pica&#8221;? Creo que tu Madrid ha dejado de ser el equipo elegante, humilde y admirado. Por ah\u00ed empiezan los problemas. De ra\u00edz. Con todos mis respetos, creo que deb\u00e9is cambiar las formas, la mentalidad y a Florentino. \u00bfPiensas lo mismo que yo? Gracias desde Mallorca por contestar.<\/p>\n<p>R.- Amigo asumo que para el Bar\u00e7a son buenos momentos y que al Madrid se le ha complicado parte del cuadro. Pero te recuerdo que estamos a un paso de jugar la primera final en siete a\u00f1os y que en la Champions el Madrid ha sido el mejor equipo de los 16 que se han metido en octavos. Y la Liga, como bien dices t\u00fa mismo, no est\u00e1 sentenciada todav\u00eda. Mourinho tiene su personalidad, pero tampoco es admisible la agresividad que se destila contra el Madrid. Que Mou sea de car\u00e1cter fuerte no justifica los ataques irracionales que est\u00e1 sufriendo el Madrid. <\/p>\n<p>P.- Tomas, es cierto que Iniesta esta cerrado por la candidatura de Camacho en las antiguas elecciones?? Porque entonces salio Ramon Calderon??<\/p>\n<p>R.- S\u00ed, es cierto. Fern\u00e1ndez Tapias cerr\u00f3 el acuerdo en un hotel de Girona con la familia del chaval. Camacho ten\u00eda mucho ascendentes sobre Andr\u00e9s y le convenci\u00f3 de venir al Madrid el equipo de su infancia y de toda su familia. Pero al ganar Calder\u00f3n el acuerdo se rompi\u00f3. Una l\u00e1stima porque Iniesta habr\u00eda sido un grande en el Bernab\u00e9u y el Bar\u00e7a lo hubiera acusado mucho. <\/p>\n<p>P.- Hola Gran Tom\u00e1s. No crees que hay algo peor en el horizonte que esos 7 punos de desventaja con el Far\u00e7a? y es que si nos vemos en la final de la copa y unos dias depu\u00e9s en el Bernabeu nos puede caer la de San Quint\u00edn y el cr\u00e9dito de Mou se ira por el desag\u00fce?<\/p>\n<p>R.- A m\u00ed el Bar\u00e7a no me da miedo, s\u00f3lo respeto. Primero nos vemos en Liga (16 de abril) y cuatro d\u00edas despu\u00e9s en la final de Copa, siempre que ma\u00f1ana consumemos la clasificaci\u00f3n para la final ante ese Sevilla de mi amigo Manzano que ser\u00e1 correoso y duro de pelar. Me motiva medirme al Bar\u00e7a varias veces en abril. Ojal\u00e1 que tambi\u00e9n en la Champions. A m\u00ed no me dan ning\u00fan miedo. <\/p>\n<p>P.- Tomas , estoy muy preocupada , \u00bfdonde esta el por qu\u00e9 este ferviente antimadridismo que se ha despertado por toda Espa\u00f1a? \u00bfQue hemos hecho? \u00bfPor qu\u00e9 este odio? Gracias y Hala Madrid \u00a1\u00a1<\/p>\n<p>R.- Empiezo a pensar que hay un trasfondo pol\u00edtico. No es normal que con la excusa de Mourinho y Cristiano se intente abrir la cabeza a Casillas, uno de nuestros h\u00e9roes nacionales en Sud\u00e1frica. Hay gente que est\u00e1 alimentando esta inquina irracional y v\u00eddeos como el del Sevilla no ayudan a apaciguar los \u00e1nimos. Una pena. El f\u00fatbol es una fiesta y algunos se empe\u00f1an en emponzo\u00f1arla. <\/p>\n<p>P.- Tomas \u00bfC\u00f3mo ves la marcha de Torres al Chelsea , no considera que este jugador ensta un poquito hinchado? Gracias\u00a1\u00a1\u00a1<\/p>\n<p>R.- En ocasiones llegu\u00e9 a pensar eso y m\u00e1s con lo ocurrido en el Mundial, pero si han pagado esa enormidad por \u00e9l es porque all\u00ed sus cualidades son perfectas para la Premier. Su potencia en carrera, su pegada y su personalidad le hacen un jugador grande de Premier. Me alegro por el chaval y es un orgullo que un espa\u00f1ol sea el fichaje m\u00e1s caro de la historia de Inglaterra. Grande Torres. <\/p>\n<p>P.- Hola se\u00f1or Roncero, \u00bfComo sienta a un madridista de pro como usted que el Real Madrid se interese en fichar a la estrella del Atleti, Sergio Ag\u00fcero?; \u00bfNo cree usted que el Real Madrid necesitar\u00eda emplear esos 45 millones en algun &#8220;pelotero&#8221; que mueva el juego en el centro del campo tipo Javi Martinez o Mikel Arteta?; \u00bfPropondria usted alg\u00fan nombre para dicha demarcaci\u00f3n? Muchas gracias y un cordial saludo.<\/p>\n<p>R.- Lo de traer a la estrella del Atleti no es nuevo amigo. Ya ocurri\u00f3 con Hugo S\u00e1nchez y m\u00e1s tarde con Paco Llorente. En cuanto a Javi Mart\u00ednez o Arteta, me encantan los dos. Yo los tra\u00eda para el Madrid para que apoyaran m\u00e1s a Xabi Alonso, que est\u00e1 solo ante el peligro. <\/p>\n<p>P.- Otro a\u00f1o en blanco&#8230;que va a pasar ahora Tom\u00e1s?<\/p>\n<p>R.- Es una profec\u00eda negativa. No me adhiero a ella. Yo s\u00ed creo que caer\u00e1 alg\u00fan t\u00edtulo. Hablamos en mayo. <\/p>\n<p>P.- Te escuche ayer decir que te parecia una verg\u00fcenza las portadas de Barcelona diciendo que el Madrid se rendia, al menos los jugadores aun le tienen algo de respeto, que no miedo como pensais, al rival. Pero \u00bfComo no van a decir eso los periodicos, cuando vosotros poneis en portada: La Liga ha muerto, viva la copa y viva la champions? \u00bfNo es ser un tanto hipocrita?<\/p>\n<p>R.- Es un sarcasmo amigo. Pura iron\u00eda. El AS traslad\u00f3 un realismo que dejaba dos esperanzas grandes para el madridismo: Copa y Champions. Pero resulta que ayer tanto Guardiola como Cruyff ponen el dedo en la llaga y dicen que ojo al Madrid. Por eso me parecen muy fuertes las portadas de Barcelona hablando de rendici\u00f3n y perdiendo el respeto a dos de sus t\u00f3tem ideol\u00f3gicos. <\/p>\n<p>P.- Apreciado Tomas, arroja un poco de luz a mis dudas, en el mes de septiembre, todos los medios comparaban nuestra platilla con la del barsa, llegando a la conclusi\u00f3n de que los onces titulares estaban muy igualados, pero que nuestros jugadores no titulares (reservas) eran much\u00edsimo mejores y nuestra plantilla mas amplia, con lo cual soportar\u00edamos mucho mejor la cuesta de enero, ahora los mismos medios dicen que nuestros chicos est\u00e1n fundidos \u00bfsi nuestro once titular era igual que el del barsa, nuestro banquillo mejor y mas amplio, que falla? \u00bfEl entrenador por no hacer rotaciones? \u00bflos medios por que se equivocaron?. Te ruego aclares mis dudas.<\/p>\n<p>R.- No es f\u00e1cil aclarar tus dudas amigo. Sigo creyendo que el Madrid tiene un plantill\u00f3n y un magn\u00edfico once inicial. Es cierto que Mourinho ha rotado poco y eso se est\u00e1 pagando. Di Mar\u00eda es el mejor ejemplo de ello. Pero quedan cuatro meses de competici\u00f3n y tomar conclusiones definitivas puede ser un error. Hasta el rabo todo es toro se\u00f1or. <\/p>\n<p>P.- hola tomas . queria preguntarte si en los partidos del madrid contra villareal, valencia y atletico de madrid no habia villarato. gracias<\/p>\n<p>R.- Claro que no. Ante el Villarreal es cierto que el segundo gol era en fuera de juego, pero el \u00e1rbitro castig\u00f3 al Madrid con tres fueras de juego que no eran y eran acciones claras de gol. Ante el Valencia perdonaron un penalti de Miguel a Di Mar\u00eda que era roja adem\u00e1s, y tambi\u00e9n la segunda tarjeta a Bruno. Y Albelda saca el brazo y le da entre el hombro y el brazo. luego se puede sancionar mano y amarilla por la intencionalidad. Y con el Atleti el primer gol de Forl\u00e1n ven\u00eda de un fuera de juego del Kun. Claro que hubo Vuillarato. Ten\u00edas raz\u00f3n. <\/p>\n<p>P.- Tomas, porque Borja valero no esta al lado de Alonso y si lo estan medianias como Kedhira y Lass?? No sabemos de futbol o que??<\/p>\n<p>R.- Lo de Borja Valero, Mata y Negredo clama al cielo. Ese Castilla de M\u00edchel ten\u00eda varios cracks de Primera y todos tuvieron que emigrar. Una pena. <\/p>\n<p>P.- Tomas! Como cul\u00e9 tengo que decirte que este Madrid me ha decepcionado. Pensaba que sentiriamos su aliento en el cogote toda la temporada pero se esta viendo que no le aguanta el ritmo al Barcelona. \u00bfSe vendi\u00f3 demasiado humo des de la capital con este Madrid? Gracias!<\/p>\n<p>R.- Nunca digas nunca jam\u00e1s. Este cuento no se ha acabado compa\u00f1ero. Ojo al final que puede llevar incluido un kinder sorpresa.<\/p>\n<p>P.- Hola Tom\u00e1s, \u00bfVe usted al Real Madrid capaz de hacer un partido el miercoles que calle todas las bocas que dicen que el Real esta en un periodo de declive inevitable? Saludos desde Amsterdam!<\/p>\n<p>R.- Claro que s\u00ed amigo. Ma\u00f1ana el Bernab\u00e9u ser\u00e1 un clamor para celebrar la primera clasificaci\u00f3n para una final en siete a\u00f1os. Y si me hablas desde Amsterdam te recuerdo que all\u00ed cambi\u00f3 nuestra historia con la S\u00e9ptima. A por ellos crack. <\/p>\n<p>P.- Tomas , \u00bfpor qu\u00e9 Xavi e Iniesta alla donde van son aplaudidos y laureados , mientras que nuestros cinco campeones ; entre ellos el capitan de la Seleccion que nos dio una Eurocopa y medio mundial; son pitados , les tiran botellas , le insultan ? Un saludo crak \u00a1\u00a1<\/p>\n<p>R.- Yo tambi\u00e9n me lo pregunto. Me parece una terrible injusticia. Espero que las aficiones recapaciten y cambien el chip. Son h\u00e9roes nacionales y no entiendo que la gente anteponga su antimadridismo a eso. <\/p>\n<p>P.- roncero que nos pasa?, que necesita el equipo? es mou nuestro tecnico?, ahora m\u00e1s que nunca hala madrid, hay que apretar los dientes animo somos el Madrid!!! un abrazo roncero. <\/p>\n<p>R.- Claro que Mou es el t\u00e9cnico ideal opara los pr\u00f3ximos a\u00f1os. Cometer\u00e1 errores, seguro, pero es un l\u00edder y la afici\u00f3n cree en \u00e9l. Seguro que Mourinho devuelve al Madrid este a\u00f1o a Cibeles. Tiempo al tiempo. <\/p>\n<p>P.- que te parece lo que dicen?, el Madrid de Mou es un timo. Yo lamentandolo mucho, estoy de acuerdo, por se\u00f1orio de nuestro club, tendriamos que reconocer que estamos ante el mejor equipo de todos los tiempos y no tenemos nada que hacer en ninguna competici\u00f3n si nos enfrentamos a ellos. Fuera Florentino y Mou y que venga savia nueva, Michel entrenador, que te parece?.Un abrazo crack.<\/p>\n<p>R.- Te veo muy catastrofista amigo. Ten paciencia. El Madrid no ha dicho su \u00faltima palabra y mira lo que pas\u00f3 en 2007 con la Liga de Capello. El Clavo Ardiendo nunca se rinde amigo. <\/p>\n<p>P.- Hola Tom\u00e1s. Cuando va a despertar la fiera que pronosticaste?, cada vez est\u00e1 m\u00e1s lejos del campe\u00f3n. Veo otro a\u00f1o en blanco. Un saludo.<\/p>\n<p>R.- Esa fiera est\u00e1 guardada en la caja fuerte hasta la final de Copa y la Champions. La ver\u00e1s. No dudes o te pasar\u00e1 como a Santo Tom\u00e1s de Aquino cuando toc\u00f3 las llagas de Cristo. <\/p>\n<p>P.- tomas \u00bfContinuara Valdano al frente de la direccion general del club al acabar la temporada? Gracias \u00a1\u00a1<\/p>\n<p>R.- Espero que s\u00ed. Ser\u00eda lo m\u00e1s l\u00f3gico porque en una estructura grande de club es necesario que haya un director general y un portavoz. Y Valdano lo es. <\/p>\n<p>P.- hola tomas!!de verdad crees todavia y defiendes que esta liga se la puede llevar el barcelona por el villarato? en pamplona se vio que al madrid no le hacen falta los arbritos para qiutarle la liga porque ya se bastan por si solitos!!ojo que soy del madrid pero lo veo todo muy negro<\/p>\n<p>R.- Tranquilo, ya llover\u00e1 menos. \u00c1nimo vikingo.<\/p>\n<p>P.- Hola se\u00f1or Roncero, \u00bfQue jugadores del Castilla ve usted preparados para rendir el a\u00f1o pr\u00f3ximo en el primer equipo? Y cuando digo rendir digo que jueguen en torno a 20 o 25 partidos como m\u00ednimo. Yo le propongo a dos: Morata y Juan Carlos. \u00bfEst\u00e1 usted de acuerdo con mi proposici\u00f3n? Un saludo!<\/p>\n<p>R.- Me encanta Morata y tambi\u00e9n Juanfran, un extremo r\u00e1opido y muy vivo. Juan Carlos tambi\u00e9n me gusta. Y \u00c1lex, y Carvajal, y Sarabia (un genio), y Jes\u00e9 Rodr\u00edguez, y Ra\u00fal de Tom\u00e1s&#8230; <\/p>\n<p>P.- Se ha asegurado la vuelta de Parejo. \u00bfDe verdad tiene el benepl\u00e1cito de Mourinho o es simplemente un gesto de cara a la galer\u00eda para que se vea que se conf\u00eda en la cantera? Porque si no pasar\u00e1 lo mismo que con Granero. Gracias<\/p>\n<p>R.- Tiene todas las bendiciones de Mourinho. Te lo aseguro. Lo publicamos en el AS y va a misa. Es un acierto. Gran centrocampisa y le dar\u00e1 un respiro a Xabi Alonso. Buen fichaje. <\/p>\n<p>P.- \u00bfSigue pensando que el Madrid tiene alguna opcion ante este barsa?\u00bfCree de veras que si messi fuera del Madrid usted no estaria todo el dia diciendo que tienen al mejor de la historia?Le pido sinceridad maxima y que deje de lado sus colores.<\/p>\n<p>R.- No es mala idea en cuanto a estrategia, pero es tan dif\u00edcil agachar la cabeza ante esta gente tan ca\u00f1era con el Madrid&#8230; Me niego a rendirme. Ya veremos qui\u00e9n gana esta batalla en el \u00faltimo d\u00eda. En la final de Copa, por ejemplo. O en Wembley el 28 de mayo, por ejemplo&#8230;<\/p>\n","protected":false},"excerpt":{"rendered":"<p>El redactor jefe de la secci\u00f3n del Real Madrid ha analizado la actualidad del club de Concha Espina con los internautas, protagonizada esta vez por la derrota en Pamplona y el partido de vuelta de la semifinal de la Copa del rey que le enfrentar\u00e1 al Sevilla en el Bernab\u00e9u.<\/p>\n","protected":false},"author":1,"featured_media":0,"comment_status":"open","ping_status":"open","sticky":false,"template":"","format":"standard","meta":{"footnotes":""},"categories":[],"tags":[],"class_list":["post-8180","post","type-post","status-publish","format-standard","hentry"],"_links":{"self":[{"href":"https:\/\/intervius.com\/index.html\/wp-json\/wp\/v2\/posts\/8180","targetHints":{"allow":["GET"]}}],"collection":[{"href":"https:\/\/intervius.com\/index.html\/wp-json\/wp\/v2\/posts"}],"about":[{"href":"https:\/\/intervius.com\/index.html\/wp-json\/wp\/v2\/types\/post"}],"author":[{"embeddable":true,"href":"https:\/\/intervius.com\/index.html\/wp-json\/wp\/v2\/users\/1"}],"replies":[{"embeddable":true,"href":"https:\/\/intervius.com\/index.html\/wp-json\/wp\/v2\/comments?post=8180"}],"version-history":[{"count":0,"href":"https:\/\/intervius.com\/index.html\/wp-json\/wp\/v2\/posts\/8180\/revisions"}],"wp:attachment":[{"href":"https:\/\/intervius.com\/index.html\/wp-json\/wp\/v2\/media?parent=8180"}],"wp:term":[{"taxonomy":"category","embeddable":true,"href":"https:\/\/intervius.com\/index.html\/wp-json\/wp\/v2\/categories?post=8180"},{"taxonomy":"post_tag","embeddable":true,"href":"https:\/\/intervius.com\/index.html\/wp-json\/wp\/v2\/tags?post=8180"}],"curies":[{"name":"wp","href":"https:\/\/api.w.org\/{rel}","templated":true}]}}