{"id":8176,"date":"2009-08-31T00:00:00","date_gmt":"2006-11-06T00:00:00","guid":{"rendered":"https:\/\/intervius.com\/index.html\/?p=8176"},"modified":"2006-11-06T00:00:00","modified_gmt":"2006-11-06T00:00:00","slug":"Mela_Chercoles8176","status":"publish","type":"post","link":"https:\/\/intervius.com\/index.html\/Mela_Chercoles8176\/","title":{"rendered":"Mela Ch\u00e9rcoles"},"content":{"rendered":"<p>Pregunta.- Hola, Mela!! El campeonato se pone ON FIRE, THANKS, GOD!!!. A prop\u00f3sito, cada vez que veo a Schwantz subido en una m\u00e1quina de dos ruedas, me pongo cachondo como en Jarama en el 93 vi\u00e9ndole subir rampa Pegaso a toda leche sobre su RGV 500. Saludos!!!<\/p>\n<p>Respuesta.- Hola de nuevo. A\u00fan me late el coraz\u00f3n a mil por hora tras lo acontecido ayer en Indian\u00e1polis. \u00a1Primera y merecida victoria de Pol Espargar\u00f3! \u00a1Simoncelli le echa pimienta al Mundial de 250cc! \u00a1Y el de MotoGP vuelve a estar vivo gracias a la combinaci\u00f3n que supuso la victoria de Lorenzo con la ca\u00eddad de Rossi! Iremos entrando en detalle a medida que lleguen las preguntas. He empezado por esta de Juli, auque en realidad no veo pregunta alguna en su p\u00e1rrafo, por el simple hecho de que aparece la palabra Schwantz. Resultados al margen, para m\u00ed lo mejor del GP fue ver de nuevo al tejano cabalgar a lomos de la Suzuki RGV con el dorsal 34. Qu\u00e9 recuerdos y qu\u00e9 estilo, porque el Pajarito sigue en forma. Habl\u00e9 con \u00e9l despu\u00e9s y os puedo asegurar que estaba emocionado, aunque creo que yo lo estaba a\u00fan m\u00e1s. Juli ya sabe que el nombre de mi blog, BOX34, es en su honor. Por cierto, soy un mal queda de narices porque promet\u00ed una actualizaci\u00f3n que a\u00fan no he hecho. He tenido un veranito un poco liado, con mucha moto de por medio, pero prometo que antes de Misano habr\u00e1 un post nuevo. <\/p>\n<p>P.- Hola Mela! \u00bfQuien crees que ganara el Mundial Moto GP?<\/p>\n<p>R.- La l\u00f3gica dice que deber\u00eda ganarlo Valentino Rossi, pero esa misma l\u00f3gica nos hac\u00eda impensable antes de la carrera de Indian\u00e1polis que Jorge Lorenzo pudiera reducir de 50 puntos a 25 ventaja que le sacaba el italiano. \u00a1Hay Mundial!, y lo bueno es que ahora mismo no tengo claro que lo vaya a ganar El Doctor, aunque ser\u00eda lo l\u00f3gico. Digamos que el italiano tiene un 80% de posibilidades y el espa\u00f1ol un 20%, pero todo puede cambiar en cualquier momento, tanto a favor de uno como de otro. El coraz\u00f3n me dice que Lorenzo puede ganar el t\u00edtulo este mismo a\u00f1o. Quiz\u00e1 sea el influjo del subid\u00f3n de ayer. <\/p>\n<p>P.- hola buenas tardes \u00bfquien cree usted que tienen mas posibilidades de ganar el campeonato lorenzo en motogp o alvarito en 250cc? muchas gracias<\/p>\n<p>R.- Qu\u00e9 pregunta tan dif\u00edcil de contestar. En teor\u00eda Bautista tiene m\u00e1s posibilidades, sobre todo teniendo en cuenta que, para m\u00ed, ser\u00e1 m\u00e1s peligroso de cara al t\u00edtulo Simoncelli que Aoyama, por mucho que el japon\u00e9s sea el l\u00edder con 16 puntos de ventaja sobre el espa\u00f1ol. Todos los pilotos fallan en alguna ocasi\u00f3n y \u00e9l a\u00fan no lo ha hecho, con altas dosis de suerte como fue el hecho de que no se fuera al suelo con Bautista en Assen o ayer mismo con Di Meglio. En ambas acciones se salv\u00f3 de puro milagro, y eso tambi\u00e9n se agota. Mientras tanto, Simoncelli est\u00e1 lanzado, con dos victorias consecutivas, sin nada que perder, porque ten\u00eda el t\u00edtulo perdido hace tiempo, y con la cita de casa como pr\u00f3ximo objetivo. El italiano est\u00e1 a 11 puntos del espa\u00f1ol y a 27 del japon\u00e9s, ojo con \u00e9l que, en realidad, no estaba muerto, estaba de parranda. Resumiendo, veo m\u00e1s factible el t\u00edtulo de Bautista que el de Lorenzo, aunque para ello el talaverano tiene que dejarse de historias de puesta a punto y ponerse la pilas para las cinco carreras que quedan.<\/p>\n<p>P.- Hola, Mela! \u00bfCrees que Ducati ser\u00e1 capaz de armar un equipo para ganar el a\u00f1o que viene?. \u00bfC\u00f3mo anda Casey, y qu\u00e9 alternativas quedan si \u00e9ste al final no se recuperara para la competici\u00f3n?. Saludos!!<\/p>\n<p>R.- El estado de Casey Stoner es una aut\u00e9ntica inc\u00f3gnita. Hay que fiarse de lo que dice el equipo y Livio Suppo, director de la escuder\u00eda Marlboro Ducati, asegura que se est\u00e1 recuperando poco a poco y que estar\u00e1 en perfectas condiciones en Portugal. Yo eso no me lo acabo de creer del todo y tendr\u00e9 que verlo con mis ojitos en Estoril. En cuanto a la composici\u00f3n de su equipo, yo me atrever\u00eda a darle la Ducati oficial a Toni El\u00edas, es el que mejores resultados a hecho con ella despu\u00e9s de Stoner, y sin ser oficial. Habr\u00e1 que esperar algunas carreras para ver c\u00f3mo acaba todo, aunque no creo que Pedrosa se atreva a dar el salto a Ducati. No le imagino encima de ella. Adem\u00e1s, la Honda ha mejorado respecto al principio de temporada, justo cuando \u00e9l estaba tocado f\u00edsicamente, y creo que lo m\u00e1s sensato ser\u00eda renovar, y \u00e9l es un tipo sensato a la hora de tomar este tipo de decisiones.<\/p>\n<p>P.- crees que rossi acabara ganado el titulo o recortara mas puntos lorenzo.Seria rossi capaz de pasarse el a\u00f1o que viene a ducati<\/p>\n<p>R.- Sobre las posibilidades de t\u00edtulo de uno y otro te digo lo mismo que antes, que veo un 80 a 20 a favor de Rossi. Respecto a lo que dices de ver a Rossi en Ducati a partir de 2011&#8230; Es interesante, aunque a d\u00eda de hoy es s\u00f3lo especular. \u00c9l siempre ha dicho que le gustar\u00eda acabar su carrera deportiva en Yamaha y, cuando tuvo la oportunidad de irse a Ducati en el pasado, no lo hizo, entre otras cosas, porque odiaba la disciplina casi militar que exige el equipo rojo y que no va en absoluto con el estilo de vida hipie de Valentino. No me lo imagino aunque, por otro lado, tampoco es nada descabellado pensarlo. <\/p>\n<p>P.- Hola ayer te escuhe en onda cero decir que Alberto Puig no cae muy bien en el paddock \u00bftu crees que es malo para dani o esto no influye nada? \u00bfque le aconsejarias a dani que seguiera con el o que no?y porque<\/p>\n<p>R.- Esto el \u00fanico que realmente lo puede contestar es Dani Pedrosa aunque, visto desde fuera, s\u00ed que te puedo decir que mi impresi\u00f3n, y la de muchos compa\u00f1eros de profesi\u00f3n as\u00ed como otros profesionales de las carreras, es que a d\u00eda de hoy le perjudica m\u00e1s que le beneficia. Puig ha sido vital a lo largo de su carrera deportiva. Primero porque fue su descubridor, con la importancia que eso tiene. Despu\u00e9s, porque supo guiar su carrera deportiva para darle siempre el mejor material posible, algo que nunca le ha faltado al tricampe\u00f3n. Dicho eso, lo malo es que Dani parece en ocasiones un clon de Alberto, con un car\u00e1cter avinagrado, algo que se acent\u00faa cuando est\u00e1n juntos porque, cuando est\u00e1 \u00e9l solo, se le ve m\u00e1s abierto y accesible. A m\u00ed Dani nunca me pedir\u00eda un consejo, eso est\u00e1 claro, pero si lo hiciera en un asunto como \u00e9ste, le dir\u00eda que le alejara de su lado, sin malos rollos, con naturalidad y como un paso m\u00e1s en su evoluci\u00f3n. Tambi\u00e9n te digo otra cosa, en el pasado parec\u00eda impensable que Lorenzo y Amatria\u00edn rompieran antes que Pedrosa y Puig, pero as\u00ed ha sido. Igual ellos no rompen nunca. <\/p>\n<p>P.- Hola, Mela! \u00bfNo crees que, actitudes en la pista aparte, Simoncelli es el mejor con diferencia de 250?. \u00bfC\u00f3mo le ves en MOTOGP?. Saludos.<\/p>\n<p>R.- Me duele decir esto, y es algo que le coment\u00e9 ayer en petit comit\u00e9 a un amigo, pero como t\u00fa ya lo eres, porque eres un fijo, te lo dir\u00e9 tambi\u00e9n: Simoncelli me parece el piloto m\u00e1s fuerte de 250cc. Es incre\u00edble la evoluci\u00f3n que ha tenido en s\u00f3lo dos a\u00f1os y la fe que tiene en sus posibilidades. El a\u00f1o pasado gan\u00f3 pese a sumar dos ceros en las dos primeras carreras y esta temporada ha sucedido lo mismo y vuelve a estar en la pelea, con la ventaja que le da no tener nada que perder y con el hecho de ser ya campe\u00f3n. Tengo mucha curiosidad por ver qu\u00e9 ser\u00e1 capaz de hacer en MotoGP. Le veo con posibilidades de hacerlo bien desde el principio.<\/p>\n<p>P.- Hola Mela, \u00bfqu\u00e9 tal? Vaya como se ha puesto el mundial de MotoGP, y eso que parec\u00eda que ya estaba decidido. \u00bfC\u00f3mo crees que deber\u00eda afrontar el resto de carreras Lorenzo, esperando a que Rosi falle o arriesgando como hasta ahora? Con respecto a 250, \u00bfCrees que le esta pudiendo la presi\u00f3n a Bautista? Por \u00faltimo 125, \u00bfTe parece correcto el planteamiento de Sim\u00f3n en la carrera de 125, adem\u00e1s de que seg\u00fan dijo Aspar le hab\u00edan hecho m\u00e1s (o menos, no s\u00e9) grasa la moto para asegurar que no rompiera? A m\u00ed me pareci\u00f3 correcto ya que no parec\u00eda muy a gusto en esta pista, ya le llegar\u00e1n circuitos m\u00e1s favorables en los que pueda pelear, al fin y al cabo, por ahora en todos ha estado muy fuerte, por uno en el que no vaya del todo bien &#8230;!! Gracias.<\/p>\n<p>R.- Voy a ir por partes: 1 Lorenzo tiene que salir a intentar ganar en cada carrera. Eso es lo que le ha llevado a estar donde est\u00e1. 2 No s\u00e9 qu\u00e9 demonios le est\u00e1 pasando a Bautista, pero tampoco es para alarmarse del todo por un par de fines de semanas malos. En ambos salv\u00f3 los muebles con dos terceros puestos y el balance de puntos entre Brno e Indian\u00e1polis es de menos uno para Bautista respecto a Aoyama. 3 Respecto a Sim\u00f3n, no se te olvide que hizo la pole&#8230; Conservar con tantas carreras por delante no es bueno. O eso creo. Corre el riego de fallar por un exceso de relajaci\u00f3n o porque le atenacen los nervios. Debe correr como siempre y el t\u00edtulo caer\u00e1 por s\u00ed solo como fruta madura.<\/p>\n<p>P.- Hola Mela. \u00bfQu\u00e9 te parece que Toni El\u00edas no tenga moto para el a\u00f1o que viene? Creo que es mejor que muchos otros de la parrilla que s\u00ed van a tener moto&#8230; aunque s\u00f3lo se pone las pilas a final de temporada.<\/p>\n<p>R.- Estamos de acuerdo y me da pena que El\u00edas se vaya a quedar fuera de MotoGP el pr\u00f3ximo a\u00f1o, si es que finalmente lo hace. Hay pilotos peores que \u00e9l que van a estar pero, como ha dicho en alguna ocasi\u00f3n Colin Edwards y tantos otros, el pasaporte cuenta mucho en MotoGP y al promotor no le interesa tener cinco espa\u00f1oles en la parrilla. <\/p>\n<p>P.- Vamos a ver, no s\u00e9 si eres madrile\u00f1o o no, pero lo pareces a la legua, creo que tienes que modernizarte: 1. este peinado de tio joven enrollao no te favorece, tienes la cara ya de por si alrgada, pe\u00ednate mejor de costado (sin raya por favor). 2. Con esta papadita que tienes, mejor no te dejes barbita ah\u00ed debajo, adelgaza un poquito y d\u00e9jate solo perilla. Un poquito mas delgado se te ver\u00edan las orejs y parecer\u00edas mas joven. 3. Esta camisa de cuello tan alto es de madrile\u00f1o total. Es demasiado cl\u00e1sica y rancia. Camisa Ok pero esta no. 4. La americana de pana, NO, por DIOS!! otra cosa hiper mega cl\u00e1sica. Esta americana con una camiseta o con una camisa menos cl\u00e1sica (como la de rayas que llevas), estar\u00eda bien. Una camisa blanca lisa, aunque seguiria siendo cl\u00e1sico quedar\u00eda mejor. 5. No s\u00e9 si nadie te lo ha dicho todav\u00eda, pero, c\u00e1mbiate el nombre! supongo que esto es un diminutivo, pero es un poco rid\u00edculo. Yo creo que ya va siendo hora de utilizar tu nombre, que para eso est\u00e1. Psicol\u00f3gicamente, yo dir\u00eda que estas en tensi\u00f3n entre tu esp\u00edritu racional, conservador y cl\u00e1sico y tu &#8220;voluntad&#8221; de ser o parecer din\u00e1mico, abierto y mas moderno de lo que en el fondo eres. Estas son las conclusiones que he sacado solo de verte en la foto.<\/p>\n<p>R.- Ja ja ja ja ja ja ja ja ja ja. Es lo m\u00e1s grande que he le\u00eddo nunca. No s\u00e9 exactamente a qu\u00e9 te dedicas, pero te garantizo que no pienso hacerte ni pu\u00f1etero caso a cualquiera de las cosas que me has dicho, y que te agradezco. En la foto no s\u00e9 si has podido apreciar tambi\u00e9n que tengo una fuerte personalidad y que me importa un pimiento lo que digan los dem\u00e1s. La chaqueta es muy bonita, aunque no me la pongo en verano. Es m\u00e1s, casi nunca voy con chaqueta, pero me pidieron que en la foto del peri\u00f3dico s\u00ed deb\u00eda hacerlo, as\u00ed que cog\u00ed esa porque me hicieron la foto en invierno. En cuanto a la firma, lamento que te parezcan rid\u00edculos mis apellidos, porque no son diminutivo de nada. Chema Mela suena a C\u00f3memela y Chema Mela Ch\u00e9rcoles a C\u00f3memela el mi\u00e9rcoles, por eso firmo con los apellidos, y tambi\u00e9n porque mi madre tiene tanto derecho a presumir de hijo como mi padre. Perdona la sinceridad y la crudeza de estas l\u00edneas, pero es que es as\u00ed. Y por cierto, soy madrile\u00f1o, y a mucha honra, pero tambi\u00e9n espa\u00f1ol y ciudadano del mundo. \u00c1h\u00ed lo llevas. Ah, y de la barba ni hablar, que la llevo desde que fui al Dakar de 2004 y me trae buena suerte. Gracias por el esfuerzo y, aunque alg\u00fan d\u00eda cambiar\u00e9 la foto, no pienses que fue por lo que t\u00fa me dijiste. Eres un crack.<\/p>\n<p>P.- Hola, Mela! \u00bfNo crees que la actitud de Rossi de triturar a toda costa a Lorenzo le est\u00e1 pasando factura, m\u00e1s teniendo en cuenta que es su tercera ca\u00edda en lo que va de a\u00f1o? Aunque tal vez sea el \u00fanico camino de marcar el territorio cuando hay un puma de semejante agresividad amenazando tu status&#8230;Saludos.<\/p>\n<p>R.- Como dijo Rossi hace poco, su estilo de pilotaje y mentalidad ganadora le ha llevado a ganar tantas carreras. Si hubiera sido m\u00e1s conservador, seguramente tendr\u00eda los mismos t\u00edtulos, pero menos victorias. Est\u00e1 bien que sea as\u00ed y yo no me lo imagino tirando de calculadora en las \u00faltimas carreras, aunque tambi\u00e9n es cierto que jam\u00e1s tuvo un rival que le apretara tanto con sus mismas armas como hace Lorenzo.<\/p>\n<p>P.- Seria posible Alonso en Ferrari en Monza? El KERS sera obligatorio al a\u00f1o proximo o al siguiete? Me gusta tu trabajo, sigue en esa linea. Saludos.<\/p>\n<p>R.- Hombre un despistado. Me alegra que te guste mi trabajo, pero creo que no lo sigues demasiado. El de la F\u00f3rmula 1 es mi compa\u00f1ero Carlos Miquel, yo soy el de las motos. A\u00fan as\u00ed te dir\u00e9 que me encantar\u00eda ver a Alonso con el Ferrari lo antes posible y que lo que ya est\u00e1 prohibido para el a\u00f1o que viene son los repostajes.<\/p>\n<p>P.- Mela, qu\u00e9 le pasa a Rossi que patina, Rossi no se ca\u00eda tres veces en un a\u00f1o desde que dejo de gatear&#8230;<\/p>\n<p>R.- Que nunca le hab\u00edan apretado con tanta fuerza, constancia y regularidad como est\u00e1 haciendo Lorenzo este a\u00f1o. De todos modos, tambi\u00e9n te digo que dos de esas tres ca\u00eddas han sido con el asfalto mojado (Le Mans y Donington), por lo que s\u00f3lo la de ayer es m\u00e1s impersonable.<\/p>\n<p>P.- Hola Mela, \u00a1\u00a1por fin Polyccio ha ganado su primer GP!!, mira que lo admiro al chaval, pero, \u00bfno crees t\u00fa qu\u00e9 se hab\u00eda estancado?, espero que esto le de un empuj\u00f3n en su carrera, l\u00e1stima que lo encumbraran tan pronto pienso que le afect\u00f3 muy negativamente.<\/p>\n<p>R.- Antes que nada, \u00a1enhorabuena! El encumbramiento era m\u00e1s una esperanza en un momento en el que and\u00e1bamos un poco faltos de j\u00f3venes valores, pero tambi\u00e9n era justo porque demostraba unas maneras colosales. Respecto a tu pregunta, efectivamente, se hab\u00eda estancado y corr\u00eda el riesgo de quedarse en firme promesa, pero esta victoria de Indian\u00e1polis le va a dar alas, y nunca mejor dicho, porque el patrocinador del GP era Red Bull&#8230; Qu\u00e9 malo. Es que Yerar me ha inspirado, ya sabes, mi nuevo asesor de imagen. Me gustar\u00eda que llamase al peri\u00f3dico para hablar con \u00e9l. Hazlo Yerar, please, y charlamos un rato de buen rollo. 91 375 25 00 Pregunta por Mela.<\/p>\n<p>P.- Hola. En la retransmisi\u00f3n del GP de Checoslovaqia emitieron unas imagenes del campeonato logrado por champi Herreros hace 20 a\u00f1os en las que aparec\u00eda Dennis Noyes. Lo curioso es que DN ya llevaba la gorra azul con visera roja y una C impresa que sigue llevando hoy en d\u00eda. \u00bfSabes de que es la gorra? Gracias <\/p>\n<p>R.- Claro que lo s\u00e9, es de los Chicago Cubs, su equipo de b\u00e9isbol. \u00a1Yo tambi\u00e9n me fije en que llevaba la gorra! Dennys es un t\u00edo genial y alguna vez me ha contado historias muy divertidas de los Chicago Cubs. Eres muy observador. <\/p>\n<p>P.- Cu\u00e1l crees que ha sido la mejor carrera del a\u00f1o y cu\u00e1l crees que ser\u00e1 la mejor de las que quedan&#8230;<\/p>\n<p>R.- La mejor, sin ning\u00fan g\u00e9nero de duda, la de Montmel\u00f3, donde Rossi le rob\u00f3 la victoria a Lorenzo en la \u00faltima curva de la \u00faltima vuelta. De las que quedan, cualquiera puede serlo, porque todas van a ser cara de perro entre los dos mejores pilotos de la parrilla, el italiano y el espa\u00f1ol. El orden ponlo t\u00fa. Yo s\u00f3lo te dir\u00e9 que la diferecia real entre ambos no es de 50 puntos, dos carreras, como hab\u00eda antes de Indian\u00e1polis.<\/p>\n","protected":false},"excerpt":{"rendered":"<p>Pregunta.- Hola, Mela!! El campeonato se pone ON FIRE, THANKS, GOD!!!. A prop\u00f3sito, cada vez que veo a Schwantz subido en una m\u00e1quina de dos ruedas, me pongo cachondo como en Jarama en el 93<span class=\"theme-excerpt-more\"> [&#8230;] <a href=\"https:\/\/intervius.com\/index.html\/Mela_Chercoles8176\/\" title=\"Mela Ch\u00e9rcoles\">Read More<\/a><\/span><\/p>\n","protected":false},"author":1,"featured_media":0,"comment_status":"open","ping_status":"open","sticky":false,"template":"","format":"standard","meta":{"footnotes":""},"categories":[],"tags":[],"class_list":["post-8176","post","type-post","status-publish","format-standard","hentry"],"_links":{"self":[{"href":"https:\/\/intervius.com\/index.html\/wp-json\/wp\/v2\/posts\/8176","targetHints":{"allow":["GET"]}}],"collection":[{"href":"https:\/\/intervius.com\/index.html\/wp-json\/wp\/v2\/posts"}],"about":[{"href":"https:\/\/intervius.com\/index.html\/wp-json\/wp\/v2\/types\/post"}],"author":[{"embeddable":true,"href":"https:\/\/intervius.com\/index.html\/wp-json\/wp\/v2\/users\/1"}],"replies":[{"embeddable":true,"href":"https:\/\/intervius.com\/index.html\/wp-json\/wp\/v2\/comments?post=8176"}],"version-history":[{"count":0,"href":"https:\/\/intervius.com\/index.html\/wp-json\/wp\/v2\/posts\/8176\/revisions"}],"wp:attachment":[{"href":"https:\/\/intervius.com\/index.html\/wp-json\/wp\/v2\/media?parent=8176"}],"wp:term":[{"taxonomy":"category","embeddable":true,"href":"https:\/\/intervius.com\/index.html\/wp-json\/wp\/v2\/categories?post=8176"},{"taxonomy":"post_tag","embeddable":true,"href":"https:\/\/intervius.com\/index.html\/wp-json\/wp\/v2\/tags?post=8176"}],"curies":[{"name":"wp","href":"https:\/\/api.w.org\/{rel}","templated":true}]}}