{"id":8157,"date":"2009-08-28T00:00:00","date_gmt":"2006-11-06T00:00:00","guid":{"rendered":"https:\/\/intervius.com\/index.html\/?p=8157"},"modified":"2006-11-06T00:00:00","modified_gmt":"2006-11-06T00:00:00","slug":"Tomas_Guasch8157","status":"publish","type":"post","link":"https:\/\/intervius.com\/index.html\/Tomas_Guasch8157\/","title":{"rendered":"Tom\u00e1s Guasch"},"content":{"rendered":"<p>Pregunta.- un madridista desde palma ,mallorca crees que cristiano se puede adaptar a la liga espa\u00f1ola ,al no tener tantos espacios y sin juego al contrataque .mira henry tardo en esplotar mas de 1 a\u00f1o &#8230;un saludo<\/p>\n<p>Respuesta.- Es su problema, claro. Y el equipo debe ayudarle a resolverlo pues estamos de acuerdo, y lo hemos visto este verano, en que el Madrid es tremendo con espacios. Y en primer lugar, Cristiano. Pienso que s\u00ed se adaptar\u00e1 y que est\u00e1 precisamente en esa fase inevitable para un futbolista que se form\u00f3 y creci\u00f3 en una Liga diferente. No espero que le lleve un a\u00f1o sino que lo consiga mucho antes.<\/p>\n<p>P.- Hola Tom\u00e1s, hay tanto revuelo en el Atletico por el cerebro, no tienen dinero&#8230; \u00bfNo crees que Borja Valero podria ser una gran soluci\u00f3n? y casi gratis&#8230; por otro lado, tras un verano en el que se veia fuera a Tamudo al final \u00bfpuede volver a ser determinante o debe adoptar otro rol dentro del equipo? Un saludo y vamos que esto empieza ya!!<\/p>\n<p>R.- A m\u00ed me gusta Borja, en m\u00e1s de una ocasi\u00f3n lo he comentado con gente del Espanyol y pienso que le ir\u00eda bien al Atl\u00e9tico, sin duda. Nunca sobra gente que sabe jugar y \u00e9l es de esos. Sobre Tamudo conf\u00edo en que como Dani Solsona escribi\u00f3 el otro d\u00eda aqu\u00ed vuelva a ser el de siempre porque le respeten las lesiones, cosa que no sucedi\u00f3 la pasada temporada. Su rol debe ser important\u00edsimo, como siempre. Y mejor para \u00e9l y para el equipo que un compa\u00f1ero, pienso en Callej\u00f3n, le empuje a repartir minutos. <\/p>\n<p>P.- hola gran Guasch! Queria hacerle una buena pregunta, soy de Almeria,estoy preparando con los colegas ya ir al ver al madrid al bernabeu(&#8220;la peregrinacion anual). Tomas sugierame algun buen sitio para tomar unas ca\u00f1as antes del partido!!! que al tener que viajar de tan lejos y ser estudiante hay que mirar por la economia. Salu2<\/p>\n<p>R.- Si te pasas por el California, en el interior de la esquina del Bernab\u00e9u, lo pasar\u00e1s bien. Y si te encuentras con Roncero, una ca\u00f1ita te tomas gratis. Que a \u00e9l le sobra arte y dinero.<\/p>\n<p>P.- Tom\u00e1s, quiero creer pero cada vez que veo jugar al Bar\u00e7a se me cae el alma al suelo, la verdad es que es una maravilla. Mi esperanza pasa por lo corto de su plantilla pero si, en ese aspecto, tienen la suerte del a\u00f1o pasado va a ser muy dificil ganarles, \u00bfcomo lo ves? animame!<\/p>\n<p>R.- Pues veo que lo del Bar\u00e7a es normal, que tiene un equipo joven y de much\u00edsima calidad y no hay raz\u00f3n para pensar que vaya a ir a peor&#8230; suerte y arbitrajes a un lado. Y va a ser dif\u00edcil ganarle para el Madrid y para cualquiera. La diferencia respecto al a\u00f1o pasado, y pensando en la pelea entre los dos, es que este Madrid s\u00ed puede plantarle cara mientras que el otro era notablemente inferior. Avanti, que esto es muy largo.<\/p>\n<p>P.- Tom\u00e1s es cierto que mi salida hacia el Bayern va a facilitar la salida de Ribery al Madrid. Lo que no me queda claro es cuando para este a\u00f1o o el que viene.<\/p>\n<p>R.- Yo pienso parecido. Estoy con la guardia alta hasta que se cierre el mercado porque puede haber sorpresa. Si no la hay, el a\u00f1o que viene seguro que Rib\u00e9ry es del Madrid. Estar\u00e1 a un a\u00f1o de acabar su contrato en M\u00fanich, en situaci\u00f3n calcada a la de Etoo en el Barcelona&#8230; y saldr\u00e1 porque retenerlo un a\u00f1o m\u00e1s supondr\u00eda no ingresar un euro por parte b\u00e1vara. Pero vamos a esperar.<\/p>\n<p>P.- \u00bf No habr\u00e1 vendido Robben al Bayern para contratar a Silva? As\u00ed estar\u00eda bien sino es una metedura de pata para el a\u00f1o que espera.<\/p>\n<p>R.- No soy dudoso: Silva es fenomenal y si fuera el Valencia tratar\u00eda de retenerlo y si fuera el Madrid, de ficharlo. Pero Llorente no est\u00e1 por la labor, recuerda lo de Villa, y s\u00f3lo ser\u00eda posible pagando la cl\u00e1usula. No se qu\u00e9 decirte&#8230; S\u00ed estoy contigo en que Robben, pese a su condici\u00f3n de jugador de cristal, es un jugadorazo y a cualquier grande le conviene tener en su plantilla cuantos m\u00e1s mejor de su estilo. Tambi\u00e9n entiendo que el Bayern le ofrece la titularidad y el Madrid no se la ofrec\u00eda y los futbolistas quieren jugar. <\/p>\n<p>P.- Buenos d\u00edas, creo que Florentino fue demasiado optimista con la situaci\u00f3n econ\u00f3mica que tendr\u00eda el Madrid, quiz\u00e1s por eso est\u00e9n vendiendo jugadores desesperadamente y a bajo precio. Claro que a lo mejor es para poder fichar a Ribery, entonces la pregunta ser\u00eda si cambiar a Robben, Negredo, Sneijder y otros por Ribery ser\u00eda un buen negocio. Yo creo que no, me parece est\u00fapido como el cambio de Ibra por Etoo.<\/p>\n<p>R.- No, no, optimista no fue porque supo desde el primer d\u00eda c\u00f3mo estaba la situaci\u00f3n. Dijo el d\u00eda de su presentaci\u00f3n que deber\u00eda hacer en un a\u00f1o lo que normalmente hubiera hecho en tres (en cuanto a fichajes) y que deb\u00eda aligerar la plantilla. No hay empresa en el mundo que sobreviva s\u00f3lo comprando, hasta la Coca Cola vende su famosa f\u00f3rmula. Habl\u00f3 de recaudar uos 80 millones para equilibrar las cuentas y est\u00e1 en ello. Sobre los cambios, el Bayern no quiso. Todos pensamos que Van Gaal mediante hubiese sido posible un pase de holandeses al Bayern por Rib\u00e9ry, pero s\u00f3lo ha querido a Robben y pagando. Y sobre lo del cambio en el Bar\u00e7a fue decisi\u00f3n de Guardiola, que se merece cr\u00e9dito: si un d\u00eda se levanta y pide que el Bar\u00e7a vista de blanco, encargan las camisetas un minuto despu\u00e9s. Como en todo, el tiempo dir\u00e1.<\/p>\n<p>P.- Hola Tomas, cual seria para ti la final de la Copa de Europa so\u00f1ada este a\u00f1o en el Bernabeu. Para mi, seria Madrid &#8211; Milan,aunque el Milan no este en su mejor momento, seria perfecto ganar la decima al otro gran club en la historia de la Copa de Europa.Gracias<\/p>\n<p>R.- Pues nadie te puede discutir el buen gusto: una final entre los dos equipos con m\u00e1s Copas de Europa ser\u00eda perfecta. <\/p>\n<p>P.- Hola Maestro. \u00bfNo te recuerda Ibrahimovic al gran Julito Salinas? \u00bfCrees que Eto\u00b4o con sus goles en el Nou Camp acercar\u00e1 un poco m\u00e1s a la presidencia a Sandro Rosell?. Un saludo<\/p>\n<p>R.- Por su estatura y tal, quiz\u00e1. Pero en cuanto a calidad, \u00a1qu\u00e9 m\u00e1s hubiese querido el bueno de Julio! Y sobre lo de Rosell conf\u00edo en que no le hagan falta los goles de Etoo ni de nadie para convertirse en el nuevo presidente. Como gran barcelonista que es lo primero que quiere es ver ganar a su equipo. A m\u00ed me gustar\u00eda que llegara a la presidencia porque el Bar\u00e7a disfrutar\u00eda de un se\u00f1or de categor\u00eda al frente del club, de un caballero del deporte como es Sandro. <\/p>\n<p>P.- Hola Tom\u00e1s. 2-6. Hasta luego, gracias.<\/p>\n<p>R.- Pues hasta luego, Y de nada.<\/p>\n<p>P.- Tom, quien es el futbolista mas gordo que has conocido? Ronaldinho, Ronaldo, gascoine&#8230;<\/p>\n<p>R.- Nunca se me olvidar\u00e1 la espectacular barriga de Pancho Puskas en la recta final de su carrera. Y un partido en el viejo Sarri\u00e1: toc\u00f3 tres veces la pelota; una la mand\u00f3 al palo y las otras dos acabaron en gol; una al transformar una falta y la otra, de jugada. Gan\u00f3 el Madrid por 1-2.Su camiseta descansaba encima del pantal\u00f3n, del peso de la barriga. No se si es el m\u00e1s gordo que he visto jugar, pero el mejor sin duda.<\/p>\n<p>P.- Sr. Guash, creo que no s\u00e9 nada de f\u00fatbol, porque en el trofeo Bernabeu vi a un Madrid plano, previsible y sin usar para nada las bandas, y en cambio todo el mundo habla maravillas \u00bfusted que cree? <\/p>\n<p>R.- Pienso que plano no fue, pero estamos de acuerdo en que no deslumbr\u00f3 seguido, con continuidad. Le luci\u00f3, como en Alemania, su pegada de mula, pero es natural que necesite un tiempo para hacerse como equipo; casi todo lo bueno es nuevo en el Madrid. <\/p>\n<p>P.- \u00a1Hola sr. Guasch! \u00bfporque Guardiola pide mas refuerzos, cagometro quizas?<\/p>\n<p>R.- Es normal que se dispare al cag\u00f3metro porque el Madrid no es aquel que jug\u00f3 en el Camp Nou con esta delantera: Palanca, Ra\u00fal y Drenthe. Que es lo que hubiese hecho felices a todos los que critican su pol\u00edtica de fichajes, por cierto. Guardiola pide refuerzos porque considera que los necesita, aunque despu\u00e9s de tanto escuchar (merecidamente) loas sin fin al trabajo de cantera azulgrana, pues como que me descoloco. \u00bfNo valen Bot\u00eda, Muniesa? \u00bfEs mucho mejor el ucranio en cuesti\u00f3n? <\/p>\n<p>P.- Buenos d\u00edas Tom\u00e1s, soy fan tuyo, y antes de nada, siento la muerte de Dani Jarque, que s\u00e9 que erais amigos. \u00bfNo crees que antes que echar a Wesley Sneijder (de la manera que se le a echado), hubiera sido mejor desprenderse de Gago o Guti?, y \u00bfCrees que Ibra, va a dar el mismo resultado que etoo?. Saludos desde Badalona.<\/p>\n<p>R.- Pues muchas gracias por lo primero. Lo segundo est\u00e1 claro: no hubo ofertas por Gago y Guti y s\u00ed por Sneijder. Y ante eso&#8230; Y sobre Ibra pienso que su calidad le da para triunfar en un Bar\u00e7a que juega en superioridad m\u00e1s del 90 por ciento de partidos de una temporada, luego triunfar como 9 all\u00ed no exige ser Einstein. Otra cosa es el estilo, la manera de hacer: no le veo faj\u00e1ndose salvajemente en la presi\u00f3n como hac\u00eda Samuel. Pero, vamos, si Ibra mete 30 goles, el chico Bojan marcar\u00eda 29 si le pusieran de titular en ese equipo.<\/p>\n<p>P.- Hola Tomas te envie esta pegunta la vez anterior pero no llego, ahora con lo de Platini es m\u00e1s de actualidad,como es posible que la 8\u00aa economia mundial Espa\u00f1a, le quite juadores a la 3\u00ba Alemania o al 5\u00aa Reino Unido,\u00bfestamos gastando demasiado dinero en futbol o no se pagan impuestos?La otra pregunta fue, \u00bfno deberia haber un medio de compensacion para que los club grandes no sean tan grandes, a lo NBA? \u00bf Y lo que propone Platini?<\/p>\n<p>R.- Pues porque f\u00fatbol y econom\u00eda seria tienen poco que ver, por no decirte que nada. Cuando el Madrid ficha a Cristiano lo hace pensando en un plan de negocio que le permitir\u00e1 no s\u00f3lo hacer frente al pago sino ganar dinero, eso no es comparable con nada en el mundo. Sobre los impuestos: yo los pago y tu seguro que tambi\u00e9n. Que la deuda de nuestro f\u00fatbol con Hacienda y la Seguridad Social supera los 600 millones de euros lo sabemos todos: hubo dos planes de saneamiento y no atajaron el problema. Lo de la NBA y Platini y dem\u00e1s pues es muy sencillo: apostar por un tope salarial y por una f\u00f3rmula tan sencilla como que si un club ingresa 50 millones no pueda ganar 51. En nuestra Primera no son uno ni dos ni seis los clubes que saben que perder\u00e1n dinero hagan lo que hagan sus equipos porque parten ya de un presupuesto de gastos superior al de ingresos. <\/p>\n<p>P.- Hola Tomas, \u00bfes cierto que el Madrid va a fichar a Robben en el mercado de invierno?<\/p>\n<p>R.- \u00a1Ja, ja otra vez! Incluso a Gravesen llegado el caso.<\/p>\n<p>P.- Sr. Guasch, me gustar\u00eda saber su opini\u00f3n sobre la extra\u00f1a relaci\u00f3n Real Madrid-Bayern. Todo el verano han vilipendiado al Madrid a trav\u00e9s de la prensa y ahora nos compran un descartado y se entreve un acuerdo por Ribery&#8230; ya no entiendo nada.<\/p>\n<p>R.- Como dec\u00eda Boskov. &#8220;f\u00fambol es f\u00fambol&#8221;. Y el Madrid no tiene problema en negociar y ponerse de acuerdo con nadie, incluso con Bayern y Sevilla que le sacan las muelas en cuanto se fija en uno de sus jugadores. Es as\u00ed de generoso y se vio ya con Negredo. El Madrid entiende que hay declaraciones de consumo interno, las de Hoeness dirigidas al orgullo de la afici\u00f3n del Bayern, y otra manera de hablar cuando se trata de una operaci\u00f3n importante como ha sido la de Robben y ser\u00e1 la de Rib\u00e9ry, ahora o dentro de un a\u00f1o. Al final, estamos en lo de siempre: entre bomberos no se pisan la manguera&#8230; y m\u00e1s si sale agua.<\/p>\n<p>P.- Hola gran Guasch, la verdad es que estoy indignadisimo con la venta de Robben,nos volvemos a quedar solo con un jugador con desborde, cristiano, tal y como paso el a\u00f1o pasado. El se\u00f1or Valdano se esta cargando la magnifica plantilla que tenia. Espero que sea para contratar a Ribery sino no le encuentro la explicacion. Aparte se esta viendo lo que pintan las decisiones de Pellegrini. Qu\u00e9 opinas tu?<\/p>\n<p>R.- Pues opino que Robben no sobraba y que si sali\u00f3 fue por la necesidad que tiene el Madrid de vender y lo complicado que es tener un primera serie como \u00e9l en el banquillo. A m\u00ed me gusta la gente r\u00e1pida y que desborda, es la que marca diferencias. Y te entiendo: s\u00f3lo fichando a Rib\u00e9ry, o a Silva, se te pasar\u00eda el enfado. Y respecto a Pellegrini, pues en cierta ocasi\u00f3n lo escrib\u00ed: el entrenador debe saber lo que piensa el club o se queda con el trasero al aire. Decir que Robben y Sneijder son poco menos que intocables y acabar despidi\u00e9ndoles&#8230; Vamos, que se comenta solo.<\/p>\n<p>P.- Buenas Gran Guasch, \u00bfen que mes crees que ganara la liga el Madrid? \u00bfChygrinski juega hoy con el Shakhtar pero con la camiseta del Barca? \u00bfque te parece el asunto? Cuidate campe\u00f3n y suerte para tu Espa\u00f1ol de mi paisano Callejon<\/p>\n<p>R.- \u00a1Ja, ja! Me gusta ese buen humor. Hombre, pensando en el Mundial, en que los chicos de Del Bosque est\u00e9n relajados, que la gane en marzo y se quitar\u00edan estr\u00e9s de encima merengues, cul\u00e9s y todos. Lo de Chyetc\u00e9tera es colosal: no recuerdo un caso en que un club fiche a un jugador de su rival 24 horas antes de una final, ni que fuera el Torneo de la Bufanda. \u00a1Ay si lo hubiera hecho el Madrid! Trasladar\u00e9 tus deseos a tu paisano Callej\u00f3n, un tipo que nos va a dar muchas alegr\u00edas. Yo fui siempre fan suyo.<\/p>\n<p>P.- tomas buenas \u00bfque tal ves el sorteo? \u00bfdif\u00edcil para el madrid y el atleti ?<\/p>\n<p>R.- Lo veo bien con dos emparejamientos con mucha miga, los del Madrid y el Bar\u00e7a con Mil\u00e1n e Inter e interesantes lo del Atletico y Sevilla. Estamos ante la primera gran criba y hay de todo, claro. Por lo que se refiere a Madrid y Atl\u00e9tico creo que deben pasar con un objetivo claro que es conseguir el gran premio de esta fase, que es acabarla primero de grupo. Los veo a los cuatro en la ronda de octavos, s\u00ed.<\/p>\n<p>P.- Hola Tom\u00e1s, que te parecieron las declaraciones de Valdano? yo, aunque piense que lo que dijo de Milito fue un disparate, pienso que ya era hora que alguien hable mal del barcelona, algo que parece prohibido, yo soy madridista y catal\u00e1n y esoy harto de leer\/escuchar cr\u00edticas constantes a todo lo que haga el madrid, bueno o malo, as\u00ed que donde las dan&#8230;. gracias <\/p>\n<p>R.- Lo de Milito no se transcribi\u00f3 como realmente fue. Habl\u00e9 con Jorge y me dijo que se su repuesta a la pregunta de si el tiempo le hab\u00eda dado la raz\u00f3n a los m\u00e9dicos del Madrid, \u00e9l se limit\u00f3 a responder &#8220;lamentablemente&#8221;. Valdano trat\u00f3 ayer de dar con Gaby para explic\u00e1rselo personalmente y no lo consigui\u00f3; me imagino que hoy tendr\u00e1 m\u00e1s suerte. A m\u00ed ya me pareci\u00f3, as\u00ed lo dijo en El Larguero, que esa opini\u00f3n no era de Valdano, que est\u00e1bamos ante un malentendido y acert\u00e9. Por lo dem\u00e1s, estamos de acuerdo: aqu\u00ed s\u00f3lo se crea alarma social con el Madrid de por medio. No es sorprendente, es la madriditis galopante que nos invade y un desconocimiento mayest\u00e1tico del percal: si ha habido un club que ha roto mercados hist\u00f3ricamente ha sido el Barcelona: desde los 100 millones de pesetas que pag\u00f3 por Alexanco en 1980, rompiendo esa barrera entonces m\u00edtica, al fichaje de Ricky, el m\u00e1s caro de la historia del baloncesto europeo. No me extra\u00f1a por tanto que alguien del Madrid, en este caso Valdano, haya levantado la voz. Ninguno de los que criticaron la operaci\u00f3n Cristiano dijo ni p\u00edo con la de Ibrahimovic-Etoo ni que una comunidad aut\u00f3noma, la valenciana, avale un pr\u00e9samo de 74 millones de Bancaja a la Fundaci\u00f3n del Valencia lo que supone que si \u00e9sta no paga lo har\u00e1 la comunidad con dinero p\u00fablico&#8230; y eso no merece ni un comentario. Oye, y me parece muy bien que se ayude a los clubes, incluso siendo una SAD quebrada. Pero las dos varas de medir est\u00e1n claras y como t\u00fa entiendo que Jorge dijera lo que mucha gente piensa y el Madrid se hab\u00eda callado. Para que tanto vocero fuera feliz se tratar\u00eda de que el Madrid no fichara a nadie, siguiera como estaba y a ser posible bajara a Tercera. <\/p>\n","protected":false},"excerpt":{"rendered":"<p>El subdirector del Diario As, Tom\u00e1s Guasch, ha charlado con los lectores sobre toda la actualidad futbol\u00edstica: El sorteo de la Champions, el inmenente arranque liguero o la final de la Supercopa de Europa. <\/p>\n<p>ARCHIVO DE ENTREVISTAS:<br \/>\n21 de agosto &#8211; 14 de agosto &#8211; 7 de agosto &#8211; 31 de julio &#8211; 23 de julio &#8211; 17 de julio &#8211; 10 de julio &#8211; 03 de julio &#8211; 26 de junio &#8211; 19 de junio &#8211; 12 de junio &#8211; 04 de junio &#8211; 29 de mayo &#8211; 22 de mayo &#8211; 15 de mayo &#8211; 08 de mayo &#8211; 30 de abril &#8211; 24 de abril &#8211; 17 de abril &#8211; 03 de abril &#8211; 27 de marzo &#8211; 20 de marzo &#8211; 13 de marzo &#8211; 6 de marzo &#8211; 20 de febrero &#8211; 23 de enero &#8211; 16 de enero &#8211; 9 de enero &#8211; 2 de enero &#8211; 26 de diciembre &#8211; 5 de diciembre &#8211; 28 de noviembre &#8211; 21 de noviembre &#8211; 14 de noviembre &#8211; 28 de junio &#8211; 25 de junio &#8211; 21 de junio &#8211; 17 de junio &#8211; 13 de junio &#8211; 9 de junio <\/p>\n","protected":false},"author":1,"featured_media":0,"comment_status":"open","ping_status":"open","sticky":false,"template":"","format":"standard","meta":{"footnotes":""},"categories":[],"tags":[],"class_list":["post-8157","post","type-post","status-publish","format-standard","hentry"],"_links":{"self":[{"href":"https:\/\/intervius.com\/index.html\/wp-json\/wp\/v2\/posts\/8157","targetHints":{"allow":["GET"]}}],"collection":[{"href":"https:\/\/intervius.com\/index.html\/wp-json\/wp\/v2\/posts"}],"about":[{"href":"https:\/\/intervius.com\/index.html\/wp-json\/wp\/v2\/types\/post"}],"author":[{"embeddable":true,"href":"https:\/\/intervius.com\/index.html\/wp-json\/wp\/v2\/users\/1"}],"replies":[{"embeddable":true,"href":"https:\/\/intervius.com\/index.html\/wp-json\/wp\/v2\/comments?post=8157"}],"version-history":[{"count":0,"href":"https:\/\/intervius.com\/index.html\/wp-json\/wp\/v2\/posts\/8157\/revisions"}],"wp:attachment":[{"href":"https:\/\/intervius.com\/index.html\/wp-json\/wp\/v2\/media?parent=8157"}],"wp:term":[{"taxonomy":"category","embeddable":true,"href":"https:\/\/intervius.com\/index.html\/wp-json\/wp\/v2\/categories?post=8157"},{"taxonomy":"post_tag","embeddable":true,"href":"https:\/\/intervius.com\/index.html\/wp-json\/wp\/v2\/tags?post=8157"}],"curies":[{"name":"wp","href":"https:\/\/api.w.org\/{rel}","templated":true}]}}