{"id":8144,"date":"2011-01-28T00:00:00","date_gmt":"2006-11-06T00:00:00","guid":{"rendered":"https:\/\/intervius.com\/index.html\/?p=8144"},"modified":"2006-11-06T00:00:00","modified_gmt":"2006-11-06T00:00:00","slug":"Javier_G-_Matallanas8144","status":"publish","type":"post","link":"https:\/\/intervius.com\/index.html\/Javier_G-_Matallanas8144\/","title":{"rendered":"Javier G. Matallanas"},"content":{"rendered":"<p>Pregunta.- \u00bfQu\u00e9 Estadio escoger\u00edas para una supuesta Final de Copa Madrid Barcelona?, que no sea Mestalla que es lo que nos ocurre a todos. Y a qui\u00e9n ves como favorito<\/p>\n<p>Respuesta.- El Vicente Calder\u00f3n<\/p>\n<p>P.- Entendiendo las necesidades econ\u00f3micas del Espanyol \u00bft\u00fa hubieses vendido a Didac al Milan con su edad por los 4 millones que han sido, o habr\u00edas esperado unos a\u00f1os a que estuviese consagrado y haber realizado una venta mayor viendo la carencia que hay hoy en d\u00eda de lateral izquierdos de garant\u00edas? Gracias<\/p>\n<p>R.- Hubiera esperado unos a\u00f1os como tu indicas. Pero si necesita dinero es l\u00f3gico que lo venda. Imagino que habr\u00e1n metido objetivos para cobrar m\u00e1s, como que sea internacional absoluto (Del Bosque le sigue) y los t\u00edtulos. <\/p>\n<p>P.- Hola Mata, un placer estas charlas. El a\u00f1o pasado el Atleti, cu\u00e1ndo parec\u00eda que hab\u00eda tocado fondo, aprovech\u00f3 para sacar adelante a dos canteranos: Dominguez y de Gea. Y funcion\u00f3. Ahora que la cosa est\u00e1 tan mal, \u00bfno ser\u00eda el momento de apostar por gente como Koke, Pulido o Borja? La gente entender\u00eda que la situaci\u00f3n actual no es culpa de ellos, y teniendo en cuenta el caso de los otros canteranos, se tendr\u00eda cierto margen con sus actuaciones. Gracias por tu atenci\u00f3n. Un saludo!<\/p>\n<p>R.- Completamente de acuerdo contigo. Aunque se dice que los canteranos no se les debe exponer al fracaso para que no frenen su progresi\u00f3n, en situaciones carenciales suelen aparecer las generaciones de futbolistas, como sucedi\u00f3 con la Quinta del Buitre. Pero voy m\u00e1s all\u00e1, el Atl\u00e9tico siempre ha estado compuesto por canteranos y buenos jugadores. Y no debe perder su idiosincrasia, aunque le queden pocos de sus valores de siempre.<\/p>\n<p>P.- \u00bfNo cabe la posibilidad de que Quique ponga a Koke en el medio y deje de hacernos sufrir a los socios que vamos al campo cada 15 d\u00edas con los Assun\u00e7ao, El\u00edas (que no es creador de juego, Tiago (en baj\u00edsima forma este a\u00f1o), Suarez (que tampoco crea) o Raul Garc\u00eda (que ni destruye ni construye)? Thanks<\/p>\n<p>R.- Puede que poder pudiera. Ya veremos si le pone. El problema del Atl\u00e9tico es que no tiene f\u00fatbol precisamente en la zona donde hay que construir el juego.<\/p>\n<p>P.- Hola Javier, \u00bfno crees que la cantera del Atleti, est\u00e1 super sobrevalorada y que los resultados sobre todo este a\u00f1o no son nada buenos (el Madrile\u00f1o luchando por salir del descenso, incluso el peor juvenil de la historia)<\/p>\n<p>R.- Creo que tiene una buena cantera. Pero debe tener mayor presencia en el primer equipo.<\/p>\n<p>P.- hola javi!!sabes tu porque quique insiste tanto en perea? no entiendo como sienta a dominguez y a godin antes!! ademas no recuerdo un partido pero es que ni mucho menos dos que haya salido con el mismo once!!asi no se puede gracias crack<\/p>\n<p>R.- No ha repetido once desde que est\u00e1 en el Atl\u00e9tico. Yo tampoco entiendo las oportunidades que le da a Perea, que hace peor a toda la defensa, les contagia de su inseguridad permanente. Tampoco entiendo porque el club le ha renovado.<\/p>\n<p>P.- hola javier,como ves el nuevo fichaje del madrid adebayor?yo pienso que es un portento fisico y que puede formar un gran duo con benzema.un saludo.<\/p>\n<p>R.- Es un gran refuerzo. Adebayor es uno de los mejores delanteros del mundo y creo que rendir\u00e1 en el Madrid. Y estoy de acuerdo contigo que puede jugar incluso formando pareja con Benzema, no son incompatibles. Un acierto su llegada.<\/p>\n<p>P.- se vende a jurado, correcto no se le puede pagar lo que le dan, hasta hay perfecto pero ficha un recambio,(mala gestion)no quieres renovar a simao perfecto,vendelo antes de comenzar la liga sacas mas dinero y te da tiempo a fichar a un nuevo jugador que se adapta al equipo no deprisa y corriendo(mala gestion) centrocampistas todos del mismo perfil(mala gestion)falta de tercer delantero de garantias tipo soldado barato y bueno(mala gestion) gasto en portero asenjo teniendo porteros buenos en casa (mala gestion) quique puede tener algo de culpa pero es suya?? gracias, un saludo.<\/p>\n<p>R.- La mala gesti\u00f3n lleva a que en los \u00faltimos ocho a\u00f1os, desde que el Atl\u00e9tico ascendi\u00f3 a Primera tras dos a\u00f1os en Segunda, en la Liga de cinco que juega, sin contar a Madrid y Bar\u00e7a, est\u00e9 \u00faltimo por detr\u00e1s de Valencia, Sevilla, Villarreal y Deportivo, y en los \u00faltimos cuatro que se ha ca\u00eddo el Depor, tambi\u00e9n est\u00e1 por detr\u00e1s en puntos y clasificaci\u00f3n de Valencia, Sevilla y Villarreal. Eso es por la mala gesti\u00f3n de una bicefalia en la c\u00fapula de su pir\u00e1mide que si no se rompe seguir\u00e1 habiendo una mala gesti\u00f3n.<\/p>\n<p>P.- buenas veria correcto que adebayor jugara la vuelta de semifinales de copa en vez de benzema? sabiendo que gracias al frances estamos como estamos con un gol de ventaja al sevilla. gracias<\/p>\n<p>R.- El que elige es Mourinho. Pueden jugar los dos juntos de titulares tambi\u00e9n.<\/p>\n<p>P.- piensas que fue legal el gol de Sevilla?? Te gusta Mourinho como entrenador del Madrid?<\/p>\n<p>R.- Hay un plano en que me parece que entra totalmente el bal\u00f3n, pero en otros parece que no. Con los estudios que han hecho las televisiones parece que no entra del todo. Creo que el auxiliar lo hizo bien porque ante la duda no puede se\u00f1alar gol.<\/p>\n<p>P.- Hola Mata, un placer saludarte como siempre, me gustaria saber a que viene el poco compromiso de Forlan con el club ya que esto viene desde la final de copa, que se cuece dentro del club, algo no marcha bien y creo que debe haber mas de una manzana podrida, cuentame por que quieren vender a godin si casi no se le ha visto? Muchas gracias, Siempre atleti!!<\/p>\n<p>R.- A Godin le vender\u00edan por cuestiones econ\u00f3micas, porque el Chelsea ofrece 17 millones y el Atl\u00e9tico pide 20 (lo fich\u00f3 por 11 del Villarreal). Forl\u00e1n quiere marcharse y no ha encontrado a\u00fan ofertas satisfactorias para ambas partes. El problema del Atl\u00e9tico es la bicefalia que le dirige. Bien Miguel Angel Gil, bien Enrique Cerezo deber\u00edan quedarse solo en la gesti\u00f3n. Ninguno quiere vender, pero deber\u00edan separarse mucho m\u00e1s ahora que su relaci\u00f3n se ha enfriado totalmente.<\/p>\n<p>P.- Hola Javier, ves factible que le retiren la sanci\u00f3n a Alberto Conador? Gracias!<\/p>\n<p>R.- No creo que la retiren. Deber\u00edan adelantar su plazo de cumplimiento unos d\u00edas para que pueda correr la Vuelta. Ser\u00eda lo mejor para Contador. Y si reclama al TAS no creo que le beneficie.<\/p>\n<p>P.- hola javier, que opinas del papel de kak\u00e1 e el R Madrid? le ves oportunidades? no crees que relentiza el juego del madrid y est\u00e1 claramente a la sombra de ozil? Por que a kak\u00e1 no se le pega tantos palos como a benzema?<\/p>\n<p>R.- A Kak\u00e1 a\u00fan le queda para estar a su nivel. No se le pega tanto porque sale de una lesi\u00f3n. Pero no si no alcanza su nivel seguro que se le criticar\u00e1.<\/p>\n<p>P.- Buenos d\u00edas crack! Solo quer\u00eda decirle a todos los que se hacen llamar periodistas o entendidos del futbol (a los que salen en los medios, basicamente) que si le dedicasen un poquito de tiempo a saber algo del reglamento no habr\u00eda luegar a tonterias como el gol fantasma de Luis Fabiano. Lo primero que quiero se\u00f1alar es que soy cul\u00e9 y que me gusta que pierda el madrid hasta en los entrenamientos. Despues de esta aclaraci\u00f3n y para que se entere la gente: para nada hay gol en esa jugada. Las dudas se crean con la toma en la que se ve que el balon no pisa, por muy poco, la linea. El problema es que no hay mirar si el balon pisa o no pisa linea, si no la circunferencia del balon. Se ver\u00eda perfectamente si hubiere una camara situada encima de la raya de gol, pero desde la otra toma (vision del juez de linea) se aprecia claramente que el palo tapa una parte bastante grande del balon, lo que siginica q no entra. Si no publicais la pregunta, espero que saqueis alguna noticia aclarandoselo a la gente. Gracias y un saludo<\/p>\n<p>R.- Ya hemos sacado la informaci\u00f3n en la l\u00ednea de tu argumentaci\u00f3n. Estoy de acuerdo contigo. Un abrazo fuerte!<\/p>\n<p>P.- Hola mata, \u00bftu crees que Luis Aragones vendr\u00eda al Atleti con Gil Mar\u00edn y Cerezo de due\u00f1os?<\/p>\n<p>R.- Ser\u00eda complicado, pero no imposible.<\/p>\n<p>P.- Buenos dias : \u00bf Sabe Ud.cual es la situacion en la directiva del Atleti?\u00bfAbandona Enrique Cerezo? \u00bf Acaso se van todos&#8230;. ? Igual tiene material suficiente para un nuevo libro \u00a1\u00a1\u00a1 Gracias y saludos<\/p>\n<p>R.- Ahora mismo Miguel Angel se est\u00e1 planteando quedarse s\u00f3lo al frente de la gesti\u00f3n y apartar a Cerezo. Y Cerezo tambi\u00e9n est\u00e1 pensando lo mismo. Veremos a ver que deciden.<\/p>\n<p>P.- Se\u00f1or Matallanas buenos dias. Mi pregunta es :\u00bfEs necesaria la figura de Valdano en el Madrid. Que es lo que hace en realidad ? Yo no lo tengo claro y me gustaria saber cual es su funci\u00f3n en el club&#8230; . Un saludo.<\/p>\n<p>R.- Principalmente su funci\u00f3n es la de portavoz del club, pone cara y ojos al Real Madrid institucionalmente en su relaci\u00f3n con los medios de comunicaci\u00f3n. Adem\u00e1s es adjunto al presidente. Yo creo que su figura es necesaria. <\/p>\n<p>P.- Hola Mata, no cr\u00e9es que la situaci\u00f3n en el Atletico empieza a estar tan viciada que va a reventar de un momento a otro? Lo digo porque lo que parec\u00eda imposible: una ruptura Gil Mar\u00edn-Cerezo, ya se ha producido de facto y me parece que ahora mismo Cerezo plantea irse del club o incluso ser un caballo de Troya para que se produzca una venta, coger su pasta y salir por piernas.<\/p>\n<p>R.- Est\u00e1s en lo cierto en lo que expones. Lo \u00fanico que no veo claro es que busquen una venta, pero si la ruputura de la bicefalia.<\/p>\n<p>P.- Habr\u00e1 que empezar a mirar el tema de los recogepelotas en los campos de futbol; cuando el equipo pierde hay uno cada 10 mts cuando gana desaparecen y ahora entran al campo cuando quieren a retirar lo que les interesa, cuando un futbolista sale del campo no puede volver a entrar sin autorizaci\u00f3n del \u00e1rbitro<\/p>\n<p>R.- Es cierto, ocurre en casi todos los campos de f\u00fatbol y deber\u00edan sancionar a los clubes que dan estas ordenes a los recogepelotas.<\/p>\n<p>P.- Hola Mata, \u00bfcomo es posible que si Chelsea y Madrid, segun Gil Marin, ofrecieron 45 kilos por el kun se rechace? Con ese dinero traes por ejemplo a Luis Suarez del Ajax y Cazorla. Ese antimadridismo anticuado es malo para el Atleti.<\/p>\n<p>R.- El Kun es la bandera del Atl\u00e9tico, los ni\u00f1os van a ver al Atleti por el Kun. Me parece bien que no le vendan. Y si cualquier equipo plantea la misma oferta que el Madrid hay que vend\u00e9rselo al otro equipo. No es antimadridismo es un valor del Atleti. <\/p>\n<p>P.- Perdona si la pregunta es una tonteria,pero es una curiosidad q tengo hace a\u00f1os. Cuando los futbolistas van con la selecci\u00f3n se les ve con un monton de ropa(camisetas,sudaderas,anorak,chandal,trajes&#8230;)cuando acaba el amistoso a la competici\u00f3n se las llevan a sus casas? Si es as\u00ed,q hacen con tanta ropa? Os la dan a los coleguillas o familia? Gracias,hombre.<\/p>\n<p>R.- Se las pueden llevar si quieren y las suelen regalar a sus familiares y amigos. <\/p>\n<p>P.- Hola Mata, quer\u00eda preguntarle qu\u00e9 le parece el juego del Madrid. Lo \u00fanico que llevo viendo(y sigo) es 4 defensas con 2 o 3 centrocampistas, todos de corte defensivo, y luego 3 o 4 jugadores alante, esperando, jugando a arreones y contras. \u00bfQu\u00e9 opina usted? Un saludo<\/p>\n<p>R.- Es el mismo juego que hac\u00eda con Capello, con Juande Ramos o con Pellegrini. Parec\u00eda que Mou le hab\u00eda dado mayor consistencia defensiva, pero en los \u00faltimos dos meses, encaje o no goles, da la misma sensaci\u00f3n de debilidad defensiva que en los \u00faltimos a\u00f1os.<\/p>\n<p>P.- Muy buenos d\u00edas.\u00bfQue opinas del fichaje de Adri\u00e1n el jugador del Deportivo por el Atletico de Madrid para la pr\u00f3xima temporada?<\/p>\n<p>R.- Es un buen delantero, lo ha demostrado en las selecciones inferiores. Quiz\u00e1s le falte gol, pero sus conceptos son muy buenos. Un refuerzo a coste cero siempre es recomendable. Pero no creo que sea sencillo sacarle del Deportivo porque Lendoiro reclamar\u00e1 algo seguro. No obstante, deber\u00edan darle oportunidades a Borja.<\/p>\n<p>P.- \u00bfA d\u00f3nde crees que ira torres una vez que ha hecho p\u00fablica su decisi\u00f3n de dejar el Liverpool? \u00bfPodr\u00eda volver a Espa\u00f1a o su destino sigue siendo la Premier? \u00bfCu\u00e1l es su valor real de mercado?<\/p>\n<p>R.- El Chelsea ofreci\u00f3 ayer 40 millones de libras al Liverpool por \u00e9l. Puede acabar en el Chelsea antes del lunes si el Liverpool accede a negociar. Es complicado saber su valor real de mercado en el actual mercado. De momento ofrecen 46 millones de euros y pueden subir.<\/p>\n<p>P.- Hola Javier, \u00bfporque crees que tanto &#8220;odio&#8221; o criticas por todo lo que huela a Real Madrid?, como por ejemplo se aplaude en todos los campos a los jugadores ganadores del mundial menos a los del Madrid.\u00bfQuien crees que es el culpable de esta situacion de animadversion madridista?. Gracias y un Saludo<\/p>\n<p>R.- La etapa gal\u00e1ctica hizo algo antip\u00e1tico al equipo por dar la sensaci\u00f3n de que todo se conseguia con dinero. Y la llegada de Mourinho ha enconado a los antis. Tambi\u00e9n hay mucha gente del Madrid en toda Espa\u00f1a, vamos son rotunda mayor\u00eda.<\/p>\n<p>P.- Hola Javier! Me gustar\u00eda saber tu opinion sobre dos temas del Valencia! Uno: Que te parece el nuevo fichaje de Jonas Gon\u00e7alves? Y dos: Crees que el Valencia pueda ganar la eliminatoria al Schalke04?<\/p>\n<p>R.- Jonas Gon\u00e7alves, seg\u00fan me ha dicho Juni Calafat, comentarista de f\u00fatbol internacional en Digital + puede cuajar en la Liga BBVA, tiene condiciones. Y para m\u00ed el Valencia es favorito ante el Schalke 04, me parece mejor equipo y espero que pase a cuartos porque el Valencia se lo merece.<\/p>\n<p>P.- Que jugador ficharias tu para llevar la manija en el centro del campo del equipo de la rivera del manzares?? Alguno en especial o poensas que no se necesita nadie?? <\/p>\n<p>R.- Cesc Fabregas y\/o Borja Valero. \u00a1Claro que lo necesita!<\/p>\n","protected":false},"excerpt":{"rendered":"<p>Javier G. Matallanas, adjunto a la direcci\u00f3n de AS, ha charlado con los lectores sobre la actualidad deportiva.<\/p>\n","protected":false},"author":1,"featured_media":0,"comment_status":"open","ping_status":"open","sticky":false,"template":"","format":"standard","meta":{"footnotes":""},"categories":[],"tags":[],"class_list":["post-8144","post","type-post","status-publish","format-standard","hentry"],"_links":{"self":[{"href":"https:\/\/intervius.com\/index.html\/wp-json\/wp\/v2\/posts\/8144","targetHints":{"allow":["GET"]}}],"collection":[{"href":"https:\/\/intervius.com\/index.html\/wp-json\/wp\/v2\/posts"}],"about":[{"href":"https:\/\/intervius.com\/index.html\/wp-json\/wp\/v2\/types\/post"}],"author":[{"embeddable":true,"href":"https:\/\/intervius.com\/index.html\/wp-json\/wp\/v2\/users\/1"}],"replies":[{"embeddable":true,"href":"https:\/\/intervius.com\/index.html\/wp-json\/wp\/v2\/comments?post=8144"}],"version-history":[{"count":0,"href":"https:\/\/intervius.com\/index.html\/wp-json\/wp\/v2\/posts\/8144\/revisions"}],"wp:attachment":[{"href":"https:\/\/intervius.com\/index.html\/wp-json\/wp\/v2\/media?parent=8144"}],"wp:term":[{"taxonomy":"category","embeddable":true,"href":"https:\/\/intervius.com\/index.html\/wp-json\/wp\/v2\/categories?post=8144"},{"taxonomy":"post_tag","embeddable":true,"href":"https:\/\/intervius.com\/index.html\/wp-json\/wp\/v2\/tags?post=8144"}],"curies":[{"name":"wp","href":"https:\/\/api.w.org\/{rel}","templated":true}]}}