{"id":8128,"date":"2009-08-26T00:00:00","date_gmt":"2006-11-06T00:00:00","guid":{"rendered":"https:\/\/intervius.com\/index.html\/?p=8128"},"modified":"2006-11-06T00:00:00","modified_gmt":"2006-11-06T00:00:00","slug":"Josele_Santiago8128","status":"publish","type":"post","link":"https:\/\/intervius.com\/index.html\/Josele_Santiago8128\/","title":{"rendered":"Josele Santiago"},"content":{"rendered":"<p>Pregunta.- Josele, no se si sab\u00edas que has sido el amor plat\u00f3nico de muchas estudiantes de filosof\u00eda en la primera mitad de los 90. Te lo aseguro. La pregunta es: \u00bfQu\u00e9 opinas del adormecimiento general de la juventud de hoy en d\u00eda, de la falta de fuertes personalidades, sentido cr\u00edtico y personalidad? \u00bfEs posible una universidad en la que ya ni siquiera se habla de m\u00fasica en los pasillos? Saludos desde Gran\u00e1.<\/p>\n<p>Respuesta.- No acab\u00e9 segundo, yo que s\u00e9. Solo s\u00e9 que no s\u00e9 nada. \u00bfNo? <\/p>\n<p>P.- Josele acabo de comprarme un guitarr\u00f3n marca Gresthc y por primera vez he dejado mi estratocaster abandonada en un rinc\u00f3n. No me pasa lo mismo con mi maravillosa Telecaster, de vez en cuando vuelvo a ella cuando me pongo melanc\u00f3lico. Siempre te he visto con tu Fender colgada al hombro. \u00bfCon qu\u00e9 guitarra te encuentras mas c\u00f3modo? \u00bfDime para ti tres modelos imprescindibles? <\/p>\n<p>R.- \u00bfCu\u00e1nto te ha costado? En ac\u00fastico utilizo una alhambra y con la el\u00e9ctrica he vuelto tambi\u00e9n a la telecaster. Uso una Jazzmaster y una stratocaster. Y de ah\u00ed no me saques que me l\u00edo&#8230;.<\/p>\n<p>P.- \u00bfPor qu\u00e9 piensa usted que el pasado traum\u00e1tico de la dictadura franquista est\u00e1 tan poco reflejado en la m\u00fasica espa\u00f1ola?<\/p>\n<p>R.- Yo creo que s\u00ed est\u00e1 reflejado, y mucho. Ah\u00ed est\u00e1n Serrat, los de &#8220;mi calle&#8221; que no me acuerdo como se llamaban y mucha gente de aquella \u00e9poca, lo que pasa es que hace mucho tiempo y hab\u00eda que burlar a la censura. <\/p>\n<p>P.- Hola Josele, desde que empezaste en solitario parece que has aparcado tu lado m\u00e1s rockero dejando la el\u00e9ctrica en manos de Pablo Novoa y dedic\u00e1ndote m\u00e1s a la ac\u00fastica. \u00bfEn un futuro hay alguna posibilidad de volver al Josele mas enemigo? Un saludo.<\/p>\n<p>R.- Hombre, alguien tiene que hacerse cargo de la ac\u00fastica que es un trabajo bastante poco agradecido porque parece que no haces nada, pero modestia aparte no lo hace cualquiera bien. El viernes voy a estar con la el\u00e9ctrica en bastantes canciones, y en las que no pues ah\u00ed estar\u00e1 David Krahe que es tan fiera o m\u00e1s que el Novoa. <\/p>\n<p>P.- \u00bfQu\u00e9 grupos espa\u00f1oles actuales te gustan escuchar ultimamente?<\/p>\n<p>R.- Yo soy un fan declarado de Ectoplasma y de la Fundaci\u00f3n Toni Manero. <\/p>\n<p>P.- \u00a1Ole!, casualidad: hoy t\u00fa por aqu\u00ed y ayer me encontr\u00e9 por casa una cinta de vhs con &#8220;tengo una casa&#8221;. Tuve un peque\u00f1o ataque de morri\u00f1a y la vi, lo mejor de la pel\u00edcula erais vosotros, bueno, y Silke&#8230; \u00bfPara cu\u00e1ndo otra banda sonora?, \u00bfo un disco con cortes instrumentales con el toque country desierto o sierra o carballeira? Te echo de menos como guitarrista, ojo: Pablo (Novoa) es grande. Salud. <\/p>\n<p>R.- Cuando hagas una peli, si quieres te hago la banda sonora. Y qu\u00e9 man\u00eda con la guitarra, que sigo toc\u00e1ndola, carajo!<\/p>\n<p>P.- Hola Josele, \u00bfc\u00f3mo haces para conservar tu sana acidez sin amargarte la vida? Un abrazo. Ser\u00e1 un placer verte en Taboo<\/p>\n<p>R.- No s\u00e9, ser\u00e1 el Almax. Otro, y lo mismo digo. <\/p>\n<p>P.- Hola Josele, lo primero felicitarte por tu \u00faltimo disco que es brillante. Decirte que me encanta tu etapa con &#8220;Los Enemigos&#8221; y la tuya en solitario por igual. Y quer\u00eda preguntarte \u00bfc\u00f3mo ves el panorama actual para los m\u00fasicos que intentan hacerse un hueco aunque sea en los circuitos de salas peque\u00f1as? Yo soy cantautor. Lo veo negro. Abrazos desde Madrid. Nos vemos en la Taboo.<\/p>\n<p>R.- Hazte cantautista, como yo. A ver si as\u00ed &#8230;<\/p>\n<p>P.- Cu\u00e1ndo volver\u00e1s al Bar Iberia&#8230;? Malasa\u00f1a te echa de menos (que nunca de m\u00e1s)<\/p>\n<p>R.- Pues igual esta noche, es que vivo fuera. Un abrazo. <\/p>\n<p>P.- Hola Josele. Ante todo, much\u00edsimas gracias por todo lo que me has aportado. Eres el artista que m\u00e1s veces en visto en directo (9, si no recuerdo mal). En varias ocasiones te he o\u00eddo hablar de ciertas dificultades econ\u00f3nomicas, que no pod\u00edas pagar el cach\u00e9 de m\u00fasicos como los que llevabas en tu primera gira en solitario&#8230; \u00bfQu\u00e9 tal te sientes con Menudencias? \u00bfHas encontrado cierto equilibrio en ese sentido? \u00bfTan dificil es vivir de la m\u00fasica incluso para alguien con tu trayectoria?<\/p>\n<p>R.- Con las Menudencias, estupendamente. Son muy majos, muy buenos m\u00fasicos, muy apa\u00f1ados y todo eso. Pero no siempre puedo pagarles, claro. <\/p>\n<p>P.- Hola Dios!, que estas en los cielos!!!&#8230;nunca pens\u00e9 que pod\u00eda hacerle una pregunta&#8230;.a usted! &#8230;.eres un t\u00edo grande y aut\u00e9ntico&#8230;.no es peloteo barato&#8230;. &#8230;.\u00bfC\u00f3mo lleva usted el tema de los karaokes televisados tipo, O.T, y que la industria musical cada vez busque perfiles con ausencia de talento? &#8230;no cambies&#8230;y cuando veas a San Pedro sal\u00fadalo de mi parte y dile que me espere sentado, que de momento como dice mi amigo Juantxo&#8230;Pa vivir asi mejor no morirse!!! <\/p>\n<p>R.- Pedro y yo estamos por encima de estas cosas. Le dar\u00e9 tu recado. Un abrazo. <\/p>\n<p>P.- Josele, a m\u00ed tambi\u00e9n me sobra carnaval. \u00bfC\u00f3mo sobrellevas la idiotez generalizada de la sociedad actual? Un saludo, majo.<\/p>\n<p>R.- Qu\u00e9 jovenes sois, co\u00f1o! <\/p>\n<p>P.- Hola Josele, espectacular tu \u00faltimo disco. Aunque s\u00e9 que vas sobrado de repertorio con tus discos en solitario para hacer buenos conciertos, cuando nos dejar\u00e1s caer un poquito m\u00e1s de Enemigos?, al fin y al cabo eres el autor. Ya s\u00e9 que no es el mismo rollo y que los Enemigos ya no est\u00e1n juntos y todo eso, pero hay gente que no ha tenido la oportunidad de escuchar esos temas en directo y es una pena&#8230;danos una alegr\u00eda de vez en cuando hombre&#8230; Un Saludo maestro<\/p>\n<p>R.- Vale, vente el viernes que habr\u00e1 alguna sorpresica que otra. <\/p>\n<p>P.- Me he identificado mucho con tus canciones pero ahora voy a ser padre y una antigua canci\u00f3n como Alegria (un beb\u00e9 que roba la alegria a sus padres) me causa rechazo.\u00bfVolver\u00edas a escribir una canci\u00f3n as\u00ed o eran cosas de la edad? Gracias por &#8220;vuelo de volar&#8221; <\/p>\n<p>R.- No hay que tomarse las cosas tan a pecho, \u00e9chale un vistazo a &#8220;La semilla del diablo&#8221; de Polansky y ya ver\u00e1s que no es para tanto. <\/p>\n<p>P.- Atr\u00e9vete a contestar la verdad, \u00bfpor qu\u00e9 os separasteis Los Enemigos?<\/p>\n<p>R.- Porque est\u00e1bamos hasta los cojones. <\/p>\n<p>P.- Es poco frecuente o\u00edr a m\u00fasicos de la escena independiente alabar a m\u00fasicos considerados por algunos como comerciales. Alguna vez he o\u00eddo a Lapido, Quique Gonz\u00e1lez o J (Planetas) reivindicar la obra de gente como Antonio Vega o Enrique Urquijo. \u00bfQu\u00e9 te parece a ti el trabajo de estos dos m\u00fasicos desaparecidos? Yo pienso que ambos en solitario han dejado a la m\u00fasica espa\u00f1ola trabajos de mucha calidad. Incluso me atrever\u00eda a decir que tu trabajo<\/p>\n<p>R.- Yo pienso lo mismo, hombre. En cuanto a mi trabajo<\/p>\n<p>P.- Me gustar\u00eda saber si la canci\u00f3n de &#8220;Mi prima y sus pinceles&#8221; esta basada en un hecho real, y si es as\u00ed me gustar\u00eda saber si se puede saber qui\u00e9n es?<\/p>\n<p>R.- Te voy a dejar a medias. Es un hecho real pero para que vas a saber t\u00fa quien es so cotilla. <\/p>\n<p>P.- Buenas tardes Josele,\u00bfnos puedes dar datos de tu pr\u00f3ximo disco? \u00bfSer\u00e1 grabado en directo? \u00bfCrees que Garabatos est\u00e1 poco valorado? Yo creo que es de lo mejor que has hecho. Salud<\/p>\n<p>R.- Mira qu\u00e9 alegr\u00eda, yo tambi\u00e9n creo que es de lo mejor que he hecho pero bueno, es lo que hay. Y el pr\u00f3ximo ser\u00e1 en directo en el estudio como siempre. <\/p>\n<p>P.- \u00bfQu\u00e9 es lo m\u00e1s importante que debe tener una banda?<\/p>\n<p>R.- Yo busco buenos m\u00fasicos malos. Mejor que malos m\u00fasicos buenos. <\/p>\n<p>P.- Josele, h\u00e1blanos un poco de tu relaci\u00f3n con Galicia &#8211; desde los cientos de conciertos de Los Enemigos al Morrazo, Bueu y sus playas<\/p>\n<p>R.- Fruct\u00edfera y reconfortante a la par que instructiva. <\/p>\n<p>P.- Para un fan de los enemigos desde su primer disco (tengo ya 40 a\u00f1os) es duro ver el cambio de Los Enemigos a Josele en solitario. Acostumbrado al rock enemigo, no acabo de entender porque no se sigue por un camino de \u00e9xito, y se decide una aventura, en mi opini\u00f3n, algo estrafalaria. \u00bfQu\u00e9 paso realmente? \u00bfTe gustar\u00eda volver a los Enemigos? \u00bfHabr\u00eda alguna posibilidad?<\/p>\n<p>R.- Mira Sapo, para gustos, colores. <\/p>\n<p>P.- Josele! Eres un grande tio. Una preguntilla: Tienes iPod? Crees que la m\u00fasica gana o pierde con estos nuevos formatos? <\/p>\n<p>R.- No, no tengo. Pero mi sobrino tiene uno, y suena como el culo. <\/p>\n<p>P.- Yo iba a preguntar que para cu\u00e1ndo una reuni\u00f3n con Los Enemigos, pero como supongo que ya te lo van a preguntar, me gustar\u00eda saber cu\u00e1les son tus referentes literarios, seguro que te gusta la lectura y me interesa saberlo. Para hablar de tu m\u00fasica ya est\u00e1n tus memorables conciertos. Me encantar\u00eda tomarme una cervecita contigo y el t\u00edo Rosendo. Gracias por todo, Josele.<\/p>\n<p>R.- Si te sirve de algo, ahora estoy con Jack London y con Victor Hugo a la vez. Y un libro memorable, se me ocurre &#8220;La monta\u00f1a m\u00e1gica&#8221;. <\/p>\n<p>P.- \u00bfTiene relaci\u00f3n musical con Miguel Ba\u00f1on y Los Mara\u00f1ones?<\/p>\n<p>R.- Pues claro, de toda la vida.<\/p>\n<p>P.- \u00bfHabr\u00e1 aniversario de Un T\u00edo Cabal? No os apetece otra gira por la geograf\u00eda espa\u00f1ola como la de Ferpectamente? <\/p>\n<p>R.- No, no tendr\u00eda mucho sentido esto. <\/p>\n<p>P.- bueno, supongo que te har\u00e1n esta pregunta un mill\u00f3n de veces pero variando la localidad, pero \u00bf para cu\u00e1ndo un conciertillo en Gran Canaria? Vale que aqu\u00ed no hay muchos fans, pero los que hay, somos fieles y ac\u00e9rrimos, y flipar\u00edamos con un concierto tuyo. Eres el mejor, Josele, no dejes nunca de tocar. <\/p>\n<p>R.- Eso digo yo, que llevo todo el verano llamando y no es co\u00f1a. An\u00edmate, Sal\u00e1n! <\/p>\n<p>P.- Qu\u00e9 pasa, crack, s\u00e9 que uno de tus grupos favoritos es Dr. Feelgood, quer\u00eda saber si te gustan los grupos garajeros de los 60 y alguno en especial. Un enorme abrazo y un mill\u00f3n de gracias por hacer la m\u00fasica que haces.<\/p>\n<p>R.- Tengo especial debilidad por los Sonics, de toda la vida. <\/p>\n<p>P.- \u00bfMantienes contacto con Fino, Manolo, Chema? Os veis, tocais alguna vez juntos por placer, os pasais vuestros respectivos discos en solitario&#8230;<\/p>\n<p>R.- Pues la verdad es que solamente con Fino. <\/p>\n<p>P.- Hola Josele! Uno de los conciertos que mejor recuerdo y m\u00e1s me han emocionado en mi vida fue el de despedida de Los Enemigos en el ahora derruido Teatro Bret\u00f3n de Salamanca. \u00bfQu\u00e9 recuerdos tienes t\u00fa de ese d\u00eda y por qu\u00e9 elegisteis Salamanca para el adios de Los Enemigos?<\/p>\n<p>R.- Fue un bolo muy especial y emotivo y todo eso, lo que no s\u00e9 es por qu\u00e9 elegimos Salamanca para hacerlo. Log\u00edstica supongo. <\/p>\n<p>P.- no tengo ninguna pregunta especial, solo decir que es un placer poder hablar con un genio del rock, componente de la mejor banda de rock de este pais, Los Enemigos, agradecerte el concierto de despedida en La Copera Granada, fue espectacular, emocionante con un final sorprendente contigo a la bateria y chema versionando a AC DC, el mejor concierto en el que he estado y he estado en muchos. Tambien te sigo en solitario, aun recuerdo esl concierto en Marbella tras el primer disco Cuando vuelves??<\/p>\n<p>R.- no tengo ninguna pregunta especial, solo decir que es un placer poder hablar con un genio del rock, componente de la mejor banda de rock de este pais, Los Enemigos, agradecerte el concierto de despedida en La Copera Granada, fue espectacular, emocionante con un final sorprendente contigo a la bateria y chema versionando a AC DC, el mejor concierto en el que he estado y he estado en muchos. Tambien te sigo en solitario, aun recuerdo esl concierto en Marbella tras el primer disco Cuando vuelves??<\/p>\n<p>P.- Dime tus cinco discos imprescindibles, los que no dejaste nunca de escuchar. Gracias,maestro. <\/p>\n<p>R.- El primero de Alex Chilton en solitario. Little Richard. El primero de The Band. &#8220;Moon dance&#8221; de Van Morrison. Chuck Berry. <\/p>\n<p>P.- Hola Josele, si no lo pregunto reviento. \u00bfVes factible una gira enemiga?. Un Abrazo<\/p>\n<p>R.- No es viable en absoluto. Lo siento. <\/p>\n<p>P.- Muy buenas Don Jos\u00e9 Luis, \u00bfsaldr\u00e1 alguna vez el DVD con la gira de despedida de Enemigos? Y si no, \u00bfpor lo menos una reedici\u00f3n remasterizada de &#8220;Tras el \u00faltimo no va nadie&#8221;?<\/p>\n<p>R.- Esto no est\u00e1 en mis manos t\u00edo, lo siento. <\/p>\n<p>P.- Hola, reconozco que soy poco mitomano pero me interesa tu opini\u00f3n sobre gente como White Stripes, Racounters, o Morrisey<\/p>\n<p>R.- Esos de en medio no s\u00e9 quien son. Y los otros dos, pues vale, ah\u00ed est\u00e1n. No me preocupan mucho. <\/p>\n<p>P.- Hola Josele, tras 25 a\u00f1os de carrera supongo tendras mil an\u00e9cdotas, que es lo mas curioso que te ha pasado sobre un escenario? <\/p>\n<p>R.- Salirme de \u00e9l y caerme para abajo (v\u00edtores y aplausos). <\/p>\n<p>P.- Al componer tus canciones A qu\u00e9 le das m\u00e1s importancia y qu\u00e9 te resulta m\u00e1s sencillo, menos laborioso, elaborar la letra o la m\u00fasica? \u00bfqu\u00e9 diferencia este disco (que no he escuchado) de los dos anteriores que personalmente me han encantado y me parecen perfectos?<\/p>\n<p>R.- Me resulta m\u00e1s sencillo la m\u00fasica claro. El \u00faltimo que es m\u00e1s barato as\u00ed que ya te lo est\u00e1s comprando. <\/p>\n<p>P.- Josele, estare en Taboo para verte, \u00bfCon que musico trabajarias mejor. con Petisme o con sabina? Un besote<\/p>\n<p>R.- Pues no tengo ni idea. No tengo el placer. <\/p>\n","protected":false},"excerpt":{"rendered":"<p>Hay vida despu\u00e9s de Los Enemigos. La banda que se hizo m\u00edtica con 14 discos y casi 20 a\u00f1os de andadura encumbr\u00f3 a su cantante, Josele Santiago. \u00c9ste sigue ahora carrera en solitario -tiene ya tres \u00e1lbumes en su haber- y se encuentra de gira este verano para promocionar su \u00faltimo trabajo, Loco encontrao. Santiago ha charlado con los lectores dos d\u00edas antes del concierto que va a celebrar en Madrid, en la Sala Taboo.<br \/>\nFOTOGRAF\u00cdA: SAMUEL S\u00c1NCHEZ<\/p>\n","protected":false},"author":1,"featured_media":0,"comment_status":"open","ping_status":"open","sticky":false,"template":"","format":"standard","meta":{"footnotes":""},"categories":[],"tags":[],"class_list":["post-8128","post","type-post","status-publish","format-standard","hentry"],"_links":{"self":[{"href":"https:\/\/intervius.com\/index.html\/wp-json\/wp\/v2\/posts\/8128","targetHints":{"allow":["GET"]}}],"collection":[{"href":"https:\/\/intervius.com\/index.html\/wp-json\/wp\/v2\/posts"}],"about":[{"href":"https:\/\/intervius.com\/index.html\/wp-json\/wp\/v2\/types\/post"}],"author":[{"embeddable":true,"href":"https:\/\/intervius.com\/index.html\/wp-json\/wp\/v2\/users\/1"}],"replies":[{"embeddable":true,"href":"https:\/\/intervius.com\/index.html\/wp-json\/wp\/v2\/comments?post=8128"}],"version-history":[{"count":0,"href":"https:\/\/intervius.com\/index.html\/wp-json\/wp\/v2\/posts\/8128\/revisions"}],"wp:attachment":[{"href":"https:\/\/intervius.com\/index.html\/wp-json\/wp\/v2\/media?parent=8128"}],"wp:term":[{"taxonomy":"category","embeddable":true,"href":"https:\/\/intervius.com\/index.html\/wp-json\/wp\/v2\/categories?post=8128"},{"taxonomy":"post_tag","embeddable":true,"href":"https:\/\/intervius.com\/index.html\/wp-json\/wp\/v2\/tags?post=8128"}],"curies":[{"name":"wp","href":"https:\/\/api.w.org\/{rel}","templated":true}]}}