{"id":8116,"date":"2009-08-14T00:00:00","date_gmt":"2006-11-06T00:00:00","guid":{"rendered":"https:\/\/intervius.com\/index.html\/?p=8116"},"modified":"2006-11-06T00:00:00","modified_gmt":"2006-11-06T00:00:00","slug":"Tomas_Guasch8116","status":"publish","type":"post","link":"https:\/\/intervius.com\/index.html\/Tomas_Guasch8116\/","title":{"rendered":"Tom\u00e1s Guasch"},"content":{"rendered":"<p>Pregunta.- puede ganar el madrid el triplete???<\/p>\n<p>Respuesta.- Por poder&#8230; Equipo tiene para intentarlo, pero es tan dif\u00edcil que pasa una vez cada much\u00edsmo tiempo. De ah\u00ed que valoremos como se merece lo que consigu\u00f3 el Barcelona. Como dice Xabi Alonso, el Madrid no debe obsesionarse con los t\u00edtulos. Se trata de ir formando un equipo nuevo, jugar bien&#8230; y Dios dir\u00e1. Lo m\u00e1s importante ahora es que tiene argumentos futbol\u00edsticos, o sea jugadores, para atacar ese formidable reto.<\/p>\n<p>R.- Se trata de informar, amigo. Ha sido Messi y no un empleado de AS el que ha pedido no jugar el primer partido de Liga. \u00bfTe parece normal, por cierto? Y sobre la envidia te dir\u00e9 que es algo que personalmente desconozco. Y apa\u00f1ado estar\u00eda, creo, si a mis a\u00f1os la tuviera&#8230; \u00a1de un club de f\u00fatbol! <\/p>\n<p>P.- \u00bfEs consciente que el crack del medio campo del Liverpool es Mascherano, al que quer\u00eda Guardiola y no Xabi Alonso que esta muy por detras de Senna, Busquets, Xavi y Cesc ?<\/p>\n<p>R.- Pues no soy muy consciente, la verdad. S\u00ed lo soy sobre la val\u00eda de Mascherano, al que en los Juegos de Atenas segu\u00ed porque el Madrid se interes\u00f3 por \u00e9l y escrib\u00ed que me parec\u00eda iba a convertirse en el jugador magn\u00edfico que es en su demarcaci\u00f3n. Que Guardiola lo pretenda no le da patente de Pel\u00e9: Hleb, C\u00e1ceres y lo que cuentan de Henriques y Maxwell lo confirma. Y sobre Xabi, si tan malo es quiz\u00e1 con el cuerpo que tiene lo podr\u00e1 aprovechar el Madrid para el equipo de baloncesto&#8230;<\/p>\n<p>P.- Buenas Tardes. \u00bfCrees que puede haber alg\u00fan equipo que le pueda plantar cara esta pr\u00f3xima temporada al Madrid o al Barcelona? Sigue inform\u00e1ndonos como siempre.<\/p>\n<p>R.- En la Liga lo veo dif\u00edcil, pienso que hay excesiva diferencia entre sus plantillas y las de los dem\u00e1s a 38 partidos. Otra cosa ser\u00e1 en Copa o Champions. En un enfrentamiento a doble partido, equipos como el Valencia, el Sevilla, el Atl\u00e9tico y otros tendr\u00e1n m\u00e1s posibilidades de ganarles.<\/p>\n<p>P.- Saludos Gran Guasch, tu solo mantienes el indice de audiencia y lectura. Personalmente creo que el Barcelona pierde con el cambio de Eto\u00f3 por Ibrahimovic, por su presi\u00f3n arriba y su gran cantidad de goles, c\u00f3mo lo ves t\u00fa. Un solidario recuerdo pa Dani Jarque.<\/p>\n<p>R.- Pues que esa esa una de las inc\u00f3gnitas por resolver esta temporada. Etoo ha sido mucho Etoo en el Bar\u00e7a y en el Mallorca, en nuestra Liga o sea. Hay que ver si el sueco lo iguala o supera en goles, en presi\u00f3n como t\u00fa dices. Me atrever\u00eda a decir que no va a ganar su equipo con el cambio; que pierda est\u00e1 por ver. Y gracias por el recuerdo. <\/p>\n<p>P.- Hola Tomas, no crees que ahora el capitan deberia ser Tamudo? Creo que en este momento es el jugador que mas autoridad moral y peso historico tiene para liderar al grupo en esta situacion<\/p>\n<p>R.- Pues probablemente. Pero si le quitaron la capitan\u00eda hace menos de un mes y nombraron cuatro capitanes, el primero Jarque, pues no lo veo tan claro&#8230; ni \u00e9l tampoco. Hablar\u00e1n, el segundo de la lista es David Garc\u00eda, un \u00edntimo de Dani. Es otra situaci\u00f3n penosa que debe resolver el Espanyol, claro.<\/p>\n<p>P.- Hola Tom\u00e1s \u00bfHay en el Espa\u00f1ol alg\u00fan movimiento para homenajear a Jarque? un partido homenaje, bautizar al estadio con su nombre etc?????????<\/p>\n<p>R.- Se habla de ubicar un busto en su memoria en la puerta 21 del estadio, de organizar un partido de homenaje, mucha gente pide que se le ponga el nombre al estadio o a la ciudad deportiva&#8230; Seguro que su recuerdo permenecer\u00e1 tambi\u00e9n en materia en el mundo espa\u00f1olista; en esp\u00edritu lo est\u00e1 para siempre.<\/p>\n<p>P.- Buenas tardes crack\u00a1\u00a1 Porque os empe\u00f1ais en que Raul tiene que ser titular, e incluso el otro dia decir que con su salida en la segunda parte se remont\u00f3 el partido, si practicamente ese dia no toc\u00f3 bola? No crees que Higua\u00edn y Negredo con los mismos minutos que el, meterian mas goles y participarian mas en el juego? pero no tienen esa oportunidad y se van a desperdiciar. Raul si, pero jugando ya poquito<\/p>\n<p>R.- Amigo, no nos empe\u00f1amos en nada. Y sobre lo del 0-3 en Washington, y si te refieres a lo que yo escrib\u00ed, fue en El Orsay, p\u00e1gina humor\u00edstica donde se le\u00eda tambi\u00e9n que el Atletico tom\u00f3 Anfield&#8230; y la sorpresa (\u00a1ojo!) fue que marcaron el Kun y Forl\u00e1n. Destaqu\u00e9 lo que sucedi\u00f3 en el partido del Madrid: 0-0 sin Ra\u00fal y 0-3 con \u00e9l en el campo, lo que no deja de ser curioso y da para bromear con ello. Porque ya en serio te digo que no he visto en el f\u00fatbol un af\u00e1n tan enorme como el que mucha gente tiene por jubilarle. Ya lo har\u00e1 el f\u00fatbol, que se los lleva a todos por delante. Higua\u00edn puede ser titular, \u00a1c\u00f3mo no! Negredo lo ser\u00e1 en el club que lo fiche&#8230; y Ra\u00fal en el Madrid si Pellegrini considera que rinde m\u00e1s que otros. <\/p>\n<p>P.- gran tomas en tu eterna sabiduria que plantilla es mejor en un opinion la del f.c. barcelona o la del realmadrid c.f, y porque?? un abrazo para el mundo perico gracias<\/p>\n<p>R.- Creo que ahora mismo el Madrid tiene m\u00e1s jugadores, m\u00e1s recambios. Por eso el Bar\u00e7a busca un par de jugadores m\u00e1s para completarla. En cualquier caso una no es much\u00edsimo mejor que otra. A ver si me explico: el Bar\u00e7a del a\u00f1o pasado s\u00ed era muy superior al Madrid en plantilla y este, desde luego que no. Mejor para la competici\u00f3n, \u00bfverdad?<\/p>\n<p>P.- Hola sr. Guasch: Mi pregunta no tiene que ver con ninguno de los llamados &#8220;grandes&#8221; del futbol espa\u00f1ol. Yo quiero saber como ve usted a los equipos recien ascendidos, que equipos cree que pueden dar la sorpresa y cuales defraudar. tambien quisiera saber suopini\u00f3n sobre el Athletic, que papel cree que jugar\u00e1 en copa liga y Europa League. gracias por su atenci\u00f3n. Un saludo. <\/p>\n<p>R.- El Athletic ser\u00e1 siempre un equipo serio, que sabe lo que lleva entre manos, que super\u00f3 el mal momento del Young Boys en San Mam\u00e9s y que pelear\u00e1 hasta la \u00faltima gota de fuerza. Le veo aspirando a la Europa League, si se\u00f1or. Y sobre los ascendidos, pues pienso que estar\u00e1n en su papel que es, primero, asegurar la permanencia. Al Xerez le faltan jugadores, que espero encontrar\u00e1 a su gusto, hoy por hoy parece el m\u00e1s necesitado. El Zaragoza debe olvidar glorias pasadas y pegarse al terreno, de manera que este e\u00f1o sea una buena base para futuras conquistas. Har\u00e1 mal si cree que por haber vuelto lo tiene hecho todo; como Marcelino lo sabe le pondr\u00e1 remedio. Y el Tenerife regresa a la gran Liga tras muchos a\u00f1os en Segunda, con una buena base de equipo y dispuesto a pelear por no bajar. Esa va a ser su Liga y su aliciente que el a\u00f1o pasado s\u00f3lo baj\u00f3 un ascendido, el Numancia.<\/p>\n<p>P.- \u00bfquien crees que triunfara mas: kaka o CR9?<\/p>\n<p>R.- Pues muy por igual porque hablamos de dos futbolistas extraordinarios, diferentes en su f\u00fatbol y con todo para marcar una \u00e9poca en el Madrid y en nuestra Liga.<\/p>\n<p>P.- Hola tomas soy un merengue de barcelona, siento mucho de lo de dani jarque,mi pregunta es con el dinero que se ha gastado el real madrid tenemos una buena plantilla.<\/p>\n<p>R.- Pues s\u00ed pienso que el Madrid tiene una buena plantilla, que redondear\u00eda con Rib\u00e9ry. Pero la tiene. Me preocupa el tal\u00f3n de Aquiles de Sergio Ramos, pero conf\u00edo en verle restablecido a mediados de septiembre como tarde. <\/p>\n<p>P.- Tomas,ante todo darte el pesame por tu amigo Dani Jarque,soy del Atl\u00e9tico de Madrid y mi pregunta es tu crees que Abel esta capacitado para poder este a\u00f1o llevar al Atl\u00e9tico a cotas altas?un abrazo y espero que el Espanyol sea fuerte.<\/p>\n<p>R.- Muchas gracias por el p\u00e9same. Y s\u00ed creo que Abel est\u00e1 capacitado y m\u00e1s si no se van los jugadores importantes. El Atl\u00e9tico sabe lo que debe hacer: vivir entre los cuatro primeros e ir avanzando en la Champions. Y no tirar la Copa, claro. Pienso que s\u00ed tiene mimbres para conseguir todo esto. Y para que el Espanyol sea fuerte le ayudar\u00e1 arrancar bien la Liga; ese ser\u00eda su mejor b\u00e1lsamo. <\/p>\n<p>P.- Guasch \u00bfNo es lo mejor para la seleccion de Del Bosque que Negredo juegue cedido en el Sevilla?<\/p>\n<p>R.- Puede. Pero lo importante es que juege aunque dudo que el Madrid le ceda a Negredo al Sevilla. Primero porque por ah\u00ed le dan dinero y bien que lo necesita despu\u00e9s de lo que ha gastado. Y despu\u00e9s porque el Sevilla, precisamente \u00e9l, no le baj\u00f3 nunca un euro al Madrid cuando fue a por Sergio o Baptista. Negredo necesita jugar ya, que lo haga aqu\u00ed es complicad\u00edsimo.<\/p>\n<p>P.- \u00bfNo cree que Navas es el salto de calidad que le falta a Espa\u00f1a para ser imbatible? Tanto Cazorla como Xabi Alonso son jugadores de segundos tiempos como hacia Luis Aragones<\/p>\n<p>R.- Pues de \u00e9l depende. A m\u00ed me encanta Jes\u00fas, ojal\u00e1 que pronto piense que est\u00e1 para ir a la Selecci\u00f3n, donde le habr\u00edan llamado hace tiempo si \u00e9l no hubiese preferido esperar. Sobre Cazorla y Xabi, en sus clubes hasta ahora han jugado m\u00e1s veces el partido entero que la mitad. No se equivocar\u00eda siempre el Villarreal y el Liverpool, creo.<\/p>\n<p>P.- Por Internet hay una amalgama de blogs que piden Raul Jubilacion en respuesta al ya fracasado Raul Seleccion \u00bfNo cree que seguir defendiendo a Raul tanto en el Madrid como en la Seleccion est\u00e1 fuera de lugar?<\/p>\n<p>R.- Vuelvo a una respuesta anterior: no recuerdo una historia as\u00ed con nadie. Insisto: el f\u00fatbol jubilar\u00e1 a Ra\u00fal, de momento no ha podido. Y no necesita defensa: se defiende s\u00f3lo (de momento con los mismos goles que el que m\u00e1s en la pretemporada del Madrid) del mismo modo que un d\u00eda dejar\u00e1 de defenderse porque su ciclo habr\u00e1 terminado, porque un compa\u00f1ero lo har\u00e1 mejor que \u00e9l&#8230; Sucedi\u00f3 cuando el propio Ra\u00fal sent\u00f3 en el banquillo a Butrague\u00f1o, es la vida, amigo. <\/p>\n<p>P.- Holaa \u00bf No crees qe el madrid deberia fixar a un jugador como gourcuff y olvidarse de ribery k sale bastante mas caro?<\/p>\n<p>R.- El chico del Burdeos es muy bueno; Rib\u00e9ry es buen\u00edsimo. Hay diferencia entre ambos y por ese \u00e9ste sale m\u00e1s caro. Rib\u00e9ry es presente rabioso, su compatriota, futuro. Buen\u00edsimo, pero futuro.<\/p>\n<p>P.- Hola Crack!\u00bf Venderan a robben este a\u00f1o?Para mi se debe quedar nesecitamos un banquillo tambi\u00e9n de lujo no?\u00bfcrees que el madrid fichar\u00e1 a alguien m\u00e1s o se centraran en la operaci\u00f3n salida?Gracias! <\/p>\n<p>R.- Pues depender\u00e1 de la oferta que llegue por \u00e9l. Y si se queda, de acuerdo: el Madrid tendr\u00e1 mejor banquillo. Pienso que est\u00e1n en la operaci\u00f3n salida y dispuestos a moverse si el Bayern decidiera (que no parece) soltar a Rib\u00e9ry. No veo que vayan a por otro jugador que no sea el franc\u00e9s.<\/p>\n<p>P.- \u00bfSe comer\u00e1 Pellegrini el turr\u00f3n?<\/p>\n<p>R.- \u00a1Ja, ja! Si con esta plantilla no se lo come, que el Madrid viva sin entrenador y \u00e9l se haga torero, que cuerpo tiene.<\/p>\n<p>P.- Don Tomas, Saludos desde Miami, para usted una gran pregunta: No me ha gustado nadie para lateral izquiero,(Ni Drenthe, ni Torres, ni Marcelo, ni Arbeloa) que opina? que hacemos???? <\/p>\n<p>R.- Es la demarcaci\u00f3n m\u00e1s problem\u00e1tica como lo demuestra que lleg\u00f3 Arbeloa, que no es zurdo, para reforzarla. Pero es que un 3 como Roberto Carlos no hay. Por el otro lado s\u00ed, Maicon por ejemplo. Pero el lateral zurdo es un problema en la mayor\u00eda de clubes europeos.<\/p>\n<p>P.- Hola fen\u00f3meno ,crees ke Ramos explotar\u00e1 y ser\u00e1 un verdadero pu\u00f1al por la banda esta temporada?Ke holand\u00e9s te kedarias en la plantilla?A mi me encanta wesley.Y vendr\u00e1 ribery?<\/p>\n<p>R.- He comentado que me preocupa su lesi\u00f3n en el pie, que la cure bien que esto es muy largo y el Madrid y la Selecci\u00f3n le necesitan. A Rib\u00e9ry no le descartar\u00e9 hasta que se cierre el mercado, pero de momento el Bayern no afloja. Wesley, como t\u00fa dices, tambi\u00e9n me gusta, probablemente el que m\u00e1s entre los holandeses. La pena es que Robben sea tan poco fiable.<\/p>\n<p>P.- \u00bfVolver\u00e1 Negredo al Real Madrid? Para mi nunca debi\u00f3 irse<\/p>\n<p>R.- Para m\u00ed, tampoco. Y conf\u00edo verle de vuelta porque me parece un extraordinario delantero centro. En fin&#8230;<\/p>\n<p>P.- \u00bfComo se puede deportivamente plantearse vender a Sneijder, Robben y Negredo y dejar en plantilla a Van Nilsterooy, Guti y Raul? Explicamelo en terminos deportivos Guasch que no lo entiendo.<\/p>\n<p>R.- Pues porque hay unos contratos en vigor, porque por unos jugadores llegan ofertas y por otros no, porque con Van Nistelrooy hay un compromiso \u00e9tico tras su larga lesi\u00f3n&#8230; Sin duda que influyen otros t\u00e9rminos y no s\u00f3lo los deportivos en este asunto. Es un peaje que el Madrid debe pagar sin remisi\u00f3n.<\/p>\n<p>P.- Yo lo que veo es que Iniesta es mejor que Kak\u00e1, Messi que CR 9, Ibrahimovci mejor que Benzema, Xavi mejor que Xabi, Tour\u00e9 mejor que Lass, Henry mejor que Ra\u00fal, Piqu\u00e9 mejor que Pepe, Puyol mejor que Albiol y por supuesto Guardiola mejor que Pellegrini \u00bfQue base tenemos para ser optimistas Tom\u00e1s?<\/p>\n<p>R.- Pues hija de mi vida, si todo eso que dices es verdad, ninguna. Yo no lo veo tan claro como t\u00fa, pero tanta contundencia de abruma: te leo y pienso que quiz\u00e1 estamos ante una temporada muy hist\u00f3rica: el Madrid puede bajar a Segunda.<\/p>\n<p>P.- Tom\u00e1s, \u00bfcrees que Kak\u00e1 pedir\u00e1 marcharse para jugar el Argentina &#8211; Brasil o se quedar\u00e1 defendiendo la camiseta del Real el primer partido de Liga?<\/p>\n<p>R.- Me parecer\u00eda una broma que lo pidiera y no lo har\u00e1. Jugar\u00e1 contra el Deportivo y se ir\u00e1 a los dos partidos que Brasil, como Espa\u00f1a, debe afrontar camino del Mundial. Messi est\u00e1 tocadillo, la posibilidad de no ir al Mundial debe atormentarle y ha tirado por la calle de enmedio. Para m\u00ed, mal hecho. Pero as\u00ed es esto<\/p>\n","protected":false},"excerpt":{"rendered":"<p>El subdirector del Diario As, Tom\u00e1s Guasch, charlar\u00e1 con los lectores sobre la actualidad futbol\u00edstica. <\/p>\n<p>ARCHIVO DE ENTREVISTAS:<br \/>\n14 de julio &#8211; ARCHIVO DE ENTREVISTAS:<br \/>\n17 de julio &#8211; 10 de julio &#8211; 03 de julio &#8211; 26 de junio &#8211; 19 de junio &#8211; 12 de junio &#8211; 04 de junio &#8211; 29 de mayo &#8211; 22 de mayo &#8211; 15 de mayo &#8211; 08 de mayo &#8211; 30 de abril &#8211; 24 de abril &#8211; 17 de abril &#8211; 03 de abril &#8211; 27 de marzo &#8211; 20 de marzo &#8211; 13 de marzo &#8211; 6 de marzo &#8211; 20 de febrero &#8211; 23 de enero &#8211; 16 de enero &#8211; 9 de enero &#8211; 2 de enero &#8211; 26 de diciembre &#8211; 5 de diciembre &#8211; 28 de noviembre &#8211; 21 de noviembre &#8211; 14 de noviembre &#8211; 28 de junio &#8211; 25 de junio &#8211; 21 de junio &#8211; 17 de junio &#8211; 13 de junio &#8211; 9 de junio <\/p>\n","protected":false},"author":1,"featured_media":0,"comment_status":"open","ping_status":"open","sticky":false,"template":"","format":"standard","meta":{"footnotes":""},"categories":[],"tags":[],"class_list":["post-8116","post","type-post","status-publish","format-standard","hentry"],"_links":{"self":[{"href":"https:\/\/intervius.com\/index.html\/wp-json\/wp\/v2\/posts\/8116","targetHints":{"allow":["GET"]}}],"collection":[{"href":"https:\/\/intervius.com\/index.html\/wp-json\/wp\/v2\/posts"}],"about":[{"href":"https:\/\/intervius.com\/index.html\/wp-json\/wp\/v2\/types\/post"}],"author":[{"embeddable":true,"href":"https:\/\/intervius.com\/index.html\/wp-json\/wp\/v2\/users\/1"}],"replies":[{"embeddable":true,"href":"https:\/\/intervius.com\/index.html\/wp-json\/wp\/v2\/comments?post=8116"}],"version-history":[{"count":0,"href":"https:\/\/intervius.com\/index.html\/wp-json\/wp\/v2\/posts\/8116\/revisions"}],"wp:attachment":[{"href":"https:\/\/intervius.com\/index.html\/wp-json\/wp\/v2\/media?parent=8116"}],"wp:term":[{"taxonomy":"category","embeddable":true,"href":"https:\/\/intervius.com\/index.html\/wp-json\/wp\/v2\/categories?post=8116"},{"taxonomy":"post_tag","embeddable":true,"href":"https:\/\/intervius.com\/index.html\/wp-json\/wp\/v2\/tags?post=8116"}],"curies":[{"name":"wp","href":"https:\/\/api.w.org\/{rel}","templated":true}]}}