{"id":8102,"date":"2009-08-11T00:00:00","date_gmt":"2006-11-06T00:00:00","guid":{"rendered":"https:\/\/intervius.com\/index.html\/?p=8102"},"modified":"2006-11-06T00:00:00","modified_gmt":"2006-11-06T00:00:00","slug":"Inako_Diaz_Guerra8102","status":"publish","type":"post","link":"https:\/\/intervius.com\/index.html\/Inako_Diaz_Guerra8102\/","title":{"rendered":"I\u00f1ako D\u00edaz Guerra"},"content":{"rendered":"<p>Pregunta.- Muy buenas I\u00f1ako&#8230; A la vista de la pretemporada creo que el Atleti sigue EXACTAMENTE IGUAL que la temporada pasada. No se ha traido a nadie para subsanar las carencias de juego, por lo que creo que este a\u00f1o vamos a seguir dependiendo de que los delanteros est\u00e9n acertados. \u00bfEsperas que algo vaya mejor?<\/p>\n<p>Respuesta.- Creo que la defensa puede mejorar algo con Juanito y m\u00e1s tiempo para entrenar la defensa de Abel, juntando las l\u00edneas. Pero b\u00e1sicamente es lo mismo, un equipo que vive y vivir\u00e1 de la inspiraci\u00f3n de sus delanteros. Creo que los objetivos reales siguen siendo los mismos: ser terceros o cuartos, pelear la Copa si los sorteos colaboran un poco y llegar a los cruces en Champions.<\/p>\n<p>P.- Hola I\u00f1ako! Un par de cuestiones \u00bfQu\u00e9 te parece el contrato televisivo con Telemadrid? No crees que limita el crecimiento del club, reservandose solamente para convertirse en un club de provincias. \u00bfNo te parece el caso de Ricky Rubio bochornoso? Como m\u00ednimo tendr\u00eda que despedir a su representante&#8230; \u00bfQu\u00e9 te parecen &#8220;Fleet Foxes&#8221; y si la has visto la serie &#8220;True Blood? FORZA ATLETI<\/p>\n<p>R.- S\u00ed, lo de que al Atleti s\u00f3lo se le vea en Madrid es un paso atr\u00e1s importante, pero espero que el problema de Telemadrid s\u00f3lo afecte a la pretemporada y Telemadrid llegue de una vez a un acuerdo con alguna cadena nacional. Aunque con ellos cualquier cosa. Lo de Ricky es un problema que antes o despu\u00e9s ten\u00eda que estallar. Los clubes deportivos firman a sus chavales, cuando a\u00fan no est\u00e1n en condiciobnes de elegir, unos contratos draconianos cuyas cl\u00e1usulas son desporporcionadas respecto a sus salarios y luego dicen que como est\u00e1 firmado&#8230; En cualquier caso, su representante americano no jug\u00f3 bien sus cartas y acab\u00f3 espantando a Oklahoma y Sacramento. Fleet Foxes me gustan, pero en peque\u00f1as dosis. Quiz\u00e1s me decepcionaron un poco cuando pill\u00e9 el disco despu\u00e9s de escuchar tantas cosas buenas.<\/p>\n<p>P.- Saludos desde Le\u00f3n. Enhorabuena por tener una visi\u00f3n diferente y los suficientes arrestos como para expresarla abiertamente. Mi pregunta es \u00bfhay opciones de recuperar la secci\u00f3n de balonmano del atleti?<\/p>\n<p>R.- Ahora mismo, no. Es un proyecto estancado y hay qui\u00e9n dice que hasta ilegal debido a la ley de Sociedades An\u00f3nimas Deportivas. Aunque en esto no soy un experto.<\/p>\n<p>P.- Buenas I\u00f1ako. A pesar de la mala temporada que ha hecho en la Premier, \u00bfque piensas de Luka Modric? \u00bfTendr\u00eda hueco en el Atleti como mediocentro o mediapunta? Si hubiese paciencia (ja, ja, ja) y se le diese continuidad a la gente de la cantera, algunos de los que han subido al primer equipo podr\u00edan ser la base de cara al futuro. Para fichar al 90% de los jugadores que han venido en los \u00faltimos diez a\u00f1os al ATM, mejor que jueguen los canteranos, que peor no lo van a hacer. Y sienten los colores. No digo ya nada del dinero que se ahorrar\u00eda. Un saludo.<\/p>\n<p>R.- Me encanta Modrid, pese a que no haya brillado en el Tottenham. Tiene cosas de aut\u00e9ntico fuera de serie y era su primer a\u00f1o en una gran Liga. Ser\u00eda perfecto para el Atleti aunque, por f\u00edsico, no le veo de medciocentro y estar\u00edamos ante el viejo problema de q el Atleti no usa mediapunta con Kun y Forl\u00e1n, pero creo que a un jugador as\u00ed, se le hace hueco. PAra m\u00ed, Koke y Pacheco tienen hueco en la plantilla a d\u00eda de hoy. Y Borja y Keko lo tendr\u00e1n.<\/p>\n<p>P.- no te parece que con el exagerado empleo de recursos por parte del madrid, al final se est\u00e1n convirtiendo en los harlem globetroters del futbol, dando giras en paises que se practica poco este deporte y con estrellas de la prensa rosa y de anuncios de ropa interior. <\/p>\n<p>R.- Bueno, en tiempos de crisis hay que sacar dinero de donde se pueda y el MAdrid es ahora mismo una marca tanto como un equipo de f\u00fatbol. En verano, todo vale. Luego veremos como marcha la cosa cuando empiece lo serio, pero es l\u00f3gico que tengan que recuperar lo invertido. Tambi\u00e9n nosotros hemos hecho giras ex\u00f3ticas para recaudar, seamos justos<\/p>\n<p>P.- que te parece la gestion de pitarch despues ,sobretodo en el caso de las bajas de este a\u00f1o con los casos maniche, seitaridis,de las cuevas, luis garcia&#8230; donde solo se han sacado 300.000 euros?<\/p>\n<p>R.- Pienso que llamar gesti\u00f3n a lo que ha hecho Pitarch es desvirtuar la palabra. Cachondeo ser\u00eda un t\u00e9rmino m\u00e1s adecuado.<\/p>\n<p>P.- Pienso que el poco protagonismo de Cerezo es un bien para el Atleti. \u00bfQu\u00e9 opinas del presidente?<\/p>\n<p>R.- Cerezo tiene una labor inc\u00f3moda, ya que le toca dar la cara siempre y tomar las decisiones muy pocas veces. Por eso, muchas veces la realidad acaba contradiciendo a sus palabras. <\/p>\n<p>P.- Hola I\u00f1ako, siento que tengas que volver al curro, jeje, \u00bfhas ido a alg\u00fan festival este verano? \u00bfA cu\u00e1l te habr\u00eda gustado ir?<\/p>\n<p>R.- Ya, hoy est\u00e1 siendo un d\u00eda muy duro. Pero al menos llego cuando empieza lo bueno, as\u00ed que no puedo quejarme mucho. He tenido un a\u00f1o muy desafortunado en cuanto a festivales. Quer\u00eda ir al Primavera y me coincidi\u00f3 con el final de Liga y al BBK y cay\u00f3 justo en mi cumplea\u00f1os. As\u00ed que, verano sin festivales. Me estoy haciendo viejo.<\/p>\n<p>P.- \u00bfC\u00f3mo ves el Europeo de Polonia? \u00bfCres que tenemos opciones al oro con la posible baja de Pau? No crees que Calderon es junto a Parker el mejor base europeo?<\/p>\n<p>R.- Creo que con Pau estamos 5 cuerpos por encima del resto y sin \u00e9l seguimos siendo el m\u00e1ximo favorito, pero ya con mucha m\u00e1s igualdad. Parkes es, para m\u00ed, superior a Calder\u00f3n, pero para de contar. Quiz\u00e1s, s\u00f3lo Ricky pueda quitarle hoy la plata con Diamantidis cuarto.<\/p>\n<p>P.- Hola artista, Que te pareceria reconvertir a Camacho en Central y hacer una defensa Perea, Ujfalusi, Camacho, Heitinga?. Pongo a Heitinga porque se que te gusta, pero es que el chaval no hace mas que cagarla, lo del despeje del otro dia no tiene nombre. No crees que va siendo hora de pensar alguna alternativa para la banda derecha?, Perea no me vale como lateral sus subidas por la banda son peores que las de Tomas Re\u00f1ones. Un saludo, estratega.<\/p>\n<p>R.- Mi amigo Aritz Gabilondo, m\u00e1ximo experto en cuestiones de categor\u00edas inferiores, lleva meses dici\u00e9ndome que Camacho acabar\u00e1 siendo un gran central. Puede ser, pero tendr\u00e9 que verlo. En todo caso, ser\u00eda un proyecto a medio plazo. Por ahora, creo que Juanito va a dar un buen rendimiento como poco este a\u00f1o. Heitinga, de jugar, tiene que ser por la derecha. A m\u00ed me preocupa m\u00e1s la izquierda, donde Antonio L\u00f3pez me deja fr\u00edo.<\/p>\n<p>P.- hola I\u00f1ako, parece que al final ni laterales ni cerebro, \u00bfhasta donde podemos exigir al equipo?<\/p>\n<p>R.- Hasta donde el a\u00f1o pasado: ser terceros, pelear la Copa y llegar al cruce de Champions, pero esta vez no regalarlo<\/p>\n<p>P.- Ya se vuelve a ver el nivel que va a dar Reyes! Yo creo que puede aportar mas cosas Keko que Reyes. El Benfica tenia dinero para comprar a J.Garcia, pero no a Reyes. No lo quieren ni regalado. Por cierto, \u00bfno crees que Sinama va a tapar a Pacheco que puede aportar m\u00e1s goles que \u00e9l?<\/p>\n<p>R.- Lo de Reyes me sorprende lo mismo que cuando llueve y me mojo. Viendo la plantilla, creo que Sinama va a jugar muchi por la banda, porque, en realidad, detr\u00e1s de Simao y Maxi no hay volantes. Pacheco puede ser una estrella, estoy convencido, pero tampoco hay que apurarle. Mejor que jugue 90 minutos todos los fines de semana en Segunda B categor\u00eda dura) a que juegue 8 minutos como suplente de Kun y Forl\u00e1n. Hay tiempo.<\/p>\n<p>P.- Buenas. \u00bfCrees que la oferta publicada en tu peri\u00f3dico de 25 millones por Silva es real, o que como mucho era una manera de decir &#8220;bueno, por lo menos lo hemos intentado&#8221;? \u00bfNo te parece que por esa cantidad se podr\u00eda intentar conseguir a Johann Gourcuff? \u00bfQu\u00e9 opini\u00f3n te merece? Me encantan Built to Spill, \u00bfalguna sugerencia a partir de ah\u00ed? Gracias por todo, as\u00ed en general&#8230; <\/p>\n<p>R.- Es real, pero el Valencia la rechaz\u00f3 y el Atleti no puede subir m\u00e1s. Gourcouff me ha deslumbrado, como a todos, en el Girondins, pero el hecho de que el Mil\u00e1n le haya dejado escapar, me escama. Prefiero a Silva, aunque por poco. En cuanto a Built to Spills, como soy un carca, te recomiendo hacia atr\u00e1s: escucha a los Pixies o a Dinosaur Jr<\/p>\n<p>P.- Soy socio del Espanyol, y siento la perdida de Jarque casi como la de un familiar, pero estoy totalmente en contra de que le pongan su nombre al estadio. Creo que lo correcto seria el torneo del Espanyol se llamase memorial Jarque, pero no el Estadio, al menos no porque se haya muerto. Y por favor, dicho con todo el respeto, que se aleje la prensa rosa y no intenten convertirlo en un espectaculo mediatico como el de Puerta. Son jugadores de futbol, no toreros ni cantantes. Que opinas desde la distancia?<\/p>\n<p>R.- En situaciones as\u00ed, el drama es tal que desvirtua un poco todo. Cuando pase un tiempo, supongo que la distancia dar\u00e1 objetividad y, estoy de acuerdo contigo, tal vez el estadio sea demasiado. Aunque no soy espanyolista y mi opini\u00f3n carece de validez alguna. No me gusta que se conviertan el drama real de las personas en un espect\u00e1culo, sean futbolistas, toreros o cantantes. <\/p>\n<p>P.- Hace unos a\u00f1os en verano televisaban hasta los trofeos de pueblo, y ahora solo ponen al Madrid y Bar\u00e7a jugando con equipillos de medio pelo. Hay dos negocios mas absurdos y peor gestionados que el futbol y las teles? \u00bfa quien le interesa que solo existan dos equipos fuertes en nuestra liga? Se est\u00e1n cargando el futbol&#8230;<\/p>\n<p>R.- Supongo que ha llegado un momento en el que las audiencias no rentabilizaban el precio que los clubes pon\u00edan al f\u00fatbol y los gastos que supone emitir un partido en vez de una pel\u00edcula. A\u00fan asi, yo tampoco lo entiendo demasiado. VAle que no den un M\u00e1laga-Conil, pero un Liverpool-Atleti o un Valencia-Arsenal, es incomprensible. <\/p>\n<p>P.- Hola I\u00f1ako, crees que Cleber puede resurgir? Con Arteta y Silva resolveriamos nuestras penas? Borja, Keko, Pacheco y Koke son el futuro?<\/p>\n<p>R.- Para que Cl\u00e9ber resurgiera tendr\u00eda que haber surgido alguna vez primero, y yo creo que es lo que es: un futbolista correcto, sin m\u00e1s. Sin duda, Arteta y, sobre todo, Silva, ayudar\u00edan mucho. Pero si ya defendemos mal ahora, si quitamos un mediocentro para meter un mediapunta, ni os cuento&#8230; Pacheco y Koke, seguro. Keko y Borja, muy probablemente.<\/p>\n<p>P.- Hola I\u00f1ako. \u00bfQue piensas de ese supuesto gran fichaje de \u00faltima hora para el mediocentro?. Por lo de Silva al parecer si hay pasta. Un saludo.<\/p>\n<p>R.- Pasta no hay, pero parece que por alg\u00fan jugador muy concreto, caso de Silva, el club estar\u00eda dispuesto a asumir unos riesgos econ\u00f3micos mayores. Pero vamos, llevo dos veranos esperando ese fichaje y nunca ha llegado, as\u00ed que esta vez, esperer\u00e9 sentado<\/p>\n<p>P.- \u00bfPor qu\u00e9 este equipo sigue cometiendo errores defensivos un tanto infantiles?<\/p>\n<p>R.- Porque defiende con poca gente y mucho riesgo. Adem\u00e1s, tiene varios defensas muy limitados t\u00e9cnicamente, lo que multiplica las posibilidades de que se produzca un mal control o un pase al rival.<\/p>\n<p>P.- Hola I\u00f1ako.Crees q la plantilla est\u00e1 cerrada?O esperas q aun se haga algun movimiento(alegre o triste)&#8230; gracias<\/p>\n<p>R.- Creo que alg\u00f3 habr\u00e1 todav\u00eda, aunque dudo que nada muy gordo<\/p>\n<p>P.- Hola fenomeno!como ves la previa de champions?yo creo que como estan jugando forlan y aguero seguro que pasa el atletico no?muchas gracias<\/p>\n<p>R.- El sorteo ha sido una bendici\u00f3n para el Atleti. Ser\u00eda una sorpresa gorda que no pasara.<\/p>\n<p>P.- Es evidente que nos falta f\u00fatbol en el centro del campo pero lo es m\u00e1s a\u00fan que tenemos jugadores que no saben jugar, as\u00ed, tal cual y que da pena ver a nuestros cuatro laterales.\u00bfO no?<\/p>\n<p>R.- No soy fan de ninguno de ellos. Pero todos han sido bastantes veces internacionales con sus selecciones, as\u00ed que habr\u00eda que mirar m\u00e1s all\u00e1 de ellos a veces para encontrar los fallos.<\/p>\n<p>P.- Hola I\u00f1ako&#8230; \u00bfQu\u00e9 te parece la falsa congelaci\u00f3n de precios en los abonos del Atleti?. Nos han vendido la &#8220;no subida&#8221; casi como un premio, han esperado a que renov\u00e1semos y ahora nos comunican que tenemos que pagar por ver la ronda previa. Supongo que este dinero no se descontar\u00e1 del &#8220;Abono Total&#8221;. <\/p>\n<p>R.- Como he estado de vacaciones, no conozco los datos a la perfecci\u00f3n. \u00bfEl a\u00f1o pasado la previa entr\u00f3 en el Abono? Si es as\u00ed, un nuevo cap\u00edtulo de cutre pol\u00edtica empresarial y maltrato a la afici\u00f3n. Nada muy sorprendente<\/p>\n<p>P.- Que te parece Luis Su\u00e1rez del Ajax? Lo has visto jugar? Que bueno ser\u00eda tenerlo en el Atleti, no te parece?<\/p>\n<p>R.- Tengo mala suerte con Su\u00e1rez, porque no le he visto nunca un gran partido. A\u00fan as\u00ed, delanteros es lo que le sobra al Atleti<\/p>\n<p>P.- En cu\u00e1l Bar irland\u00e9s estuviste en Berl\u00edn, en la Friedrichstr. o en el Hackescher Mark? Los dos est\u00e1n a 500 m de nuestra casa. La pr\u00f3xima avis\u00e1 que te vamos a ver. Te parece bien dejar al Kun tan solo arriba? Por qu\u00e9 el Atleti no compra a Bolatti de Hurac\u00e1n? Saludos de Berlin.<\/p>\n<p>R.- En Friedrichstrasse, nada m\u00e1s cruzar el r\u00edo. Me hubiera venido bien compa\u00f1\u00eda ante el absoluto (y comprensible) abandono de mi novia y el pe\u00f1azo de Atleti que vi. Beber solo siempre me da mal rollo al principio. Bueno, Forl\u00e1n nunca anda muy lejos. A Bolatti no le he visto, no puedo opinar<\/p>\n<p>P.- Hola I\u00f1ako,que tal crak.Te doy mi opinion a ver que te parece.Creo que R.Garcia y Assuncao deberian pelear por un puesto,ya que los dos para mi son pivotes defensivos.Defensivamente son buenos pero no estan capacitados para llevar el mando del equipo.En partidos en los que la exigencia es mayor es donde mas se ven sus carencias.En caso de ponerlos debiamos tener un jugador de caracteristicas distintas a las de Maxi,que es un buen llegador pero tampoco retiene el balon,no da pases,no desborda y entonces es cuando viene el problema,que no tenemos ningun medio con calidad para dar pases aguantar el balon,retenerlo hasta el momento preciso.Con esta pareja de medios centros,mas bien de fuerza,nos sobra Maxi,pegada ya tenemos con los 3 de arriba.En la banda derecha teniamos que tener alguien con mucha mas calidad.Creo que se notaria mucho y dariamos un buen salto de calidad.Muchas gracias,que te parece esta apreciacion?<\/p>\n<p>R.- La comparto. Creo que, aunque no sea lo ideal, es razonable que jueguen Assun\u00e7ao y Ra\u00fal Garc\u00eda a la vez, para compensar que el Atleti, en realidad, juega casi con 4 delanteros. MAxi, a\u00fan m\u00e1s con esta motivaci\u00f3n actual, es un futbolista estupendo, pero sus virtudes redundan con lo que ya suman Forl\u00e1n y Kun: gol y llegada. Su puesto ser\u00eda el m\u00e1s adecuado para situar a un centrocampista m\u00e1s creativo, tipo Silva (cambiando de banda a Simao).<\/p>\n","protected":false},"excerpt":{"rendered":"<p>El redactor del Diario AS I\u00f1ako D\u00edaz-Guerra analiza cada semana la situaci\u00f3n del Atl\u00e9tico de Madrid. El periodista ha charlado con los lectores sobre todas las novedades que afectan al club colchonero.<\/p>\n<p>ARCHIVO DE ENTREVISTAS:<\/p>\n<p>21 de julio &#8211; 14 de julio &#8211; 07 de julio &#8211; 30 de junio &#8211; 23 de junio &#8211; 16 de junio &#8211; 09 de junio &#8211; 02 de junio -26 de mayo -19 de mayo &#8211; 12 de mayo &#8211; 05 de mayo &#8211; 28 de abril &#8211; 21 de abril &#8211; 14 de abril &#8211; 07 de abril &#8211; 24 de marzo &#8211; 17 de marzo &#8211; 10 de marzo &#8211; 3 de marzo &#8211; 24 de febrero &#8211; 10 de febrero &#8211; 17 de febrero &#8211; 13 3 de enero &#8211; 2 3 de diciembre &#8211; 2 de diciembre &#8211; 25 de noviembre &#8211; 4 de noviembre &#8211; 18 de noviembre &#8211; 4 de noviembre &#8211; 11 de noviembre &#8211; 4 de noviembre &#8211; 24 de octubre &#8211; 7 de octubre &#8211; 30 de septiembre &#8211; 23 de septiembre &#8211; 16 de septiembre <\/p>\n","protected":false},"author":1,"featured_media":0,"comment_status":"open","ping_status":"open","sticky":false,"template":"","format":"standard","meta":{"footnotes":""},"categories":[],"tags":[],"class_list":["post-8102","post","type-post","status-publish","format-standard","hentry"],"_links":{"self":[{"href":"https:\/\/intervius.com\/index.html\/wp-json\/wp\/v2\/posts\/8102","targetHints":{"allow":["GET"]}}],"collection":[{"href":"https:\/\/intervius.com\/index.html\/wp-json\/wp\/v2\/posts"}],"about":[{"href":"https:\/\/intervius.com\/index.html\/wp-json\/wp\/v2\/types\/post"}],"author":[{"embeddable":true,"href":"https:\/\/intervius.com\/index.html\/wp-json\/wp\/v2\/users\/1"}],"replies":[{"embeddable":true,"href":"https:\/\/intervius.com\/index.html\/wp-json\/wp\/v2\/comments?post=8102"}],"version-history":[{"count":0,"href":"https:\/\/intervius.com\/index.html\/wp-json\/wp\/v2\/posts\/8102\/revisions"}],"wp:attachment":[{"href":"https:\/\/intervius.com\/index.html\/wp-json\/wp\/v2\/media?parent=8102"}],"wp:term":[{"taxonomy":"category","embeddable":true,"href":"https:\/\/intervius.com\/index.html\/wp-json\/wp\/v2\/categories?post=8102"},{"taxonomy":"post_tag","embeddable":true,"href":"https:\/\/intervius.com\/index.html\/wp-json\/wp\/v2\/tags?post=8102"}],"curies":[{"name":"wp","href":"https:\/\/api.w.org\/{rel}","templated":true}]}}