{"id":8098,"date":"2009-08-17T00:00:00","date_gmt":"2006-11-06T00:00:00","guid":{"rendered":"https:\/\/intervius.com\/index.html\/?p=8098"},"modified":"2006-11-06T00:00:00","modified_gmt":"2006-11-06T00:00:00","slug":"Manu_Carreno8098","status":"publish","type":"post","link":"https:\/\/intervius.com\/index.html\/Manu_Carreno8098\/","title":{"rendered":"Manu Carre\u00f1o"},"content":{"rendered":"<p>Pregunta.- manu dime la verda sientes un poco de envidia de manolo lama &#8212;&#8212;&#8212;&#8212;firma&#8212;&#8212;&#8212; manolo lama jejejejej<\/p>\n<p>Respuesta.- s\u00ed, siento mucha envidia porque debe estar tomando el sol por ah\u00ed, y yo ya estoy currando aqu\u00ed. Pero bueno, hay que ser justos, y recordar que yo me fui dos semanas antes&#8230; Lo que le dir\u00eda, est\u00e9 donde est\u00e9, es que se tome otros dos meses m\u00e1s, que estamos muy bien sin \u00e9l. Un abrazo, Manolo<\/p>\n<p>P.- \u00bfCrees que el SlamBall, el &#8220;nuevo&#8221; deporte que est\u00e1is emitiendo en Cuatro, tiene posibilidades de triunfar en Espa\u00f1a?<\/p>\n<p>R.- Pues no lo s\u00e9&#8230; Tu qu\u00e9 crees? Habr\u00e1 que esperar&#8230;pero de momento me quedo con el f\u00fatbol, no? <\/p>\n<p>P.- hola manu me guxtaria que los equipos de futbol de lliga espa\u00f1ola, llevran los dorsales del 1 al 11 igual que antes como toda la vida los llevaban \u00bft\u00fa qu\u00e9 piensas?<\/p>\n<p>R.- Pues a mi me gusta m\u00e1s identificar a un jugador con el mismo dorsal toda la temporada&#8230; Hoy en d\u00eda, el que se compra la camiseta de un jugador se la compra con su su n\u00famero y su nombre, y si en vez de eso fuese cambiando cada jornada, creo que no ser\u00eda lo mismo. Me parece m\u00e1s personal sin cambiar de n\u00famero<\/p>\n<p>P.- Hola Manu, \u00bfhas echado de menos a Manolo Lama? Sois tal para cual.<\/p>\n<p>R.- No s\u00f3lo no le echo de menos si no que he hablado con los jefes de cuatro para que le den un par de meses m\u00e1s de vacaciones y vuelva en noviembre o as\u00ed. Ha trabajado mucho durante el a\u00f1o y merece descansar bien&#8230;<\/p>\n<p>P.- Hola!\u00bfCrees que Maradona tiene raz\u00f3n al criticar que Gago no juegue m\u00e1s minutos? Y \u00bfCrees que Gago &#8220;sobra&#8221; en el Madrid? Gracias!!bs!<\/p>\n<p>R.- Yo creo que que Gago es un buen jugador, pero peor que Xabi Alonso, sin duda. Lo que creo es que el argentino no ha sabido o no ha podido aprovechar las oportunidades que hasta ahora ha tenido en el madrid. A partir de ahora lo tendr\u00e1 m\u00e1s complicado&#8230; No creo que ni siquiera Maradona, vea a Gago este a\u00f1o por delante de X.Alonso<\/p>\n<p>P.- Siendo sinceros, \u00bfves al Madrid como un equipo unido,de grandes profesionales, que pueda hacerle sombra al increible Bar\u00e7a de la temporada pasada, o es mas bien un conjunto de grandes figuras mediaticas, que buscan el triunfo individualmente, y que obviamente, le quitan el puesto a futuras promesas? PD: soy del aficionada al Madrid, pero futura periodista como tu, he ahi mi objetividad<\/p>\n<p>R.- El Madrid es ahora mismo una inc\u00f3gnita, porque la suma de estrellas no garantiza un buen equipo por arte de magia. Hay que crear un estilo de juego, un esquema, tienen que entenderse jugadores que llegan de equipos diferentes y de ligas y pa\u00edses diferentes&#8230; Hay que esperar, pero yo creo que este Madrid jugar\u00e1 bien porque tiene a dos pedazos de jugadores como Xabi Alonso y Kak\u00e1. Ellos son los que van a dar la personalidad y el nuesvo estilo de juego al Madrid<\/p>\n<p>P.- Manu! Hola!, qu\u00e9 tal las HOLIDAYS?espero que bien! CREES QUE CESC IRA AL FC BARCELONA? un abrazo campe\u00f3n<\/p>\n<p>R.- Ya hemos o\u00eddo a Wenger y a Pepe decir que Cesc, este a\u00f1o, no. Pero estoy convencido de que el a\u00f1o pr\u00f3ximo se puede hacer realidad. Y la verdad es que ver a Xavi, Iniesta y cesc en el mismo equipo domingo tras domingo&#8230;es para hacerse socio del bar\u00e7a sea del equipo que seas&#8230;<\/p>\n<p>P.- yo no te preguntaria , sino que yo me pregunto ???? \u00bfpor qu\u00e9 cada vez que hablan de kaka o de algo que tenga que ver con que es religioso,lo relacionan con catolicos? \u00bfno saben que es evangelico? es mucho mas profundo&#8230;. bueno los veo siempre y hacen el mejor programa deportivo de Espa\u00f1a sigan as\u00ed y no cambien<\/p>\n<p>R.- Yo s\u00ed que he le\u00eddo cosas sobre la filiaci\u00f3n de kak\u00e1 a la iglesia evangelista, aunque de verdad creo que para los aficionados al f\u00fatbol, es lo de menos. Puedes ser jud\u00edo, cristiano, musulm\u00e1n, o ateo. Mientras meta goles&#8230; Kak\u00e1 acabar\u00e1 siendo el Dios de los madridistas&#8230;<\/p>\n<p>P.- hola! \u00bfcrees que villa perdio la oportunidad de fichar por un equipo grande? un saludo desde Galicia! \ud83d\ude00<\/p>\n<p>R.- A\u00fan es joven y est\u00e1 a tiempo de fichar por un grande. Pero s\u00ed creo que ha dejado escapar una de las mejores oportunidades de su carrera. Este a\u00f1o era el a\u00f1o&#8230;al Madrid o al Bar\u00e7a, pero era este a\u00f1o<\/p>\n<p>P.- hola, buenas tardes Manu, primero felicitarlo por que es usted un magn\u00edfico periodista. Tengo dos preguntas: la primera \u00bfpiensa usted que Pau Gasol llegar\u00e1 a tiempo al europeo? y la segunda \u00bfno cree que Raul no deber\u00eda ser titular en este real madrid y mas ahora que esta negredo y higuain que son delanteros con un gran futuro? un beso y felicidades de nuevo<\/p>\n<p>R.- No tengo ninguna duda de que Pau llegar\u00e1 en condiciones al Eurobasket. Pero aunque llegase manco, nos valdr\u00eda, porque Pau manco es mejor que muchos con dos manos&#8230; Y yo a Ra\u00fal en este real madrid le veo en principio de suplente, porque Benzema, Cristiano y Kak\u00e1 son fijos arriba, y no s\u00e9 si Pellegrini alinear\u00e1 a Ra\u00fal tambi\u00e9n para jugar con 4 delanteros oo le dar\u00e1 la titularidad a Granero, que para mi va a ser uno de los mejores este a\u00f1o, si le dan minutos&#8230; Para mi ser\u00eda X.Alonso y Lass por delante de la defensa, Granero derecha, Kak\u00e1 izquierda pero como hac\u00eda Zidane, con libertad absoluta, y arriba Cristiano y Benzem\u00e1. Y ya puestos, atr\u00e1s Sergio Ramos, Pepe, Albiol y Arbeloa o Marcelo. Y San Iker, claro<\/p>\n<p>P.- \u00bfCual ha sido el momento deportivo m\u00e1s tenso que has vivido en Cuatro?<\/p>\n<p>R.- M\u00e1s tenso&#8230;no recuerdo ninguno especialmente tenso&#8230; Bastante tensi\u00f3n me provoca Manolo ya cada d\u00eda&#8230; Pero el m\u00e1s intenso, la tanda de penaltys ante Italia en los cuartos de la Eurocopa, y la final contra Alemania.<\/p>\n<p>P.- Quiero saber como se llama la persona que monta los videos en el espacio de deportes&#8230; Porque el de Laporta en la rueda de prensa con la presentadora italiana es buenisimo&#8230;. y el de Laporta en Hollywood, los de Florentino una pasada y&#8230;etc gracias<\/p>\n<p>R.- Pues no hay una persona que monte v\u00eddeos, hay un equipazo de realizadores y redactores que cada d\u00eda hacen peque\u00f1as obras de arte, peque\u00f1as peliculitas de deporte de 130&#8243;, m\u00e1s o menos. Ellos son la clave del programa<\/p>\n<p>P.- Manu, \u00bfqu\u00e9 es para ti el f\u00fatbol.? y \u00bfqu\u00e9 tal si haceis un reportaje bueno del Cadiz cf? Venid un dia a Carranza, no sabeis k es esoo..:D jaja la mejor afici\u00f3n del mundo..:D un abrazo tio<\/p>\n<p>R.- Para mi el f\u00fatbol es un arte, si atendemos a lo que ocurre dentro del terreno de juego. Fuera es un espect\u00e1culo. La mezcla de arte y espect\u00e1culo lo hacen imbatible. No hay nada que arrastre m\u00e1s masas de aficionados en el mundo que el f\u00fatbol. Y no puede haber tanta gente equivocada <\/p>\n<p>P.- a ver cuando vemos juntos a Los Manolos de nuevo!! un saludo<\/p>\n<p>R.- Pues no tardando mucho, supongo.<\/p>\n<p>P.- a esta pregunta que te voy a hacer, ya se la respuesta de Manolo Lama, pero quiero saber tambien la tuya, como te cae el bueno de Javier Clemente?<\/p>\n<p>R.- Me parece que es un personaje necesario para el f\u00fatbol, un t\u00edo que te da mucho juego, de esos que entran al trapo ante todo y todos. Personalmente, que lo juzguen los que conviven con \u00e9l d\u00eda a d\u00eda. Les mando un abrazo a todos&#8230;<\/p>\n<p>P.- que te ha precido la labor este verano de vuestro sustitutos, luis y ricardo?? ahora que pasa con ellos? donde los podemos ver u oir?<\/p>\n<p>R.- Pues estamos pensando qu\u00e9 hacer con ellos, y creo que algo bueno se nos va a ocurrir&#8230; Ya os lo contar\u00e9&#8230; Lo han hecho muy bien. Nunca debimos darles la oportunidad, porque son muy buenos, y porque Manolo y yo somos una farsa. Sobre todo Manolo<\/p>\n<p>P.- ya le he hecho esta pregunta a todos tus compa\u00f1eros y solo me quedas tu. Veras, me llamo Maria Teresa, tengo 13 a\u00f1os y quiero ser como vosotros,periodista deportiva \u00bfque tengo que hacer? eso de etudiar mucho, trabajar y estar siempre imformada de todo,no solo de deporte, lo llevo en practica desde hace muhco, pero, \u00bfque mas hay? se que aun vivo en una nube y este camino es largo!<\/p>\n<p>R.- Pues de momento seguir estudiando que a\u00fan te quedan unos a\u00f1os para comenzar la carrera. Y luego no perder nunca la ilusi\u00f3n, e intentar hacer pr\u00e1cticas cuanto antes en alg\u00fan medio de comunicaci\u00f3n. A ver si alg\u00fan d\u00eda coincidimos en cuatro, ok?. Suerte<\/p>\n<p>P.- a ti que en el fondo te gusta mucho el atleti \u00bfcomo ves a cesc repartiendo juego para los aguero y forlan?<\/p>\n<p>R.- Ese es un sue\u00f1o para los rojiblancos. Ver a Cesc detr\u00e1s de esa pareja formada por Forl\u00e1n y Ag\u00fcero ser\u00eda darle un salto de calidad muy importante al Atl\u00e9tico. Pero de momento, despertemos del sue\u00f1o a los sufridores colchoneros, y recordemos que tienen a Ra\u00fal Garc\u00eda y Assun\u00e7ao, que con tosos los respetos, no es lo mismo. Y s\u00ed, a mi me gusta el Atl\u00e9tico, el Real, el Bar\u00e7a&#8230;pero sobre todo el Valladolid, que tampoco tiene a Cesc, y este a\u00f1o ni siquiera a Asenjo&#8230;<\/p>\n<p>P.- Manu, como es ser jefe de deportes?, \u00bfqu\u00e9 tienes que hacer en tu trabajo?<\/p>\n<p>R.- Pues con este equipo la verdad es que no hace falta jefe de deportes&#8230; es un papel absolutamente secundario en mi d\u00eda a d\u00eda&#8230; Alguna reuni\u00f3n de vez en cuando y poco m\u00e1s&#8230; esto funciona solo. La mayor parte de mi tiempo la empleo en el programa, en las noticias, en hablar por tel\u00e9fono, en definitiva, en preparar el informativo de cada d\u00eda<\/p>\n<p>P.- mas que una pregunta es una peticion&#8230; ya q cuando ascendimos de division no nos nombrasteis, a ver si haceis un reportaje de esos q haceis para ayudar al equipo&#8230;desde cartagena gracias<\/p>\n<p>R.- Iremos a Cartagena esta temporada. Un abrazo y enhorabuena por el ascenso<\/p>\n<p>P.- Hola manu, me encanta como tu y manolo comentais los partidos. Una pregunta \u00bfque jugador del Real Madrid y del Bar\u00e7a te gusta mas? y si tuvieras que elegir de no ser periodista que profesion hubieses elegido. Un saludo desde Canarias de Abraham.<\/p>\n<p>R.- Del Madrid, Kak\u00e1; del Bar\u00e7a, Messi. de no haber sido periodista, hubiera sido viajero&#8230;no s\u00e9 de qu\u00e9, pero algo que me permitiera viajar por el mundo sin parar&#8230; Con Manolo Lama, claro<\/p>\n<p>P.- \u00bfdareis res\u00famenes de los res\u00famenes de la Premier League?<\/p>\n<p>R.- Pues Sogecable no tiene los derechos de la liga inglesa; tendremos que negociar con la empresa que posee dichos derechos para poder ofrecer los goles de la segunda mejor liga del mundo. <\/p>\n<p>P.- Hola Manu, dos preguntas sobre canteras, a ver que opinas t\u00fa \u00bfno hay ningun jugador que despunte con respecto a los del bar\u00e7a ?? \u00bfse sabe algo sobre el hijo de zidane? \u00bfsigue su progresi\u00f3n como para ser un crack como lo fue su padre ? Gracias y Viva Los Manolos<\/p>\n<p>R.- Hoy por hoy, la cantera del Madrid est\u00e1 a a\u00f1os luz de la del Bar\u00e7a, es el espejo en el que deben mirarse casi todos los clubes de espa\u00f1a. Y del hijo de Zidane, s\u00e9 que hasta la temporada pasada ha estado en las categor\u00edas inferiores del Madrid, supongo que este a\u00f1o seguir\u00e1. Pero llegar al nivel de su padre, ser\u00e1 complicado<\/p>\n<p>P.- \u00bfCual es tu jugador y tu plantilla favorita actual? \u00bfY de la historia?<\/p>\n<p>R.- El Mi jugador: Messi. Mi plantilla: el Bar\u00e7a, creo que es la mejor&#8230; De la historia&#8230;no s\u00e9, es imposible elegir una<\/p>\n<p>P.- Hola soy del racing y quiero saber si crees que va a hacer este a\u00f1o otra buena temporada como la de la uefa. Y otra, \u00bfpor qu\u00e9 no alargais la secci\u00f3n y hablais mas de los otros equipos de liga como por ejemplo del racing, del valladolid,del almeria&#8230; De los ekipos de media tabla para abajo?. ADIOS Y FELICIDADES POR EL PROGRAMA<\/p>\n<p>R.- Hola, no me atrevo a pronosticar sobre la temporada del Racing. Yo creo que tiene equipo para estar en la zona media de la tabla, pero a veces peque\u00f1os detalles hacen que se hundan y sufran hasta el final, o que se vayan arriba y sue\u00f1en con Europa. Pero lo suyo creo que es el t\u00e9rmino medio<\/p>\n<p>P.- \u00bfComo va lo de Gol television?<\/p>\n<p>R.- Ni idea<\/p>\n<p>P.- Soy Cul\u00e9 y te quer\u00eda decir si crees que estar\u00e1 Cesc Fabregas en el Bar\u00e7a. Dame tu opini\u00f3n. sois los mejores manolos y juanma y manu<\/p>\n<p>R.- Ya contest\u00e9 antes. Abrazo<\/p>\n<p>P.- Manu, mi pregunta es muy sencilla,\u00bfporq no te animas y sales en el fifa comentando con manolo??creo q hariais unos magnificos comentarios,mejor que los que hace dice gonzales &#8230;Saludos desde leon !VIVA EL VILLARREAL!<\/p>\n<p>R.- se lo propondr\u00e9 a los responsables de l fifa<\/p>\n<p>P.- Es mejor este madrid que biene ahora con sus galacticos que el de la era de diestefano<\/p>\n<p>R.- Buffff, pues no s\u00e9. Aquellos ganaron 5 copas de europa seguidas, as\u00ed que un respeto. No era lo mismo que hoy en d\u00eda, pero fueron 5 seguidas, y eso no lo hace cualquiera. veremos si Gento, Puskas, Kopa, Di St\u00e9fano y compa\u00f1\u00eda son superados por kak\u00e1, Cristiano, Benzema, X.Alonso y dem\u00e1s&#8230; Lo tienen que demostrar con t\u00edtulos<\/p>\n<p>P.- \u00bf Ves al Levante ud como favorito para subir a primera?<\/p>\n<p>R.- \u00bf Ves al Levante ud como favorito para subir a primera?<\/p>\n<p>P.- \u00bfquienes son los 10 mejores jugadores (en este momento) de la liga espa\u00f1ola? soy un aficionado del villarreal asi que \u00bf y los 5 mejores jugadores del villarreal? desde galicia<\/p>\n<p>R.- De la Liga: 1. Messi 2. kak\u00e1 3. Xavi 4. Cristiano 5. Ibrahimovic 6. Iniesta 7.Villa 8.Forl\u00e1n 9. Ag\u00fcero 10. Casillas Del Villarreal: 1. Ibagaza 2. Cazorla 3. Senna 4. Diego L\u00f3pez 5. Rossi<\/p>\n<p>P.- \u00bfQue tendr\u00eda que hacer el Valencia para demostrarle a todos que tambi\u00e9n ellos pueden aspirar a conseguir el Triplete? (Porque sinceramente yo, no creo que lo consigan) \u00bfPorque siempre es o &#8220;Madrid&#8221; o &#8220;Barcelona&#8221;? Ya es hora de que tambi\u00e9n nosotros demostremos que somos capaces. Un saludo desde M\u00e1laga. Amunt Val\u00e8ncia!<\/p>\n<p>R.- Impossible is nothing, pero no veo al Valencia logrando el triplete este a\u00f1o, sobre todo porque este a\u00f1o no juega la Champions, pero a\u00fan as\u00ed veo dif\u00edcil que logren Liga, Copa y UEFA, o European League que es como se llama ahora. eso s\u00ed, han conseguido mantener a Villa, Silva, m\u00e1s Mata(que parece que se queda tambi\u00e9n), m\u00e1s Pablo Hern\u00e1ndez&#8230;interesante, pero triplete&#8230;<\/p>\n<p>P.- \u00bfque hace falta para ser buen periodista deportivo? explicame porque a mi queda un largo camino para ser como tu!<\/p>\n<p>R.- No creo que sea yo quien te deba decir qu\u00e9 hay que hacer para ser un buen periodista deportivo, pero si soy quien para ense\u00f1arte lo que no hay que hacer para ser un buen periodista deportivo. lo puedes ver todos los d\u00edas a mediod\u00eda, je, je<\/p>\n<p>P.- \u00bfde que equipo eres? \u00bfcrees que el valencia hace bien qued\u00e1ndose con sus cracks?<\/p>\n<p>R.- Del Valladolid y de la &#8220;roja&#8221;. Y el Valencia ha hecho bien, por supuesto, en quedarse con sus cracks. <\/p>\n<p>P.- venga manu, con que te quedas, formula 1 o futbol?? \ud83d\ude00<\/p>\n<p>R.- F\u00fatbol <\/p>\n<p>P.- como empezaste en el mundo de la tv?<\/p>\n<p>R.- En un programa de una tele local en valladolid. se llamaba &#8220;la cuenta atr\u00e1s&#8221;, lo presentaba con una chica que se llama Nelly Alvarez, y la verdad es que lo pasamos muy bien y aprendimos mucho.<\/p>\n<p>P.- \u00bfPorque los periodistas deportivos solo os centr\u00e1is en Futbol y del resto de deportes se dice algo en mundiales, olimpiadas \u00f3 desastres? \u00bfEl criterio selectivo es propio \u00f3 de las directivas? \u00bfSe hace por vagancia (teniendo un entrenamiento del Madrid para que voy a buscar nada) \u00f3 por audiencia&#8230;? Un Saludo, jorge. Deportista en todas sus variedades<\/p>\n<p>R.- Por qu\u00e9 los estadios de futbol en espa\u00f1a tienen el tripli o el cu\u00e1druple de aforo que el resto de deportes? Supongo que porque vosotros, los aficionados, los llen\u00e1is, no?. Nosotros damos m\u00e1s minutos a los deportes que m\u00e1s consume, consum\u00eds, los aficionados, aunque puede que no sea tu caso&#8230;<\/p>\n","protected":false},"excerpt":{"rendered":"<p>Manu Carre\u00f1o responde a tus preguntas en directo \u00a1no te lo pierdas!<\/p>\n","protected":false},"author":1,"featured_media":0,"comment_status":"open","ping_status":"open","sticky":false,"template":"","format":"standard","meta":{"footnotes":""},"categories":[],"tags":[],"class_list":["post-8098","post","type-post","status-publish","format-standard","hentry"],"_links":{"self":[{"href":"https:\/\/intervius.com\/index.html\/wp-json\/wp\/v2\/posts\/8098","targetHints":{"allow":["GET"]}}],"collection":[{"href":"https:\/\/intervius.com\/index.html\/wp-json\/wp\/v2\/posts"}],"about":[{"href":"https:\/\/intervius.com\/index.html\/wp-json\/wp\/v2\/types\/post"}],"author":[{"embeddable":true,"href":"https:\/\/intervius.com\/index.html\/wp-json\/wp\/v2\/users\/1"}],"replies":[{"embeddable":true,"href":"https:\/\/intervius.com\/index.html\/wp-json\/wp\/v2\/comments?post=8098"}],"version-history":[{"count":0,"href":"https:\/\/intervius.com\/index.html\/wp-json\/wp\/v2\/posts\/8098\/revisions"}],"wp:attachment":[{"href":"https:\/\/intervius.com\/index.html\/wp-json\/wp\/v2\/media?parent=8098"}],"wp:term":[{"taxonomy":"category","embeddable":true,"href":"https:\/\/intervius.com\/index.html\/wp-json\/wp\/v2\/categories?post=8098"},{"taxonomy":"post_tag","embeddable":true,"href":"https:\/\/intervius.com\/index.html\/wp-json\/wp\/v2\/tags?post=8098"}],"curies":[{"name":"wp","href":"https:\/\/api.w.org\/{rel}","templated":true}]}}