{"id":8087,"date":"2009-08-11T00:00:00","date_gmt":"2006-11-06T00:00:00","guid":{"rendered":"https:\/\/intervius.com\/index.html\/?p=8087"},"modified":"2006-11-06T00:00:00","modified_gmt":"2006-11-06T00:00:00","slug":"Maldini8087","status":"publish","type":"post","link":"https:\/\/intervius.com\/index.html\/Maldini8087\/","title":{"rendered":"Maldini"},"content":{"rendered":"<p>Pregunta.- Hola fenomeno \u00bfQue opinion te merece Chygrynskiy, del que guardiola dice que sera uno de los mejores centrales de la proxima decada?<\/p>\n<p>Respuesta.- Hola Bretema, recuerdo haberle visto en una Eurocopa sub 21, justo antes del mundial de Alemania 2006 y me gust\u00f3. Es fuerte, sabe sacar el bal\u00f3n. Un buen central, pero no s\u00e9 si tanto como para ir al Barcelona. Yo por lo menos creo que se est\u00e1 exagerando. <\/p>\n<p>P.- Hola Maldini no crees que este desfase que se puede producir en la liga entre el Bar\u00e7a y el Madrid respecto con los demas puede ser muy malo para la competicion.<\/p>\n<p>R.- Si al final sucede eso s\u00ed, no ser\u00eda bueno. Pero en el f\u00fatbol de hoy los grandes se hacen m\u00e1s grandes, no se puede controlar. <\/p>\n<p>P.- Hola, Estuve hace poco en Rio de vacaciones y presencie en Maracana el Flamengo-Botafogo. Una gran experiencia. Me llamaron la atenci\u00f3n dos jugadores: bruno portero del Flamengo. 24 a\u00f1os. Lo veo en Europa pronto y Edinho lateral del Botafogo con unos saques de faltas espectaculares. Los conoces? Vi varios resumenes de partidos y me dio la sensaci\u00f3n de que hay mucho lateral bueno 8a lo Alves\/maicon) en el campeonato.<\/p>\n<p>R.- Bruno me ha parecido demasiado irregular, y tengo la duda de Edinho. \u00bfNo te confundir\u00e1s con Juninho? Juninho es central y le he visto marcar goles impresionantes de libre directo con el Botafogo. Si te interesa el f\u00fatbol brasile\u00f1o en especial hay un canal que se puede disponer en Europa llamado PFC (Premiere Futebol Clube) que da los 10 partidos de primera y los 10 de segunda cada semana. m\u00e1s programas etc. 24 horas al d\u00eda de futbol brasile\u00f1o. Si quieres escribeme al mail de fiebremaldini@plus.es y te doy detalles. Un abrazo<\/p>\n<p>P.- Que tal gran Maldini&#8230;Quien fue mas determinante Careca o Zico? Quien jug\u00f3 con Maradona en el Napoles? gracias&#8230;<\/p>\n<p>R.- Creo que fue m\u00e1s determinante Zico. Y quien jug\u00f3 con Maradona en el N\u00e1poles fue Careca, Un abrazo<\/p>\n<p>P.- Que tal gran Maldini&#8230;crees que en la premier se color\u00e1 alguno entre los 4 grandes para la champions del 2011? Tal vez el City mejora al Arsenal o Liverpool? gracias&#8230;<\/p>\n<p>R.- Como mucho se puede filtrar uno como cuarto clasificado, al final siempre se acaba descolgando uno de los cuatro grandes. Alguna temporada el Liverpool, el a\u00f1o pasado el Arsenal. Pero falta ver si alguien lo aprovecha. El City ha firmado mucho y bien, gastandose un past\u00f3n claro. Puede ser su opci\u00f3n., <\/p>\n<p>P.- Que tal gran Maldini&#8230;si fueras futbolista a quien te gustar\u00eda parecer (como jugador y tb como persona que no tiene pq ser la misma persona)? Te veo mas bien den el alambre a pescar algo ah\u00ed arriba&#8230;.Gracias&#8230;<\/p>\n<p>R.- Jajaja vaya pregunta para estas horas de la ma\u00f1ana&#8230; Como futbolista a Maradona, como persona no te s\u00e9 decir. De los futbolistas profesionales que he tratado m\u00e1s a fondo me ha demostrado ser un grand\u00edsimo tipo Gustavo Lopez, el zurdo del Zaragoza, Celta. Y de Independiente claro. <\/p>\n<p>P.- El otro d\u00eda volv\u00eda a ver la final de Roma, al verla de nuevo me di cuenta del nivel tan alto del Bar\u00e7a, la diferencia de juego con el Manchester fue muy grande y pudieron marcar 3 goles m\u00e1s de haber tenido algo de suerte, un palo de Xavi, la de Puyol y otra de Henry \u00bfser\u00eda Pep un buen seleccionador capaz de ganar el mundial?\u00bfpuede, como en basket, un entrenador seguir en su club y ser seleccionador a la vez?<\/p>\n<p>R.- Pues s\u00ed, el nivel dell Barcelona fue alt\u00edsimo. Personalmente creo que nunca vi y quiz\u00e1 nunca volvamos a ver un f\u00fatbol m\u00e1s perfecto, con y sin bal\u00f3n. Cuando le meti\u00f3 cuaro al Lyon o aplast\u00f3 al Bayern se tend\u00eda a decir que los rivales hab\u00edan estado mal, pero fue el Barcelona quien los hizo malos. <\/p>\n<p>P.- Buenas fen\u00f3meno, \u00bfque piensas del &#8220;cambio&#8221; Zlatan, Etoo?. A mi me parece que el Inter ha hecho el negocio del siglo, como dice Mou ha sido un traspaso de 100 mill de Euros y aunque Zlatan me gusta no est\u00e1 al nivel de Cr9. \u00bfCrees que f\u00fatbolisticamente es tan beneficioso para el Bar\u00e7a como para dar 50 mill mas Etoo? Yo estoy convencido que como mucho meter\u00e1 20 goles en liga. Gracias <\/p>\n<p>R.- En el blog de Fiebre Maldini ya hice un art\u00edculo sobre eso. Zlatan trabaja menos que Etoo, es menos agresivo y eso puede perjudicar el estilo del Barcelona. Eso s\u00ed, es un futbolista descomunal, que va a marcar muchos goles y varios de ellos los mejores de la liga.<\/p>\n<p>P.- Estimado Julio, saludos de un admirador tuyo. Teniendo en cuenta el enorme conocimiento y memoria que tienes de este deporte y tu gran afici\u00f3n a \u00e9l, tengo mucha curiosidad por saber cu\u00e1l es el mejor partido de f\u00fatbol que has visto en tu vida y por qu\u00e9. Muchas gracias<\/p>\n<p>R.- Es dif\u00edcil, son tantos. Tengo un especial cari\u00f1o por el Italia-Brasil del mundial 82, la forma de caer de Brasil y de ganar de Italia, dominando en fases del partido y no tan a la contra como se quiere hacer creer,. <\/p>\n<p>P.- Hola Julio, \u00bfcrees que Ronaldinho recuperar\u00e1 su nivel alguna vez?\u00bfqu\u00e9 le puede habe pasado? no creo que sea s\u00f3lo que no se cuida, yo recuerdo que Cruyff fumaba en las medias partes y luego era un crack en el campo \u00bfalgo spicol\u00f3gico? \u00bfqui\u00e9 ser\u00e1 el pr\u00f3ximo jugador en caer? CR9 lleva un poco la l\u00ednea &#8220;noct\u00e1mbula&#8221;.<\/p>\n<p>R.- No creo que vuelva a recuperar su nivel, la verdad. Y menos en el Milan, aunque le queda talento para de vez en cuando hacer algo grande, pero creo que ya sin continuidad<\/p>\n<p>P.- Hola Maldini, en la defensa del Madrid parece que Pepe es titular indiscutible, aunque los 5 primeros partidos tendra sancion, y parece que sera la dupla Albiol-Metzelder la pareja de centrales del Madrid. \u00bf Que te parece esta pareja de centrales? y \u00bfquien crees que sera el compa\u00f1ero de Pepe en el centro de la defensa, Albiol o Metzelder ? Parece que a la izquierda del portugues juega muy bien Metzleder.<\/p>\n<p>R.- Yo considero un muy buen central a Metzelder, pero la verdad es que creo que jugar\u00e1 Albiol junto a Pepe.<\/p>\n<p>P.- Hola Julio!tengo tantas preguntas para me tendre que conformar con tres:crees que Jurado puede ser el cerebro que busca el Atletico??no crees que el Kun podria ser claramente balon de oro en un equipo con peloteros como Xavi,Iniesta,Cesc..?y ultima&#8230;defenderias una politica parecida a la de la Nba en el futbol?con limite salarial para evitar cambios tan drasticos como el del Real Madrid este a\u00f1o&#8230;un saludo genio y gracias!<\/p>\n<p>R.- Hola Gonzalo y por partes: No creo que Jurado pueda ser el cerebro del Atl\u00e9tico porque le veo m\u00e1s un jugador de tres cuartos de campo, para organizar el juego hay que estar un poco m\u00e1s atr\u00e1s. S\u00ed creo que Aguero tenga nivel para ser bal\u00f3n de oro en un equipo que le haga lucir m\u00e1s. No defender\u00eda la pol\u00edtica de l\u00edmite salarial, la verdad<\/p>\n<p>P.- hola, quien fue mejor futbolista Rivaldo o Ronaldinho? para mi el primero pero no supo venderse como producto.Un saludo<\/p>\n<p>R.- Yo opino distinto a t\u00ed, creo que el mejor Ronaldinho supera aunque por poco al mejor Rivaldo. Un abrazo<\/p>\n<p>P.- Buenos d\u00edas Maldini, \u00bfque opinas de los refuezos del Wolfsburgo de este a\u00f1o (Kahlenberg, Ziani, Oba Martins &#8230;?. \u00bfLo ves un rival serio para volver a competir este a\u00f1o con el Bayern?. Un fuerte abrazo crack<\/p>\n<p>R.- Ninguno de los tres creo que van a ser jugadores decisivos, Martins creo que jugar\u00e1 poco, y hasta Dejagah podr\u00eda tener m\u00e1s minutos que \u00e9l cuando fallen Grafite o Dzeko. Ziani jug\u00f3 ante el Stuttgart demasiado cerca de Josue, le vi mal y poco participativo, creo que rinde un poco m\u00e1s cerca de la banda derecha. Kahlenberg por sus caracter\u00edsticas de llegador s\u00ed puede hacer algo m\u00e1s. Y s\u00ed creo que seguir\u00e1n arriba, a pesar de la marcha de Magath. Te invito a que leas lo que he publicado en el blog de la Bundesliga. Abrazo<\/p>\n<p>P.- He seguido los amistosos del Bar\u00e7a y me han gustado varios canteranos, pero sobretodo un tal Font\u00e1s, es un central zurdo muy t\u00e9cnico y que sube la pelota con mucho criterio, adem\u00e1s de defenser bien, colocaci\u00f3n y anticipaci\u00f3n \u00bflo conoces?\u00bfcrees que est\u00e1 para el primer equipo? si sigue as\u00ed y le dan oportunidades llegar\u00e1 al mundial, un nuevo caso Busquets.<\/p>\n<p>R.- Hola Marcos, la verdad es que a Font\u00e1s no le conoc\u00eda. Pero la cantera del Barcelona es inagotable como hemos visto este verano. <\/p>\n<p>P.- Hola crack, que te parece el rival del Atl\u00e9tico para la previa de Champions? Quien es para t\u00ed favorito a pasar la eliminatoria?<\/p>\n<p>R.- Es favorito el Atl\u00e9tico pero no va a ser sencillo, el Panathinaikos es un equiopo muy competitivo. <\/p>\n<p>P.- Hola Maldini, hace unos meses te pregunt\u00e9 si Hulk estaba preparado para un grande, y me dijiste que s\u00ed. Para mi es una bestia. Dime, por qu\u00e9 no ha dado el salto? Lo dar\u00e1? Gracias y un saludo campe\u00f3n.<\/p>\n<p>R.- Espero que algun d\u00eda de el salto, creo que se lo merece. Con la marcha de Lisandro Lopez y de Lucho Gonzalez del Oporto tendr\u00e1 aun m\u00e1s importancia en el equipo<\/p>\n","protected":false},"excerpt":{"rendered":"<p>El periodista experto en f\u00fatbol internacional vuelve a su cita semanal con los lectores. Maldini ha charlado con los internautas sobre la actualidad del f\u00fatbol internacional. <\/p>\n<p>ARCHIVO DE ENTREVISTAS:<\/p>\n<p>04 de agosto del 2009 &#8211; 23 de junio del 2009 &#8211; 16 de junio del 2009 &#8211; 09 de junio del del 2009 &#8211; 02 de junio del 2009 &#8211; 26 de mayo del 2009 &#8211; 19 de mayo del 2009 &#8211; 12 de mayo del 2009 &#8211; 5 de mayo del 2009 &#8211; 28 de abril del 2009 &#8211; 21 de abril del 2009 &#8211; 14 de abril del 2009 &#8211; 7 de abril del 2009 &#8211; 31 de marzo del 2009 &#8211; 10 de marzo del 2009 &#8211; 3 de marzo del 2009 &#8211; 24 de febrero del 2009 &#8211; 17 de febrero del 2009 &#8211; 11 de febrero del 2009 &#8211; 3 de febrero del 2009 &#8211; 27 de enero del 2009 &#8211; 13 de agosto del 2008 &#8211; 28 de junio del 2008 &#8211; 6 de junio del 2008 <\/p>\n","protected":false},"author":1,"featured_media":0,"comment_status":"open","ping_status":"open","sticky":false,"template":"","format":"standard","meta":{"footnotes":""},"categories":[],"tags":[],"class_list":["post-8087","post","type-post","status-publish","format-standard","hentry"],"_links":{"self":[{"href":"https:\/\/intervius.com\/index.html\/wp-json\/wp\/v2\/posts\/8087","targetHints":{"allow":["GET"]}}],"collection":[{"href":"https:\/\/intervius.com\/index.html\/wp-json\/wp\/v2\/posts"}],"about":[{"href":"https:\/\/intervius.com\/index.html\/wp-json\/wp\/v2\/types\/post"}],"author":[{"embeddable":true,"href":"https:\/\/intervius.com\/index.html\/wp-json\/wp\/v2\/users\/1"}],"replies":[{"embeddable":true,"href":"https:\/\/intervius.com\/index.html\/wp-json\/wp\/v2\/comments?post=8087"}],"version-history":[{"count":0,"href":"https:\/\/intervius.com\/index.html\/wp-json\/wp\/v2\/posts\/8087\/revisions"}],"wp:attachment":[{"href":"https:\/\/intervius.com\/index.html\/wp-json\/wp\/v2\/media?parent=8087"}],"wp:term":[{"taxonomy":"category","embeddable":true,"href":"https:\/\/intervius.com\/index.html\/wp-json\/wp\/v2\/categories?post=8087"},{"taxonomy":"post_tag","embeddable":true,"href":"https:\/\/intervius.com\/index.html\/wp-json\/wp\/v2\/tags?post=8087"}],"curies":[{"name":"wp","href":"https:\/\/api.w.org\/{rel}","templated":true}]}}