{"id":8085,"date":"2009-08-13T00:00:00","date_gmt":"2006-11-06T00:00:00","guid":{"rendered":"https:\/\/intervius.com\/index.html\/?p=8085"},"modified":"2006-11-06T00:00:00","modified_gmt":"2006-11-06T00:00:00","slug":"Miguel_Angel_Soto8085","status":"publish","type":"post","link":"https:\/\/intervius.com\/index.html\/Miguel_Angel_Soto8085\/","title":{"rendered":"Miguel \u00c1ngel Soto"},"content":{"rendered":"<p>Pregunta.- \u00bfC\u00f3mo se pueden limpiar los bosques para prevenir incendios?<\/p>\n<p>Respuesta.- Los bosques no se limpian, porque no est\u00e1n sucios. Lo que hace falta es una gesti\u00f3n forestal que reduzca el combustible en los montes, y esto no siempre supone dejar el bosque como un jard\u00edn. Lo que sugieres es que es muy importante reducir la cantidad y la continuidad del combustible en los montes. En eso estamos de acuerdo.<\/p>\n<p>P.- Si los pinos canarios se regeneran despu\u00e9s de un incendio, \u00bfno es posible que ustedes planteen una repoblaci\u00f3n de los mismos en la pen\u00ednsula y presenten a las administraciones competentes un proyecto sobre esto? Saludos, una canaria<\/p>\n<p>R.- Podr\u00edamos decir lo mismo de los alcornoques, pero tanto alcornoques como pinos canarios est\u00e1n adaptados a un tipo de clima y un tipo de suelo. Por lo tanto, lo que es importate es buscar aquellas especies propias de cada lugar y reproducir los ambientes naturales menos vulnerables al fuego.<\/p>\n<p>P.- La provincia de Teruel es una zona tradicionalemnte afectada por incendios peri\u00f3dicos que arrasan miles de hect\u00e1reas. Recordemos el incendio del Maestrazgo de 1994 y el de los pasados d\u00edas de julio en el que han desaparecido unas 15.000 hect\u00e1reas. Adem\u00e1s de las condiciones atm\u00f3sfericas desencadenantes, se cita el abandono de las actividades agroganaderas tradicionales, una mala gesti\u00f3n forestal&#8230; \u00bfQu\u00e9 propuestas de futuro realizar\u00eda? Gracias<\/p>\n<p>R.- En ambos a\u00f1os, el origen de los incendios fueron rayos durante tormentas secas. El abandono de las autoridades y ausencia de gesti\u00f3n ha producido que el incendio sea de grandes proporciones. \u00bfPropuestas? Tiene que ver con cambios profundos tendentes a revitalizar el medio rural, poner en valor los montes y generar riqueza. Cuando los bosques tengan un inter\u00e9s econ\u00f3mico, habr\u00e1 m\u00e1s esfuerzo para que estos grandes incendios no se produzcan.<\/p>\n<p>P.- Los ecosistemas forestales est\u00e1n formados con especies resistentes al fuego, que siempre ha sido la perturbaci\u00f3n ecol\u00f3gica m\u00e1s importante en estos ecosistemas. En los parques nacionales de pa\u00edses como Canad\u00e1, EE.UU. o Australia se ha abandonado la pr\u00e1ctica de apagar todos los conatos de incendio, ya que se ha comprobado que a largo plazo eso provoca la acumulaci\u00f3n de combustible y genera enormes incendios. \u00bfCu\u00e1l es la opini\u00f3n de Greenpace sobre el nivel de intervenci\u00f3n necesario?<\/p>\n<p>R.- Los expertos se\u00f1alan que el \u00e9xito en la extinci\u00f3n de incendios de peque\u00f1a y mediana intensidad est\u00e1 permitiendo la existencia de incendios de alta intensidad, como ocurre en Estados Unidos. Aqu\u00ed tambi\u00e9n se est\u00e1 planteando volver al manejo del fuego, pero m\u00e1s como quemas controladas que como dejar arder. En cualquier caso, estamos de acuerdo en que, para evitar el actual r\u00e9gimen de incendios, hay que no demonizar en exceso la utilizaci\u00f3n del fuego como herramienta. <\/p>\n<p>P.- \u00bfCree que iniciativas como las llevadas a cabo por la fiscal\u00eda de Galicia son positivas, no cree que se incide demasiado en la criminalizaci\u00f3n del problema y se descuida el problema estructural que subyace?<\/p>\n<p>R.- El c\u00f3digo penal no es la soluci\u00f3n a los incendios. Y, por tanto, la persecuci\u00f3n del delito del incendio es s\u00f3lo una herramienta m\u00e1s en el combate de los incendios forestales. Greenpeace est\u00e1 de acuerdo en que hay un problema estructural que, combinado con el cambio clim\u00e1tico, est\u00e1 originando el problema de los grandes incendios. Pero las fiscal\u00edas tambi\u00e9n est\u00e1n trabajando en prevenci\u00f3n cerrando vertederos ilegales, obligando a las compa\u00f1\u00edas el\u00e9ctricas a mantener en buen estado los tendidos, etc. <\/p>\n<p>P.- \u00bfPodr\u00eda el ej\u00e9rcito hacer labores de vigilancia en lugares especialmente sensibles? \u00bfPor qu\u00e9 no se crean reba\u00f1os de pastoreo para limpieza del monte, en vez de costosas cuadrillas?<\/p>\n<p>R.- Podr\u00eda, pero tambi\u00e9n puedne hacerlo otro tipo de colectivos, incluso voluntariado forestal, como en Galicia. la terea de vigilancia no requiere una alta cualificaci\u00f3n, por lo que quiz\u00e1 el ej\u00e9rcito no sea el cuerpo m\u00e1s adecuado. Respecto a los reba\u00f1os, un aumento de la carga ganadera en los montes sin duda tendr\u00eda un efecto positivo para evitar incendios de alta intensidad. <\/p>\n<p>P.- Hola, resulta desolador y deseesperanzador ver con qu\u00e9 facilidad los bosques desaparecen siendo pasto de las llamas, cuando cuesta tanto reforestar la tierra. \u00bfHasta qu\u00e9 punto cree que ser\u00eda viable introducir pol\u00edticas educativas en la ense\u00f1anza primaria y secundaria que supusiesen alg\u00fan tipo de participaci\u00f3n de los j\u00f3venes en la labor de reforestaci\u00f3n? \u00a1Gracias!<\/p>\n<p>R.- La reforestaci\u00f3n no soluciona el problema de los incendios. La educaci\u00f3n ambiental es una herramienta de primer orden para abordar no s\u00f3lo los incendios, sino la relaci\u00f3n de los ciudadanos con el medio natural. Pero, en muchas ocasiones, la regeneraci\u00f3n del monte se hace sola, y basta con que no haya un cambio de uso del terreno o limitar el pastoreo para que tengamos a las pocas d\u00e9cadas un nuevo bosque. <\/p>\n<p>P.- 1. Pensando el peor pron\u00f3stico para el calentamiento global, \u00bfcu\u00e1l podr\u00eda ser el estimado de hect\u00e1reas de bosque que pueden desaparecer a nivel mundial? 2. Vivo en el tr\u00f3pico latinoamericano, y quisiera que hiciera una referencia puntual entre calentamiento global y selvas amaz\u00f3nicas. Gracias<\/p>\n<p>R.- Mi pron\u00f3stico es el siguiente: Zapatero acude a la cumbre de Copenhague, y junto con Obama y el resto de l\u00edderes europeos, logran un gran acuerdo contra el cambio clim\u00e1tico. En el a\u00f1o 2015, la deforestaci\u00f3n tropical se reduce a la mitad. Y en el 2020 hemos conseguido una reducci\u00f3n de un 40% en las emisiones de gases de efecto invernadero. As\u00ed, el 20% de las emisiones de gases de efecto invernadero procedentes de la deforestaci\u00f3n tropical dejan de emitirse a la atm\u00f3sfera. <\/p>\n<p>P.- \u00bfUna reforma de la Ley de Suelo ayudar\u00eda a proteger los bosques?<\/p>\n<p>R.- La Ley de Suelo proh\u00edbe el cambio de uso de suelo en zonas quemadas. Lo que hace falta es que se cumpla la ley, pero la ley existe. <\/p>\n<p>P.- Buenos d\u00edas, \u00bfqu\u00e9 leyes habr\u00eda que cambiar para que no se provocaran los incendios? \u00bfC\u00f3mo podemos presionar para que las cambien? Gracias<\/p>\n<p>R.- M\u00e1s que una ley hace falta una reconversi\u00f3n de una gran parte del espacio forestal abandonado en Espa\u00f1a. Necesitamos que el sector forestal pase a ser una prioridad en la pol\u00edtica presupuestaria, ya que es un sumidero de empleo verde y una gran oportunidad para pol\u00edticas de reequilibrio territorial y empleo dentro de los planes sobre econom\u00eda sostenible que prepara el Gobierno. <\/p>\n<p>P.- \u00bfSe ha pensado en la creaci\u00f3n de &#8220;bomberos voluntarios&#8221; en cada pueblo o aldea a la manera que existe en Alemania, por ejemplo? Tienen un garaje con sus veh\u00edculos y material, realizan ejercicios, mantienen el material en orden, sensibilizan a la poblaci\u00f3n, forman a ni\u00f1os y j\u00f3venes, y son algo esencial en la vida social de las comuninades rurales. \u00bfNo ser\u00eda posible la creaci\u00f3n de algo parecido en Espa\u00f1a? <\/p>\n<p>R.- Ser\u00eda muy recomendable, y con la preparaci\u00f3n suficiente y con medios puestos a su disposici\u00f3n por la administraci\u00f3n ser\u00eda de gran ayuda para el combate de los incendios forestales. <\/p>\n<p>P.- Hola paisano, saludos de un moralzarzale\u00f1o. Varias cuestiones en el mismo lote. \u00bfQu\u00e9 porcentaje de incendios son provocados? \u00bfCu\u00e1les son las principales razones que aluden los que los provocan? \u00bfCrees que las penas para estos desalmados son las correctas? Gracias<\/p>\n<p>R.- El 95% de los incendios forestales en Espa\u00f1a son de origen humano, aunque no siempre hay una intencionalidad. Hay muchos accidentes, hay negligencias y hay un uso cultural del fuego muy arraigado en el medio rural. Tambi\u00e9n existen intereses econ\u00f3micos y en el pasado reciente se ha urbanizado el litoral a golpe de cerilla. Tambi\u00e9n se ha hablado de econom\u00eda del fuego, pero hasta la fecha no se ha celebrado ning\u00fan juicio a un responsable de incendio por este motivo. En cuanto a la segunda pregunta, casi la mitad de los incendios en Espa\u00f1a son producidos por quemas de rastrojos y regeneraci\u00f3n de pastos. En el informe de Greenpeace del a\u00f1o 2008 propon\u00edamos aumentar las penas en los casos de negligencias de personas jur\u00eddicas, ya que un incendio producido por un tendido el\u00e9ctrico o un accidente durante unas tareas agr\u00edcolas sin las debidas precauciones se saldaban con peque\u00f1as sanciones econ\u00f3micas para las empresas.<\/p>\n<p>P.- Buenos d\u00edas, \u00bfHabr\u00e1 una investigaci\u00f3n sobre los incendios en Moj\u00e1car? Gracias.<\/p>\n<p>R.- Suponemos que ya ha habido un trabajo de los equipos del Seprona en relaci\u00f3n a las causas del incendio y, en caso de que esas investigaciones puedan imputar a alguna persona el origen del incendio, podr\u00eda celebrarse un juicio. Pero es pronto. Lo importante en el caso de Moj\u00e1car es que se cumpla la Ley de Suelo y dentro de unos d\u00edas alguien en la administraci\u00f3n andaluza se acuerde de que no se pueden recalificar suelos quemados. <\/p>\n<p>P.- \u00bfNo crees que muchas veces los ecologistas llevan a cabo acciones basadas en lo que est\u00e1 bien visto o mal visto de cara a la sociedad sin hacer un an\u00e1lisis real por expertos ec\u00f3logos que expliquen las consecuencias reales? El fuego en las dimensiones en las que se est\u00e1 produciendo este verano causa un gran destrozo a la flora y fauna del lugar, pero es una forma de cerrar el ciclo del carbono al que los ecosistemas mediterr\u00e1neos est\u00e1n perfectamente adaptados.<\/p>\n<p>R.- El informe que hoy hacemos p\u00fablico est\u00e1 basado en los informes de la comunidad cient\u00edfica nacional e internacional que advierte de las relaciones entre el cambio clim\u00e1tico y la virulencia de los incendios, ahora y en el futuro. No comparto la idea de que los incendios cierran el ciclo del carbono, bueno, no la comparte nadie. Los suelos en las latitudes mediterr\u00e1neas son un sumidero de carbono, y lo que estamos padeciendo supone una emisi\u00f3n de CO2 a la atm\u00f3sfera que es un problema, y no un ciclo ecol\u00f3gico. <\/p>\n<p>P.- Me da la sensaci\u00f3n de que el tema de los incendios mueve mucho dinero a corto plazo, y creo que por ello no se est\u00e1 actuando de manera contundente por parte del gobierno, como podr\u00eda ser campa\u00f1as amplias de concienciaci\u00f3n tipo accidentes de tr\u00e1fico. \u00bfQu\u00e9 le parece? Gracias<\/p>\n<p>R.- El negocio del fuego ha sido una realidad, seguramente, y hay sentencias judiciales que han condenado a personal dedicado a la extinci\u00f3n interesados en prolongar su contrato o el periodo del riesgo de incendios. Las sospechas tambi\u00e9n han reca\u00eddo en el sector inmobiliario, el menor precio de la madera quemada y otras razones. Es probable que el inter\u00e9s econ\u00f3mico haya perdido peso en los \u00faltimos a\u00f1os debido a la acci\u00f3n de la fiscal\u00eda de Medioambiente y el marco legal actual, pero nos hemos quedado con las ganas de ver a alg\u00fan promotor inmobiliario sentado en el banquillo. <\/p>\n<p>P.- Buenos d\u00edas. \u00bfSe han planteado ustedes que con el cambio clim\u00e1tico, las reforestaciones se tendr\u00e1n que hacer con otro tipo de vegetaci\u00f3n, incluidos \u00e1rboles?<\/p>\n<p>R.- Es algo que defendemos en nuestro incendio. Con el cambio clim\u00e1tico necesitamos masas forestales diversas, tanto desde el punto de vista espec\u00edfico como gen\u00e9tico, para afrontar los nuevos riesgos. Las masas de pino resinero que han ardido en los \u00faltimos a\u00f1os deber\u00edan volver paulatinamente a masas mixtas o masas puras de querc\u00edneas (encinas, robles&#8230;). <\/p>\n<p>P.- \u00bfCual cree usted que es la verdadera causa de la oleada de incendios que vive Espa\u00f1a cada verano durante los ultimos a\u00f1os? <\/p>\n<p>R.- No hay una \u00fanica causa. De hecho, el n\u00famero de causas posibles puede superar las 100. Estas causas van desde el incendio de origen natural (rayo) hasta maniobras militares, pasando por barbacoas, quemas de rastrojos, limpieza de fincas, descuidos, o chispas procedentes de una segadora en un campo de cereal. <\/p>\n<p>P.- \u00bfQue opini\u00f3n te merece la pol\u00edtica de replantaci\u00f3n en toda la fachada mediterr\u00e1nea al usar con\u00edferas en vez de las aut\u00f3ctonas encinas?<\/p>\n<p>R.- Afortunadamente, los a\u00f1os negros de la pol\u00edtica forestal basada en pino, pino, pino, han terminado. El resultado es que tenemos inmensas masas de una sola especie con una alta densidad de pies, sin gesti\u00f3n forestal, y en algunos casos de especies no aut\u00f3ctonas. Estas masas son inestables y la ausencia de gesti\u00f3n supone un problema en caso de incendio forestal. <\/p>\n<p>P.- Est\u00e1 comprobado que la mayor parte de incendios forestales son provocados. \u00bfC\u00faal crees que es la soluci\u00f3n ante este grave problema? \u00bfEndurecer las leyes o educar a la poblaci\u00f3n? Gracias. <\/p>\n<p>R.- La lucha contra los incendios tiene muchos frentes. Ya hemos hablado del judicial, hemos mencionado tambi\u00e9n el cambio de algunas masas forestales muy vulnerables y queda pendiente reactivar la actividad econ\u00f3mica en gran parte de la superficie forestal hoy abandonada. Esto se hace a base de inversiones, redacci\u00f3n de planes de actuaci\u00f3n y aprovechamiento de biomasa, entre otros. <\/p>\n<p>P.- \u00bfLos bosques que han ardido edste verano requieren la retirada inmediata de los \u00e1rboles afefctados?<\/p>\n<p>R.- Es muy conveniente. Una parte importante de la regeneraci\u00f3n se va a producir la pr\u00f3xima primavera, y ser\u00eda bueno que no hubiera ca\u00edda de \u00e1rboles o promoci\u00f3n del terreno despu\u00e9s de esa regeneraci\u00f3n. Es muy importante que antes de que empiecen las lluvias del oto\u00f1o se retire la madera quemada y se estabilicen las laderas para evitar que la erosi\u00f3n se lleve la materia org\u00e1nica y el banco de semillas. <\/p>\n<p>P.- \u00bfCrees que existen intereses por parte de las empresas especializadas en extinci\u00f3n de incendios en que estos sucedan?<\/p>\n<p>R.- Nosotros creemos que el incendio de Yeste del a\u00f1o 95 fue provocado por una empresa contratada para la extinci\u00f3n de incendios. As\u00ed lo cre\u00edan tambi\u00e9n los responsables de la extinci\u00f3n de la Comunidad de Castilla La Mancha, los vecinos de la zona y el juez que instruy\u00f3 el caso. Pero debido al obstruccionismo del ministerio responsable en aquel momento, no se consigui\u00f3 sentar en el banquillo a los responsables de la empresa. Nos gustar\u00eda pensar que esta causa ha dejado de ser el origen de incendios forestales. <\/p>\n<p>P.- \u00bfNo ser\u00eda la m\u00e1s inteligente vincular la gesti\u00f3n de los montes con la generaci\u00f3n de energ\u00eda el\u00e9ctrica con la biomasa generada en peque\u00f1as estaciones de unos pocos MW?<\/p>\n<p>R.- S\u00ed, pero cuidado, como he dicho antes, los montes no hay que limpiarlos ni es aceptable retirar toda la materia muerta que est\u00e1 en el suelo. Los bosques necesitan tambi\u00e9n matorral, sotobosque y madera muerta, pero tenemos el exceso de biomasa que podr\u00eda ser utilizada de manera sostenible para producir electricidad.<\/p>\n<p>P.- \u00bfQu\u00e9 programas tienen en Greenpeace en concreto para la lucha contra los incendios? Muchas veces la \u00fanica forma de colaborar con Greenpeace que mehan ofrecido cuando lo he solicitado ha sido aportaci\u00f3n econ\u00f3mica.<\/p>\n<p>R.- Greenpeace tiene grupos de voluntarios en toda Espa\u00f1a, tiene un equipo de acciones donde pueden colaborar aquellas personas que lo deseen, tenemos ciberactivistas que act\u00faan desde su puesto de trabajo o desde su casa con un ordenador o gente que nos echa una mano con temas administrativos en la oficina. Es importante apoyar econ\u00f3micamente a Greenpeace, aunque no s\u00f3lo. Para luchar contra los incendios, tambi\u00e9n se puede colaborar de forma local mediante asociaciones de vecinos, grupos locales o, en Galicia, mediante el voluntariado ambiental.<\/p>\n<p>P.- \u00bfCree usted que si hubiera habido mayores efectivos de bomberos en determinadas provincias se hubieran evitado el bombardeo desmedido de incendios en lo que va de verano? Gracias <\/p>\n<p>R.- En absoluto. El problema de los incendios de alta intensidad, como algunos de los aparecidos este verano, no se apagan con m\u00e1s medios de extinci\u00f3n. S\u00f3lo cuando cambian las condiciones meteorol\u00f3gicas es posible controlar el fuego. Lo que hay que hacer es invertir m\u00e1s en prevenci\u00f3n y gesti\u00f3n forestal. <\/p>\n<p>P.- En Andaluc\u00eda se est\u00e1 preparando una &#8220;Ley de la Dehesa&#8221;, \u00bfQu\u00e9 ser\u00eda necesario que incorporase para que se convirtiese en una herramienta eficaz para la conservaci\u00f3n real del ecosistema?<\/p>\n<p>R.- No la conozco, pero supongo que incluir\u00e1 medidas para evitar que las dehesas se conviertan en f\u00f3siles vivientes forestales. Hace falta que las dehesas puedan regenerarse y, en muchos casos, habr\u00e1 que reducir la presi\u00f3n ganadera para que esto sea posible. <\/p>\n<p>P.- Hay incendios de miles de hect\u00e1reas, \u00bfser\u00eda factible como pol\u00edtica de prevenci\u00f3n el fomento de determinados usos agr\u00edcolas como cortafuegos naturales? Gracias<\/p>\n<p>R.- Todo lo que sea en zonas rurales la fragmentaci\u00f3n y discontinuidad de las masas forestales (salvo excepciones) ser\u00eda bueno para evitar la propagaci\u00f3n de incendios. El pastoreo, el cultivo en zonas abandonadas o el mantenimiento de bancales con cultivo de secano ser\u00eda conveniente. <\/p>\n<p>P.- \u00bfNo se deberia endurecer las penas a delitos ecol\u00f3gicos, uno de ellos provocar un incendio?<\/p>\n<p>R.- El c\u00f3digo penal ya contempla esta posibilidad, pero hemos tardado unos a\u00f1os en aplicar la ley. La fiscal\u00eda de Medioambiente necesita medios humanos y t\u00e9cnicos y ya sabemos los problemas que afectan a la justicia en Espa\u00f1a. Pero la ley existe, hace falta que se aplique. <\/p>\n<p>P.- \u00bfComo es posible que en pleno siglo XXI no se investigue (o no se apliquen) en medios para apagar fuegos m\u00e1s efectivos?&#8230; \u00bfComo es posible que sigamos mandando agua v\u00eda a\u00e9rea?&#8230; \u00bfNo existen productos qu\u00edmicos que impidan que lo no quemado no prenda?&#8230; \u00bfHasta cuando seguiremos con el agua y con palas de goma para atizar el fuego?&#8230; Gracias<\/p>\n<p>R.- La extinci\u00f3n de incendios en algunas situaciones se ha demostrado imposible. Los incendios de alta intensidad s\u00f3lo se pueden controlar cuando cambian las condiciones meteorol\u00f3gicas. Las olas de calor que cada vez m\u00e1s se van a prolongar en duraci\u00f3n hacen de este tipo de incendios un peligro tambi\u00e9n para las poblaciones y urbanizaciones en zonas forestales. Creemos que hay que insistir en la prevenci\u00f3n, porque los l\u00edmites de la extinci\u00f3n ya han tocado techo. Aunque existen productos retardantes de llama, y \u00e9stos est\u00e1n siendo utilizados, lo que hay que hacer es evitar los incendios, y aqu\u00ed queda mucho por hacer. <\/p>\n<p>P.- Una de las razones por las que hay m\u00e1s incendios de los que debiera es el abandono del monte (ya que no da dinero).Bueno, esto es una opinion personal. Me gustar\u00eda saber si desde Greenpeace se est\u00e1n fomentando investigaciones\/usos alternativos (productivos) del espacio forestal y cuales son estos<\/p>\n<p>R.- No hay dinero y no hay gente. Tenemos un espacio rural y forestal sin poblaci\u00f3n. En muchas zonas de Espa\u00f1a, los montes no son rentables. La soluci\u00f3n no es \u00fanica ni simple. Ya hemos mencionado en este chat que la utilizaci\u00f3n de biomasa para producir electricidad podr\u00eda ser una soluci\u00f3n entre muchas. Otras soluciones apuntan a la producci\u00f3n de trufa, la producci\u00f3n ecol\u00f3gica, turismo en la naturaleza, y, quiz\u00e1s en alg\u00fan momento habr\u00e1 que plantearse el pago por servicios ambientales, ya que los bosques dan muchos servicios a la sociedad, pero la sociedad no revierte en su mantenimiento. Cito el ejemplo del agua, el recreo el paisaje, la biodiversidad&#8230; <\/p>\n<p>P.- \u00bfQue arde m\u00e1s rapido un roble o un pino?<\/p>\n<p>R.- \u00bfQue arde m\u00e1s rapido un roble o un pino?<\/p>\n","protected":false},"excerpt":{"rendered":"<p>Los incendios se est\u00e1n ensa\u00f1ando con nuestro pa\u00eds durante este verano. Son ya miles las hect\u00e1reas de bosques quemadas, una plaga que se repite cada a\u00f1o. El pr\u00f3ximo jueves, Greenpeace presenta un informe en el que analiza c\u00f3mo afecta el cambio clim\u00e1tico a los incendios. El responsable de la campa\u00f1a de bosques de la organizaci\u00f3n ecologista, Miguel \u00c1ngel Soto, ha charlado con los lectores sobre los puntos m\u00e1s interesantes de este documento, as\u00ed como de las propuestas de los ecologistas para atajar este mal. <\/p>\n","protected":false},"author":1,"featured_media":0,"comment_status":"open","ping_status":"open","sticky":false,"template":"","format":"standard","meta":{"footnotes":""},"categories":[],"tags":[],"class_list":["post-8085","post","type-post","status-publish","format-standard","hentry"],"_links":{"self":[{"href":"https:\/\/intervius.com\/index.html\/wp-json\/wp\/v2\/posts\/8085","targetHints":{"allow":["GET"]}}],"collection":[{"href":"https:\/\/intervius.com\/index.html\/wp-json\/wp\/v2\/posts"}],"about":[{"href":"https:\/\/intervius.com\/index.html\/wp-json\/wp\/v2\/types\/post"}],"author":[{"embeddable":true,"href":"https:\/\/intervius.com\/index.html\/wp-json\/wp\/v2\/users\/1"}],"replies":[{"embeddable":true,"href":"https:\/\/intervius.com\/index.html\/wp-json\/wp\/v2\/comments?post=8085"}],"version-history":[{"count":0,"href":"https:\/\/intervius.com\/index.html\/wp-json\/wp\/v2\/posts\/8085\/revisions"}],"wp:attachment":[{"href":"https:\/\/intervius.com\/index.html\/wp-json\/wp\/v2\/media?parent=8085"}],"wp:term":[{"taxonomy":"category","embeddable":true,"href":"https:\/\/intervius.com\/index.html\/wp-json\/wp\/v2\/categories?post=8085"},{"taxonomy":"post_tag","embeddable":true,"href":"https:\/\/intervius.com\/index.html\/wp-json\/wp\/v2\/tags?post=8085"}],"curies":[{"name":"wp","href":"https:\/\/api.w.org\/{rel}","templated":true}]}}