{"id":8038,"date":"2011-01-13T00:00:00","date_gmt":"2006-11-06T00:00:00","guid":{"rendered":"https:\/\/intervius.com\/index.html\/?p=8038"},"modified":"2006-11-06T00:00:00","modified_gmt":"2006-11-06T00:00:00","slug":"Marc_Vidal8038","status":"publish","type":"post","link":"https:\/\/intervius.com\/index.html\/Marc_Vidal8038\/","title":{"rendered":"Marc Vidal"},"content":{"rendered":"<p>Pregunta.- Marc, estoy leyendo tu libro, a\u00fan voy por la mitad, me gustar\u00eda saber tu opini\u00f3n sobre la utilidad real de los Centros de creaci\u00f3n de empresas parques empresariales y otros entes auspiciados por las Administraciones p\u00fablicas.<\/p>\n<p>Respuesta.- No soy demasiado amigo de los Parques Tecnol\u00f3gicos, las incubadoras de empresas, etc.., prefiero crear ecosistemas m\u00e1s abiertos pero que se adapten a patrones de gesti\u00f3n de emprendedores, algo parecido a lo que sucede en Boston con los programas de est\u00edmulo entre universidades y empresas for\u00e1neas<\/p>\n<p>P.- Soy una mujer de 34 a\u00f1os,trabaj\u00e9 de Graduada Social, actualmente estoy desempleada. Contin\u00fao form\u00e1ndome, buscando trabajo e inclunso intentar crearlo sin \u00e9xito. \u00bfCree que debo seguir as\u00ed o cambiar mi forma de pensar y buscar otra direcci\u00f3n? Gracias.<\/p>\n<p>R.- Formarse es esencial. Una de las cosas que debemos tener en cuenta es que muchos de los que tuvieron un empleo determinado y lo perdieron en la crisis pasada ya nunca volver\u00e1n a trabajar de aquello en lo que estuvieron ocupados tanto tiempo. Toca pensar en que nuevos sectores debemos incorporarnos. Tambi\u00e9n cabe otra posibilidad m\u00e1s dura y es la de pensar que el entorno laboral no termina en nuestras fronteras.<\/p>\n<p>P.- \u00bfCree que es un buen momento para hacerse peque\u00f1o empresario teniendo en cuenta la restricci\u00f3n del cr\u00e9dito?<\/p>\n<p>R.- No solo es un buen momento, es el mejor momento. No hay muchas m\u00e1s opciones, a medida que se estreche el modelo econ\u00f3mico, la oportunidad estar\u00e1 en montar un negocio. Ahora bien, es preciso ser innovador y ofrecer respuestas nuevas a problemas de siempre, eso en principio se puede hacer sin cr\u00e9dito. Hace poco mont\u00e9 una empresa con un amigo con apenas 3K euros, no nos par\u00f3 el que no obtuvieramos cr\u00e9dito.<\/p>\n<p>P.- \u00bfCual cree que es el motivo por el que ni CEOE ni Sindicatos ni Partidos Pol\u00edticos plantean el establecimiento de la obligaci\u00f3n de realizar trabajos para la comunidad por parte de los receptores de subsidios?<\/p>\n<p>R.- Uns sociedad subsidiada y solamente subsididada, es una sociedad dependiente. A las estructuras obsoletas que &#8220;dirigen&#8221; los debates p\u00fablicos les interesa tener pocas interferencias. Una sociedad civil cr\u00edtica, emprendedora y descloroformizada pondr\u00eda en riesgo muchas de las estructuras que les mantiene.<\/p>\n<p>P.- Hola Marc,Nadie duda que el a\u00f1o 2010 ha sido malo, pero se hablaba de &#8220;derrumbe, crash, deflaci\u00f3n&#8230;&#8221; y nada de eso ha ocurrido&#8230; \u00bfOcurrir\u00e1 en el 2011? Un saludo<\/p>\n<p>R.- Tenemos mala memoria. Las comparaciones se realizan con un espectro muy corto. El ser humano est\u00e1 programado para memorizar en corto por un tema biol\u00f3gico, pero en el caso de la econom\u00eda deber\u00edamos tener puntos de referencia que fueran m\u00e1s all\u00e1 del interanual y ver\u00edamos que la cosa est\u00e1 muy complicada. El crash, como algo que sucede de golpe, no lo tendremos, pero la reducci\u00f3n de espacio si. La crisis como tal pas\u00f3, ahora tenemos un nuevo modelo econ\u00f3mico m\u00e1s dificil que el anterior.<\/p>\n<p>P.- Desde este a\u00f1o la asignatura Iniciativa emprendedora es obligatoria en todos los ciclos formativos nuestra formaci\u00f3n profesional. Pero&#8230; \u00bfSe puede ense\u00f1ar a emprender con un libro de texto y dictando clase magistral? \u00bfc\u00f3mo cree que puede impulsarse el emprendizaje en las escuelas? Gracias y me ha encantado su libro. <\/p>\n<p>R.- Obviamente con eso solo no. Sin embargo es una buena iniciativa. Me gustar\u00eda saber como se imparte, que valores se trasladan y quienes son los encargados. En este pa\u00eds cuando alguien quiere montar una empresa suele preguntar \u00bfque subvenciones hay para empezar? Eso debe pasar a segundo t\u00e9rmino y avanzar en el \u00bfque arriesgo yo?<\/p>\n<p>P.- Primero, enhorabuena por el libro. He disfrutado mucho de su lectura.\u00bfConsideras que se deber\u00eda acortar la duraci\u00f3n de la prestaci\u00f3n por desempleo? En algunos casos tal vez sea necesaria, pero \u00bfno provoca que en un % alto de los parados no busquen trabajo de forma activa durante los primeros meses de desempleo?<\/p>\n<p>R.- Gracias. En Dinamarca la prestaci\u00f3n por desempleo era de una duraci\u00f3n por 5 a\u00f1os. Luego lo pasaron a 4. \u00bfExcesivo? Parece ser que si pues estad\u00edsticamente la gente encontraba empleo 4 a\u00f1os y 11 meses despu\u00e9s al principio y en el cambio las estad\u00edsticas empezaron a cambiar a 3 a\u00f1os y 11 meses. Es decir se apuraba el subsidio. \u00a1En Dinamarca! Tal vez hay una condici\u00f3n humana que no se activa hasta que no estamos al l\u00edmite. Creo que las pol\u00edticas de subsidio deben sustituirse por las de est\u00edmulo.<\/p>\n<p>P.- Tengo 68 a\u00f1os, cuando yo era m\u00e1s joven, se comenteba que la Seguridad Sicial tenia una buena bolsa, o sea que habia un superavil muy importante, \u00bfDonde esta ese dinero? <\/p>\n<p>R.- La bolsa sigue bien, dicen. El problema es la pir\u00e1mide generacional, demogr\u00e1fica y en cuanto al modelo de pensiones que afecta tambi\u00e9n a ese paquete p\u00fablico. Es insostenible a medio plazo el actual modelo pues cuando se invent\u00f3 ni viviamos tanto ni est\u00e1bamos tan poco tiempo participando de su engorde. Ahora hay quien empieza su carrera laboral a los 34 y se prejubila a los 52. Ya me contar\u00e1s&#8230;<\/p>\n<p>P.- En d\u00edas pasados la Sra. Salgado nos enviaba el siguiente mensaje &#8220;el 2011 sera un excelente a\u00f1o para salir del problema de paro en Espa\u00f1a, ya que se podr\u00e1n generar 100.000 nuevas plazas de trabajo&#8221;. En matem\u00e1ticas sencillas con una generaci\u00f3n de empleo de 100.000 y una tasa de paro de aproximada de 4 millones m\u00e1s, la generaci\u00f3n interanual de nuevos demandantes de empleo, \u00bfen cu\u00e1ntos a\u00f1os saldremos de esta crisis bajo la tutela de esta se\u00f1ora?<\/p>\n<p>R.- Lo que diga la Sra Salgado, a estas alturas, tiene escasa credibilidad. PAra m\u00ed es impresentable que tras dos a\u00f1os diciendo que lo peor ya ha pasado, el presidente Zapataro anunciara cinco a\u00f1os crudos no es de recibo. Ni tan siquiera pidi\u00f3 excusas. El problema es que en la oposici\u00f3n, no parecen haberse enterado de la realidad y juegan al economista de sal\u00f3n cuando en realidad, lo que dicen, es un argumentario aprendido de memoria. La clase pol\u00edtica no est\u00e1 a la altura de la problem\u00e1tica ni a la altura de la oportunidad hist\u00f3rica que supone para Espa\u00f1a esta asunto, el mometno de cambiar nuestro modelo definitivametne. Creo que todos ellos, gobierno y oposici\u00f3n mayoritaria, est\u00e1n muy lejos de ser los agentes necesarios para liderar esa transformaci\u00f3n.<\/p>\n<p>P.- Soy partidario de ense\u00f1ale a pescar antes que darle peces. Y para mi el subsidio (limosna para muchos) es desmotivar al que busca empleo. \u00bfQu\u00e9 opinas?<\/p>\n<p>R.- El subsidio es neceario y aceptable en algunos casos en una sociedad occidental moderna y que debe proteger elementos b\u00e1sicos y derechos fundamentales. El problema es cuando se convierte en un modelo cultural. Creo que lo que se debe hacer es estimular y dinamizar a los emprendedores y eso, como mucho, se hace con subvenciones o, mejor, con la aprertura de oportunidades en los concursos p\u00fablicos para que empresas peque\u00f1as y nuevas puedan aportar toda esa innovaci\u00f3n que se les supone y ganar a las &#8220;de siempre&#8221;.<\/p>\n<p>P.- \u00bfCrees realmente que la reforma laboral est\u00e1 creando empleo o lo va a crear en el corto plazo?<\/p>\n<p>R.- Ni lo crea, ni lo crear\u00e1. El tema laboral no tiene que ver con ello. Es un problema de crecimiento y de productividad. Si no hay cambio de modelo de crecimiento vinculado a elementos en los que Espa\u00f1a pueda ser realmetne eficiente a medio plazo o esto no variar\u00e1. Seremos un pa\u00eds de servicios sin valor a\u00f1adido y con una fuerza laboral parecida a la actual durante mucho tiempo. Tengo confianza en que la gente est\u00e1 &#8220;pasando&#8221; de la gesti\u00f3n p\u00fablica, de lo macro y de las meriendas varias y est\u00e1 empezando a busscarse la vida. En ese buscarse la vida est\u00e1n surgiendo proyectos empressariales muy interesnates.<\/p>\n<p>P.- \u00bfSeria conveniente que hubiera en pacto de Estado, entre todos los partidos politicos en Economia? porque esto no lo arreglan ni el PSOE, ni el PP, por separado y as\u00ed nos va.<\/p>\n<p>R.- Obviamente la clase pol\u00edtica actual est\u00e1 muy lejos de ser quienes pueden liderar un proceso de cambio. Tal vez tiene que ver con el patron que se le supone. Cuatro a\u00f1os es muy poco tiempo para concretar esencialmente una estrategia de cambio econ\u00f3mico. No conf\u00edo demasiado en la pol\u00edtica por si sola, aunque reconozco que hay, y he trabajado para ellos, pol\u00edticos que si podr\u00edan dar esa respuesta. Espero tambi\u00e9n que la gente tome su parte de responsabiliad. No todo es culpa de los pol\u00edticos. Ellos no nos firmaron los cr\u00e9ditos que ahora muchos son incapaces de pagar por una mala previsi\u00f3n.<\/p>\n<p>P.- La soluci\u00f3n para que descienda el paro, podr\u00eda ser la de que Capital humano saliera de Espa\u00f1a a trabajar en el extranjero como hace 50 a\u00f1os? \u00bfExiste alguna soluci\u00f3n m\u00e1s? Gracias y buen d\u00eda<\/p>\n<p>R.- Por supuesto que hay otras opciones, pero esa existe. Yo creo que lo que hay que pensar no es tanto en irse como en internacionalizar. Yo mismo he interancionalizado y ayudo a eso a otras pymes. Cuando el mercado se reduce, la tecnolog\u00eda y las comunicaciones actuales permiten levantarse cada ma\u00f1ana pensando que ah\u00ed fuera hay 270 pa\u00edses a los que venderles algo. Creo en eso.<\/p>\n<p>P.- \u00bfPara crear puestos de trabajo ser\u00eda factible hacer una reestructuraci\u00f3n del tiempo de trabajo y ocupaciones en las empresas y reducir la jornada normal de trabajo de 8 a 6 horas al d\u00eda? \u00bfA esto podr\u00eda unirse a que de alguna forma no sea rentable para las empresas crear puestos de trabajo temporales?<\/p>\n<p>R.- Esa soluci\u00f3n es la alemana, aparentemente est\u00e1 dando buen resultado, pero en un futuro a medio plazo veremos sus resultados. Sabemos de sueldos muy bajos, incluso subsidiarios, que impiden que muchos de esos que ahora ya no est\u00e1n en paro sean incapaces de consumir y en ese &#8220;gap&#8221; puede estar el problema. Si se reduce el consumo se paralizar\u00e1 el tema laboral y eso no sabemos si tiene sustitutivo.<\/p>\n<p>P.- El modelo productivo espa\u00f1ol est\u00e1 agotado en cuanto a la construcci\u00f3n se refiere. Crear un nuevo modelo econ\u00f3mico cuesta mucho tiempo. \u00bfCu\u00e1ntos a\u00f1os cree que pasar\u00e1n para que Espa\u00f1a tenga un indice de desempleo inferior al 10%? Aunque el futuro no se puede preveer&#8230; \u00bfQu\u00e9 opini\u00f3n tiene?<\/p>\n<p>R.- Probablemente, a menos que nos inventemos otra burbuja, una generaci\u00f3n. Espa\u00f1a necesita reinventarse, casi refundarse. Son los emprendedores, los innovadores que aportan esa nueva manera de ver este territorio m\u00e1s complejo como una oportunidad, es en ese entorno donde poco a poco iremos creando empleo. Ahora mismo, los suced\u00e1neos no dan respuesta.<\/p>\n<p>P.- Buenos d\u00edas Sr. Vidal. \u00bfQu\u00e9 medidas tendr\u00edan que tomar los diferentes gobiernos del Estado, para que los parados mayores de 50 a\u00f1os que nos consideramos preparados (formaci\u00f3n acad\u00e9mica y pr\u00e1ctica) y con ansias de trabajar, volvamos a incorporarnos al sistema productivo del estado? Muchas gracias por su respuesta.<\/p>\n<p>R.- Cuando busco colaboradores suelo buscar personas de m\u00e1s de 50 a\u00f1os. Suelen tener una percepci\u00f3n de lo que yo quiero hacer muy objetiva y con ganas enormes de demostrar que son \u00fatiles. Yo tendr\u00e9 en una d\u00e9cada esa edad y espero que me vean as\u00ed si tengo que solicitar que alguien me contrate. Ahora bien, si eso no sucede, \u00a1montar\u00e9 un negocio!. Mi consejo es: sue\u00f1a, sue\u00f1a en aqueollo que todav\u00eda es factible y montalo. No hay edad para ser emprendedor, no hay edad que te haga renunciar a tus sue\u00f1os. Si no sale bien, aun te quedar\u00e1 toda una vida para volver a intentarlo. Esto no es cuestion de edad sino de superar retos<\/p>\n<p>P.- Buenos d\u00edas Marc. Ante todo, felicitarte por tu libro. A partir de aqu\u00ed, me gustar\u00eda saber qu\u00e9 opinas acerca del capital humano en Espa\u00f1a: \u00bfCrees que el hecho de que cada vez los j\u00f3venes estemos mejor formados es, parad\u00f3gicamente, un contratiempo para entrar en el mercado laboral espa\u00f1ol? A veces creo que los mandos intermedios y altos nos ven m\u00e1s como un peligro que como compa\u00f1eros de camino empresarial. Muchas gracias Marc.<\/p>\n<p>R.- Gracias. Me preocupa que consideremos &#8220;mejor preparados&#8221; un grupo de j\u00f3venes que tienen muchos estudios y poca disponibilidad para el riesgo. Cada vez son m\u00e1s los que, viendo el panorama, deciden emigrar a buscarse la vida en otros pa\u00edses. Repito, el momento id\u00f3neo para salir de ese ciclo de paro es montar tu propia empresa. Obviamente no todos pueden hacerlo, ni deben, pero en un pa\u00eds donde el empresariado no ha entendido en su mayoria que hay que gastar en mejorar procesos y que hay que arrisgar en la innovci\u00f3n, la preparaci\u00f3n excesiva puede ser a veces un handicap. Venimos de una econom\u00eda que depend\u00eda de elementos muy b\u00e1sicos: construcci\u00f3n, venta de pisos, etc.. que no respondi\u00edan a patrones de crecimiento complejos. Conozco una inmobiliaria que est\u00e1 aportando nuevas maneras de entender ese sistema y que vende a particulares de manera eficiente. Algunos lo han entendido y ah\u00ed es donde est\u00e1 la oportunidad para los j\u00f3venes preparados. Si no te dan la oportunidad. T\u00f3matela tu mismo.<\/p>\n<p>P.- Creo que mucha gente no trabaja porque no le interesa, no le compensa o prefiere trabajar y cobrar &#8220;en negro&#8221;. \u00bfQu\u00e9 opina usted al respecto?<\/p>\n<p>R.- Hay de todo. Ahora mismo el que trabaja en B es porque, mayoritariamente, no logra entrar. Creo que se debe luchar contra eso. La falta de ingresos tributarios de esos que trabajan de manera ilegal repercute en que el resto cada vez debamos pagar m\u00e1s y por ello invertir menos en nuestros proyestos. Los que hacen eso son una parte fundamental del problema<\/p>\n<p>P.- Buenos d\u00edas, \u00bfpor qu\u00e9 cree que en Espa\u00f1a tenemos una tasa de paro que dobla la europea? Gracias<\/p>\n<p>R.- Nuestro modelo est\u00e1 muy segmentado. La gente considera que debe trabajar toda la vida en una empresa. Falta movilidad y esp\u00edritu emprendedor. Es hist\u00f3rico. Adem\u00e1s, el problema es que nos agarramos muy f\u00e1cilmente a las burbujas. La inmobiliaria demostr\u00f3 que en este pa\u00eds viven un par de decenas de millones de inconscientes que pensaron que se pod\u00eda aumentar de manera indefinida esa barbaridad. Unos falsificando n\u00f3minas, otros aceptando financiaciones insostenibles, otros pintando de rosa una realidad oscura y finalmetne todos vendiendo una y otra vez algo que fabricaban otros y que nadie necesitaba. Eso explot\u00f3 y ahora reconducir laboralmente el asunto no es sencillo. <\/p>\n<p>P.- Hola Marc ,me llamo Sergio soy Diplomado en Turismo y t\u00e9cnico de FP en aministraci\u00f3n y finanzas. \u00bfEn qu\u00e9 tendr\u00e9 que formarme para tener empleo? El Gobierno dice que las renovables, dependencia&#8230; \u00bfqu\u00e9 sectores tendr\u00e1n m\u00e1s futuro?<\/p>\n<p>R.- Te sugiero que atiendas los nuevos modelos de gesti\u00f3n patrimonial de tipo tecnol\u00f3gico, la sesor\u00eda financiera alternativa a la tradicional, que te actualices en ese campo, pero sin embargo, en el campo del turismo te animar\u00eda a que &#8220;pensaras&#8221; algo que detectes nadie aporta (siempre hay algo por inventar) y que te ayude a fabricar un proyecto nuevo, distinto y que gire en torno a lo que sabes hacer. \u00bfHAs pensado en montar tu negocio?<\/p>\n<p>P.- Tengo la opini\u00f3n que todos los pol\u00edticos son unos demag\u00f3gicos, creo que es simple, resp\u00f3ndame por favor, \u00bfQu\u00e9 sector o sectores se tiene que inventar el gobierno y emprendedores para absorber al menos dos millones de empleos, y que sea capaz de producir el 10% del PIB? <\/p>\n<p>R.- Sea lo que sea no suceder\u00e1 en una legislatura, es algo que se debe pactar a medio plazo, sin embargo creo que potenciar el sector exterior y ayudar para que cualquier empresa sea capaz de internacionalizarse, por peque\u00f1a que sea, puede ser clave. Empresas que desde aqu\u00ed generen empleo para vender fuera e incluso para trasladar cuerpo laboral, directivo, trabajador, etc.. a sus filiales externas. Soy un defensor del desarrollo interior pero con vistas al exterior. No creo en las agencias actuales de ayuda al exterior. Escrib\u00ed mi caso hace poco en mi blog sobre algo que me pas\u00f3. Una agencia p\u00fablica que me cobraba un dineral por &#8220;ayudarme&#8221; a internacionalizar mi compa\u00f1\u00eda. Al final me lo mont\u00e9 yo solo, picando piedra y pasando dias y dias solo en un pa\u00eds lejano. El esfuerzo vali\u00f3 la pena.<\/p>\n","protected":false},"excerpt":{"rendered":"<p>Marc Vidal, autor del libro Contra la cultura del subsidio, ha charlado con los internautas sobre las claves para que Espa\u00f1a reduzca su tasa de paro.<\/p>\n","protected":false},"author":1,"featured_media":0,"comment_status":"open","ping_status":"open","sticky":false,"template":"","format":"standard","meta":{"footnotes":""},"categories":[],"tags":[],"class_list":["post-8038","post","type-post","status-publish","format-standard","hentry"],"_links":{"self":[{"href":"https:\/\/intervius.com\/index.html\/wp-json\/wp\/v2\/posts\/8038","targetHints":{"allow":["GET"]}}],"collection":[{"href":"https:\/\/intervius.com\/index.html\/wp-json\/wp\/v2\/posts"}],"about":[{"href":"https:\/\/intervius.com\/index.html\/wp-json\/wp\/v2\/types\/post"}],"author":[{"embeddable":true,"href":"https:\/\/intervius.com\/index.html\/wp-json\/wp\/v2\/users\/1"}],"replies":[{"embeddable":true,"href":"https:\/\/intervius.com\/index.html\/wp-json\/wp\/v2\/comments?post=8038"}],"version-history":[{"count":0,"href":"https:\/\/intervius.com\/index.html\/wp-json\/wp\/v2\/posts\/8038\/revisions"}],"wp:attachment":[{"href":"https:\/\/intervius.com\/index.html\/wp-json\/wp\/v2\/media?parent=8038"}],"wp:term":[{"taxonomy":"category","embeddable":true,"href":"https:\/\/intervius.com\/index.html\/wp-json\/wp\/v2\/categories?post=8038"},{"taxonomy":"post_tag","embeddable":true,"href":"https:\/\/intervius.com\/index.html\/wp-json\/wp\/v2\/tags?post=8038"}],"curies":[{"name":"wp","href":"https:\/\/api.w.org\/{rel}","templated":true}]}}