{"id":8020,"date":"2011-01-10T00:00:00","date_gmt":"2006-11-06T00:00:00","guid":{"rendered":"https:\/\/intervius.com\/index.html\/?p=8020"},"modified":"2006-11-06T00:00:00","modified_gmt":"2006-11-06T00:00:00","slug":"Alfredo_Relano8020","status":"publish","type":"post","link":"https:\/\/intervius.com\/index.html\/Alfredo_Relano8020\/","title":{"rendered":"Alfredo Rela\u00f1o"},"content":{"rendered":"<p>Pregunta.- Hola, Sr. Rela\u00f1o. \u00bfPor qu\u00e9 Boateng y Parejo parec\u00edan Busquets e Iniesta respectivamente el d\u00eda que jugaron contral el Real? Dejar\u00e9 de ser oblicuo: \u00bfPor qu\u00e9 uno de los mejores equipos del mundo no tiene un medio campo que pueda calificarse &#8220;de los mejores del mundo&#8221; (Ojo: admiro a Xabi, pero seamos realistas)?? \u00bfFalta de inter\u00e9s? \u00bfNo encuentran jugadores? \u00bfUna maldici\u00f3n postzidane? <\/p>\n<p>Respuesta.- El Madrid tiene poco poder en el medio campo, empezando porque tiene menos gente que otros, s\u00f3lo dos. Lo compensa con el poder ofensivo de los cuatro de arriba o el paoyo de los laterales. Pero el Madrid tiene menos juego en el medio campo del que ser\u00eda razonable esperar de un equipo de ese vuelo. Eso es as\u00ed. Quiz\u00e1 se remedie con alg\u00fan retoque este verano.<\/p>\n<p>P.- Hola Alfredo. Estamos ante un Madrid inmenso en n\u00fameros, pero que ha menguado en cuanto a juego. Recuerdo que antes del partido del Barsa, el Madrid conced\u00eda una o dos ocasiones por partido. Ahora, son muchas m\u00e1s las que concede. Pienso que el cambio de Khedira por Lass no ha sido lo mejor que ha hecho Mou. \u00bfQu\u00e9 opinas?<\/p>\n<p>R.- Es cierto. En muchos aspectos me gusta m\u00e1s Lass que Khedira, pero tiene unas pretensiones creativas que le hacen descuidar lo otro. Khedira ejerce de escudero de Xabi y resulta m\u00e1s \u00faitl para darle seguridad al equipo.<\/p>\n<p>P.- Alfredo, a ver si eres capaz de contarme en que consistia la vieja &#8220;copa de europa&#8221;, la primera de todas, esa que el madrid gano 5 veces consecutivas, y poco despues otra mas. Por ejemplo, quien la fundo? que equipos la jugaban? y por que esos equipos y no otros? de verdad se puede considerar lo mismo &#8220;eso&#8221; con la &#8220;champions&#8221; actual? a mi me parece evidente que no&#8230; aun asi, seguireis diciendo que el madrid tiene 9 copas de europa&#8230;<\/p>\n<p>R.- La fund\u00f3 LEquipe, a idea de su especialista en f\u00fatbol. Por entonces empezaba a haber amistoso internacionales con cierta frecuencia y se discut\u00eda qui\u00e9n era el mejor equipo de Europa seg\u00fan se ganara o no un partido. La idea consisti\u00f3 en hacer una competici\u00f3n que jugaran LOS CAMPEONES DE LIGA de todos los pa\u00edses. Y se invitaba al campe\u00f3n de la edici\u00f3n anterior, al que se conced\u00eda el derecho de defender el t\u00edtulo. El Madrid fue a la primera como campe\u00f3n de la Liga 55-56. Se jugaba por eliminatorias directas, como la Copa de Espa\u00f1a. Objetivamente, ganarla significaba acreditarse como el mejor equipo de Europa, exactamente igual que ahora. Dos veces que el Madrid duplic\u00f3 t\u00edtulo de Liga y Copa de Europa, su derecho como campe\u00f3n espa\u00f1ol pas\u00f3 al segundo, y gracias a eso participaron el Sevilla (en la tercera) Y el Atl\u00e9tico (en la cuarta). En la quinta y en la sexta coincidieron Madrid y Bar\u00e7a, el Madrid como campe\u00f3n europeo y el Bar\u00e7a como campe\u00f3n de Liga. Lo mismo pas\u00f3 en la segunda, en la que el Atl\u00e9tico de Bilbao (entonces se llamaba as\u00ed) jug\u00f3 como campe\u00f3n de Liga y el Madrid como campe\u00f3n de Europa. Los ingleses rehusaron entrar en la primera edici\u00f3n (le hubiera correspondido al Chelsea), pero ya entraron en la segunda, con el Manchester United, al que ech\u00f3 precisamente el Madrid. Ese Manchester se estrell\u00f3 el a\u00f1o siguiente en avi\u00f3n, volviendo de un aprtido en Belgrado, de la tercera Copa de Europa.<\/p>\n<p>P.- Se\u00f1or Rela\u00f1o, la semana pasada hubo un gran partido de copa en San Mam\u00e9s en el que por encima de la intensidad y belleza del choque destaca el ambiente que se gener\u00f3 en San Mam\u00e9s, en contraste con otros campos como en de Getafe que est\u00e1n medio vac\u00edos. \u00bfQu\u00e9 sentimientos le produce ver un campo y una hinchada como la vista en San Mam\u00e9s? \u00bfDebe estar orgulloso el f\u00fatbol espa\u00f1ol por contar con un club como \u00e9ste? Muchas gracias<\/p>\n<p>R.- A mi siempre me ha fascinado el ambiente de San Mam\u00e9s, y m\u00e1s a\u00fan en la Copa. El a\u00f1o pasado me di el capricho de ir a ver el Athletic-Sevilla, y encima tuve al lado a Iribar y a Argoitia. Este a\u00f1o me propuse ir, pero eso del d\u00eda 5 y a las diez de la noche me ech\u00f3 para atr\u00e1s. La familia es la familia&#8230; No encuentro nada igual como una buena noche copera en San Mam\u00e9s. Es el sabor esencial del f\u00fatbol. En realidad, toda la atm\u00f3sfera del Atheltic me gusta.<\/p>\n<p>P.- Hola Sr. Rela\u00f1o, \u00bfCree que el Madrid tiene suficiente plantilla y calidad para afrontar las fases finales de Champions y copa, adem\u00e1s de la recta final de liga?<\/p>\n<p>R.- Tiene una gran plantilla, pero su problema es que est\u00e1 ah\u00ed el Bar\u00e7a, con su podio de los balones de oro y su media docena, adem\u00e1s, de campeones del mundo. <\/p>\n<p>P.- Voy a ser muy claro. \u00bfCrees que Florentino ir\u00e1 este verano a por Cesc, a por Gerrard y a por Llorente? O son meras especulacioes&#8230;<\/p>\n<p>R.- A por un nueve s\u00ed ir\u00e1. Lo que no s\u00e9 es si ser\u00e1 Llorente o Rooney, seg\u00fan el precio de cada uno o las ganas que ponga. De lo que ya tengo m\u00e1s duda es de una inversi\u00f3n fuerte en el medio campo. Volver\u00e1 Parejo, habr\u00e1 alg\u00fan lateral y no creo que la cosa vaya mucho m\u00e1s lejos. <\/p>\n<p>P.- Maestro.Sinceramente es Mou el entrenador que merece el R.Madrid? No lo digo por su capacidad de ganar titulos, que es irrefutable, lo digo por su globalidad. Dicho de otra manera, habiendole visto estos 6 primeros meses, usted lo hubiera fichado?<\/p>\n<p>R.- Caray, me lo pone dif\u00edcil. Yo hubiera visto bien un segundo a\u00f1o de Pellegrini. Mourinho me parece el mejor entrenador que hay, pero su ritmo de broncas se hace intolerable y las consecuencias pueden ser muy malas a medio y largo plazo.<\/p>\n<p>P.- Hola Alfredo. Perdona que te tutee pero eres casi como un miembre de la familia. Empiezo a leer, siermpre, el as por tu art\u00edculo. Bueno, la pregunta, no crees que es sospechoso que un jugador como Messi, al que otros entrenadores le hacian descansar muchos minutos para evitar que se lesionara, desde la llegada de Guardiola no se ha lesionado y juega hasta los amistosos.<\/p>\n<p>R.- No lo veo sospechoso. Ten\u00eda frecuentes roturas musculares. Simplemente dieron con el problema y lo solucionaron. Cosas as\u00ed son realtivamente frecuentes. Recuerdo que Stielike (\u00a1fig\u00farese, Stielike!) parec\u00eda un jugador de cristal cuando lleg\u00f3. Se romp\u00eda mucho. Dieron con el problema y se resolvi\u00f3.<\/p>\n<p>P.- Don Alfredo Rela\u00f1o \u00bfc\u00f3mo es posible que diga usted que no vio fuera de juego en el tercer gol del Real Madrid? Seg\u00fan los entendidos hubo dos. A muchos nos da la sensaci\u00f3n que tiene un metro para su Madrid y otro para los dem\u00e1s equipos. Por favor cont\u00e9steme. Saludos<\/p>\n<p>R.- Lo expliqu\u00e9 anoche en El Larguero. Cuando viene el centro de la izquierda, Cristiano est\u00e1 habilitado. Di Mar\u00eda est\u00e1 adelantado, salta a por el bal\u00f3n, pero no lo alcanza. Tiempo atr\u00e1s, se daba fuera de juego en esas circunstancias: cuando un jugador adelantado intentaba jugar. Pero hace unos cuantos a\u00f1os que los \u00e1rbitros, a indicaci\u00f3n de Garc\u00eda Aranda en la FIFA, decidieron que s\u00f3lo se se\u00f1alaba si jugaba el bal\u00f3n. Eso respecto a la primera parte. Seguimos: Cristiano remata, Diego L\u00f3pez rechaza y Cristiano qeuda ca\u00eddo delante de \u00e9l. El rebote le va a Benzema, que dispara con Cristiano ca\u00eddo y adelantado. El bal\u00f3n pega en un defensa y sale hacia atr\u00e1s. Entonces Cristiano se levanta, retrocede m\u00e1s all\u00e1 del defensa y Benzema, recoge el bal\u00f3n y marca a media vuelta. Es otra jugada. As\u00ed fue, cr\u00e9ame. Otra cosa son als ganas de anularle un gol al Madrid. Por cierto, antes de todo eso Xabi le hizo un penalti a Rossi, el mismo de Abidal el otro d\u00eda contra el Levante.<\/p>\n<p>P.- buenos dias se\u00f1or rela\u00f1o el madrid necesita un delantero porque benzema no es el del lyon \u00bfpoque se empe\u00f1a la direccion deportiva en negarlo y no quieren traer uno? por falta de fichas? que le den la baja a diarra, que por lo visto quiere irse al malaga<\/p>\n<p>R.- El Madrid empez\u00f3 al temporada con dos delanteros, internacionales de Argentina y Francia, respectivamente. El titular se ha lesionado, queda el suplente, que podr\u00eda jugar mejor, pero para eso est\u00e1 el entrenador. Hay un segundo equipo. \u00bfQu\u00e9 delantero se ficha ahora? \u00bfUno de cuarenta o cincuenta millones? \u00bfLos tiene el Madrid? \u00bfD\u00f3nde lo hay? \u00bfSe puede asaltar al Athletic con un clausulazo en pleno enero? Quiz\u00e1 uno muy barato (Valdez) por si Benzema tambi\u00e9n es baja, pero hay un segundo equipo, un Morata&#8230; Mourinho debe entender estas cosas. Si juega Benzema, este verano podr\u00eda salir dejando un dinero que contribuir\u00eda a pagar un Llorente o un Rooney. Mou debe entender eso.<\/p>\n<p>P.- Alfredo \u00bfcual fue el primer partido que vistes en el bernabeu y que edad tenias?<\/p>\n<p>R.- El primer partido fue un Madrid-Mil\u00e1n de Copa de Europa y apenas me acuerdo de nada. Ten\u00eda siete a\u00f1os y s\u00f3lo me queda la imagen de Miguel Mu\u00f1oz despejando un bal\u00f3n desde la raya. Ya con doce vi un Madrid-Racing de pretemporada, un Madrid con muchos suplentes en el que me gustaron mucho Onti\u00f1ano (un extremo) y Villa, el que se fue al Zaragoza de los Cinco Magn\u00edficos. E inmediatamente, a\u00fan en pretemporada, un Madrid-Manchester, homenaje a Z\u00e1rraga.<\/p>\n<p>P.- Querido Rela\u00f1o, mi pregunta va sobre Drenthe y su pol\u00e9mica ausencia. \u00bfC\u00f3mo es posible que los medios de comunicaci\u00f3n y en general todo el mundo est\u00e9 contra \u00e9l cuando lo \u00fanico que ha hecho el chico es negarse a trabajar gratis? \u00bfAcaso usted ir\u00eda a la redacci\u00f3n cada ma\u00f1ana por amor al arte?<\/p>\n<p>R.- Nadie trabaja gratis, pero un retraso (y menos en f\u00fatbol) no es motivo para regresar tarde a los entrenamientos. No habr\u00eda f\u00fatbol si todos hicieran eso. Mal que bien, al final vienen cobrando todos, o casi. Sincermanete, Drenthe se agarr\u00f3 a esa excusa para alrgar sus vacaciones. Son frecuentes los casos de jugadores que se retrasan, con una u otra excusa. <\/p>\n<p>P.- hola! quien crees q fue el mejor jugador de espa\u00f1a en el mundial? para mi ni casillas ni xavi ni iniesta el mejor fue david VILLA de largo (5 goles 1 asistencia y le hicieron 2 penaltis) para la historia siempre quedara el gol de iniesta&#8230;pero q es mas importante el gol q dio la gloria o el gol q acabo con la maldicion del futbol espa\u00f1ol.<\/p>\n<p>R.- Me cuesta decir qui\u00e9n fue el mejor. Casillas e Iniesta fueron decisivos en determinados momentos, el caudal de Xavi siempre estuvo ah\u00ed, lo mismo que los goles de Villa&#8230; La \u00faltima hora de Iniesta fue tremenda (la \u00faltima media del aprtido y la pr\u00f3rroga) y eso es lo que m\u00e1s queda.<\/p>\n<p>P.- Don Alfredo, La actitud de Mou de poner a Benzema contra el Getafe me parece una rabieta de ni\u00f1o malcriado. Como se puede tolerar que al unico 9 del equipo se le haga jugar un partido intrascendente despues de hacer comentarios de que Benzema no puede jugar todos los partidos. Porque no dosificarlo? Ya son muchas rabietas: solo yo defiendo al club, no me dan el 9 que quiero, quiero entrenar a Portugal, pongo a jugar a Benzema partidos intrascendentes&#8230;. Donde esta el limite?<\/p>\n<p>R.- Florentino le va poniendo l\u00edmites. Respald\u00f3 a Valdano, le niega el nueve&#8230; Es necesario que el Madrid controle ese lado oscuro de Mourinho, y me parece que lo est\u00e1 haciendo.<\/p>\n<p>P.- Egun on Alfredo! Que te parecio el partido de copa entre el Athletic y el Barca? Por que no se juega a partido unico? No crees que seria mas interesante?. Un saludo.<\/p>\n<p>R.- S\u00ed que me gustar\u00eda que fuera a partido \u00fanico. En cuanto a ese partido, em pareci\u00f3 la esencia del buen y viejo f\u00fatbol de la Copa.<\/p>\n<p>P.- hola Alfredo, cuando crees que echaran a Ramon Martinez cuando se ha demostrado en este a\u00f1o y medio que es una calamidad con la cantera y no fichan a alguien como sanchis,martin vazquez etc&#8230; que conozcan la casa y que hayan sdo canteranos?hasta cuando tendremos que aguantar los madridistas modestos esta forma chulesca y de cartera que tiene Florentino de llevar al madrid,(soy de cadiz y cada vez hay menos madridistas aqui y los que habemos nos da verguenza este madrid)hasta cuando don Alfredo, hasta cuando?<\/p>\n<p>R.- Lo de Ram\u00f3n Mart\u00ednez para m\u00ed siempre ha sido inexplicable. El gran fallo de Florentino, para m\u00ed, ha sido desestructurar el interior del club. Eso est\u00e1 por empezar.<\/p>\n<p>P.- Hola Alfredo, lo de ir a provocar al Villareal con la escusa barata de que su hijo estaba detr\u00e1s le ha venido de perlas a Mou para que no se hable del robo tan descarado de ayer, verdad?<\/p>\n<p>R.- Robo descarado no lo veo. Creo que Mourinho es un trasto, eso s\u00ed.^Pero para mi el tercer gol es v\u00e1lido, ya lo he comentado antes.<\/p>\n<p>P.- Buenos dias Alfredo \u00bfNo le parece que Mourinho debio de ser expulsado por pisar el area tecnica del Villarreal? Saludos<\/p>\n<p>R.- S\u00ed, hay una desproporci\u00f3n tremenda entre expulsar a Garrido por nada y menos y dejar a Mourinho campar libremente por la zona t\u00e9cnica del rival. Fue impresentable.<\/p>\n<p>P.- Buenos d\u00edas Sr.Rela\u00f1o; Usted comenta en su art\u00edculo de hoy que el 3r gol del Madrid de ayer es legal. Me podr\u00eda explicar porqu\u00e8? Un fuera de juego es un hecho objetivo y claro, no veo interpretaci\u00f3n posible&#8230; Gracias y enhorabuena por tantos a\u00f1os de buen periodismo.<\/p>\n<p>R.- Est\u00e1 explicado en este mismo chat. Y gracias a usted. Espero que comparta mi visi\u00f3n cuando lo lea.<\/p>\n<p>P.- El \u00fanico recambio en el mercado y lo m\u00e1s parecido a Xabi Alonso, es Javi Marquez, del Espanyol, \u00bfqu\u00e9 opina?<\/p>\n<p>R.- Muy bueno, s\u00ed. No s\u00e9 si el Madrid le podr\u00eda, pero me parece muy bueno.<\/p>\n<p>P.- Hola Alfredo, Mou la ha vuelto a liar y no se hablara de su inmensa labor t\u00e1ctica en el partido de ayer, supongo que ya no queda nadie que le achaque de ser defensivo. Respecto a la celebraci\u00f3n del gol, quiero pensar que efectivamente su hijo estaba ah\u00ed y que el partido fue muy tenso (quedarse a 4 puntos del actual Bar\u00e7a) y se dej\u00f3 llevar. Por otro lado, en todos sitios cuecen habas, el hermano de Garrido le hiz\u00f3 lo mismo a Emery hace pocos d\u00edas supongo que por eso Garrido no se hizo el ofendido a la luz p\u00fablica. Y recuerdo a Guardiola hacer algo parecido con Garrido en el Camp Nou, lo que pasa es que Pep a parte de tener buena prensa es muy &#8220;inteligente&#8221; y sabe c\u00f3mo y cu\u00e1ndo pegar esas puntilladas. Saludos<\/p>\n<p>R.- No, no, no. No recuerdo haber visto a nadie ir a la zona t\u00e9cnica del otro, est\u00e9 su hijo o el padre de Domingo Ortega ah\u00ed. Y seguro que estaba el hijo, pero no puede ir ah\u00ed. Adem\u00e1s, primero salud\u00f3 (a su hijo, se entiende) pero luego enardeci\u00f3 al p\u00fablico con gestos con los dos brazos arriba abajo, arriba abajo. Eso no lo he visto antes. Por lo dem\u00e1s, el mejor entrenador del que he tenido noticia, al menos desde H.H., cincuenta a\u00f1os atr\u00e1s.<\/p>\n<p>P.- Hace unos a\u00f1os, AS eligi\u00f3, mediante votaci\u00f3n de los lectores, al once de oro del Real Madrid eligiendo a jugadores de todas \u00e9pocas. \u00bfCu\u00e1l ser\u00eda el suyo personal? \u00bfCree que en los \u00faltimos a\u00f1os alguien habr\u00eda podido entrar en aquel once de oro (Zidane, Ronaldo, Cristiano)?. Gracias<\/p>\n<p>R.- Cristiano tend\u00b4ria que entrar pro fuerza, y quiz\u00e1 Zidane. Habr\u00eda que hacer una dilenatera con Cristiano, Zidane, Di St\u00e9fano, Pueskas y Gento, supongo. En la media, Pirri y Hierro, por ejemplo. En la defensa, quiz\u00e1 Pachuco Prats (de antes de la guerra, era medio ala, no le vi jugar, pero las referencias que tengo me hacen respetarle mucho), Santamar\u00eda y Roberto Carlos. Y el portero estar\u00eda entre Zamora y Casillas. Ah\u00ed no me atrevo a definirme.<\/p>\n<p>P.- A que entrenador le daba el premio al mejor del 2010?<\/p>\n<p>R.- A Mourinho. Y le pedir\u00eda que templara sus modales.<\/p>\n<p>P.- Buenas d\u00edas;un dato para las estad\u00edsticas;\u00bfsabe cuanto lleva el madrid,siendo presidido por el ser superior,sin ganar un t\u00edtulo?.Yo se lo digo,1576 d\u00edas.Siendo benevolente le dir\u00e9 que son cuatro a\u00f1os.\u00bfPor que no dejan de mirar a los arboles que les pone el se\u00f1or P\u00e9rez en el camino,y empiezan de una manera clara a se\u00f1alar qui\u00e9n es el culpable de la actual situaci\u00f3n en la que se encuentra la entidad?En d\u00edas a\u00f1os de Florentino el Bar\u00e7a nos saca veinte.<\/p>\n<p>R.- Gracias por la observaci\u00f3n. A mi me fasc\u00edn\u00f3 al principio, empez\u00f3 muy bien, pero su modelo no era sostenible, se dio cuenta y se march\u00f3. A su regreso creo que ha corregido cosas, pero se ha encontrado con un Bar\u00e7a perfecto. Yo creo que le da muchas cosas al Madrid, pero que vaci\u00f3 de contenido al club al echar a Del Bsoque y su gente y que eso a\u00fan no se ha remediado. <\/p>\n<p>P.- Buenas,hoy como madridista le impondr\u00eda un castigo al Florentino,entregar \u00e9l el Fifa World Player.Reconozco el merito de Bar\u00e7a,pero me temo que ese \u00e9xito Florentino,indirecmante,ha colaborado por su mala gesti\u00f3n el Madrid<\/p>\n<p>R.- No ha colaborado, seamos justos. Que el Bar\u00e7a haya funcioando as\u00ed de bien no tiene nada que ver con \u00e9l. Los l\u00edmites de su gesti\u00f3n se circunscriben al Madrid.<\/p>\n<p>P.- Hola Alfredo en lo que lleva el Madrid sin Higuain ha marcado 13 goles en cinco partidos de liga, incluso estando Higuain el pichichi era CR7, seguir pidiendo un delantero no es serio, Benzema ayer jug\u00f3 bien aunque no marc\u00f3, ademas Morata ayer dos golazos con el castilla.\u00bfusted cree que se nota la falta de Higuain? <\/p>\n<p>R.- Se nota. Se notan sus goles (aunque el Madrid los siga marcando), se nota la falta de su presi\u00f3n, se nota la falta de su energ\u00eda. Pero creo que lo que tiene que hacer Mourinho es apretar a Benzema. <\/p>\n","protected":false},"excerpt":{"rendered":"<p>Alfredo Rela\u00f1o, director de Diario As, charla de toda la actualidad deportiva con los internautas.<\/p>\n","protected":false},"author":1,"featured_media":0,"comment_status":"open","ping_status":"open","sticky":false,"template":"","format":"standard","meta":{"footnotes":""},"categories":[],"tags":[],"class_list":["post-8020","post","type-post","status-publish","format-standard","hentry"],"_links":{"self":[{"href":"https:\/\/intervius.com\/index.html\/wp-json\/wp\/v2\/posts\/8020","targetHints":{"allow":["GET"]}}],"collection":[{"href":"https:\/\/intervius.com\/index.html\/wp-json\/wp\/v2\/posts"}],"about":[{"href":"https:\/\/intervius.com\/index.html\/wp-json\/wp\/v2\/types\/post"}],"author":[{"embeddable":true,"href":"https:\/\/intervius.com\/index.html\/wp-json\/wp\/v2\/users\/1"}],"replies":[{"embeddable":true,"href":"https:\/\/intervius.com\/index.html\/wp-json\/wp\/v2\/comments?post=8020"}],"version-history":[{"count":0,"href":"https:\/\/intervius.com\/index.html\/wp-json\/wp\/v2\/posts\/8020\/revisions"}],"wp:attachment":[{"href":"https:\/\/intervius.com\/index.html\/wp-json\/wp\/v2\/media?parent=8020"}],"wp:term":[{"taxonomy":"category","embeddable":true,"href":"https:\/\/intervius.com\/index.html\/wp-json\/wp\/v2\/categories?post=8020"},{"taxonomy":"post_tag","embeddable":true,"href":"https:\/\/intervius.com\/index.html\/wp-json\/wp\/v2\/tags?post=8020"}],"curies":[{"name":"wp","href":"https:\/\/api.w.org\/{rel}","templated":true}]}}