{"id":7977,"date":"2011-01-11T00:00:00","date_gmt":"2006-11-06T00:00:00","guid":{"rendered":"https:\/\/intervius.com\/index.html\/?p=7977"},"modified":"2006-11-06T00:00:00","modified_gmt":"2006-11-06T00:00:00","slug":"Iciar_Bollain7977","status":"publish","type":"post","link":"https:\/\/intervius.com\/index.html\/Iciar_Bollain7977\/","title":{"rendered":"Iciar Bollain"},"content":{"rendered":"<p>Pregunta.- Hola. \u00bfCrees que la pel\u00edcula puede tener \u00e9xito en los Oscar siendo como es una pel\u00edcula de denuncia social en una sociedad americana en principio un tanto conservadora? Saludos y enhorabuena <\/p>\n<p>Respuesta.- \u00a1Gracias! Acabo de estar por all\u00ed unos d\u00edas y parece que les ha interesado y emocionado mucho&#8230; Al fin y al cabo la pel\u00edcula toca su historia pasada y prensente y la verdad es que la reacci\u00f3n que hemos encontrado en la prensa y el p\u00fablico ha sido muy buena.<\/p>\n<p>P.- Hola Iciar, te sigo desde que hace muchos a\u00f1os, me emocion\u00e9 con &#8220;Flores de otro mundo&#8221;, llor\u00e9 con &#8220;Te doy mis ojos&#8221; y &#8220;Tambi\u00e9n la lluvia&#8221; ha vuelto a conmoverme. \u00bfNo crees que las mujeres tenemos una mirada distinta que nos hace ser m\u00e1s c\u00f3mplices ante lo que nos rodea? Enhorabuena<\/p>\n<p>R.- \u00a1Muchas gracias! La verdad es que no lo s\u00e9, creo eso, s\u00ed, que tenemos una mirada distanta, por algo somos distintos y tenemos experiencias diferentes, pero la idea, el guion de donde parte la pel\u00edcula es de un hombre y el inter\u00e9s sobre lo que nos rodea estaba ya desde ah\u00ed.<\/p>\n<p>P.- Hola Ic\u00edar ya he visto la pel\u00edcula y me ha gustado mucho. Querr\u00eda preguntarte si al ser el primer gui\u00f3n que no has coescrito \u00bfEncontraste alguna dificultad para adaptarlo? \u00bfCrees que un director debe coescribir sus guiones para tratar mejor la historia? <\/p>\n<p>R.- La verdad es que me pareci\u00f3 un guion estupendo, con muchos niveles y muy complejo. Creo que el director debe hacerlo propio pero eso no significa necesariamente coescribirlo.<\/p>\n<p>P.- \u00bfPodr\u00edas compartir con nosotros alguna de las emociones que has descubierto durante est\u00e1 experiencia? Me encanta la fuerza y la sensibilidad que transmiten tus pel\u00edculas Ic\u00edar.<\/p>\n<p>R.- \u00a1Muchas gracias! La verdad es que el rodaje fue un aventur\u00f3n, y creo que sin la pasi\u00f3n y las ganas que pusieron los extras al revivir las escenas de la guerra del agua, la pel\u00edcula no hubiera sido la misma. <\/p>\n<p>P.- Hola Iciar, enhorabuena, es una pel\u00edcula que te ense\u00f1a mucho y creo que puede ganar el Oscar, aunque s\u00f3lo con estar nominada ya es mucho m\u00e1s. \u00bfPor qu\u00e9 pensaste en Gael y Luis?, fue muy acertado. Gracias<\/p>\n<p>R.- Pues Gael daba muy bien el perfil de Sebasti\u00e1n, un tipo amable, sensible y encantador pero que tambi\u00e9n tiene una parte tenaz, cabezota y hasta dura&#8230; Esa ambig\u00fcedad le iba muy bien. Con Luis son ya tres pelis juntos, nos entendemos, confiamos el uno en el otro, hay complicidad y me parece un grand\u00edsimo actor capaz de dar todos los matices para este personaje dif\u00edcil que era Costa.<\/p>\n<p>P.- Hola, Itziar \u00bfHasta qu\u00e9 punto ha influido que seas vicepresidenta de la Academia para la elecci\u00f3n de tu pel\u00edcula como candidata para ir a los Oscar? Gracias.<\/p>\n<p>R.- Pues supongo que poco&#8230; Alex es el presidente y no estaba ni siquiera en entre las tres primeras candidatas. Creo que los acad\u00e9micos ven las pelis y votan lo que les gusta o lo que considera que puede tener posibilidades en los USA<\/p>\n<p>P.- \u00bfC\u00f3mo describes el papel de la mujer en la pel\u00edcula? Me ha gustado mucho: crisis de la memoria, mezcla de pasado y presente, personajes que se transforman, s\u00f3lo me ha faltado m\u00e1s equilibrio de g\u00e9nero. <\/p>\n<p>R.- Es verdad que es una pel\u00edcula muy masculina. Los protas lo son, y por un momento lo revisamos y pensamos c\u00f3mo ser\u00eda si el productor o el director fueran una mujer, y nos pareci\u00f3 forzado, la pel\u00edcula no habla tanto de eso&#8230; En cambio, hay personajes, figuras y escenas con presencia femenina muy potente, a m\u00ed son de las que m\u00e1s me impresionaron al leer el guion, cuando las mujeres no quieren ahogar a sus beb\u00e9s&#8230; o cuando pelean con la polic\u00eda por el agua de sus pozos&#8230;<\/p>\n<p>P.- Buenas tardes, como coordinadora del proyecto educativo que se esta desarrollando en relaci\u00f3n a la pel\u00edcula Tambi\u00e9n la LLuvia http:\/\/tambienlalluvia2010.blogspot.com\/ me gustar\u00eda saber qu\u00e9 recomendar\u00eda Ic\u00edar directora, Ic\u00edar madre e Ic\u00edar mujer sobre qu\u00e9 habr\u00eda que hacer en los coles en educaci\u00f3n audiovisual, para tratar de entender nuestra Historia con una mirada mas ajustada a los hechos tal y como suceden y encuadrados en unos marcos culturales concretos. Muchas gracias en nombre de la Tribu 2.0<\/p>\n<p>R.- Gracias Tribu2.0, creo que el cuadernillo educativo de La lluvia es magn\u00edfico, y la labor que hac\u00e9is tambi\u00e9n. Creo que la iniciativa de usar cine para la educaci\u00f3n es formidable, ahora si miras las pelis del a\u00f1o tienes un an\u00e1lisis moral de la postguerra con Pa Negre, la locura de los \u00faltimos a\u00f1os de la Trompeta, el presente de la guerra de Irak en Buried&#8230; La lluvia y nuestro pasado&#8230; En fin, mucho de lo que hablar y analizar y por supuesto, criticar! Enhorabuena por vuestro trabajo, \u00f3jala sig\u00e1is mucho tiempo con ello.<\/p>\n<p>P.- \u00bfCrees que el cine espa\u00f1ol de calidad interesa en Europa?, \u00bfque a la gente del cine espa\u00f1ol le intersa m\u00e1s EE UU que Europa?. Gracias<\/p>\n<p>R.- Mi experiencia es que s\u00ed. Que en Europa se considera al cine espa\u00f1ol como variado e interesante, la etiqueta &#8220;cine espa\u00f1ol&#8221; no echa para atr\u00e1s a nadie sino m\u00e1s bien al contrario. Tambi\u00e9n la lluvia se ha estrenado en Francia a la vez que aqu\u00ed y a\u00fan siendo la taquilla espa\u00f1ola muy buena en este primer fin de semana, curiosamente la francesa es incluso mejor!<\/p>\n<p>P.- \u00bfEs una pel\u00edcula de autocr\u00edtica al cine social?<\/p>\n<p>R.- Es una pel\u00edcula que mira con iron\u00eda a los que hacen pel\u00edculas si&#8230; hay una parte de repaso, de cr\u00edtica y tambi\u00e9n, creo yo de peque\u00f1o homenaje, a los actores, que de pronto se transforman, como por arte de magia en personajes, y en general al esfuerzo que es hacer una pel\u00edcula.<\/p>\n<p>P.- Buenos d\u00edas, \u00bfC\u00f3mo ve el sector cinematogr\u00e1fico eso de jubilarse a los 67? <\/p>\n<p>R.- Pues&#8230; que a menudo este medio te jubila mucho antes, a tu pesar, hay mucha gente que seguir\u00eda trabajando, sobre todo actores y ya no encuentra lugar. En cambio los t\u00e9cnicos, como cualquier otra profesi\u00f3n, querr\u00edan jubilarse a una edad en la que disfrutar tambi\u00e9n de una larga vida de trabajo<\/p>\n<p>P.- \u00bfQu\u00e9 pas\u00f3 con el papel de Isabel La Cat\u00f3lica para Najwa Nimri en la pel\u00edcula? S\u00f3lo aparece brevemente y de espaldas en la primera cena del equipo, donde se entabla la discusi\u00f3n.<\/p>\n<p>R.- La escena de Nawja se corto del montaje final con gran dolor para m\u00ed, porque ella estaba muy bien, y todos los actores que la acompa\u00f1an, el decorado era estupendo (reproduc\u00eda el Palacio de la Mota donde muri\u00f3) pero realmente era una escena larga que frenaba el ritmo de la pel\u00edcula y la tuve que sacrificar. Estar\u00e1 en los extras del dvd!<\/p>\n<p>P.- Hola, \u00bfqu\u00e9 tal? Seguro que habr\u00e1s o\u00eddo y le\u00eddo muchas veces la expresi\u00f3n &#8220;cine espa\u00f1ol&#8221;. \u00bfCrees que hay suficientes rasgos comunes en las pel\u00edculas que se hacen aqu\u00ed, como para poder hablar de un tipo de cine particular? \u00bfSe pueden meter en el mismo saco &#8220;Torrente&#8221; y &#8220;Lo Mejor De M\u00ed&#8221;, por ejemplo? \u00bfEl cine es espa\u00f1ol, franc\u00e9s, estadounidense&#8230;o es bueno o malo -y sus grados intermedios-? Hasta la vista&#8230;<\/p>\n<p>R.- Creo que el cine es efectivamente bueno o malo&#8230; Acabo de estar en USA donde estaban alucinados con que la pel\u00edcula mejicana a los Oscar la interpreta un espa\u00f1ol, Bardem y est\u00e1 rodada en Barcelona y la espa\u00f1ola que opta a los Oscar est\u00e1 rodada en Bolivia, producci\u00f3n espa\u00f1ola, guion escoc\u00e9s y actor mejicano&#8230; Pues eso.<\/p>\n<p>P.- Me gust\u00f3 bastante la pel\u00edcula. Felicidades. Una curiosidad que tengo desde que la vi, \u00bfcu\u00e1nto cobraron los extras?<\/p>\n<p>R.- Parece que esta pregunta la han hecho muchas veces ja, ja, ja! Bueno, cobraron bastante m\u00e1s, unos 20 d\u00f3lares y tambi\u00e9n nos pidieron que aport\u00e1ramos algo a la comunidad de donde ven\u00edan estos extras, para que la suerte no cayera solo en unos pocos. Decidieron ellos por asamblea en sus comunidades y nos pidieron en pago cosas muy sencillas, en una comunidad 2000 ladrillos, para acabar la escuela que estaban construyendo, en otra un ordenador para la biblioteca&#8230; y as\u00ed. La verdad es que nos dieron una lecci\u00f3n de c\u00f3mo pensar no tanto individualmente como en comunidad.<\/p>\n","protected":false},"excerpt":{"rendered":"<p>La realizadora vuelve a la actualidad con el estreno de su esperada nueva pel\u00edcula Tambi\u00e9n la lluvia. Una producci\u00f3n protagonizada por Luis Tosar y Gael Garc\u00eda Bernal en la dos cineastas ruedan la llegada de los espa\u00f1oles a Am\u00e9rica poniendo el acento en la brutalidad de su empresa y en el coraje de varios miembros de la Iglesia que se enfrentaron con palabras a las espadas y las cadenas. La pel\u00edcula es la candidata espa\u00f1ola para competir en los Oscar de Hollywood y compite por 13 premios Goya.<br \/>\nFoto: Claudio \u00c1lvarez<\/p>\n","protected":false},"author":1,"featured_media":0,"comment_status":"open","ping_status":"open","sticky":false,"template":"","format":"standard","meta":{"footnotes":""},"categories":[],"tags":[],"class_list":["post-7977","post","type-post","status-publish","format-standard","hentry"],"_links":{"self":[{"href":"https:\/\/intervius.com\/index.html\/wp-json\/wp\/v2\/posts\/7977","targetHints":{"allow":["GET"]}}],"collection":[{"href":"https:\/\/intervius.com\/index.html\/wp-json\/wp\/v2\/posts"}],"about":[{"href":"https:\/\/intervius.com\/index.html\/wp-json\/wp\/v2\/types\/post"}],"author":[{"embeddable":true,"href":"https:\/\/intervius.com\/index.html\/wp-json\/wp\/v2\/users\/1"}],"replies":[{"embeddable":true,"href":"https:\/\/intervius.com\/index.html\/wp-json\/wp\/v2\/comments?post=7977"}],"version-history":[{"count":0,"href":"https:\/\/intervius.com\/index.html\/wp-json\/wp\/v2\/posts\/7977\/revisions"}],"wp:attachment":[{"href":"https:\/\/intervius.com\/index.html\/wp-json\/wp\/v2\/media?parent=7977"}],"wp:term":[{"taxonomy":"category","embeddable":true,"href":"https:\/\/intervius.com\/index.html\/wp-json\/wp\/v2\/categories?post=7977"},{"taxonomy":"post_tag","embeddable":true,"href":"https:\/\/intervius.com\/index.html\/wp-json\/wp\/v2\/tags?post=7977"}],"curies":[{"name":"wp","href":"https:\/\/api.w.org\/{rel}","templated":true}]}}