{"id":7975,"date":"2010-12-22T00:00:00","date_gmt":"2006-11-06T00:00:00","guid":{"rendered":"https:\/\/intervius.com\/index.html\/?p=7975"},"modified":"2006-11-06T00:00:00","modified_gmt":"2006-11-06T00:00:00","slug":"Inaki_Gabilondo7975","status":"publish","type":"post","link":"https:\/\/intervius.com\/index.html\/Inaki_Gabilondo7975\/","title":{"rendered":"I\u00f1aki Gabilondo"},"content":{"rendered":"<p>Pregunta.- Buenas tardes Sr. Gabilondo, lo primero presentarles mi malestar por el cierre de CNN , y lo segundo mi pregunta; \u00bfCual es el mejor momento que ha vivido en la cadena?, muchas gracias<\/p>\n<p>Respuesta.- No llevo mucho tiempo, pero he pasado momentos muy gratos puesto que la naturaleza del trabajo, entrevistas, tertulia&#8230; era la que m\u00e1s c\u00f3moda me resulta y en la que m\u00e1s me encuentro. He estado a gusto, con excelentes compa\u00f1eros.<\/p>\n<p>P.- Se\u00f1or Gabilondo, es un honor poder dirigirme hacia usted. Hace unos d\u00edas coment\u00f3 en este diario que con el cierre de CNN ten\u00eda la impresi\u00f3n de que su carrera se terminaba. \u00bfQuiz\u00e1 ha pensado en reunir su talento con otros periodistas en una plataforma de internet, por ejemplo, para seguir ofreci\u00e9ndonos informaci\u00f3n y an\u00e1lisis de calidad, tan escasos estos d\u00edas? Muchas gracias.<\/p>\n<p>R.- Es una idea. No puedo precisar demasiadas cosas a\u00fan. Evidentemente, me morir\u00e9 periodista y por tanto, en modo alguno puedo decir que vaya a abandonar mi profesi\u00f3n. Por depronto, sigo en el grupo Prisa, donde espero poder hacer todav\u00eda cosas interesantes. Pero no cabe duda de que finaliza una etapa importante de mi vida. <\/p>\n<p>P.- \u00bfQue puede hacer la prensa para cambiar una sociedad cada vez mas controlada por los mercados? <\/p>\n<p>R.- Ni es cierto que no pueda hacer nada, ni es cierto que pueda hacer demasiado. Puede hacer algo. Fortalecer el m\u00fasculo de la democracia, exigi\u00e9ndole m\u00e1s y m\u00e1s cada d\u00eda. Porque lo que est\u00e1 ocurriendo no es solo consecuencia del incremento de poder de los mercados y de los grandes circuitos financieros, es tambi\u00e9n el resultado del debilitamiento de la democracia, que debe revisar muchas cosas: el papel y la estructura de los partidos, el &#8220;hooliganismo&#8221; que es muy misericordioso con los propios y muy severo con los ajenos, etc.<\/p>\n<p>P.- \u00bfY ahora qu\u00e9? \u00bfQue espacio nos queda? \u00bfCual va a ser la referencia informativa de aquellos que no queremos saber nada de la actual TDT?<\/p>\n<p>R.- No lo s\u00e9. Pero s\u00e9 que nos iremos buscando y nos terminaremos encontrando. <\/p>\n<p>P.- Buenas, lo sigo desde que era peque\u00f1a all\u00e1 por el a\u00f1o 85 cuando mi madre pon\u00eda la radio para prepararnos e ir a la escuela. \u00bfDe verdad dice adi\u00f3s definitivamente al periodismo delante de las c\u00e1maras o de un micr\u00f3fono? \u00bfNo se plantea la realizaci\u00f3n de algunos programas especiales de entrevistas al menos una vez al trimestre como el que le hizo a Felipe Gonz\u00e1lez? Para m\u00ed, tambi\u00e9n periodista, ha sido siempre un ejemplo a seguir y si no fuera as\u00ed, tenga en cuenta que dejar\u00eda al period<\/p>\n<p>R.- Como ya he dicho, finaliza una etapa importante, pero no mi vida. Y no puedo evitar ser periodistas hasta que me muera. Dicho lo cual a\u00f1ado que lo que vaya a poder hacer no depende solo de mi deseo, sino de que encuentre d\u00f3nde y c\u00f3mo. <\/p>\n<p>P.- Como miembro Consejero y una de las m\u00e1ximas figuras de este canal \u00bfcree que ha hecho TODO lo que est\u00e1 en su mano para evitar el cierre de la cadena? \u00bfC\u00f3mo es posible que un canal como CNN tenga este final?<\/p>\n<p>R.- Yo no he podido hacer m\u00e1s. Si acaso, haber logrado unos \u00e9xitos de audiencia que apuntalaran el canal&#8230; No he sido capaz. La gente m\u00e1s importante de mi empresa ha hecho esfuerzos \u00edmprobos. Pero a nadie se lo oculta que vivimos tiempos muy dif\u00edciles (en esta empresa tambi\u00e9n). <\/p>\n<p>P.- \u00bfQue cree que deber\u00eda suceder para que los programas como HOY sigan contando con el apoyo de las cadenas de televisi\u00f3n?<\/p>\n<p>R.- Que tuvieran grandes audiencias. Pero no suele ocurrir, salvo poqu\u00edsimas excepciones. Ni en Espa\u00f1a ni fuera de Espa\u00f1a. <\/p>\n<p>P.- En principio, gracias por todos los a\u00f1os en que nos has deleitado con tu periodismo. Y luego dos preguntas, 1\u00aa que has sentido ante los ataques despiadados por aquella informaci\u00f3n sobre los terroristas suicidas de los trenes? y 2\u00aa cual es la informaci\u00f3n o momento period\u00edstico que mejor has sentido o disfrutado en tu profesi\u00f3n?. Muchas gracias.<\/p>\n<p>R.- Gracias a ti. En torno al 11M se desencaden\u00f3 una tormenta colosal, que a\u00fan no ha remitido. Aquel d\u00eda yo creo que hice uno de los mejores programas de mi vida. Pero cometimos un error que, a pesar de mis desmentidos, mis disculpas y la asunci\u00f3n de responsabilidad como director del programa, me ha convertido en la diana de muchos. Precisamente, los m\u00e1s fan\u00e1ticos, y los que m\u00e1s se empecinaron y se empecinan en construir un relato delirante. No hay semana en que alguien no me insulte con incre\u00edble crueldad. Respecto a lo segundo, he sido un privilegiado profesional. He trabajado como una mula, pero he disfrutado cada d\u00eda. <\/p>\n<p>P.- Alguna vez le hicieron callar alguna noticia, a lo largo de su profesion?<\/p>\n<p>R.- No, nunca, ninguna vez. Es m\u00e1s, aunque corro el riesgo de que a algunos les parezca imposible, no recib\u00ed nunca, ninguna vez, ni una sola instrucci\u00f3n, sugerencia, recomendaci\u00f3n, veto, insinuaci\u00f3n, ni de Polanco ni de Cebri\u00e1n, etc. Yo siempre he cre\u00eddo que lo mismo le deb\u00eda ocurrir a mis colegas l\u00edderes de programas en los dem\u00e1s medios, pero a la vista de las dificultades que algunos tienen en entender la confianza de que he gozado por parte de mis superiores, me he preguntado si acaso ellos hablaban al dictado&#8230; Sinceramente, creo que no. Por tanto, \u00bfpor qu\u00e9 se atreven a pensar que yo merec\u00eda menos? \u00bfQu\u00e9 cualidades profesionales les adornan que a m\u00ed me falten?<\/p>\n<p>P.- Hola I\u00f1aki, \u00bfcu\u00e1ndo tuvo claro que quer\u00eda ser periodista?<\/p>\n<p>R.- Siempre tuve claro que quer\u00eda trabajar en la radio. De hecho, quer\u00eda VIVIR en la radio. Cuando era ni\u00f1o, en una Espa\u00f1a sin televisi\u00f3n, la radio era mi Disneylandia. Por otra parte, siempre me ha interesado la gente, los dem\u00e1s. Sumadas ambas cosas, acab\u00e9 estudiando periodismo. <\/p>\n<p>P.- I\u00f1aki, en estos momentos tan duros, \u00bfc\u00f3mo se puede retomar el inter\u00e9s por la pol\u00edtica de los ciudadanos?. \u00bfVamos a peor?, \u00bfcada vez habr\u00e1 m\u00e1s distancia con los pol\u00edticos?. Un saludo.<\/p>\n<p>R.- A mi parecer, la democracia es imprescindible pero est\u00e1 desvirtu\u00e1ndose. Es una herramienta extraordinaria pero se nos est\u00e1 oxidando. Necesita ser revisada, actualizada, adaptada a una realidad que no se parece ni un poco a la que le vio nacer. He dicho en una pregunta anterior que, si la pol\u00edtica no se enfrenta con sinceridad y coraje a la modernizaci\u00f3n de su estructura; si los partidos no entienden que est\u00e1n quedando anticuados, el deterioro continuar\u00e1. Obs\u00e9rvese que le est\u00e1 ocurriendo a la pol\u00edtica lo mismo que a la Iglesia: convencida de que gestiona una verdad de orden superior, se est\u00e1 negando a entender su decadencia. <\/p>\n<p>P.- Usted que tiene tantas &#8220;tablas&#8221; \u00bfQuien ha sido la persona mas dificil de entrevistar?. Mucha suerte<\/p>\n<p>R.- Hace 30 a\u00f1os me hizo sufrir mucho Paco Ib\u00e1\u00f1ez, al que le ped\u00ed brevedad en las respuestas. Fue tan obediente que antes de 5 minutos me hab\u00eda respondido ya a 20 preguntas, y a\u00fan me quedaban 25 minutos de emisi\u00f3n. Por motivos muy diferentes, me result\u00f3 dif\u00edcil Jos\u00e9 Mar\u00eda Aznar, sencillamente porque durante un mont\u00f3n de a\u00f1os se neg\u00f3 a ser entrevistado por nadie de la SER. Pero sin duda la entrevista m\u00e1s dif\u00edcil de mi vida por muchas razones fue la que tuvo m\u00e1s repercusi\u00f3n. La que le hice a Felipe Gonz\u00e1lez en Televisi\u00f3n Espa\u00f1ola. <\/p>\n<p>P.- Buenas tardes. \u00bfQue le augura a nuestro pa\u00eds? Gracias por todos estos a\u00f1os de buen periodismo. <\/p>\n<p>R.- Espa\u00f1a saldr\u00e1 adelante, no hay ninguna duda. El problema es que no saldr\u00e1n adelante muchos espa\u00f1oles que para cuando el pa\u00eds se recupere habr\u00e1n podido quedar desnucados en la cuneta. Me he preguntado muchas veces a d\u00f3nde hubieramos sido capaces de llegar si fu\u00e9ramos capaces de dedicar toda nuestra energ\u00eda a resolver los problemas que tenemos de verdad, y no a perseguir fantasmas o a neutralizar a nuestros adversarios. <\/p>\n<p>P.- Ma\u00f1ana, en el \u00faltimo programa, \u00bfdar\u00e1s la noticia del fin definitivo de ETA?<\/p>\n<p>R.- Ser\u00eda estupendo, pero me temo que no. En cualquier caso, el fin de ETA no tardar\u00e1 en llegar. Lo que me preocupa de verdad es la reconciliaci\u00f3n de la sociedad vasca que ha terminado construyendo distintas burbujas sociales desconectadas o enfrentadas unas de otras. Por distintas circunstancias y casualidades, en mi programa de ma\u00f1ana voy a tener ocasi\u00f3n de entrevistar a dos personalidades muy importantes: Rubalcaba y Garz\u00f3n. Luego me despedir\u00e9. <\/p>\n<p>P.- Una muy &#8220;breve&#8221;, \u00bfle ha defraudado Zapatero?<\/p>\n<p>R.- Le han superado los acontecimientos. Es muy probable que le hubieran superado tambi\u00e9n a otros. Pero su declive comenz\u00f3 cuando acometi\u00f3 asuntos de gran envergadura (di\u00e1logo con ETA, estatuto catal\u00e1n, etc.). Midi\u00f3 mal, o su capacidad personal, o la complejidad de los asuntos. Me parece que infravalor\u00f3 esa complejidad y sobrevalor\u00f3 su propia capacidad. Desde mayo aqu\u00ed, est\u00e1 viviendo una especie de alucinaci\u00f3n heroica. Ha puesto boca abajo cuanto siempre crey\u00f3 y ha abrazado una nueva fe, la de las reformas imprescindibles para Espa\u00f1a. Dicho lo cual, atribuirle todos los males del pa\u00eds es pat\u00e9tico. Finalmente, no puedo ocultar que me merece respeto su tit\u00e1nico esfuerzo. Se est\u00e1 dejando la vida. Hay que subrayarlo frente a la indolencia de Rajoy, que no alcanzo a entender. \u00bfDe verdad no le importa llegar a La Moncloa de forma tan barata, tan peque\u00f1a&#8230;?<\/p>\n<p>P.- Estimado I\u00f1aki; Una pregunta casi obligada, \u00bfc\u00f3mo se gestiona un cierto desencanto con el ejecutivo de Zapatero, evidente y manifiesto entre las personas progresistas, con el hecho de que un hermano sea miembro de dicho ejecutivo? Muchas gracias, y espero que podamos verte pr\u00f3ximamente en otra ubicaci\u00f3n donde poder seguirte. Un abrazo.<\/p>\n<p>R.- Respeto profundamente a mi hermano, que por cierto, es muy respetable. Y le faltar\u00eda al respeto si yo no fuera sincero en mis opiniones sobre el gobierno del que forma parte. En efecto, participo de esa decepci\u00f3n a la que se refiere. Y con mucha frecuencia la he expresado en mis programas. Solo que desde mi punto de vista, puede ser leg\u00edtimo desanimarse, pero no rendirse. Y yo no me he rendido ni me rendir\u00e9. Y por tanto mis afinidades siguen donde estaban. La respuesta a su pregunta podr\u00eda expresarse as\u00ed: con los amigos, como con los enemigos, solo cabe una posici\u00f3n: la honestidad cr\u00edtica. <\/p>\n<p>P.- \u00bfQue tal volver a la radio?<\/p>\n<p>R.- Ya&#8230; Y volver a la juventud&#8230; Volver es un verbo muy seductor pero enga\u00f1oso. <\/p>\n<p>P.- \u00bfTe consideras un periodista independiente e imparcial? Siempre que te he visto me ha parecido que eras muy partidista.<\/p>\n<p>R.- Confundimos muy frecuentemente la independencia con las posiciones ideol\u00f3gicas. Y algunos han contribuido a esa confusi\u00f3n proclam\u00e1ndose a s\u00ed mismos independientes y neg\u00e1ndoles esta condici\u00f3n a los que pensaban de otra manera. Se puede ser independiente de derechas o de izquierdas. Y se puede ser dependiente de derechas o de izquierdas. Yo no oculto mi posici\u00f3n, pero me expreso con independencia, es decir, respondiendo a mis propios puntos de vista, no a los mandatos ni instrucciones de nadie.<\/p>\n<p>P.- Assange nos mostr\u00f3 la mentira del poder. Tenemos los ciudadanos armas para democratizar la informaci\u00f3n?<\/p>\n<p>R.- Pienso que el caso Wikileaks es hist\u00f3rico sobre todo porque anuncia un mundo transparente, sin secretos. Los manejos de la pol\u00edtica siempre fueron y ser\u00e1n parecidos, pero Assange ha abierto de par en par las puertas. Lo m\u00e1s relevante de lo ocurrido es que vamos a tener que prepararnos para vivir arrollados por los hechos, por todos los hechos. Nos llegar\u00e1n en tropel, nos inundar\u00e1n. Quedar\u00e1 al descubierto lo importante y lo f\u00fatil, lo trascendente y lo anecd\u00f3tico. Todo junto, mezclado, embarullado. Indigerible. Para m\u00ed, Wikileaks es la confirmaci\u00f3n de que el periodismo ser\u00e1 m\u00e1s necesario en el futuro que lo fue en el pasado porque nos resultar\u00e1 imprescindible confiar en alg\u00fan tipo de criterio profesional, deontol\u00f3gico, etc. para cribar, valorar, contextualizar y entender lo que haya de relevante en ese estruendo y no quedar narcotizados por \u00e9l. <\/p>\n<p>P.- \u00bfQue programa de televisi\u00f3n seguir\u00edas a partir de ahora para estar informado? \u00c1nimo I\u00f1aki. Has hecho un buen trabajo!!<\/p>\n<p>R.- Seguir\u00e9 muy atentamente a mis amigos de Cuatro. Y continuar\u00e9 siendo fiel a mis grandes debilidades Pepa Bueno y Ana Pastor. <\/p>\n","protected":false},"excerpt":{"rendered":"<p>Tras el anuncio del cierre de la cadena de noticias CNN +, el periodista I\u00f1aki Gabilondo presentar\u00e1 este jueves el \u00faltimo programa Hoy. Gabilondo ha charlado con los lectores sobre este tema y su carrera.<br \/>\nFoto: Bernardo P\u00e9rez<\/p>\n","protected":false},"author":1,"featured_media":0,"comment_status":"open","ping_status":"open","sticky":false,"template":"","format":"standard","meta":{"footnotes":""},"categories":[],"tags":[],"class_list":["post-7975","post","type-post","status-publish","format-standard","hentry"],"_links":{"self":[{"href":"https:\/\/intervius.com\/index.html\/wp-json\/wp\/v2\/posts\/7975","targetHints":{"allow":["GET"]}}],"collection":[{"href":"https:\/\/intervius.com\/index.html\/wp-json\/wp\/v2\/posts"}],"about":[{"href":"https:\/\/intervius.com\/index.html\/wp-json\/wp\/v2\/types\/post"}],"author":[{"embeddable":true,"href":"https:\/\/intervius.com\/index.html\/wp-json\/wp\/v2\/users\/1"}],"replies":[{"embeddable":true,"href":"https:\/\/intervius.com\/index.html\/wp-json\/wp\/v2\/comments?post=7975"}],"version-history":[{"count":0,"href":"https:\/\/intervius.com\/index.html\/wp-json\/wp\/v2\/posts\/7975\/revisions"}],"wp:attachment":[{"href":"https:\/\/intervius.com\/index.html\/wp-json\/wp\/v2\/media?parent=7975"}],"wp:term":[{"taxonomy":"category","embeddable":true,"href":"https:\/\/intervius.com\/index.html\/wp-json\/wp\/v2\/categories?post=7975"},{"taxonomy":"post_tag","embeddable":true,"href":"https:\/\/intervius.com\/index.html\/wp-json\/wp\/v2\/tags?post=7975"}],"curies":[{"name":"wp","href":"https:\/\/api.w.org\/{rel}","templated":true}]}}