{"id":7961,"date":"2010-12-21T00:00:00","date_gmt":"2006-11-06T00:00:00","guid":{"rendered":"https:\/\/intervius.com\/index.html\/?p=7961"},"modified":"2006-11-06T00:00:00","modified_gmt":"2006-11-06T00:00:00","slug":"Tomas_Roncero7961","status":"publish","type":"post","link":"https:\/\/intervius.com\/index.html\/Tomas_Roncero7961\/","title":{"rendered":"Tom\u00e1s Roncero"},"content":{"rendered":"<p>Pregunta.- Lo del posible fichaje de Bale,\u00bfentra en los planes del RM,o es s\u00f3lo una cortina de humo para no hablar del p\u00e9simo juego del equipo y de las no muy buenas relaciones entre el entrenador y el director deportivo,o entre algunos jugadores?<\/p>\n<p>Respuesta.- Bale vale, y valga el juego de palabras. Pedazo de lateral. El que m\u00e1s me ha recordado al m\u00edtico Roberto Carlos. <\/p>\n<p>P.- Atendiendo al rendimiento;Casillas,C.Ronaldo,Higua\u00edn y Ramos deber\u00edan ser lo mejor pagados,\u00bfQuitar\u00eda a alguien de esta lista y,en caso afirmativo,a quien?<\/p>\n<p>R.- No catalogo a los jugadores por lo que cobran porque las circunstancias de todos no son iguales. Lo importante es el rendimiento y fotos los que has nombrado son muy importantes, a los que a\u00f1adir\u00f1\u00eda a Pepe, Xabi Alonso y Marcelo.<\/p>\n<p>P.- Hola Roncero, Mourinho ha pedido apoyo a la directiva para defender a sus jugadores y para mi sorpresa le acusan de querer m\u00e1s poder \u00bfno te parece una contradicci\u00f3n pensar que Mou quiere m\u00e1s poder al pedir a la directiva que defienda al equipo? si yo quisiera m\u00e1s poder pedir\u00eda todo lo contrario, es decir, que la directiva no dijera nada, un saludo<\/p>\n<p>R.- Mourinho tuvo un calent\u00f3n el domingo y sabe que se equivoc\u00f3 al dirigir el dardo a Valdano pese a que \u00e9ste previamente ya hab\u00eda criticado con educaci\u00f3n la actuaci\u00f3n del \u00e1rbitro. Mourinho tiene todo el poder deportivo del club y no deber\u00eda enojarse. De hecho, hoy no da la conferencia de prensa antes del partido y se queda tan ancho. <\/p>\n<p>P.- Hola Tom\u00e1s, genio y figura!, soy como t\u00fa un &#8220;raulista&#8221;y te sigo siempre, sobre todo en &#8220;Punto Pelota&#8221;, mi pregunta es la siguiente: solo el Real Madrid no tiene el derecho a quejarse del arbitraje cuando \u00e9ste le perjudica descaradamente, y si los dem\u00e1s? (eso viene en alg\u00fan Reglamento de la Federeaci\u00f3n Espa\u00f1ola de Futbol? los que critican al Madrid son unos cobardes hip\u00f3critas)<\/p>\n<p>R.- Es lo que hay con el Villarato amigo. Los dem\u00e1s lloran cuando les perjudican&#8230; y sacan partido. El Madrid, por aquello de sus valores hist\u00f3ricos, tiene que aguantar que el venga al Bernab\u00e9u el tal Clos y le masacre con un arbitraje escandaloso. El hecho de que les saquen nueve tarjetas al equipo de casa ya es lamentable lo mires por donde lo mires. <\/p>\n<p>P.- Hola Roncero crack, cuando vi a Mourinho defender a sus jugadores me emocion\u00e9 y lo digo muy en serio, creo que es el entrenador que necesita el Real Madrid \u00bfcrees que el presidente o alg\u00fan representante autorizado debe defender y dar la cara ante tantos ataques al Real Madrid? un saludo<\/p>\n<p>R.- Mourinho se basta solo para hacer ese papel. Date cuenta de que es un hombre con una personalidad fort\u00edsima. Mourinho es un baluarte en defensa de los jugadores, peor el club debe estar siempre por encima. Siempre fue as\u00ed desde los tiempos de Bernab\u00e9u y eso no debe cambiar ahora. <\/p>\n<p>P.- \u00bf Negredo o Soldado?<\/p>\n<p>R.- Soldado es m\u00e1s r\u00e1pido, perop Negredo es m\u00e1s contundente y m\u00e1s t\u00e9cnico con la zurda. Me gustan los dos. Cantera pura. <\/p>\n<p>P.- Sea sincero, \u00bf preferir\u00eda tener a Filipe Luis en el lateral izquierdo que a Marcelo?<\/p>\n<p>R.- No. Marcelo cada a\u00f1o que pasa es como los buenos vinos, mejora en todo. Ser\u00e1 un gran 3 para muchos a\u00f1os. Solo le falta ajustar un poco m\u00e1s sus movimientos en defensa.<\/p>\n<p>P.- Hola Tom\u00e1s, feliz navidad. crees que el Madrid le ha vendido su alma a Mou a cambio de unas copas, que tampoco es seguro que lleguen???<\/p>\n<p>R.- No hombre, tampoco es eso. Est\u00e1 claro que es un entrenador de perfil muy alto que ha logrado que el club condicione muchos de sus comportamientos hacia \u00e9l, pero es Mourinho el que debe adaptarse al Madrid y no al rev\u00e9s. Eso lo tengo muy claro. <\/p>\n<p>P.- Hola Apreciado Tomas. Tengo la sensacion de que todo el mundo, prensa madridista incluida, se queja de Mourinho y de su personalidad. Porque no lo dejan trabajar en paz ? Es el mejor entrador que hemos tenido desde hace muchos a\u00f1os y con el podemos ganar muchos titulos. Que opina&#8230;<\/p>\n<p>R.- Mourinho es un entrenador may\u00fasculo y el hombre id\u00f3neo para liderar el proyecto deportivo del Madrid los pr\u00f3ximos a\u00f1os. Pero s\u00f3lo le falta rebajar un poco el nivel de agresividad dial\u00e9ctica. No es bueno que el Madrid est\u00e9 de incendio en incendio. Entrenando es un hacha. Ah\u00ed le quiero ver. En el banquillo gan\u00e1ndole el pulso al Bar\u00e7a. Y lo har\u00e1, estoy seguro&#8230;<\/p>\n<p>P.- Hola Roncero, a Mourinho le gustar\u00eda que el Bernabeu animara m\u00e1s pero afirma que no tiene derecho a pedirlo \u00bfqu\u00e9 opinas de esto? un saludo crack<\/p>\n<p>R.- Pues que sabe que el Bernab\u00e9u es sagrado y hay que medir mucho lo que se dice de \u00e9l. Claro que podr\u00eda ser m\u00e1s caliente y animar m\u00e1s, pero tambi\u00e9n el equipo debe ofrecer mejor f\u00fatbol y mostrar una cara m\u00e1s agradable en el campo. Es la afici\u00f3n m\u00e1s entendida del mundo. Que nadie la olvide. <\/p>\n<p>P.- No crees que es de tarjeta roja el empuj\u00f3n de louro a herrer\u00edn?<\/p>\n<p>R.- Tarjeta roja moral. Eso seguro. Fue un error may\u00fasculo de Louro. Deber\u00eda pedir perd\u00f3n p\u00fablicamente y el club sancionarle. Eo no quita que el delegado del Sevilla, Soria, fue un provocador impresentable al pasarse la primera parte ense\u00f1ando la manita. Lamentable. <\/p>\n<p>P.- Buenas madridista! \u00bfQue opinar\u00edas si Kak\u00e1 es traspasado a otro club? yo creo que ni mucho menos es el kak\u00e1 de hace 4 a\u00f1os&#8230; y deber\u00edan traer a un mediapunta mas prometedor que canales puesto que no le dan minutos. PD: Soy del barcelona! jejeje dame saludosss buddy amorr en PP jajajaja xDD<\/p>\n<p>R.- No creo que eso se pueda hacer ahora. Tampoco ser\u00eda justo. Vamos a darle estos seis meses al chaval para ver si se ha recuperado bien de sus graves lesiones. Fue Bal\u00f3n de Oro en 2007. Algo le debe quedar porque el talento nunca se lesiona&#8230;<\/p>\n<p>P.- Hola Tom\u00e1s.-Que tr\u00edo te gusta m\u00e1s y porqu\u00e9, Ra\u00fal-Robben-Sneider o Di Mar\u00eda,Ozil y Benzem\u00e1, saludos<\/p>\n<p>R.- El primero, por experiencia, galones y calidad. Pero meter\u00eda a Di Mar\u00eda en vez de Robben. El argentino me tiene enamorado. Qu\u00e9 pedazo de crack. <\/p>\n<p>P.- Hola.Mourinho tenia relaci\u00f3n directa con Abramovich y con Moratti, porque no tenia ningun intermediario. Sobra en el Real Madrid la figura de Valdano??(teniendo en cuenta que tienen filosofias diferentes).<\/p>\n<p>R.- Valdano es el protavoz del club y Mourinho el entrenador. Pueden ser perfectamente compatibles. No veo tanto problema. <\/p>\n<p>P.- Hola Tom\u00e1s, el arbitraje del Madrid-Sevilla fue de verg\u00fcenza, los madridistas estamos hartos, pero en mi caso tambi\u00e9n estoy cansado de que se confunda se\u00f1or\u00edo con callar antes las injusticias \u00bfcrees que el Madrid deber\u00eda al menos emitir un comunicado respetuoso por supuesto pero en\u00e9rgico ante esta situaci\u00f3n? un saludo<\/p>\n<p>R.- La prensa est\u00e1 dando ca\u00f1a con eso y quiz\u00e1s sea suficiente. La clave es que el Madrid se haga valer m\u00e1s en los despachos de la Federaci\u00f3n. Ya est\u00e1 bien de que Villar y S\u00e1nchez Arminio machaquen al Madrid con impunidad. Es una verg\u00fcenza porque manipulan la competici\u00f3n. Lamentable el Villarato. <\/p>\n<p>P.- Hola Tom\u00e1s, se habla de mal ambiente en el Madrid, pero los veo jugar, celbrar, entrenar y me da la impresi\u00f3n de que es justo lo contrario, hay muy buen ambiente \u00bfestoy loco o esto del mal ambiente es mentira? saludos<\/p>\n<p>R.- Qu\u00e9 mal ambiente ni qu\u00e9 gaitas. Como en los familias o en los trabajos, hay gente que se lleva con una que con otra, pero estos chavales est\u00e1n unidos en una causa com\u00fan que es hacer grande de nuevo al Madrid y ganar t\u00edtulos plant\u00e1ndole cara al mejor Bar\u00e7a de la historia. Ya est\u00e1 bien de ver las cosas retorcidas amigos. <\/p>\n","protected":false},"excerpt":{"rendered":"<p>El redactor jefe de la secci\u00f3n del Real Madrid ha analizado la actualidad del club de Concha Espina con los internautas, centrada esta semana en las quejas de Mourinho contra los arbitrajes que sufre el Real Madrid.<\/p>\n","protected":false},"author":1,"featured_media":0,"comment_status":"open","ping_status":"open","sticky":false,"template":"","format":"standard","meta":{"footnotes":""},"categories":[],"tags":[],"class_list":["post-7961","post","type-post","status-publish","format-standard","hentry"],"_links":{"self":[{"href":"https:\/\/intervius.com\/index.html\/wp-json\/wp\/v2\/posts\/7961","targetHints":{"allow":["GET"]}}],"collection":[{"href":"https:\/\/intervius.com\/index.html\/wp-json\/wp\/v2\/posts"}],"about":[{"href":"https:\/\/intervius.com\/index.html\/wp-json\/wp\/v2\/types\/post"}],"author":[{"embeddable":true,"href":"https:\/\/intervius.com\/index.html\/wp-json\/wp\/v2\/users\/1"}],"replies":[{"embeddable":true,"href":"https:\/\/intervius.com\/index.html\/wp-json\/wp\/v2\/comments?post=7961"}],"version-history":[{"count":0,"href":"https:\/\/intervius.com\/index.html\/wp-json\/wp\/v2\/posts\/7961\/revisions"}],"wp:attachment":[{"href":"https:\/\/intervius.com\/index.html\/wp-json\/wp\/v2\/media?parent=7961"}],"wp:term":[{"taxonomy":"category","embeddable":true,"href":"https:\/\/intervius.com\/index.html\/wp-json\/wp\/v2\/categories?post=7961"},{"taxonomy":"post_tag","embeddable":true,"href":"https:\/\/intervius.com\/index.html\/wp-json\/wp\/v2\/tags?post=7961"}],"curies":[{"name":"wp","href":"https:\/\/api.w.org\/{rel}","templated":true}]}}