{"id":7959,"date":"2010-12-21T00:00:00","date_gmt":"2006-11-06T00:00:00","guid":{"rendered":"https:\/\/intervius.com\/index.html\/?p=7959"},"modified":"2006-11-06T00:00:00","modified_gmt":"2006-11-06T00:00:00","slug":"Maldini7959","status":"publish","type":"post","link":"https:\/\/intervius.com\/index.html\/Maldini7959\/","title":{"rendered":"Maldini"},"content":{"rendered":"<p>Pregunta.- Hola Julio. \u00bfCrees que Leonardo ser\u00eda el sustituto adecuado de Ben\u00edtez? Yo creo que no, es un cambio de filosof\u00eda demasiado radical para un equipo que a\u00fan piensa en Mourinho cuando sale al campo. Gracias<\/p>\n<p>Respuesta.- Hola Rub\u00e9n. Primero hay que confirmar que se va Ben\u00edtez, al que no se le ha dado tiempo para trabajar. Pero los t\u00edtulos de Mourinho han ido en su contra. Parece que el club va a por Spalletti, de muy buen trabajo en el Zenit. No me parece mala decisi\u00f3n. <\/p>\n<p>P.- Hola Julio. \u00bfCrees que por plantilla y potencial, el West Ham saldr\u00e1 del pozo, o crees que empieza a ser ya demasiado tarde? Gracias<\/p>\n<p>R.- Aun no es tarde, queda mucho. A m\u00ed me parece que hay plantillas mucho peores en la Premier. El West Ham tiene jugadores capaces de sacar al equipo de abajo como Noble, Parker, los puntas sobre todo Piquionne&#8230;. Noble lleva varios partidos sin jugar (Grant ha probado en el medio con Kovac y Spector) pero en cuanto se junte con Parker poco a poco el West Ham tiene que subir el nivel<\/p>\n<p>P.- Una opini\u00f3n Julio. Creo que contigo como pionero, estamos viviendo una gran momento del periodismo deportivo referente al f\u00fatbol internacional.Cada vez sois m\u00e1s y mejores. A\u00fan recuerdo cuando &#8220;La parab\u00f3lica&#8221; de AS y Fiebre de f\u00fatbol eran los \u00fanicos reductos. Gracias por todo<\/p>\n<p>R.- Pues s\u00ed, tienes raz\u00f3n y no sabes cu\u00e1nto me alegro, Un abrazo<\/p>\n<p>P.- Ayer Mancini evidenci\u00f3 una vez m\u00e1s su indolencia. \u00bfNo te parece que le est\u00e1 salvando lo abierta que est\u00e1 la Premier este a\u00f1o? Deber\u00eda estar 3 o cuatro puestos por debajo para que los jeques reaccionen<\/p>\n<p>R.- Desde luego que s\u00ed, mi opini\u00f3n sobre Mancini la llevo diciendo hace mucho y no quiero pecar de pesado. No es un t\u00e9cnico para ser campe\u00f3n de la Premier, por estilo de juego. S\u00ed para terminar entre los cuatro primeros. <\/p>\n<p>P.- Julio \u00bfHab\u00eda tenido mou alg\u00fan enfrentamiento con directivos previamente en el chelsea, oporto o inter como el que tiene con Valdano?<\/p>\n<p>R.- Hola Pablo. En el Oporto acab\u00f3 mal, gan\u00f3 la Champions en la final al Monaco y ni lo festej\u00f3, ya ten\u00eda destino en el Chelsea. Y con Abramovich tampoco acabaron muy bien las cosas que digamos. <\/p>\n<p>P.- A quien ficharias para sustituir a Simao? a Rakitic, a Juanfran o a Chori Castro? y una de la ligra francesa, no te parece Makoun un jugador ideal para un equipo de la zona noble de la Premier? gran fisico y buena llegada desde atr\u00e1s.<\/p>\n<p>R.- Para suplir a Simao en la posici\u00f3n en la banda en la que juega el mejor de los que citas es Juanfran. Es cierto que Chori Castro podr\u00eda jugar pegado a la banda izquierda pero en el Mallorca juega m\u00e1s centrado. Juanfran sin duda. En Rakitic el Atl\u00e9tico quiere suplir esa carencia en la posici\u00f3n del a\u00f1orado Jurado. Posici\u00f3n que Fran Merida no termina de agarrar, y eso que a Quique a principio de temporada le convenc\u00eda ahi. Pero no ha cuajado de momento. S\u00ed, Makoun podr\u00eda jugar muy bien en un equipo de la Premier de los buenos, claro. Y es muy importante en el Lyon de Puel<\/p>\n<p>P.- Ves factible la salida de Carroll a un grande de la Premier el a\u00f1o que viene? con que delantero le comparar\u00edas?<\/p>\n<p>R.- Carroll es uno de los delanteros m\u00e1s completos de Inglaterra, si me apuras est\u00e1 entre los dos mejores junto a Rooney. Estoy seguro de que ir\u00e1 a un grande muy pronto. Va excelente por arriba, se mueve con inteligencia y fabrica muchos espacios. Tiene buen disparo, es complet\u00edsimo<\/p>\n<p>P.- Hola Maldini, me gust\u00f3 mucho el reportaje sobre el Barca juvenil de ayer.Me gustaria que tambi\u00e9n sacaras algo de dos juveniles del Real Madrid, Jes\u00e9 y Ra\u00fal de Tom\u00e1s, que apuntan para grandces figuras. \u00bfLos conoces? Un saludo y enhorabuena por el maravilloso programa.<\/p>\n<p>R.- Lo haremos sin duda. Me parece precioso ver a chavales de las canteras. Sacamos en Fiebre Maldini ayer al Barcelona porque ven\u00eda de jugar ese torneo en Brasil. <\/p>\n<p>P.- \u00bfQu\u00e9 opinas, hoy en d\u00eda, de Bojan? Recuerdo que hablabas maravillas de \u00e9l hace unos a\u00f1os, llegando a decir que era la mayor promesa del deporte espa\u00f1ol, por encima de Ricky Rubio y tantos otros. Un abrazo, crack.<\/p>\n<p>R.- Hola Kilik. El hecho de renovarle demuestra que el Barcelona est\u00e1 contento con \u00e9l. Convencido estoy de que ser\u00eda gran goleador en el equipo, sobre todo por el nivel que hay detr\u00e1s. Pero no recuerdo haber dicho eso que citas, y mucho menos compar\u00e1ndole con un jugador de baloncesto, deporte del que jam\u00e1s me atrever\u00eda a hablar porque no tengo la m\u00e1s m\u00ednima idea. Un abrazo. <\/p>\n<p>P.- \u00bfQue te parece Mendy del Monaco? \u00bfLa seleccion brasile\u00f1a me fascina a ti no? Jugadores de futuro y con muchisima calidad. Ganso,Neymar,Robinho,Bastos,Ramires,David Luiz,Thiago Silva,Pato,Nilmar,Marcelo,Dani Alves y muchos mas.<\/p>\n<p>R.- S\u00ed, Brasil est\u00e1 montando un equipo muy bueno y que juega a algo muy distinto con Mano Menezes a como jugaba en los \u00faltimos a\u00f1os. Y salen m\u00e1s como Giuliano, Jucilei o el ya jugador del Atl\u00e9tico El\u00edas por ejemplo. La defensa parece ya consolidada. El \u00fanico que no termina de regresar a la selecci\u00f3n es Marcelo pero lo har\u00e1. <\/p>\n<p>P.- Buenas tardes. He le\u00eddo muy poco de periodistas profesionales sobre el sensacional torneo que ha tenido el Borussia Dortmund, pese a la inesperada eliminaci\u00f3n en Europa League a manos del Sevilla. \u00bfC\u00f3mo describir\u00eda el f\u00fatbol que practican? \u00bfEsperaba un futuro prometedor del Mainz o lo imagin\u00f3 como un caso Hoffenheim? Un saludo.<\/p>\n<p>R.- Es un f\u00fatbol muy combinativo, de bal\u00f3n al pie, de futbolistas sin una gran capacidad para ir al choque pero muy buenos con la pelota. Es s\u00edntoma del nuevo f\u00fatbol alem\u00e1n, que cambi\u00f3 con Low el estilo de la selecci\u00f3n tras la Eurocopa del 2008. Del Mainz no se puede esperar tanto, aunque siguen muy bien clasificados. De todos modos Tuchel est\u00e1 tomando decisiones muy extra\u00f1as que han perjudicado al equipo. Cambios de alineacion de repente, suplencias de futbolistas clave como Holtby, el tunecino Allagui que cuando mejor est\u00e1 se queda fuera, Schurrle al que no acaba de consolidar. En fin, dif\u00edcilmente comprensible<\/p>\n<p>P.- Hola Julio, \u00bfqu\u00e9 crees que le falta a la Juventus para poder luchar por el scudetto?. Eres un pedazo de crack, no cambies!<\/p>\n<p>R.- Hola Rafa y muchas gracias. Muy claro, le falta f\u00fatbol en el mediocampo. Una Juventus que tiene pegada y por algo es el equipo que m\u00e1s goles lleva en el scudetto. Tiene pegada insisto pero sin mucho juego en el centro del campo. Aquillani no agarra el tim\u00f3n de este equipo, y Del Neri no le refuerza y mantiene el 4-4-2 con el que destac\u00f3 hace ya mucho en el Chievo. No quiere la figura del mediapunta (trequartista le llaman en Italia) y por eso despach\u00f3 a Giovinco y Diego. Me sorprender\u00eda mucho que luchasen por el t\u00edtulo hasta el final. <\/p>\n<p>P.- Hola crack, me gustaria saber tu opinion,si lo conoces, de Ezequiel Cirigliano, de River. Dicen que es el Xavi argentino.<\/p>\n<p>R.- Ha jugado muy poquito en el \u00faltimo torneo, escasos minutos. No le conozco lo suficiente como para enjuiciarle. Pero lo har\u00e9 en el pr\u00f3ximo clausura. <\/p>\n<p>P.- Hola Julio. \u00bfCu\u00e1l es el problema principal del Werder Bremen? \u00bfSon los lesionados (Naldo, Boenisch, Borowski, Pizarro, Wesley(!)? o \u00bfes la t\u00e1ctica u otra cosa? Gracias y \u00a1Feliz Navidad!<\/p>\n<p>R.- Hola Tombi. Mucho tiempo lleva este Bremen de Schaaf jugando un f\u00fatbol un tanto suicida, so\u00f1ador podr\u00edamos llamarle. JUgando con la defensa muy adelantada y metiendo mucho jugador de ataque. Es verdad que ha tenido muchos lesionados, destaco atr\u00e1s a Naldo. Ahora tambi\u00e9n Wesley. Pero siempre ha sido un equipo que ha recibido demasiados goles. Fue segundo en la 2007\/2008 encajando 50 goles en 34 partidos, m\u00e1s que equipos de mitad de tabla y solo uno menos que el Nuremberg que descendi\u00f3. Marc\u00f3 muchos goles, l\u00f3gico. Siempre ha terminado las temporadas con m\u00e1s goles encajados que partidos jugados, algo inaudito. En cuanto le ha fallado la delantera un poco se ha venido abajo. <\/p>\n<p>P.- Hola Julio!! Que crack eres!!. Ayer mantuve una gran conversacion con mi profesor Argentino de Educacion Fisica y estuvimos hablando del futbol,derbys, ambiente, estructuras del futbol alla.Y su sensacion es que el futbol argentino esta cambiando, que los jovenes se vienen muy temprano a Europa y un largo etc&#8230;. pero me dijo que alla puede ser cualquiera campeon no como aqui que solo puede ser Barcelona o Madrid. Es un aficionado a San Lorenzo de Almagro! \u00bfQue opinas tu de todo esto? \u00bfCompartes su opinion? Un abrazo.<\/p>\n<p>R.- Hola Emilio. Estoy de acuerdo con tu profesor. Y a lo que \u00e9l argumenta a\u00f1adir\u00eda que al jugarse torneos cortos hay m\u00e1s opciones para la sorpresa. Eso va a cambiar porque se volver\u00e1 muy pronto a los torneos de ida y vuelta. Eso y el que las competiciones continentales hace que muchos equipos dejen de lado el torneo local. Son demasiados los partidos en los que vemos suplentes. No es serio que Independiente gane la Copa Sudamericana y quede el \u00faltimo del apertura. No me parece de recibo, francamente. <\/p>\n<p>P.- Hola Maldini. \u00bfSigues teniendo la misma opinion que tenias de Gokhan Inler al comienzo de la Eurocopa de 2008? \u00bfPorque no ha salido del Udinese?<\/p>\n<p>R.- Hola Emilio. S\u00ed, me parece un muy buen jugador, que a punto estuvo de ir al Inter (como tantos otros, el Inter lo ficha todo) pero al final se qued\u00f3. De aquel centro del campo suizo de la Euro 2008 me parec\u00eda y me sigue pareciendo el mejor<\/p>\n<p>P.- Hola Maldini. \u00bfQu\u00e9 opinas sobre Ilicic? \u00bfTe parece uno de los jugadores m\u00e1s prometedores del calcio? Gracias<\/p>\n<p>R.- S\u00ed, me lo parece. Tiene una zurda magn\u00edfica y es muy h\u00e1bil en un futbolista de una gran envergadura. Una especie que ni abunda tanto. Un gran fichaje por parte del Palermo. Dicho esto, habr\u00e1 que ver si es un jugador continuo en su rendimiento. Eso lo vamos a descubrir ahora. <\/p>\n<p>P.- Maldini, puedes decirnos algo del nuevo fichaje del Arsenal, el joven delantero japones?<\/p>\n<p>R.- Ryo Miyaichi, por lo que le he visto es delantero que cae bien a las bandas, diestro aunque se manaje bien en la izquierda y muy h\u00e1bil con la pelota. Eso es lo que seguro ha convencido a Wenger, su habilidad. y tiene una buena arrancada. Un proyecto m\u00e1s de futuro para el Arsenal, no todos funcionan pero muchos s\u00ed. <\/p>\n<p>P.- Hola Maldini. Me gustaria saber si para ti Cassano es tecnicamente equiparable a Del Piero y Totti, si te parece que tiene tanta clase como estos dos. Y tambi\u00e9n me gustaria saber tu orden de preferencia entre estos 3 jugadores (y no me refiero a la actualidad, me refiero a los mejores a\u00f1os de cada uno de ellos). Gracias<\/p>\n<p>R.- Desde luego que s\u00ed, en cuanto a t\u00e9cnica individual sin duda. Me pides que decida entre los tres, eso es muy dif\u00edcil. Con los tres al m\u00e1ximo nivel me quedo con Del Piero. <\/p>\n<p>P.- Hola Julio, \u00bfme podrias explicar como funcionan las competiciones inglesas? Me refiero a la liga de suplentes y a las diferentes copas (quienes las juegan)<\/p>\n<p>R.- Hola crack. La FA Cup (la m\u00e1s importante) la juegan todos los equipos federados. En la tercera ronda entran los de primera y segunda. Todas las eliminatorias se juegan a un partido, en caso de empate se hace un replay y ah\u00ed ya sale un vencedor con pr\u00f3rroga y penaltys si es necesario. Antes se hacian tantos replays como era necesario pero por la saturaci\u00f3n del calendario actual eso se cambi\u00f3 hace poco. La Carling Cup o copa de la liga la juegan los equipos profesionales. Se juega a un partido salvo las semifinales a ida y vuelta. Luego la final a un partido. Las ligas de suplentes (Premier reserve league) es m\u00e1s compleja. Se juega en tres grupos (Division sur, divisi\u00f3n norte A y division norte B). Y no la juegan todos los de Premier, el Birmingham, Fulham, Stoke y Tottenham han decidido no jugarla. Un abrazo. <\/p>\n<p>P.- Julio! Eres un crack! Queria preguntarte por Diego Ribas, como le va? porque esta el Wolfburgo tan atras? y Joe Cole? esta lesionado o Hodson lo tiene de suplente? un abrazo<\/p>\n<p>R.- Hola Aaron. Joe Cole ha estado dos meses lesionado, veremos si Hogdson conf\u00eda en \u00e9l cuando se recupere bien. Jug\u00f3 el \u00faltimo y reciente partido de la Europa League ante el Utrecht pero ah\u00ed entraron los suplentes. Diego Ribas es titular en el Wolfsburgo, lleva cuatro goles pero no luce demasiado en un equipo que se est\u00e1 estrellando con un t\u00e9cnico poco atrevido como McLaren. Desde que dej\u00f3 el Bremen le hemos visto brillar cada vez menos a Diego. Salvo sus primeros partidos en la Juve, eso s\u00ed, pero se vino pronto abajo. <\/p>\n<p>P.- Unas cuantas comparaciones, con quien te quedas Ben Arfa o Valbuena? Gignac o Benzema? Reyes o Di Maria? Bale o Pedrito?<\/p>\n<p>R.- No creo que sea bueno comparar jugadores as\u00ed, sin m\u00e1s. Por ejemplo lo que citas de Pedro y Bale, son distintos. Prefiero a los dos. Caso de Gignac y Benzema me quedo con Benzema. Reyes-Di Maria con Di Maria. Pero siempre habr\u00eda matices. <\/p>\n","protected":false},"excerpt":{"rendered":"<p>Maldini, experto en f\u00fatbol internacional, colaborador de AS y presentador de Digital + ha charlado con los internautas sobre la actualidad del f\u00fatbol m\u00e1s all\u00e1 de nuestras fronteras.<\/p>\n","protected":false},"author":1,"featured_media":0,"comment_status":"open","ping_status":"open","sticky":false,"template":"","format":"standard","meta":{"footnotes":""},"categories":[],"tags":[],"class_list":["post-7959","post","type-post","status-publish","format-standard","hentry"],"_links":{"self":[{"href":"https:\/\/intervius.com\/index.html\/wp-json\/wp\/v2\/posts\/7959","targetHints":{"allow":["GET"]}}],"collection":[{"href":"https:\/\/intervius.com\/index.html\/wp-json\/wp\/v2\/posts"}],"about":[{"href":"https:\/\/intervius.com\/index.html\/wp-json\/wp\/v2\/types\/post"}],"author":[{"embeddable":true,"href":"https:\/\/intervius.com\/index.html\/wp-json\/wp\/v2\/users\/1"}],"replies":[{"embeddable":true,"href":"https:\/\/intervius.com\/index.html\/wp-json\/wp\/v2\/comments?post=7959"}],"version-history":[{"count":0,"href":"https:\/\/intervius.com\/index.html\/wp-json\/wp\/v2\/posts\/7959\/revisions"}],"wp:attachment":[{"href":"https:\/\/intervius.com\/index.html\/wp-json\/wp\/v2\/media?parent=7959"}],"wp:term":[{"taxonomy":"category","embeddable":true,"href":"https:\/\/intervius.com\/index.html\/wp-json\/wp\/v2\/categories?post=7959"},{"taxonomy":"post_tag","embeddable":true,"href":"https:\/\/intervius.com\/index.html\/wp-json\/wp\/v2\/tags?post=7959"}],"curies":[{"name":"wp","href":"https:\/\/api.w.org\/{rel}","templated":true}]}}