{"id":7955,"date":"2010-12-20T00:00:00","date_gmt":"2006-11-06T00:00:00","guid":{"rendered":"https:\/\/intervius.com\/index.html\/?p=7955"},"modified":"2006-11-06T00:00:00","modified_gmt":"2006-11-06T00:00:00","slug":"Juan_Mora7955","status":"publish","type":"post","link":"https:\/\/intervius.com\/index.html\/Juan_Mora7955\/","title":{"rendered":"Juan Mora"},"content":{"rendered":"<p>Pregunta.- Buenas Juan , cree usted que Paquillo o Contador estan involucrados de alguna manera en la operacion Galgo? yo ya no se que pensar <\/p>\n<p>Respuesta.- No hay motivos para pensarlo. Las filtraciones habidas jam\u00e1s han apuntado hacia estos nombres. La operaci\u00f3n parece estar muy localizada, sin que tenga ramificaciones hacia otros atletas o hacia otros deportes. Otra cosa es que por las declaraciones de los imputados se levanten nuevas l\u00edneas de investigaci\u00f3n.<\/p>\n<p>P.- \u00bfSe disputar\u00e1n entre Bar\u00e7a y Ciudad Real todas las competiciones en que participen,o habr\u00e1 alg\u00fan equipo que lo impida?<\/p>\n<p>R.- Pues tiene toda la pinta. Lleva ya sucediendo unos cuantos a\u00f1os. Ahora mismo s\u00f3lo el Ademar y el Valladolid tienen capacidad para entrar por la lucha de alg\u00fan t\u00edtulo, mas para ello tendr\u00e1n que hacer primero la hombrada de eliminar a alguno de los dos grandes, que no ha sido el caso de esta Asobal.<\/p>\n<p>P.- La liga de baloncesto es m\u00e1s competitiva que la de f\u00fatbol,y no hay m\u00e1s que ver las derrotas del RM con el Alicante,del Bar\u00e7a con el Estudiantes y del Baskonia con el Cajasol,que apenas tienen trascendencia por el actual sistema de competici\u00f3n. Para evitar esto,\u00bfno ser\u00eda mejor suprimir los playoffs y jugar una liga de todos contra todos?<\/p>\n<p>R.- Por supuesto. Esa es precisamente la l\u00ednea editorial de AS. Por lo menos merecer\u00eda probarlo una temporada. De esta manera se dar\u00eda mayor contenido a la Liga regular, habr\u00eda mayor emoci\u00f3n, mejorar\u00edan las audiencias, con ellos los ingresos y saldr\u00eda ganando el baloncesto.<\/p>\n<p>P.- Respecto al atleta Reyes Est\u00e9vez. Durante la temporada pasada 2010, a este atleta le vencian varios de los milleros de nuestro panorama nacional, repasen los resultados de las millas en ruta y de las competiciones en pista, le han ganado varios y varias veces. Llegando el campaonato de Espa\u00f1a les ganaba. Y durante el a\u00f1o 2009 tres cuartos de los mismo. Tampoco se prodigaba por Europa. \u00bf No es mucha casualidad?. Ahora lo entendemos todo. Otro compa\u00f1ero de entreno de Reyes es Eugenio Barrios. En Espa\u00f1a le ganaba todo perro pichi, con perd\u00f3n. Un d\u00eda , en el 2006, se va a Rieti y hace la marca de su vida, con 30 a\u00f1os, la tercera mejor marca de la historia de este pais. Despues de esto le seguiean ganando un monton de ateltas nacionales. \u00bf No es mucha casualidad?. Lo de Nuria Fen\u00e1ndez de este a\u00f1o: Gana en Barcelona y no corre ning\u00fan mitin en Europa, renunciando a ganar unos buenos miles de euros. \u00bfTan sobrada est\u00e1 de pelas esta chica?. Ahora, como seguidor del atletismo que soy, me encajan varias piezas del puzle. Y que nadie se olvide del da\u00f1o que han hecho a otros atletas que les han quitado el pan y la sal, especialmente este a\u00f1o a \u00c1lvaro Rodriguez.<\/p>\n<p>R.- Hace un an\u00e1lisis muy detallado y consecuente. No voy a quitar una coma a su opini\u00f3n. Igual que hay una presunci\u00f3n de inocencia, existen los indicios de sospecha. Tan v\u00e1lidos son unos como otros.<\/p>\n<p>P.- no crees que en balonmano sobran o la copa asobal o la supercopa ? yo creo que tambien en balonmano habria que hacer europeos cada 4 a\u00f1os en vez de cada 2 , con estas 2 sencillas medidas el balonmano mejoraria muchisimo en todos los aspectos <\/p>\n<p>R.- El balonmano, efectivamente, est\u00e1 muy cargado de competiciones y a primera vista los jugadores de este deporte son los que menos descansan al cabo de la temporada. Pero yo no creo que el balonmano fuera mejor si se le quitaran competiciones.<\/p>\n<p>P.- Buenos d\u00edas, Juan. \u00bfQu\u00e9 opini\u00f3n te merecen Giner y Olano como directores de recorridos de La Vuelta? Particularmente los veo demasiado conservadores, echo de menos a un &#8220;Zomegnan&#8221; en Unipublic.<\/p>\n<p>R.- Toda la gente que procede del ciclismo tiende al conservadurismo, porque en su fuero interno est\u00e1 proteger a los corredores. Entienden todos sus intereses y ello les impide hacer los recorridos que har\u00edan cualquier aficionado. Pero no creo que lo est\u00e9n haciendo mal. La Vuelta est\u00e1 teniendo novedades muy atractivas \u00faltimamente.<\/p>\n<p>P.- \u00bfTe ha sorprendido el rendimiento de Mireia?<\/p>\n<p>R.- S\u00ed y no. Mireia ya asombr\u00f3 en su \u00e9poca j\u00fanior y de ella se esperaba todo. Despert\u00f3 tales expectativas que cuando no gan\u00f3 medallas en la alta competici\u00f3n comenzamos a despreciar su talento. Ahora ha salido a relucir en una competici\u00f3n que aun siendo menor, se trata de un Mundial. Cuatro medallas no las gana nadie que no tenga unas condiciones excepcionales y que haya trabajado muy bien. \u00c9ste puede ser el trampol\u00edn desde el que Mireia se catapulte hacia los podios de la alta competici\u00f3n. Ella ya sabe que puede.<\/p>\n<p>P.- Hola Juan. En Espa\u00f1a existen multitud de puertos de paso, muchos de ellos con longitudes superiores a los 20 kms (puertos tipo Giro-Tour), que han sido despreciados secularmente por los organizadores de La Vuelta. \u00bfNo echas en falta este tipo de puertos en prueba espa\u00f1ola? \u00bfNo crees que Unipublic solamente tiene inter\u00e9s en puerto final de cada etapa de monta\u00f1a? <\/p>\n<p>R.- La verdad es que no, porque los puertos cortos y nerviosos se han mostrado m\u00e1s atractivos que los largos. Tenemos el ejemplo de Sierra Nevada. Largo como el s\u00f3lo, pero tan suave que se sube en pelot\u00f3n. Adem\u00e1s, se ha demostrado que los corredores esperan al final para atacar en los puertos largos, con la excusa de que a\u00fan queda mucho.<\/p>\n<p>P.- Buenos d\u00edas, Juan. El a\u00f1o pasado As hizo una magn\u00edfica labor &#8220;publicitaria&#8221; de La Bola del Mundo, al igual que hizo en la decada de los 90 con el Angliru. \u00bfNo crees que si, desde As apostaseis por este tipo de reportajes, la percepci\u00f3n de que &#8220;en Espa\u00f1a no hay monta\u00f1a&#8221; ser\u00eda distinta? <\/p>\n<p>R.- Seguimos apostando, sin duda. Y claro que en Espa\u00f1a hay monta\u00f1a, pero tampoco es la de los Alpes. Lo que s\u00ed se puede es sacar mucho partido de nuestras monta\u00f1as y es lo que est\u00e1 haciendo Unipublic. Como es algo que nos parece bien, lo apoyamos y publicitamos.<\/p>\n<p>P.- Buenos d\u00edas, Juan. El pasado lunes mencionabas que el recorrido de La Vuelta 2011 estaba cerrado. Algunos detalles ya se conocen como la salida de Benidorm, los finales en Sierra Nevada y Angliru, las etapas vascas,&#8230; \u00bfhay alg\u00fan otro dato que puedas adelantarnos?<\/p>\n<p>R.- Pues la verdad es que no. Es l\u00f3gico que la Vuelta quiera evitar m\u00e1s filtraciones, porque de lo contrario no tendr\u00eda nada que presentar cuando el pr\u00f3ximo mes sea la presentaci\u00f3n en Alicante.<\/p>\n<p>P.- Hola Juan. Visto el \u00e9xito que tuvo el sterrato en el Giro 2010 y su inclusi\u00f3n en la edici\u00f3n 2011 \u00bfcrees que Unipublic debe introducir este tipo de carretera en futuras ediciones?<\/p>\n<p>R.- No me parece necesario. Nadie ve una bicicleta de carretera por caminos de tierra. Como no es natural, tampoco veo necesario forzar el espect\u00e1culo hasta ese punto.<\/p>\n<p>P.- Buenos d\u00edas Juan. \u00bfPor qu\u00e9 ahora en nataci\u00f3n logramos medallas y cuando llegan las olimpiadas no? \u00bfEs por la piscina corta o porque no van los mejores? <\/p>\n<p>R.- Las competiciones en piscina corta resultan menos exigentes que las que se celebran en verano sobre las de 50 metros, como son los Juegos Ol\u00edmpicos y Mundiales absolutos. No todos los mejores nadadores participan y algunos tampoco llegan en su mejor forma. Por eso nos resulta m\u00e1s f\u00e1cil ganar medallas en competiciones como las de los Mundiales de Dubai. Pero, ojo, a nosotros y a cualquiera. Si Mireia es la nadadora que m\u00e1s medallas ha conseguido y Espa\u00f1a ha sido tercera en el medallero, nadie les ha regalado nada. Si tan f\u00e1cil era ganar \u00bfpor qu\u00e9 no nos han ganado China, Francia, Holanda, Alemania, Italia, Australia, etc? Y, de todas maneras, ha habido ausencias, s\u00ed, pero tampoco han faltado en las pruebas de Mireia algunas de las mejores nadadoras del mundo.<\/p>\n<p>P.- \u00bfqu\u00e9 te parece la elecci\u00f3n de Carballo como presidente de la Federaci\u00f3n de gimnasia? \u00bfEs el hombre id\u00f3neo? <\/p>\n<p>R.- Me parece fant\u00e1stico que la gente del deporte ocupe la presidencia de las Federaciones, y en el caso de Carballo, m\u00e1s todav\u00eda. Como hombre que conoce la gimnasia en todas sus facetas, se presenta como la persona m\u00e1s capacitada para dirigirla. Ahora su reto es demostrarlo.<\/p>\n<p>P.- \u00bfPor qu\u00e9 el deporte femenino, como baloncesto o f\u00fatbol, en nuestro pa\u00eds est\u00e1 tan infravalorado por los medios? No tienen los mismos derechos las mujeres a protagonizar portadas y titulares en los medios? De momento no es as\u00ed.<\/p>\n<p>R.- Por supuesto que tienen el mismo derecho, y todos los medios de comunicaci\u00f3n estamos deseando que las selecciones femeninas de f\u00fatbol y de baloncesto ganen sus respectivos Mundiales para que protagonicen las mismas portadas y titulares que las selecciones masculinas en su d\u00eda. <\/p>\n<p>P.- Mireia Belmonte ha sido elegida como la mejor del mundial junto al estadounidense Lochte &#8230;. \u00bfPron\u00f3stico de un futuro dorado de la nataci\u00f3n espa\u00f1ola? \u00bfUn oasis en el desierto? Un saludo<\/p>\n<p>R.- Ni una cosa ni otra. La nataci\u00f3n espa\u00f1ola va ir a mejor. Se est\u00e1 trabajando en ello. Pero no veo que nos vayamos a convertir en una potencia, ni que Mireia se vaya a quedar sola. Sus \u00e9xitos van a ser un est\u00edmulo, sin duda. Para ella y para todo el equipo, con lo cual las cosas nos van a salir mejor a partir de ahora.<\/p>\n","protected":false},"excerpt":{"rendered":"<p>orque el deporte va m\u00e1s all\u00e1 del f\u00fatbol, Juan Mora, subdirector del diario AS, ha charlado con los internautas sobre las diversas disciplinas deportivas al margen del f\u00fatbol<\/p>\n","protected":false},"author":1,"featured_media":0,"comment_status":"open","ping_status":"open","sticky":false,"template":"","format":"standard","meta":{"footnotes":""},"categories":[],"tags":[],"class_list":["post-7955","post","type-post","status-publish","format-standard","hentry"],"_links":{"self":[{"href":"https:\/\/intervius.com\/index.html\/wp-json\/wp\/v2\/posts\/7955","targetHints":{"allow":["GET"]}}],"collection":[{"href":"https:\/\/intervius.com\/index.html\/wp-json\/wp\/v2\/posts"}],"about":[{"href":"https:\/\/intervius.com\/index.html\/wp-json\/wp\/v2\/types\/post"}],"author":[{"embeddable":true,"href":"https:\/\/intervius.com\/index.html\/wp-json\/wp\/v2\/users\/1"}],"replies":[{"embeddable":true,"href":"https:\/\/intervius.com\/index.html\/wp-json\/wp\/v2\/comments?post=7955"}],"version-history":[{"count":0,"href":"https:\/\/intervius.com\/index.html\/wp-json\/wp\/v2\/posts\/7955\/revisions"}],"wp:attachment":[{"href":"https:\/\/intervius.com\/index.html\/wp-json\/wp\/v2\/media?parent=7955"}],"wp:term":[{"taxonomy":"category","embeddable":true,"href":"https:\/\/intervius.com\/index.html\/wp-json\/wp\/v2\/categories?post=7955"},{"taxonomy":"post_tag","embeddable":true,"href":"https:\/\/intervius.com\/index.html\/wp-json\/wp\/v2\/tags?post=7955"}],"curies":[{"name":"wp","href":"https:\/\/api.w.org\/{rel}","templated":true}]}}