{"id":7935,"date":"2010-12-20T00:00:00","date_gmt":"2006-11-06T00:00:00","guid":{"rendered":"https:\/\/intervius.com\/index.html\/?p=7935"},"modified":"2006-11-06T00:00:00","modified_gmt":"2006-11-06T00:00:00","slug":"Jose_Samano7935","status":"publish","type":"post","link":"https:\/\/intervius.com\/index.html\/Jose_Samano7935\/","title":{"rendered":"Jos\u00e9 S\u00e1mano"},"content":{"rendered":"<p>Pregunta.- en que posicion juega leonel messi y porque?<\/p>\n<p>Respuesta.- Buenas tardes a todos y gracias por compartir este rato con EL PA\u00cdS. En medio de una catarata de pregunats sobre Mourinho, una sobre Messi. Nadie ha interpretado mejor al argentino que Guardiola, que le ha ido buscando el puesto en el que mejor rindiera y m\u00e1s importante se sintiera. Messi arranc\u00f3 como excelso extremo, hoy es lo que quiera ser: extremo, enganche, asistente, ariete, goleador. Guardiola le despej\u00f3 el camino quitando del paisaje a Ronaldinho, Deco, Eto&#8221;o, Ibrahimovic&#8230; La versi\u00f3n actual de Messi, de falso ariete, me parece que es la m\u00e1s sublime. Un detalle sintom\u00e1tico: lleva 17 goles en Liga, pero en los dos partidos en apariencia m\u00e1s crudos para el Bar\u00e7a (Madrid y Espanyol) no marc\u00f3 pero fue, de largo, el mejor asistente. El talento al servicio del colectivo.<\/p>\n<p>P.- \u00bfQu\u00e8 piensas de la cantera del Espanyol, Amat, Alvaro, crees que pueden llegar lejos?<\/p>\n<p>R.- Me parece uno de los mejores viveros del f\u00fatbol espa\u00f1ol y con Pochettino todos han dado un paso adelante, se sienten importantes de verdad. Una fortuna para el Espanyol, que se ve que trabaja muy bien en las inferiores. Un modelo a seguir para muchos otros. De todos ellos, \u00c1lvaro ha tenido destellos muy interesantes, como un jugador diferente. La mayor\u00eda del resto me parece muy s\u00f3lida.<\/p>\n<p>P.- \u00bfQu\u00e9 opini\u00f3n le merece la trayectoria del equipo de su tierra, la Real Sociedad Gimn\u00e1stica de Torrelavega?<\/p>\n<p>R.- Extraordinaria al principio, inquietante despu\u00e9s y quiz\u00e1 ahora en el papel que le corresponde. Intuyo que al final de la primera vuelta se decantar\u00e1 si mira al cielo o al infierno. Ojal\u00e1 retome el sendero de las primeras jornadas, el equipo debe ser ambicioso, m\u00e1xime con un estadio nuevo a la vista. Tambi\u00e9n sigo con atenci\u00f3n y alegr\u00eda a sus categor\u00edas inferiores, de las que espero muchos frutos inmediatos. No hay mejor futuro, nunca lo hubo.<\/p>\n<p>P.- Hola Jos\u00e9, \u00bfEn tu opini\u00f3n, el Villarreal tiene esta temporada mejor equipo que el Valencia? \u00bfEst\u00e1 mejor dirigido el equipo amarillo o los de Mestalla? Gracias.<\/p>\n<p>R.- S\u00ed, en todas las l\u00edneas me parece superior, especialmente en el medio campo, donde Senna, Cazorla, Bruno, Borja Valero y Cani forman una l\u00ednea de mucha categor\u00eda. La pareja Rossi-Nilmar tambi\u00e9n la veo por encima de Aduritz-Soldado. Al margen del Bar\u00e7a y el Madrid, salvo que Forl\u00e1n d\u00e9 su mejor versi\u00f3n junto a Ag\u00fcero, no veo delantera mejor en la Liga. Si las tres competiciones no se le hacen eternas, veo al Villarreal como un tercero con mucho m\u00e9rito.<\/p>\n<p>P.- Aprovechando que estan en horas bajas, \u00bfHay tanta diferencia entre el madrid de Mou y el de Pelegrini?<\/p>\n<p>R.- Punt\u00faan igual, pero hasta el Camp Nou el Madrid actual me pareci\u00f3 menos vulnerable, m\u00e1s pujante en todas las zonas del campo. Pensemos que con Mou, al quipo que ya ten\u00eda Pellegrini se han a\u00f1adido Khedira, \u00d6zil, Di Mar\u00eda, Pedro Le\u00f3n y Carvalho. La plantilla es notablemente mejor. Se dir\u00e1 que Kak\u00e1 no est\u00e1, pero con Pellegrini, la verdad, es como si no hubiera estado.<\/p>\n<p>P.- Supongo que lo negara pero&#8230;..\u00bfNo le parece tendenciosa la linea editorial de El Pais desde hace a\u00f1os en contra del Real Madrid? \u00bfEs que ser progre significa ser del Barsa y antimadridista? Supongo que con su &#8220;libertad de expresi\u00f3n&#8221; no publicaran esta pregunta. Un saludo<\/p>\n<p>R.- En nuestro concepto de la libertad de expresi\u00f3n por supuesto que caben preguntas como la suya. Caben todas aquellas que no sean insultantes, vejatorias o difamatorias. No veo tendenciosidad alguna, sino un realismo incontestable: en estos tiempos el Bar\u00e7a tiene un ciclo a favor y el Madrid va a rebufo. Constatar eso no creo que sea ni barcelonismo ni antimadridismo. \u00bfNo es el Bar\u00e7a el ganador de un triplete, de las dos \u00faltimas Ligas y la cuna del ideario de la selecci\u00f3n espa\u00f1ola? \u00bfTambi\u00e9n son antimadridistas todos los seleccionadores, capitanes y periodistas que han elegido a Iniesta, Xavi y Messi como finalistas del Bal\u00f3n de Oro?<\/p>\n<p>P.- Me puede explicar a qu\u00e9 se refer\u00eda del Nido al hablar de la presi\u00f3n al \u00e1rbitro? Realmente piensa que el Madrid se vio favorecido por el arbitraje? Si es as\u00ed este hombre a perdido los papeles<\/p>\n<p>R.- Del Nido quiso ser tan ventajista como Mourinho. El \u00e1rbitro fue una calamidad, pero no creo que tuviera errores imperdonables ni condicionara el resultado final. A Carvalho pudo expulsarle antes, por ejemplo. MI parecer es que el Madrid, con muchas bajas y algunas tan decisivas como la de Xabi Alonso e Higua\u00edn, gan\u00f3 sin jugar bien apelando a la heroica cuando se qued\u00f3 con diez. El Sevilla no me gust\u00f3 nada contra once y mucho menos contra diez, es un equipo desnaturalizado, sin rumbo claro. Un mal arbitraje muchas veces es una gran tapadera.<\/p>\n<p>P.- Llevan dias y dias llenando las portadas con las noticias del dopaje. Acaban de acabar los mundiales de natacion y pese a los resultados no le dedican mas de la 1\/4 que le han dedicado al dopaje. Mi pregunta es: a ustedes les seleccionan por sus conocimientos periodisticos y deportivos o por sus conocimientos de ventas? Un saludo<\/p>\n<p>R.- Quisiera matizar que desde el pasado mi\u00e9rcoles hasta hoy hemos reflejado, todo lo que el espacio nos ha permitido, los Mundiales de nataci\u00f3n. Incluso, el pasado viernes, con el \u00e9xito compartido por Villa\u00e9cija y Belmonte, fue la apertura de la secci\u00f3n. Intentamos gestionar los acontecimientos en funci\u00f3n el escaso papel de estos d\u00edas lo mejor que podemos. Dicho lo cual, las noticias sobre el asunto del dopaje, la mayor\u00eda, por cierto, exclusivas de Carlos Arribas, me parecen de una extraordinaria importancia.<\/p>\n<p>P.- \u00bfLa consecuencia inmediata de la operaci\u00f3n Galgo es que la mejor actuaci\u00f3n de la historia de una nadadora espa\u00f1ola, elegida como la mejor de un mundial, pasa a un segund\u00edsimo plano en todos los diarios?<\/p>\n<p>R.- Repito letra por letra lo respondido en la cuesti\u00f3n anterior y a\u00f1ado que, en mi criterio es mucho m\u00e1s relevante la Operaci\u00f3n Galgo que los Mundiales de nataci\u00f3n de piscina corta. En todo caso, insisto en que ha tenido un espacio considerable. Ma\u00f1ana, con entrevista a Mireia Belmonte incluida.<\/p>\n<p>P.- Jos\u00e9, \u00bfEnse\u00f1ar\u00e1 Mourinho un listado de fallos cuando el \u00e1rbitro se equivoque a su favor? Cosa que ha ocurrido y ocurrir\u00e1. Gracias<\/p>\n<p>R.- No lo har\u00e1 jam\u00e1s. Le recuerdo que anoche se quej\u00f3 de las tarjetas a Xabi y Marcelo en Zaragoza. Pues bien, la misma noche del encuentro en La Romareda escuch\u00e9 por radio al propio Alonso lamentarse de aquella tarjeta y dijo textualmente: &#8220;Ha sido una pena, porque es una jugada a la que he llegado tarde&#8230;&#8221; En cuanto a Marcelo, recorri\u00f3 50 metros para protestar de forma tan airada que hasta tuvo una bronca por ello con Carvalho.<\/p>\n<p>P.- Buenos d\u00edas Jos\u00e9, \u00bfqu\u00e9 habr\u00eda sido del Real Madrid, si en su d\u00eda no se hubiese echado a Vicente del Bosque?<\/p>\n<p>R.- El Madrid ser\u00eda m\u00e1s reconocible, tendr\u00eda un claro ancla con su mejor pasado y la cantera tendr\u00eda al menos voto.<\/p>\n<p>P.- Me llam\u00f3 la atenci\u00f3n no encontrar la cr\u00f3nica del R. Sociedad &#8211; Valencia en el peri\u00f3dico del domingo. Lejos de ver conspiraciones donde supongo que no las hay, \u00bfcu\u00e1l es el criterio para incluir el domingo la cr\u00f3nica del partido del s\u00e1bado a las 22h?<\/p>\n<p>R.- Evidentemente que no hay conspiraciones. Eso solo lo piensa Mourinho cuando le interesa. Por razones del cierre de la tirada, los partidos de las diez de la noche no llegan a distribuirse en todas las ediciones. Los s\u00e1bados la primera edici\u00f3n (la tirada es muy larga) se cierra a las 23.00 y los partidos entran en zonas geogr\u00e1ficas concretas donde se lanza el peri\u00f3dico m\u00e1s tarde. Los horarios de las televisiones son una soga al cuello de las secciones deportivas de los peri\u00f3dicos generalistas.<\/p>\n<p>P.- Por que se empe\u00f1an en llamarle secci\u00f3n &#8220;Deportes&#8221; cuando deberia llamarse secci\u00f3n &#8220;Futbol&#8221;? Y no me digan que el futbol es mayoritario por que hay cientos de deportes en Espa\u00f1a que mueven millones de seguidores.<\/p>\n<p>R.- Dec\u00eda antes que, sin ir m\u00e1s lejos, en las \u00faltimas semanas el dopaje y la nataci\u00f3n han ocupado una superficie muy considerable de la secci\u00f3n. Como el tenis cuando irrumpe Nadal, las motos, el ciclismo, la formula uno, la NBA&#8230; En la misma secci\u00f3n de hoy, pese al incendio de Mou y contar solo con nueve p\u00e1ginas, hay referencias a la natci\u00f3n, la F-1, el atletismo, la ACB, la NBA y la gimnasia y el balonmano. El resto de los principales deportes est\u00e1n de vacaciones.<\/p>\n<p>P.- Hola jose buenas tardes, queria preguntarte porque crees tu que el atletico de madrid no da mas minutos a fran merida y ademas gasta dinero que se supone no tiene en nuevos fichajes.Gracias felicitaciones a toda la redacci\u00f3n de deportes<\/p>\n<p>R.- Fran M\u00e9rida no ha evolucionado como yo esperaba y el Atl\u00e9tico no siempre da estabilidad a los que llegan de fuera sin antes haber cuajado del todo en equipos de los llamados grandes. En cuanto a lo de fichar, supongo que no encuentra todas las soluciones en el Cerro del Espino, donde no siempre brota gente como De Gea y Dom\u00ednguez. El Atl\u00e9tico necesita enquistarse de forma permanente en la zona alta del f\u00fatbol espa\u00f1ol y una vez consolidado de nuevo en las alturas, sin tanta irregularidad, le ser\u00e1 mucho m\u00e1s f\u00e1cil ir dando salida a jugadores de su academia.<\/p>\n<p>P.- crees que mourih\u00f1o tiene m\u00e1s influencia sobre Florentino que Valdano<\/p>\n<p>R.- Desconozco c\u00f3mo funciona internamente ese tri\u00e1ngulo pero lo seguro es que el t\u00e9cnico ha puesto al presidente en una situaci\u00f3n embarazosa. <\/p>\n<p>P.- Buenas tardes Jos\u00e9. \u00bfSe debe la inestabilidad que vive ahora el Madrid a la derrota frente al Bar\u00e7a?<\/p>\n<p>R.- Por supuesto. Mou dijo tras el partido que era una goleada f\u00e1cil de digerir. No parece que haya sido as\u00ed, visto c\u00f3mo est\u00e1 de alterado y el mal juego desplegado ante Valencia y Sevilla. Creo que m\u00e1s incluso que el resultado del Camp Nou, lo peor para el Madrid es c\u00f3mo se produjo, la facilidad con la que se exhibi\u00f3 el Bar\u00e7a y la inesperada impotencia mostrada por el equipo de Mou. No hay que olvidar que su llegada al Madrid est\u00e1 directamente ligada a la idea de acabar con el predominio azulgrana. Mou lleg\u00f3 como el lucifer del barcelonismo y en su primer asalto qued\u00f3 ko. Pero el Madrid no tiene por qu\u00e9 arrojar la toalla y mejor le ir\u00eda perfeccionado su estilo y recobrando la competitividad anterior al Camp Nou que provocando incendios su entrenador. <\/p>\n<p>P.- En primer lugar felicitarle por ser un charquito de calma en este oc\u00e9ano de desprop\u00f3sitos en que se ha convertido el f\u00fatbol.\u00bfCrees que es bueno para el futbol la dictadura del barsa?\u00bfQue acabe sentenciando la liga en algunas jornadas y que se acabe la pasi\u00f3n de la lucha de los perseguidores?Lo del Barsa est\u00e1 muy bien pero est\u00e1 acabando con la pasi\u00f3n y la emoci\u00f3n.<\/p>\n<p>R.- Me niego a pensar que un equipo tan po\u00e9tico como el Bar\u00e7a sea perjudicial. El f\u00fatbol es pasi\u00f3n y emoci\u00f3n, s\u00ed, pero el Bar\u00e7a apasiona y emociona a mucha gente. Lo grandioso es que pese a fabulosa apuesta, el Madrid le llev\u00f3 al l\u00edmite la pasada temporada y puede hacerlo esta sino que se excusa en ser v\u00edctima de no s\u00e9 qu\u00e9 conspiraci\u00f3n.<\/p>\n<p>P.- \u00bfC\u00f3mo ve la transformaci\u00f3n del Getafe y especialmente de Michel? Ha pasado de jugar muy bien con 3 centrocampistas y 1 delantero, a hacerlo con 2. Ha variado sus &#8220;principios&#8221; para salvar las carencias de sus delanteros, y el equipo sigue jugando bien. Igual de blanditos, pero con un f\u00fatbol divertido.<\/p>\n<p>R.- Me alegra mucho ver c\u00f3mo se ha recuperado tras unas semanas de zozobra y rumores inquietantes sobre Michel y el vestuario. Es un equipo que juega bien, que mantiene una ambiciosa idea del juego pese a contar, en mi opini\u00f3n, con peor plantilla que hace un a\u00f1o. Por ahora, con Colunga y Miku no se olvida a Soldado. Es de los equipos que gusta ver, aunque a veces, y es l\u00f3gico, sea algo blando. Frente al Madrid, el d\u00eda 2, dar\u00e1 pistas de su nueva medida. Y el trabajo de Michel me parece magn\u00edfico. me consta, adem\u00e1s, que tiene m\u00e1s de un ojo en una cantera a punto de florecer.<\/p>\n<p>P.- Buenas tardes se\u00f1or S\u00e1mano: La verdad es que, a veces, no entiendo a los periodistas. Ayer en la rueda de prensa, le preguntaron a Mou una sarta de idioteces ret\u00f3ricas, de excusas, para que se hiciera el m\u00e1rtil otra vez&#8230; en cambio omitieron preguntas tales como: qu\u00e9 le pasa al Madrid si no est\u00e1 Xabi Alonso (porque en Europa nos meriendan), \u00f3: porqu\u00e9 no conf\u00edas de entrada en Granero o Le\u00f3n, ya que con Lass y Kedhira el f\u00fatbol del Madrid es pobr\u00edsimo&#8230; <\/p>\n<p>R.- Tiene usted parte de raz\u00f3n, pero las ruedas de prensa con Mou no son todo lo abiertas que debieran. El se ci\u00f1e al mensaje que quiere expandir y las preguntas se acaban a su antojo. Por cierto, recuerdo c\u00f3mo en Mil\u00e1n, en la previa, ensalz\u00f3 a Howard Webb (el que ignor\u00f3 la patada de De Jong a Alonso en Johannesburgo), y luego nada le reproch\u00f3 con un gol de Inzaghi en clar\u00edsimo fuera de juego. Se ve que su rasero con los \u00e1rbitros brit\u00e1nicos es otro y me pregunto por qu\u00e9.<\/p>\n<p>P.- Hola jose,felicidades por la manera de hacer periodismo en El Pais.Y no ser\u00e1 que el arbitro era muy malo?He leido a periodistas acusar de villarato lo de anoche cuando \u00e9ste arbitro fue el que expulso a Guardiola y a Ibra y luego false\u00f3 el acta.No cree que le estan dando demasiado poder a Mourinho? <\/p>\n<p>R.- Estoy totalmente de acuerdo con usted. A Mou, a causa de las urgencias del club, le han dado tanto poder que ahora se cree que \u00e9l est\u00e1 por encima de una instituci\u00f3n como el Madrid. Vamos, que considera que la instituci\u00f3n que le paga est\u00e1 a sus servicios.<\/p>\n<p>P.- Buenas tardes Jos\u00e9. \u00bfNo te parece que la convulsa situaci\u00f3n que esta viviendo ahora el Madrid era bastante previsible desde que se fich\u00f3 a Mourinho?.<\/p>\n<p>R.- Su pasado le preced\u00eda, sin duda. Pero pens\u00e9, por lo que veo equivocadamente, que la dimensi\u00f3n del Real Madrid le har\u00eda ser m\u00e1s prudente. Lo reconozco, me equivoqu\u00e9: Mou no es un hombre de club; Mou es de Mou sociedad limitada.<\/p>\n<p>P.- Hola Jos\u00e9.Dos preguntas: \u00bfCree que el Bernabeu aguantar\u00e1 muchos partidos como el de ayer?\u00bfQu\u00e9 pasar\u00e1 con Mou el d\u00eda que la afici\u00f3n del Madrid pite al equipo, se enfrentar\u00e1 tambi\u00e9n con el p\u00fablico?Muchas gracias.<\/p>\n<p>R.- Ha aguantado muchos similares en los \u00faltimos tiempos. Ante el Sevilla el Madrid jug\u00f3 mal, le faltaban jugadores imprescindibles y el 5-0 a\u00fan es una losa. No obstante, como tantas veces, es algo gen\u00e9tico, apel\u00f3 a la heroica cuando se qued\u00f3 con diez. F\u00edjese que pienso que once contra once igual no hubiera ganado. Todos los equipos tienen malos d\u00edas y cuando se gana como finalmente se hizo ante el Sevilla la afici\u00f3n puede estar satisfecha.<\/p>\n<p>P.- ?Cree Ud que el arbitraje de la liga espanola este a la altura de lo que esta ofrece como deporte y como espectaculo? Piensa que seria necesario analizar como se seleccionan y preparan los arbitros en Espana?<\/p>\n<p>R.- No me gusta el arbitraje de casi ning\u00fan pa\u00eds. Su protagonismo, buscado por ellos mismos, y la falta de naturalidad y transparencia del colectivo no le beneficia en nada.<\/p>\n<p>P.- Cual es el deporte que mas te gusta ver? En la tele En directo Y cual es el que prefieres practicar? Ahora o hace a\u00f1os. Gracias Jos\u00e9<\/p>\n<p>R.- Me encanta casi todo evento deportivo, soy un adicto, por vocaci\u00f3n antes que por profesi\u00f3n. Por desgracia ya no practico nada, aunque siempre fui un devoto practicante de los deportes con raqueta.<\/p>\n<p>P.- Hola Jose, dos preguntas:1) C\u00f3mo piensa que va a evolucionar la relaci\u00f3n Florentino-Valdano-Mourinho tras la salida de tono de este \u00faltimo? 2) Ve factible la marcha del portugu\u00e9s si no hay titulos esta temporada? <\/p>\n<p>R.- Supongo que la estrategia ser\u00e1 mantener el silencio e intentar que amaine. Pero si esta vez consiguen disimular el malestar de la c\u00fapula con el t\u00e9cnico, este de nuevo les pondr\u00e1 contra las cuerdas en un futuro. Por supuesto que veo factible que Mou se vaya (o le despidan) si no llegan los t\u00edtulos. Es lo que tiene cuando se ficha a un Ganador. <\/p>\n<p>P.- Hola buenas tardes Jose.- no crees que Pedro a sorprendido incluso a Guardiola, con su evolucion. Que te parece a ti como jugador. Saludos<\/p>\n<p>R.- Dudo que haya sorprendido a Guardiola, un feligr\u00e9s suyo desde sus tiempos de convicencia en Tercera. Pedro tiene unas cualidades extraordinarias para este Bar\u00e7a: maneja de maravilla las dos piernas, sale por izquierda o derecha, se desmarca como pocos, es preciso en el remate, anota casi siempre en los grandes partidos, es abnegado y humilde y no ha olvidado de d\u00f3nde viene.<\/p>\n<p>P.- Buenas tardes, Sr. S\u00e1mano. Visto lo que est\u00e1 ocurriendo cada fin de semana con el entrenador del Madrid, \u00bfqu\u00e9 tiene, a t\u00fa juicio, m\u00e1s importancia: lo que le ha dado Mou al equipo o lo que le est\u00e1 quitando a la Entidad? Por otra parte, hace poco dec\u00edas que la conexi\u00f3n Villa &#8211; Messi no hab\u00eda funcionado, \u00bfHas cambiado de opini\u00f3n?. Gracias por tu gran labor. <\/p>\n<p>R.- Por ahora, Mou no ha aportado nada a la maravillosa leyenda del Real Madrid. Es un advenedizo y en su mochila hay varias broncas con otros clubes y un 5-0 en Barcelona, y desarires a j\u00f3venes como Canales, Pedro Le\u00f3n&#8230; Todav\u00eda no tiene motivos para presumir como presume. En cuanto a Villa y Messi creo que han alcanzado la sincronizaci\u00f3n perfecta. Villa ya entiende cu\u00e1ndo debe desmarcarse. <\/p>\n","protected":false},"excerpt":{"rendered":"<p>El redactor Jefe de Deportes de EL PA\u00cdS, Jos\u00e9 S\u00e1mano, ha charlado con los lectores sobre la jornada de Liga, as\u00ed como del resto de la actualidad deportiva.<\/p>\n<p>M\u00e1s entrevistas digitales<br \/>\n ARCHIVO DE ENTREVISTAS:<br \/>\n &#8211; 13 de diciembre<br \/>\n &#8211; 6 de diciembre<br \/>\n &#8211; 30 de noviembre &#8211; 22 de noviembre<br \/>\n &#8211; 15 de noviembre &#8211; 8 de noviembre<br \/>\n &#8211; 1 de noviembre &#8211; 25 de octubre<br \/>\n &#8211; 18 de octubre &#8211; 4 de octubre<br \/>\n &#8211; 27 de septiembre &#8211; 20 de septiembre<br \/>\n &#8211; 13 de septiembre &#8211; 30 de agosto<\/p>\n","protected":false},"author":1,"featured_media":0,"comment_status":"open","ping_status":"open","sticky":false,"template":"","format":"standard","meta":{"footnotes":""},"categories":[],"tags":[],"class_list":["post-7935","post","type-post","status-publish","format-standard","hentry"],"_links":{"self":[{"href":"https:\/\/intervius.com\/index.html\/wp-json\/wp\/v2\/posts\/7935","targetHints":{"allow":["GET"]}}],"collection":[{"href":"https:\/\/intervius.com\/index.html\/wp-json\/wp\/v2\/posts"}],"about":[{"href":"https:\/\/intervius.com\/index.html\/wp-json\/wp\/v2\/types\/post"}],"author":[{"embeddable":true,"href":"https:\/\/intervius.com\/index.html\/wp-json\/wp\/v2\/users\/1"}],"replies":[{"embeddable":true,"href":"https:\/\/intervius.com\/index.html\/wp-json\/wp\/v2\/comments?post=7935"}],"version-history":[{"count":0,"href":"https:\/\/intervius.com\/index.html\/wp-json\/wp\/v2\/posts\/7935\/revisions"}],"wp:attachment":[{"href":"https:\/\/intervius.com\/index.html\/wp-json\/wp\/v2\/media?parent=7935"}],"wp:term":[{"taxonomy":"category","embeddable":true,"href":"https:\/\/intervius.com\/index.html\/wp-json\/wp\/v2\/categories?post=7935"},{"taxonomy":"post_tag","embeddable":true,"href":"https:\/\/intervius.com\/index.html\/wp-json\/wp\/v2\/tags?post=7935"}],"curies":[{"name":"wp","href":"https:\/\/api.w.org\/{rel}","templated":true}]}}