{"id":7912,"date":"2010-12-15T00:00:00","date_gmt":"2006-11-06T00:00:00","guid":{"rendered":"https:\/\/intervius.com\/index.html\/?p=7912"},"modified":"2006-11-06T00:00:00","modified_gmt":"2006-11-06T00:00:00","slug":"Javier_Hoyos7912","status":"publish","type":"post","link":"https:\/\/intervius.com\/index.html\/Javier_Hoyos7912\/","title":{"rendered":"Javier Hoyos"},"content":{"rendered":"<p>Pregunta.- Javi qu\u00e9 opinas de la pol\u00e9mica entre Cristiano Ronaldo e Iker Casillas. Y m\u00e1s all\u00e1 de eso, crees que si dos jugadores se llevan muy mal a nivel personal, es factible que se lleven bien a nivel terreno de juego?<\/p>\n<p>Respuesta.- Hola Mariola. Lo primero es recordar que en un colectivo tan grande como un equipo de f\u00fatbol es cas imposible que todos sean amigos del alma. Dicho esto, creo que es perfectamente posible en un equipo que dos personas no se lleven de maravilla pero sin embargo logren funcionar bien dentro del conjunto. Al final de todo est\u00e1 la profesionalidad y creo que ambos protagonistas han demostrado sobradamente la suya. Un abrazo.<\/p>\n<p>P.- Felicidades por el Carrusel Deportivo y por mantener la apuesta por lo local. Al menos en Tenerife, la gran fuerza de los deportes de la SER es el programa que hacen a las 2:10 y las grandisimas transmisiones. Un abrazo Javi y espero que aceptes mi opinion. Yo no me he cambiado.<\/p>\n<p>R.- Hola Pol. Me alegro que no hayas cambiado y te agradezco la felicitaci\u00f3n. En cuanto a la fuerza del deporte en la SER est\u00e1 fuera de toda duda siendo creo, los \u00fanicos capaces de mantener al m\u00e1s alto nivel la doble apuesta por la informaci\u00f3n local unida a la apuesta de cadena. Se que ambas son importantes para mantener el apoyo de todos vosotros, los oyentes. Un abrazo.<\/p>\n<p>P.- Hola Javier! Discut\u00eda el otro d\u00eda con un compa\u00f1ero de trabajo a la hora de comer acerca de don Andr\u00e9s Iniesta. Crees, sinceramente, que el manchego ha llegado ya al nivel de Zinedine Zidane? Muchas gracias<\/p>\n<p>R.- Hola Roberto. Hay que diferenciar, en mi opini\u00f3n, dos cosas; de un lado la calidad y de otro el lugar en el esquema del equipo. La diferencia entre Andr\u00e9s y Zidane se establece en el segundo, esto es, su puesto en el terreno de juego. En cuanto a la calidad es absolutamente indudable que est\u00e1n equiparados. A eso habr\u00eda que a\u00f1adir los \u00e9xitos deportivos y ah\u00ed tampoco hay diferencias. Un abrazo.<\/p>\n<p>P.- \u00bfVES FACTIBLE UN ATHLETIC EN CHAMPIONS? UN SALUDO<\/p>\n<p>R.- Hola Juanan. Pese a que al comienzo de temporada llegu\u00e9 a apuntar al Athletic como una de la sorpresas positivas para este a\u00f1o, est\u00e1 rindiendo por debajo de mis expectativas. Yo sigo convencido de que ha dado con una columna vertebral de gran nivel sin embargo, Iraizoz est\u00e1 rindiendo por debajo de lo esperado y el gran Javi Mart\u00ednez pagando el post mundial. Si a ello le unimos que la defensa no cierra tanto y tan claro s\u00f3lo nos resta Llorente. Sigo pensando que hay mejor base que otras temporadas pero el rendimiento no lo ratifica. Confianza. Nos escuchamos.<\/p>\n<p>P.- Hola Javier, aqui un ma\u00f1o bastante desilusionado con su equipo, no se si tu ver\u00e1s algun remedio revulsivo como el a\u00f1o pasado con los fichajes. Y otra cosa, estuve en la romareda el domingo y sigo diciendo que desde que paso messi el a\u00f1o pasado por aqui no he visto nada igual, y que cristiano se haga mirar porque le pitan en todos los campos y a messi le aplauden. Gracias<\/p>\n<p>R.- Hola Alejandro. En referencia al Zaragoza, veo al equipo deslabazado con falta de credibilidad y de mentalidad ganadora. Es verdad que adem\u00e1s se necesita gol, portero y muchas cosas pero es que la mentalidad es clave y sinceramente les noto tocados. A estas alturas es b\u00e1sico dar con un par de fichajes que sustenten la estructura pero ya sabes que el mercado de invierno, tan bueno para vosotros el pasado a\u00f1o, no siempre resulta. Nos seguimos escuchando.<\/p>\n<p>P.- Hola Javi, creo que hay campeones del mundo que no tienen el reconocimiento que merecen porque son tapados por otras estrellas. Hablo de Pedrito, capdevila, javi martinez, arbeloa o incluso el mismisimo SERGIO BUSQUETS. Creo que han sido todos ellos importantes, por no habar de los que no jugaron como Reina, Valdes o Albiol. Creo que en cada campo de espa\u00f1a en el que pase cualquier equipo con campeones de mundo espa\u00f1oles deberian entregarles una placa como creo que hace el Levante. Muchas gracias por darnos la oportunidad de hablar con usted.<\/p>\n<p>R.- Hola Paco Huesca. Me parece una idea perfecta. Al fin y al cabo la mayor alegr\u00eda deportiva que nos hemos llevado nos la han dado ellos. Todos pens\u00e1bamos que hab\u00eda una especie de mal fario permanente que imped\u00eda a la selecci\u00f3n espa\u00f1ola de f\u00fatbol alcanzar el \u00e9xito. Este 2010 se ha logrado y creo que deben ser valorados cada d\u00eda. En lo que no estoy tan de acuerdo es en que nos se valore a todos, sinceramente son buen\u00edsimos y creo que se les reconoce la val\u00eda. Un abrazo amigo.<\/p>\n<p>P.- Hola Javier, en primer lugar, enhorabuena por vuestro trabajo, sigo enganchado a Carrusel. Pero tengo una queja. Se afirm\u00f3 que, con la nueva etapa, se iba a desterrar cualquier rastro de machismo, y sin embargo, no hay ni una sola mujer en el programa. Vaya por delante que no creo en las cuotas, pero, \u00bfacaso no hay mujeres validas en la redacci\u00f3n? porque yo oigo chicas en la ser que dan muchas vueltas a algunos&#8230;.Un saludo y gracias<\/p>\n<p>R.- Hola Jerky. Gracias por tu apoyo. En una conferencia en la Universidad de Palma he recordado esta semana que una de las tareas clave pendientes es esa entrada de mujeres en Carrusel. No basta con Laura Mart\u00ednez y debe haber otras independientemente de las cuotas. Hay grand\u00edsimas profesionales y te aseguro que van a seguir entrando. Un saludo y gracias a ti.<\/p>\n<p>P.- Que tal Javier como estas, veo una gran polvareda en relacion a fichar o no fichar por el Madrid en el mercado de invierno, yo opino que si quieren fichar que lleven a Tevez que se ha declarado en rebeldia y si no quieren fichar que pasen a Di Maria a la izquierda, entra Pedro Leon y Cristiano pase al centro del campo como muchas veces los hizo con el United, que opinas tu?, saludos<\/p>\n<p>R.- Hola Panagil. La verdad es que estoy estoy de acuerdo con Mourinho en la falta de m\u00e1s opciones en la delantera. Benzema ha dejado claro que no es delantero para el Real Madrid. Es verdad que CRistiano, Higua\u00edn, incluso Di Mar\u00eda est\u00e1n ah\u00ed pero hace falta alg\u00fan otro hombre gol. Lo que tu planteas son alternativas con lo disponible, otra cosa es si existe o no esa necesidad. Un Abrazo.<\/p>\n<p>P.- Esta semana, no quiero preguntarte nada, s\u00f3lo mandarte un saludo.Y a seguir trabajando, para mejorar cada vez m\u00e1s el programa.<\/p>\n<p>R.- Hola Guada. Pues me alegro que te tomes el esfuerzo de mandar al menos el correo para apoyar al carrusel. Te pued asegurar que el trabajo contin\u00faa. UN abrazo.<\/p>\n<p>P.- por que no se respeta la presunci\u00f3n de inocencia? no me gusta el trato que se ha dado a marta dominguez en la prensa deportiva..acaso no es necesaria primero una condena para hablar de nada? ahora el da\u00f1o que le habeis hecho los periodistas no tiene posible reparaci\u00f3n.porque supongo que si la dejan libre lo pondreis en una columna peque\u00f1a o pasareis de hablar de eso no?<\/p>\n<p>R.- Hola Leov. Te respondo por Carrusel. Aqu\u00ed siempre hemos recordado la presunci\u00f3n de inocencia por m\u00e1s que las pruebas parecen determinantes en contra de Marta Dom\u00ednguez. Con todo, estoy de acuerdo contigo en esperar al desenlace judicial del caso. Lo que no acepto es que vayamos luego, en caso que su nombre deba quedar limpio, a obviarlo. Para mi es esencial en el trabajo de los medios evitar que pague quien no debe. Un abrazo.<\/p>\n<p>P.- Hola Javier! En primer lugar felicitaciones por el programa que dirigues. En segundo lugar preguntarte sobre que crees que deber\u00eda hacer el real madrid con el tema del 9. Muchas gracias.<\/p>\n<p>R.- Hola Faustino. Gracias por tu apoyo. Creo que Benzema ha demostrado en todas las oportunidades recibidas quen no es tan gran delantero como se presum\u00eda y que el Real Madrid debe encontrar un verdadero cazagoles que entronque bien en el modelo de trabajo propuesto por Mourinho. Gracias a ti.<\/p>\n<p>P.- hola javier la noticia sobre el caso de marta dominguez es un palo tremendo para el deporte en general pero creo que al que va a terminar de rematar es a contador.me gustaria saber su opinion gracias yn saludo.<\/p>\n<p>R.- Hola Manuel Cantabria. YO creo que no es bueno colocar en el mismo plano realidades diferentes. El caso Contador, por m\u00e1s que tenga tambi\u00e9n mala pinta, no deber\u00eda verse influido por el caso Marta Dom\u00ednguez. Veremos qu\u00e9 sucede con ambos pero uno no deber\u00eda influir en otro. Eso si, el p\u00e1lpito que deja en torno al deporte espa\u00f1ol no me gusta pues da argumentos a quienes molestan nuestros \u00e9xitos. Un abrazo.<\/p>\n<p>P.- Felicitaros porque creo que el programa va cagiendo mayor naturalidad y alegr\u00eda y porque en el uso de la publicidad est\u00e1is siendo muy novedosos, sobre todo con las magistrales intervenciones de Carlos Iribarren. \u00bfTen\u00e9is previstas nuevas novedades? Por otra parte, tendr\u00e1 fin el culebr\u00f3n de la posible marcha de Manolo Lama y en su caso, c\u00f3mo lo vais a gestionar? Gracias por ser fiel a tu cita de los mi\u00e9rcoles en las entrevistas digitales<\/p>\n<p>R.- Hola Pozas. Alba\u00f1iler\u00eda y gotel\u00e9, carlos Iribarren, est\u00e1 siendo efectivamente una novedad muy positiva en este nuevo tiempo de Carrusel en el que estoy de acuerdo contigo en que seguimos adelante en el proceso de mejora continua. El Gran Ortega se apoya en \u00e9l para seguir innovando y haciendo la mejor publicidad posible. Efectivamente tenemos otras novedades en caretra pero es necesario ir poco a poco. En cuanto a esta cita de los mi\u00e9rcoles tiene para min tanta importancia como cualquier Carrusel. Seguiremos. <\/p>\n<p>P.- Buenos d\u00edas Javier, m\u00e1s que una pregunta lo que quisiera comentar es una recomendaci\u00f3n; pr\u00e1ctico un deporte que se llama Triatl\u00f3n, en el c\u00faal somos una potencia mundial, Javi Gomez Nolla, Eneko LLanos, Marcel Zamora, Marina Dalimcurt, Virginia Berasategui&#8230; creo que debe\u00eds apostar por el triatl\u00f3n (una secci\u00f3n, un trozito de programa no se&#8230;). En cuest\u00edon de 4 a\u00f1os las fichas federativas an aumentado un 400%. Pienso realmente que es el deporte m\u00e1s en auge y apostar a \u00e9l es caballo ganador. Un abrazo y piensenlo.<\/p>\n<p>R.- Hola Martan. No s\u00f3lo acepto tu recomendaci\u00f3n sino que te aseguro que lo tengo muy en cuenta. Soy amigo de Virginia Berasategui a quien conozco, como a su padre, hace muchos a\u00f1os y saben que les he apoyado y seguir\u00e9 haci\u00e9ndolo. Javier G\u00f3mez Nolla pas\u00f3 ya por Carrusel donde le hicimos una entrevista hace apenas unas semanas. Te aseguro que en Carrusel va a seguir habiendo tiempo para acercarnos a esos otros deportes que, por cierto, a mi me encantan. Durante a\u00f1os me he dedicado a traerles a la radio en el Ser Aventureros y seguir\u00e9 as\u00ed esta vez en Carrusel. Un abrazo.<\/p>\n<p>P.- Hola Javi!Primero quer\u00eda darte la enhorabuena por el programa, yo os sigo fielmente y me parece que lo est\u00e1is haciendo muy bien. Bueno mi pregunta es acerca de Mourinho, objetivamente \u00bfno crees que manche un poco nuestro f\u00fatbol y nuestra liga con tanto victimismo, acusaciones, y numeritos?a mi sinceramente me duele mucho que se le de bola a este personaje y no tanto a grandes profesionales como Pochettino, Michel, Laudrup, Lotina, etc.Muchas Gracias!<\/p>\n<p>R.- Hola amigo, con ese nombre ya imagino que eres uno de los nuestros y me alegro much\u00edsimo. Tengo que decirte que buena parte de esos n\u00fameros montados por Mourinho tampoco me han gustado a mi. Otra cosa es que no los entienda, el ha llegado al Real Madrid con todas las exigencias que eso supone en un momento dulce para el Barsa y por ello debe hacer cuanto est\u00e9 en su mano para molestar ese per\u00edodo y cambiar la t\u00f3nica. Dicho esto, es verdad que hay gentes en nuestro f\u00fatbol y en el deporte en general a los que seguramente no prestamos la atenci\u00f3n debida. Nos seguimos escuchando.<\/p>\n<p>P.- QUE ESPERAS QUE PASE EN LIGA ENTRE EL BARSA Y EL MADRID. O HABRA OTRO EQUIPO QUE PUEDA DISPUTARLES LA LIGA A AMBOS EQUIPOS<\/p>\n<p>R.- Hola Julio. A estas alturas y tras el partido del Camp Nou creo que el Barsa tiene m\u00e1s papeletas para mantener el dominio. Al Madrid le queda seguir apretando d\u00eda a d\u00eda en la tabla y mantener el proceso de construcci\u00f3n del equipo con Mourinho a la cabeza para ver si en el Bernabeu hay opci\u00f3n de dar la vuelta. Eso si, en cuanto a la posibilidad de que otro equipo les apriete, por desgracia ya me he dado por vencido esta temporada. Un abrazo.<\/p>\n<p>P.- Hola Javier, encantado de charlar con el conductor del programa deportivo n\u00famero uno de la radio deportiva. En la entrevista que ayer hizo Joserra a Casillas en el Larguero se puso de manifiesto el conflicto que enfrenta al n\u00facleo duro del vestuario con Cristiano. Eso se une a las propias quejas de Cristiano de que s\u00f3lo los M\u00e1rcelos y Pepes se acercan a \u00e9l a celebrar los muchos goles que marca este a\u00f1o, al hecho de haberse erigido como enemigo p\u00fablico n\u00famero uno de las aficiones contrarias y que pocos o ninguno del vestuario salgan en su defensa, etc. \u00bfNo crees que el asunto est\u00e1 entrando en una espiral peligrosa que de ir creciendo puede provocar la salida de Cristiano a medio plazo del Real Madrid?. \u00bfNo ser\u00eda este un \u201clujo\u201d que no deber\u00edamos permitirnos bajo ning\u00fan concepto en la Liga Espa\u00f1ola?. Gracias y un abrazo. <\/p>\n<p>R.- Hola Carlos MIchel. Comienzo por el final. Cristiano, como sucede con Messi no deben salir de la liga. Son seguramente el aliciente clave. En cuanto a esa espiral de la que hablas, dudo mucho que un tipo tan listo como Mourinho vaya a dejar que siga complic\u00e1ndole la vida. Uno siempre quiere que los mejores del mundo est\u00e9n en su equipo y no parece l\u00f3gico permitir que eso se rompa. Un abrazo y muchas gracias por tus palabras. <\/p>\n","protected":false},"excerpt":{"rendered":"<p>Javi Hoyos charlar\u00e1 con todos vosotros sobre la actualidad deportiva, como cada mi\u00e9rcoles a las 13h. Env\u00eda tu pregunta<\/p>\n","protected":false},"author":1,"featured_media":0,"comment_status":"open","ping_status":"open","sticky":false,"template":"","format":"standard","meta":{"footnotes":""},"categories":[],"tags":[],"class_list":["post-7912","post","type-post","status-publish","format-standard","hentry"],"_links":{"self":[{"href":"https:\/\/intervius.com\/index.html\/wp-json\/wp\/v2\/posts\/7912","targetHints":{"allow":["GET"]}}],"collection":[{"href":"https:\/\/intervius.com\/index.html\/wp-json\/wp\/v2\/posts"}],"about":[{"href":"https:\/\/intervius.com\/index.html\/wp-json\/wp\/v2\/types\/post"}],"author":[{"embeddable":true,"href":"https:\/\/intervius.com\/index.html\/wp-json\/wp\/v2\/users\/1"}],"replies":[{"embeddable":true,"href":"https:\/\/intervius.com\/index.html\/wp-json\/wp\/v2\/comments?post=7912"}],"version-history":[{"count":0,"href":"https:\/\/intervius.com\/index.html\/wp-json\/wp\/v2\/posts\/7912\/revisions"}],"wp:attachment":[{"href":"https:\/\/intervius.com\/index.html\/wp-json\/wp\/v2\/media?parent=7912"}],"wp:term":[{"taxonomy":"category","embeddable":true,"href":"https:\/\/intervius.com\/index.html\/wp-json\/wp\/v2\/categories?post=7912"},{"taxonomy":"post_tag","embeddable":true,"href":"https:\/\/intervius.com\/index.html\/wp-json\/wp\/v2\/tags?post=7912"}],"curies":[{"name":"wp","href":"https:\/\/api.w.org\/{rel}","templated":true}]}}