{"id":7883,"date":"2010-12-07T00:00:00","date_gmt":"2006-11-06T00:00:00","guid":{"rendered":"https:\/\/intervius.com\/index.html\/?p=7883"},"modified":"2006-11-06T00:00:00","modified_gmt":"2006-11-06T00:00:00","slug":"Cristina_Anton7883","status":"publish","type":"post","link":"https:\/\/intervius.com\/index.html\/Cristina_Anton7883\/","title":{"rendered":"Cristina Ant\u00f3n"},"content":{"rendered":"<p>Pregunta.- \u00bfCu\u00e1nto te han reducido el sueldo este a\u00f1o? <\/p>\n<p>Respuesta.- Hola Manuel, desde el Real Decreto de febrero m\u00e1s de un 40% y a\u00f1ado que yo jam\u00e1s he hecho horas extras.<\/p>\n<p>P.- Hola Cristina, \u00bfqu\u00e9 conclusi\u00f3n sacas despu\u00e9s de leer los m\u00e1s de 5.000 comentarios que hay en tu blog &#8220;controladores a\u00e9reos y otras hierbas&#8221;? \u00bfCrees que os ha beneficiado tu exposici\u00f3n de los hechos o por el contrario os ha perjudicado? Gracias<\/p>\n<p>R.- Hola Tuki, En primer lugar pido perd\u00f3n humildemente a todos los afectados por lo sucedido el viernes y entiendo su enfado y que me hayan dicho de todo en el blog. Por otra parte he descubierto que cada ez hay m\u00e1s gente deseosa de tener m\u00e1s informaci\u00f3n sobre nuestra situaci\u00f3n, que hay mucha gente con ganas de pelear por cambiar las cosas en Internet y que mucha gente nos apoya.<\/p>\n<p>P.- Dicen ustedes que 1.800 horas son demasiadas para mantener un grado suficiente de atenci\u00f3n y concentraci\u00f3n para realizar vuestro trabajo con seguridad. \u00bfTambi\u00e9n pon\u00edan la seguridad de los pasajeros en riesgo cuando trabajaban hasta las 2.000 horas, cuando las horas extras se pagaban el triple que las ordinarias?<\/p>\n<p>R.- Hola MIkel, No se trata de que uno pueda trabajar m\u00e1s por estar mejor pagado sino de que cuando hab\u00eda extras \u00e9ramos m\u00e1s personas para repartir el trabajo. No es lo mismo que t\u00fa tengas que hacer cien cestos t\u00fa solo que que los hag\u00e1is entre tres. Si sois tres os cans\u00e1is menos cada d\u00eda y por ello pod\u00f1eis trabajar m\u00e1s veces. A m\u00ed me valdr\u00eda que me pagasen lo mismo que ahora y que entrasen trescientos controladores m\u00e1s.<\/p>\n<p>P.- Hola Cristina. Quede claro que no tengo nada contra las personas, y s\u00ed contra las acciones causadas por algunas personas (vosotros, o vuestros representantes). Lo de iniciar una huelga ilegal, se vea como se vea, es absolutamente injustificable; \u00bfSois conscientes de que os hab\u00e9is ganado la animadversi\u00f3n para siempre de buena parte de la sociedad espa\u00f1ola? \u00bfNo crees que hubieran existido otros medios?<\/p>\n<p>R.- Hola Salvador, Est\u00e1s enfocando las cosas desde la perspectiva de alguien para quien el sistema funciona, y no es nuestro caso. A nosotros no se nos aplican las leyes como a t\u00ed. Nos levantan las bajas, no tenemos derecho a hacer huelga porque nos imponen servicios m\u00ednimos del 120%, no se respeta el Estatuto de los Trabajadores. \u00bfNo crees que si estamos dispuestos s tirarnos en masa por un barranco es porque nos han acorralado de tal manera que no vemos ninguna otra salida?<\/p>\n<p>P.- \u00bfQu\u00e9 hay que hacer para ser controlador?<\/p>\n<p>R.- Ahora mismo creo que tienes que presentarte en SENASA, tener un nivel alto de ingl\u00e9s, un aedad m\u00ednima y 45.000 euros para pagarte el curso. Antes lo pagaba AENA. Ya no y es una l\u00e1stima.<\/p>\n<p>P.- \u00bfComo se puede admitir que las horas extras superen a la jornada de trabajo? Las horas extras deber\u00edan ser para imprevistos, no para completar jornadas habituales de trabajo<\/p>\n<p>R.- Hola Jimbo, AENA es quien deber\u00eda contestar a esa pregunta. Ellos ofertaban las horas extras, nosotros las hac\u00edamos. De todos modos piensa que hace mucho tiempo que no somos controladores suficientes y el tr\u00e1fico ha aumentado much\u00edsimo. \u00bfPor qu\u00e9 no decidieron otra cosa? Yo no lo s\u00e9.<\/p>\n<p>P.- \u00bfCrees que la cobertura dada por los medios de comunicacion es la correcta? En ning\u00fan momento se ha oido la voz de los controladores. \u00bfCrees que ahora se os va a oir? <\/p>\n<p>R.- Hola Ole, Creo que hasta este momento la mayor\u00eda s\u00f3lo ha dado la versi\u00f3n del ministro de Fomento. Espero sinceramente que s\u00ed. Yo desde luego lo intento con toda la esperanza de que llegue hasta vosotros nuestra versi\u00f3n para que pod\u00e1is opinar conociendo las dos partes, que creo que es esencial.<\/p>\n<p>P.- \u00bfV\u00e1is a volver a liarla en Navidades? S\u00e9 sincera. Gracias<\/p>\n<p>R.- Hola Charo, Lo de liarla es cierto pero no, ya que no fue nada premeditado, de modo que no creo que concurran circunstancias id\u00e9nticas dos veces. No es ni ha sido jam\u00e1s nuestra intenci\u00f3n montar la que se mont\u00f3, simplemente no pudimos m\u00e1s ese d\u00eda y despu\u00e9s de n decretazos. Por la parte que me toca no quiero repetir porque fue espantoso, y espero que el ministro por la que le toca a \u00e9l nos libre de un nuevo decretazo navide\u00f1o, que hay que reconocerle al hombre un gran don de la oportunidad.<\/p>\n<p>P.- \u00bfNo se podr\u00edan programar esas huelgas con unos meses de antelaci\u00f3n?<\/p>\n<p>R.- Hola Xurxo, No hubo ninguna huelga. Fue un BASTA YA que nos sali\u00f3 del fondo del est\u00f3mago porque no podemos m\u00e1s. Nosotros no tenemos derecho a la huelga, o bueno s\u00ed, pero con servicios m\u00ednimos del 120% \u00bfQu\u00e9 te parece?<\/p>\n<p>P.- Estimada Cristina: \u00bfcual crees que es la mejor soluci\u00f3n en el corto plazo a la situaci\u00f3n generada? \u00bfQu\u00e9 crees que puede sacrificar razonablemente el colectivo de controladores para estabilizar el conflicto?<\/p>\n<p>R.- Hola Juan, Al colectivo de controladores ya le robaron todo salvo su dignidad el d\u00eda 6 de febrero. La mejor y \u00fanica soluci\u00f3n en mi opini\u00f3n es que se sienten a negociar un convenio con nosotros, yo no pido m\u00e1s que que se respeten mis derechos constitucionales. S\u00f3lo quiero volver a trabajar tranquila y con normalidad.<\/p>\n<p>P.- \u00bfOs sent\u00eds unos privilegiados en comparaci\u00f3n con otros sectores de actividad?<\/p>\n<p>R.- Hola Juancora, Teniendo en cuenta que no tengo ni un s\u00f3lo dercho de los que t\u00fa tienes desde febrero, la verdad es que me siento de todo menos privilegiada. Cualquier otro sector ahora mismo est\u00e1 mejor que yo. Por lo menos duermen.<\/p>\n<p>P.- Por la respuesta a la pregunta n\u00famero 3, parece ser que su problema es que no quiere usted trabajar las 1.800 horas si no menos. \u00bfCierto ?<\/p>\n<p>R.- Hola Jmp, Son 1670 al a\u00f1o \u00bfo 1760? ya ni s\u00e9, que en mi opini\u00f3n son una burrada porque recuerda que yo trabajo a turnos y necesito m\u00e1s tiempo que una persona normal para recuperarme y estar en buenas condiciones para controlar. Pero si tiene que ser que el l\u00edmite mensual por ejemplo no pase de 160. 200 horas es salvaje.<\/p>\n<p>P.- Hola, \u00bfaceptar\u00edas un convenio que reflejara la media de los controladores europeos tanto en jornada como en sueldo? Un saludo.<\/p>\n<p>R.- Hola Javi, Sin pesta\u00f1ear.<\/p>\n<p>P.- \u00bfC\u00f3mo se vivieron las horas cr\u00edticas en las torres con los militares al mando?<\/p>\n<p>R.- Hola Ferm\u00edn, Fue un poco desconcertante porque para ellos era bastante inc\u00f3modo y para nosotros una marcianada, pero se portaron bien, lo que pasa es que si eres una persona normal y corriente estresa un poco lo de tener al lado tanto caballero con pistola y tal.<\/p>\n<p>P.- Estropear el puente a cientos de miles de personas y, por consiguiente, atraerse la animadversi\u00f3n de la mayor\u00eda de la opini\u00f3n p\u00fablica \u00bfUn error de c\u00e1lculo o, directamente, un suicidio reivindicativo? <\/p>\n<p>R.- Hola Sasisoto, Una faena para vosotros, un horror para nosotros, y una burrada por parte del ministro de Fomento, que es el que nos ha llevado a un asituaci\u00f3n l\u00edmite que pod\u00eda haber evitado perfectamente sent\u00e1ndose a negociar.<\/p>\n<p>P.- \u00bfCu\u00e1l es tu propia opini\u00f3n acerca de tu sueldo?<\/p>\n<p>R.- Hola Jes\u00fas, que el menor de mis problemas ahora mismo es la pasta porque me veo cambiando de trabajo en no demasiado tiempo si esto sigue as\u00ed.<\/p>\n<p>P.- \u00bfUGT y CCOO no les apoyan? <\/p>\n<p>R.- No sabr\u00eda decirte<\/p>\n<p>P.- \u00bfEstar\u00eda dispuesta a reducir su salario a cambio de que se le reconocieran bajas y vacaciones como horas de trabajo, cosa que forma parte del nuevo Real Decreto y con la que usted no est\u00e1 de acuerdo?<\/p>\n<p>R.- Hola Rafa, Mi salario ya se redujo a lo bestia en febrero, si me dejan algo para pagar la hipoteca como a todo el mundo no me vendr\u00eda mal. Que las bajas y las vacaciones vayan en el c\u00f3mputo horario es un derecho que me corresponde gratis como a todos los dem\u00e1s.<\/p>\n<p>P.- Si se estaba violando vuestro derecho constitucional, \u00bfpor qu\u00e9 no emprendist\u00e9is acciones legales?<\/p>\n<p>R.- Hola Berg, Las emprendimos y nos dijeron que el RD era constitucional. Con un par. A nosotros no se nos aplica la ley como a vosotros, es importante que entend\u00e1is esto.<\/p>\n<p>P.- \u00bfPor qu\u00e9 tienen entre sus reivindicaciones el poder gestionar ustedes los turnos que han de realizar? \u00bfNo deber\u00eda ser la empresa para la que trabajan (AENA) la responsable? Su jornada laboral \u00bfde cuantas horas es? \u00bfCu\u00e1nto tiempo deben descansar durante su jornada laboral? El d\u00eda despu\u00e9s de trabajar un turno \u00bftienen que volver a trabajar, o s\u00f3lo estar disponobles y localizables? \u00bfDepende de si el turno fue de noche? \u00bfHacer horas extra es un derecho de los controladores?<\/p>\n<p>R.- Hola Eorl, NO s\u00e9 que es lo que est\u00e1 negociando ahora mismo mi sindicato luego no te puedo contestar. Nosotros gestionamos los turnos de acuerdo a las necesidades de tr\u00e1fico, no arecortar costes como hace AENA, y encima le sale fatal. Trabajo 8 horas al d\u00eda. Descanso dos per\u00edodos de 52,5 minutos en las ocho horas porque son necesarios para recuperar el coco. No mantienes un aconcentarci\u00f3n enorme m\u00f1as de una hora o as\u00ed. Depende. Puedo salir de hacer noche y si AENA quiere ese mismo d\u00ed me pone un tarde y a correr. O otra noche. Hacer horas extra voluntarias est\u00e1 contemplado en el Estatuto de los Trabajadores. Lo que s\u00ed est\u00e1 claro para m\u00ed es que a todo el mundo deber\u00edan pagarle el tiempo extra que trabaja, sea controlador o peluquero.<\/p>\n<p>P.- El resto de profesionales de este pa\u00eds si fingimos estar enfermos para no ir a trabajar y nos pillan seguramente nos echan del trabajo y cuando hacemos huelgas se avisan con antelaci\u00f3n y se fijan servicios m\u00ednimos. \u00bfCrees que los controladores a\u00e9reos deb\u00e9is tener un status diferente en estas cuestiones?<\/p>\n<p>R.- Hola Javier, Si dices que yo finjo estar enferma pones en entredicho la profesionalidadd del m\u00e9dico que me atiende. Si \u00e9l decide darme una baja es porque lo considera apropiado. Ya he comentado antes que nuestro derecho a la huelga no existe.<\/p>\n<p>P.- \u00bfAntes de la bajada de salarios de 350.000 a 200.000 euros no ten\u00edais que hacer los turnos de esclavos que se supone que hac\u00e9is ahora? <\/p>\n<p>R.- Hola Bridget, Yo jam\u00e1s he ganado 350.000 euros, os han enga\u00f1ado y mucho con ese tema. Puede que hubiera gete ue los ganase (quita un 50% que se lleva Hacienda), pero ni mucho menos fuimos todos ni ganamos ahora 200.000 por mucho que diga el ministro. Ni la mitad. Ya he contestado antes, si repartes el trabajo entre m\u00e1s genet te cansas menos y puedes trabajar m\u00e1s veces. No es una cuesti\u00f3n de dinero.<\/p>\n<p>P.- Creo que deber\u00edais continuar con vuestra lucha. \u00bfConvocar\u00e9is una huelga indefinida hasta que el ministro del Interior y Zapatero os pidan perd\u00f3n p\u00fablicamente? \u00bfPor qu\u00e9 un controlador a\u00e9reo no tiene derecho a la huelga, a la presunci\u00f3n de inocencia y a la negociaci\u00f3n colectiva? <\/p>\n<p>R.- Yo no soy quien para convocar nada, esa regunta es para mis representantes sindicales, aunque no lo creo porque no tenemos derecho a huelga. No quiero que nadie me pida perd\u00f3n, s\u00f3lo quiero volver a trabajar descansada y en condiciones dignas en un trabajo que me encanta. La \u00faltima pregunta e muy interesante, desde hace un a\u00f1o se la hacemos todos los d\u00edas al Ministro de Fomento.<\/p>\n<p>P.- Yo quisiera saber si algunos de los miembros de su colectivo eran conscientes de que una decisi\u00f3n intempestiva como la que tomaron era susceptible de provocar tragedias humanas como ha ocurrido. \u00bfS\u00ed o no? Una respuesta simple por favor.<\/p>\n<p>R.- Hola Antonio, No y lo siento much\u00edsimo, de verdad.<\/p>\n<p>P.- Quisiera saber qu\u00e9 tipo de estudios superiores tiene los controladores y si son de alguna manera equiparables a los de un m\u00e9dico por ejemplo, o qu\u00e9 diferencia puede existir con los que controlan el tr\u00e1fico de trenes o el de coches, en cuanto a estudios y salario y desde luego responsabilidad.<\/p>\n<p>R.- Hoal Maria Jes\u00fas, creo que no procede comparar trabajos, cada uno tiene sus problemas, sus riesgos, sus historias. No se trata de ver si los m\u00e9dicos son mejores que nosotros o al rev\u00e9s. son trabajos diferentes y aprovecho para decir que los m\u00e9dicos deber\u00edan estar mejor pagados y denber\u00edan dejarles descansar m\u00e1s.<\/p>\n<p>P.- En su blog usted afirm\u00f3 que no ganan las cantidades que dicen en algunos medios. \u00bfPodr\u00eda decir cuanto ganan?<\/p>\n<p>R.- Hola jjj: Este mes 3500 euros. Yo. Los dem\u00e1s no s\u00e9.<\/p>\n<p>P.- \u00bfCu\u00e1l es el sueldo medio anual de un controlador (con horas extras)? \u00bfA cuanto les pagan una hora extra? En euros por favor para que todo el mundo lo entienda.<\/p>\n<p>R.- Hola diganoslaverdad, No hay sueldo medio, el de cada controlador es diferente y las medias son enga\u00f1osas. Si t\u00fa ganas 1000 euros y tu jefe 5000 \u00bfa t\u00ed te ingresan tu n\u00f3mina o la media con ell sueldo de tu jefe? No lo se porque nunca he hecho extras. ahora creo que se pagan a 1,2xprecio de hora ordinaria que nadie sabe cu\u00e1nto es porque AENA lo cambia cada d\u00eda.<\/p>\n<p>P.- Me gustar\u00eda saber por qu\u00e9 habeis respondido de una manera tan contundente y con unas consecuencias tan da\u00f1inas para vosotros a una provocaci\u00f3n del Gobierno. \u00bfNo crees que habr\u00edas ganado mayor apoyo de la poblaci\u00f3n si hubieseis dado una rueda de prensa y hubieseis convocado una huelga legal?<\/p>\n<p>R.- Hola Minerva, No fue un acci\u00f3n premditada, sino un ataque de impotencia y rabia ante un callej\u00f3n sin salida. Repito: no tenemos derecho a la huelga, creedlo porque es verdad.<\/p>\n<p>P.- No estoy de acuerdo con lo que hicisteis, pero lo entiendo. Si pienso en una palabra que defina vuestra situaci\u00f3n desde febrero ser\u00eda impotencia; \u00bfcon cu\u00e1l la definirias t\u00fa?<\/p>\n<p>R.- Hola Algunos, Injusticia&#8230;inmensa<\/p>\n<p>P.- \u00bfEs cierto que limitais las plazas para que la gente oposite para ser controlador?<\/p>\n<p>R.- \u00bfEs cierto que limitais las plazas para que la gente oposite para ser controlador?<\/p>\n<p>P.- \u00bfNo cree que pierden la poca o mucha raz\u00f3n que pudieran tener en el momento que plantean una huelga ilegal, paralizando un sector estrat\u00e9gico? \u00bfC\u00f3mo puede sostener que los hechos de viernes no estuvieron coordinados, de verdad piensa que alguien se puede creer que en un colectivo de 500 trabajadores efectivos se pongan enfermos o con ataques de ansiedad todos? Gracias por su contestaci\u00f3n<\/p>\n<p>R.- Hola Jaime, Imagina que desde antes de febrero te insultan por el morro a todas horas y en todas partes, se meten con tus hijos en el colegio, con tu familia, desparecen todos tus derechos, te hacen trabajar como un animal sin reglas de ninguna clase, te cascan cuatro decretazos, te dan largas cada vez que pides negociar. Est\u00e1s cansado, agotado, cabreado y no hay manera de cambiar la situaci\u00f3n. Y entonces te cascan el en\u00e9simo decretazo&#8230;te aseguro que a mucha gente normal le hubiera dado un ataque de nervios mucho antes&#8230;<\/p>\n<p>P.- Hola Cristina, no entiendo una cosa muy sencilla. Si tantos problemas mentales os produce vuestra profesi\u00f3n y os sent\u00eds como esclavos desde hace muchos a\u00f1os, \u00bfpor qu\u00e9 no hab\u00e9is cambiado hace tiempo de profesi\u00f3n? Saludos<\/p>\n<p>R.- Hola Duda, porque a mi no me etresa mi profesi\u00f3n, es m\u00e1s me encanta, lo que me estresa son las condiciones de trabajo tan brutales que me han impuesto. Soy una esclava desde el d\u00eda seis de febrero, antes ten\u00eda derechos como todo el mundo. Y no me voy porque no hay derecho a que se carguen sin motivo una profesi\u00f3n magn\u00edfica y muy bonita.<\/p>\n<p>P.- \u00bfCree que si los controladores no hubieran cedido en su actitud ante la declaraci\u00f3n del Estado de Alarma, el gobierno se hubiera visto abocado a negociar con ustedes ante la incapacidad de sustituirlos?<\/p>\n<p>R.- Hola Toni, Creo que el gobierno tiene que negociar simplemente porque no hay otra soluci\u00f3n. Por mucho que me militaricen necesito descansar. as\u00ed s\u00f3lo consiguen que me duerma en brazos de un teniente.<\/p>\n<p>P.- Como el primero que sabe que no puede echar a los expedientados ante la falta de controladores es el gobierno \u00bfqu\u00e9 sanciones cree que les pueden aplicar a sus compa\u00f1eros expedientados?<\/p>\n<p>R.- Hola Joan, Habr\u00eda que preguntarle al Gobierno, pero espero que asuman su responsabilidad por habernos llevado a esta situaci\u00f3n demencial.<\/p>\n<p>P.- En toda tu carrera, \u00bfcu\u00e1ntas veces has tenido que pedir la baja por estr\u00e9s\/ansiedad\/extenuaci\u00f3n? \u00bfO si no, compa\u00f1eros tuyos que conozcas bien?<\/p>\n<p>R.- Hola Mari, Este verano esla primera vez. Para m\u00ed y para la mayor\u00eda de la gente.<\/p>\n<p>P.- Si pudiera dar marcha atr\u00e1s en el tiempo y la decisi\u00f3n dependiera de usted, \u00bfhar\u00eda las cosas de forma diferente a como se ha hecho? Me refiero por lo que respecta al colectivo que usted representa<\/p>\n<p>R.- Hola Inma, Yo no represento a mi colectivo, expreso s\u00f3lo mi opini\u00f3n. Si de m\u00ed dependiera AENA tendr\u00eda otros gestores y el Ministerio de Fomento un caballero distinto al frente.<\/p>\n<p>P.- \u00bfNo cree que para mantener la unidad del colectivo los trabajadores deber\u00edan actuar &#8220;todos a una&#8221; en el caso de que se sancione a un solo controlador, ya sea a modo de protesta o solidaridad econ\u00f3mica?<\/p>\n<p>R.- Hola Carlos, No es necesario mantener la unidad de un colectivo que est\u00e1 unido. Ya cruzaremos ese puente cuando llegue, pero obviamente estoy m\u00e1s que dispuesta a defender y apoyar a mis compa\u00f1eros.<\/p>\n","protected":false},"excerpt":{"rendered":"<p>El caos a\u00e9reo vivido cuando empezaba el puente puso a los controladores en el centro del hurac\u00e1n. Cristina Ant\u00f3n, controladora a\u00e9rea y autora del blog Controladores a\u00e9reos y otras hierbas, levant\u00f3 mucha pol\u00e9mica en la red con un post en el que mostraba la otra cara de la moneda, las reivindicaciones de los controladores. Cristina Ant\u00f3n charla con los lectores sobre su experiencia durante 14 a\u00f1os como controladora a\u00e9rea.<br \/>\nTodo sobre el caos a\u00e9reo, en Eskup<\/p>\n","protected":false},"author":1,"featured_media":0,"comment_status":"open","ping_status":"open","sticky":false,"template":"","format":"standard","meta":{"footnotes":""},"categories":[],"tags":[],"class_list":["post-7883","post","type-post","status-publish","format-standard","hentry"],"_links":{"self":[{"href":"https:\/\/intervius.com\/index.html\/wp-json\/wp\/v2\/posts\/7883","targetHints":{"allow":["GET"]}}],"collection":[{"href":"https:\/\/intervius.com\/index.html\/wp-json\/wp\/v2\/posts"}],"about":[{"href":"https:\/\/intervius.com\/index.html\/wp-json\/wp\/v2\/types\/post"}],"author":[{"embeddable":true,"href":"https:\/\/intervius.com\/index.html\/wp-json\/wp\/v2\/users\/1"}],"replies":[{"embeddable":true,"href":"https:\/\/intervius.com\/index.html\/wp-json\/wp\/v2\/comments?post=7883"}],"version-history":[{"count":0,"href":"https:\/\/intervius.com\/index.html\/wp-json\/wp\/v2\/posts\/7883\/revisions"}],"wp:attachment":[{"href":"https:\/\/intervius.com\/index.html\/wp-json\/wp\/v2\/media?parent=7883"}],"wp:term":[{"taxonomy":"category","embeddable":true,"href":"https:\/\/intervius.com\/index.html\/wp-json\/wp\/v2\/categories?post=7883"},{"taxonomy":"post_tag","embeddable":true,"href":"https:\/\/intervius.com\/index.html\/wp-json\/wp\/v2\/tags?post=7883"}],"curies":[{"name":"wp","href":"https:\/\/api.w.org\/{rel}","templated":true}]}}