{"id":7880,"date":"2010-12-06T00:00:00","date_gmt":"2006-11-06T00:00:00","guid":{"rendered":"https:\/\/intervius.com\/index.html\/?p=7880"},"modified":"2006-11-06T00:00:00","modified_gmt":"2006-11-06T00:00:00","slug":"Jose_Samano7880","status":"publish","type":"post","link":"https:\/\/intervius.com\/index.html\/Jose_Samano7880\/","title":{"rendered":"Jos\u00e9 S\u00e1mano"},"content":{"rendered":"<p>Pregunta.- Buenas tardes. Enhorabuena por sus cr\u00f3nicas normalmente bien ponderadas y argumentadas. De todos modos, quiero se\u00f1alar que \u00faltimamente se est\u00e1 haciendo un seguidismo del ruido que generan personajes como Mourinho, y al contrario de lo que creen, est\u00e1n cayendo en la provocaci\u00f3n cargando sus argumentos con inquinas que m\u00e1s parecen man\u00edas personales. Aviso para navegantes, tomen nota y muchas gracias.<\/p>\n<p>Respuesta.- Buenas tardes a todos y gracias de antemano por vuestras cr\u00edticas constructivas y vuestra generosidad. Tomo nota de lo que dice, no crea que no pienso en ocasiones c\u00f3mo debi\u00e9ramos manejar ese &#8220;ruido&#8221; al que usted se refiere. Prefiero el f\u00fatbol, sin m\u00e1s. Pero tampoco los periodistas podemos ser ajenos a las derivadas que se generan en torno a personas como Mourinho, proclives, desde luego, a ese ruido. Me gustar\u00eda m\u00e1s que los debates se centraran en Lass por Benzema y lo que ello supone.<\/p>\n<p>P.- Buenas tardes. Soy Uno de los pesados de siempre \u00bfCabr\u00eda la posibilidad de que el Madrid tambi\u00e9n tuviera un cronista de cabecera? S\u00f3lo al efecto de que alguna vez pudiera tener victorias que no estuvieran &#8220;afeitadas&#8221; o pudiera escribir contra los adversarios del MAdrid cosas como &#8220;Detritus perfectus&#8221; o el &#8220;hombre sin sombra&#8221;, por citar deos ejemplos de opini\u00f3n desapasionada y objetiva en este su diario. Muy amable por su contestaci\u00f3n<\/p>\n<p>R.- No hay periodistas de cabecera, al menos en mi entorno. Podr\u00eda ponerle unos cuantos ejemplos de c\u00f3mo a los que usted supongo que se refiere suelen ser los m\u00e1s cr\u00edticos con su equipo en caso de tempestades, es decir, cuando lo merecen. La realidad es que en los \u00faltimos tiempos el Bar\u00e7a ha sido mejor que el Madrid, con tantas veces ocurri\u00f3 a la inversa; que el gran Deportivo de hace unos a\u00f1os es ahora digamos que el Villarreal; que el Sevilla ha perdido pujanza; como el Valencia y ese indefinido Atl\u00e9tico. En el campo los equipos se definen solos, sin ayuda del periodismo.<\/p>\n<p>P.- No crees que has sido muy duro en tu cr\u00f3nica con el Valencia CF? Si no expulsan a Albelda ( esta acci\u00f3n se comenta por si sola), quer\u00eda yo ver si el Madrid era capaz de ganar ese partido. <\/p>\n<p>R.- Admito que pueda estar equivocado, pero cuando juzgo un partido intento (y no siempre lo consigo, desde luego) que hechos puntuales no se conviertan en el hilo conductor del an\u00e1lisis. Escrib\u00ed que Albelda no mereci\u00f3 ser expulsado, el asistente dio un chivatazo equivocado al \u00e1rbitro. Pero el Valencia no me gust\u00f3, ni antes ni mucho menos despu\u00e9s. No es extra\u00f1o que con Emery nunca haya ganado en Liga a uno de los seis primeros. Ahora, \u00bfqu\u00e9 hubiera sucedido sin la expulsi\u00f3n de Albelda? No lo sabemos, pero lo cierto es que desde el arranque del segundo tiempo el Madrid ya apretaba de lo lindo. En cada partido, o casi, es posible creer que a partir de un hecho discutible todo hubiera cambiado, pero creo que salvo que sean varios los sucesos hay que fijar un juicio general por encima de los matices. \u00bfY si de entrada el Valencia hubiera jugado con Banega y Aduritz?<\/p>\n<p>P.- \u00bfQue opina sobre el funcionamiento de la Fifa a nivel internacional? sus dirigentes? y las sospechas de corrupcion de la Federacion?<\/p>\n<p>R.- No puedo se\u00f1alar a nadie como corrupto sin pruebas. Lo \u00fanico que s\u00e9 es que la propia FIFA (como ya en su d\u00eda hizo el COI) apart\u00f3 de las votaciones a dos sospechosos. Puede que Villar tuviera raz\u00f3n en su discurso y la no elecci\u00f3n de Espa\u00f1a en favor de Rusia fuera una prueba de m\u00e1xima honradez ante la candidatura defendida por uno de los vicepresidentes de FIFA (Villar).<\/p>\n<p>P.- Buenas tardes, Jos\u00e9. Esta Real Sociedad&#8230; \u00bfva en serio? \u00bfPodemos esperar que se mantenga en la zona alta durante los dos tercios de Liga que quedan, o sigues esperando que se hunda tarde o temprano? En todo caso, \u00bfest\u00e1s de acuerdo con que al fin parece que se hacen bien las cosas a orillas del Urumea? Saludos!<\/p>\n<p>R.- De los partidos que he visto a la Real me ha gustado mucho su puesta en escena (ante el Madrid, el Atl\u00e9tico y el Athletic, por ejemplo) y muy poco su tramitaci\u00f3n final. Coincido con Mart\u00edn Lasarte en que al equipo le falta confianza, creerselo un poco m\u00e1s. Desde luego su sexto puesto es extraordinario, pero har\u00eda bien en, de momento, mirar la clasificaci\u00f3n hacia abajo. Y una cosa m\u00e1s: Xabi Prieto es una de mis debilidades.<\/p>\n<p>P.- \u00bfcomo se puede definir como imparcial algui\u00e9n que es capaz de escribir una cr\u00f3nica del madrid-valencia como la que usted hiz\u00f3? Es mas rentable economicamente defender a capa y espada al madrid, independientemente de los hechos, pero no se extra\u00f1en del rechazo cada vez mayor a los medios que se definen como &#8220;nacionales&#8221; aqui el las &#8220;provincias&#8221;<\/p>\n<p>R.- Para bien y para mal la cr\u00f3nica la hace el cronista y luego, como se ve en este chat, los lectores juzgan de formas muy diferentes. Entre las preguntas de hoy hay unas cuantas en las que me tachan de &#8220;merengue&#8221;, en otras de &#8220;cul\u00e9&#8221; y algunos del Valencia de &#8220;antiprovincias&#8221;. M\u00e1xima democracia. Solo conjugo mi razonamiento con la honestidad: me encandil\u00f3 como pocas veces el Valencia ambicioso del primer tiempo en el Camp Nou, me pareci\u00f3 timorato y de perfil bajo el de Chamart\u00edn. <\/p>\n<p>P.- No me canso de decirlo si alguien saber algo de deportes&#8230;leean las cronicas del Pais.Sobre la liga de sanfermin&#8230;tienen usted toda la raz\u00f3n y mi pregunta es la siguiente?realmente les interesa arreglarlo? y para que? si todos estan en el reparto y una m\u00e1s ayer fue el barca y ma\u00f1ana sera el Madrid por otra cosa esto es muy facil de predecir..<\/p>\n<p>R.- Gracias por su generosidad. Estoy de acuerdo con usted, no veo un consenso global para ordenar la Liga como merece. Aqu\u00ed funciona el &#8220;y t\u00fa m\u00e1s&#8221;, que si los \u00e1rbitros, que si los regionalismos, que si las grescas entre t\u00e9cnicos, que si la prensa de aqu\u00ed y de all\u00e1, que si la desidia federativa, que si la invisibilidad de la Liga Profesional, que si un se\u00f1or tiene el monopolio de poner los horarios que quiera y cuando quiera en funci\u00f3n de sus exclusivos intereses&#8230; \u00bfPara cu\u00e1ndo solo f\u00fatbol en un pa\u00eds que presume de su est\u00e9tica futbol\u00edstica y condici\u00f3n de campe\u00f3n del mundo? No son suficientes tres o hasta cuatro jornadas de f\u00fatbol semanales como para fomentar otros debates??<\/p>\n<p>P.- Hola Jos\u00e9, tu opini\u00f3n siempre es bastante objetiva, y se agradece, en los \u00faltimos tiempos el barsa ha arrollado al real madrid en los cara a cara? de verdad estamos los madridistas a a\u00f1os luz de ellos? o hay tambi\u00e9n un componente psicol\u00f3gico que se agrava con cada partido? gracias<\/p>\n<p>R.- La distancia es mucho menor de lo pueda parecer tras el 5-0. Mire, ante el mejor Bar\u00e7a de la historia, el Madrid hizo el a\u00f1o pasado 99 puntos. Por bueno que sea un equipo, pelear contra el mejor siempre es muy complicado. Ocurre en todos los deportes. Las &#8220;dictaduras&#8221; de Jordan, Indurain, Schumacher o Rossi rebajaron el historial de excelentes deportistas sometidos por genios. Si nos atenemos a la historia, cuando alBar\u00e7a le ha ido bien, al Madrid, mal; y viceversa. Los ciclos cambian.<\/p>\n<p>P.- Buenos d\u00edas. \u00bfQu\u00e9 tratamiento informativo hubiera dado El Pais si Mourinho hubiera hablado de una mala actuaci\u00f3n de Iturralde, de no expulsar a Villa en el minuto 25 y a V\u00edctor Vald\u00e9s tras penalty a Cristiano? \u00bfQu\u00e9 tratamiento ha dado a Guardiola cuando acusa al trato de desprecio por ser un pa\u00eds que no pinta mucho? \u00bfD\u00f3nde est\u00e1 la ponderaci\u00f3n de la secci\u00f3n de Deportes de El Pa\u00eds en estos tiempos?<\/p>\n<p>R.- Hubi\u00e9ramos reflejado las opiniones de Mou como hemos reflejado las de Guardiola. Por cierto, respecto a la opini\u00f3n de Pep, con un excelente an\u00e1lisis de Ramon Besa titulado el domingo &#8220;Un rid\u00edculo espantoso&#8221;.<\/p>\n<p>P.- sr. S\u00e1mano, \u00bfCual es su opini\u00f3n personal del periodismo deportivo actual en Espa\u00f1a? Cuando escriben ustedes como fanaticos madridistas o cules \u00bflo hacen como periodistas o como los reponsables de los derechos de imagenes televisivos de estos clubs? espero su respuesta, gracias<\/p>\n<p>R.- Mi opini\u00f3n del periodismo es que hay de todo, como en todos los sectores y luego cada cual es libre de leer, ver o escuchar lo que m\u00e1s le guste. Pero s\u00ed soy un convencido de hay una mayor\u00eda que no escribe como fan\u00e1tico o de acuerdo no s\u00e9 qu\u00e9 intereses. Otra cosa es que se equivoquen o incluso contradigan a lo largo de una temporada tan larga y cambiante.<\/p>\n<p>P.- Siempre me ha parecido fascinante y es posible que su aparente indolencia juegue en su contra, pero \u00bfcree que Benzema desea jugar al f\u00fatbol? Lleva aparentemente a\u00f1o y medio como si la fiesta no fuera con \u00e9l. Si el Madrid ficha a un nuevo nueve, \u00bfcu\u00e1nto m\u00e1s habr\u00e1 que esperarle?<\/p>\n<p>R.- Benzema es el Anelka de estos tiempos. Tiene el talento en el congelador y sin fuego es dif\u00edcil ser protagonista. Higua\u00edn, por ejemplo, tiene talento y vocaci\u00f3n. <\/p>\n<p>P.- Hola Jos\u00e9, Podr\u00edas decirnos cuantos goles lleva Cristian Ronaldo oficialmente en la liga, 16 o 17, porque creo que al final de la temporada ese &#8220;gol&#8221; va a ser fundamental para definir el pichichi<\/p>\n<p>R.- Marca, que es el medio que otorga el premio Pichichi, le concede 17 goles, porque contabiliza el segundo del Madrid en Anoeta, una falta que rebot\u00f3 en Pepe. La FEF, a tenor del acta oficial del \u00e1rbitro de aquel encuentro, le da 16.<\/p>\n<p>P.- Buenas tardes .\u00bfPara qui\u00e9n, en su opini\u00f3n, el Bal\u00f3n de Oro?<\/p>\n<p>R.- Si es por una trayectoria y su contribuci\u00f3n al f\u00fatbol desde hace una d\u00e9cada: Xavi. Si es al mejor jugador individual del momento: Messi. Si es por el gol m\u00e1s relevante de la temporada: Iniesta. Yo votar\u00eda lo primero sin dudarlo.<\/p>\n<p>P.- Sainete del Barcelona en Pamplona&#8230;muy de acuerdo con su columna y con la de Besa ayer, sin embargo tengo la sensacion de que se torna en una artima\u00f1a (otra mas) para no hablar de futbol (villarato, arbitros, ). Hoy uno de sus colegas de profesion y grupo editorial dice que la liga esta adulterada.. Piensa Ud. lo mismo?<\/p>\n<p>R.- No pienso que est\u00e9 adulterada, no concibo las conspiraciones. Creo, simplemente, que la Liga en los despachos no est\u00e1 a la altura de su cartel en el campo. Faltan rectores verdaderamente profesionales.<\/p>\n<p>P.- \u00bfCu\u00e1l es el sentir de la prensa ib\u00e9rica, y m\u00e1s particularmente de Usted, el que Espa\u00f1a no haya sido elegida para organizar un mundial de futbol, al menos en los pr\u00f3ximos 12 a\u00f1os?<\/p>\n<p>R.- Me parece bien que se vaya a Rusia, un pa\u00eds decidido a dar vuelo al f\u00fatbol al amparo de sus m\u00faltiples magnates. El f\u00fatbol ruso siempre ha tenido pujanza y muy meritoria, por todas las penurias del pasado, sus dificultades clim\u00e1ticas y el cierto desprecio de las fortunas occidentales ligadas al f\u00fatbol. Ahora son ellos los que invierten. \u00bfPor qu\u00e9 habr\u00eda que aplaudir el valor del dinero a la hora, por ejemplo, derl reparto televisivo que plantean Madrid y Bar\u00e7a y lamentar que el dinero rusa pueda con la sede ib\u00e9rica?<\/p>\n<p>P.- Hola Jos\u00e9. \u00bfQu\u00e9 opinas de esta frase de Guardiola?: &#8220;nosotros somos de un pa\u00eds que estamos ah\u00ed y pintamos poco.&#8221; Y esto se lo cuenta a una instituci\u00f3n y 20.000 t\u00edos humildes de Pamplona que le han esperado sentado 45 minutos, y a miles de telespectadores en el extranjero que no pudimos ver la primera parte del Madrid-Valencia.<\/p>\n<p>R.- Guardiola se sinti\u00f3 de nuevo solo ante el peligro, sin amparo institucional de su club y no tuvo el temple de otras ocasiones. <\/p>\n<p>P.- La semana pasada se\u00f1alabas los mejores equipos de la historia y me sorprendi\u00f3 que no mencionaras al Mil\u00e1n de finales de los 80 de los Gullit, Van Basten, Baresi, etc., y mencionas como referente al Madrid de la quinta del Buitre, que fue un equipo que se llev\u00f3 buenos varapalos de ese gran Mil\u00e1n y en mi opini\u00f3n inferior. \u00bfFue un olvido o simplemente te parece que ese Mil\u00e1n no fue tan grande?.<\/p>\n<p>R.- Si no lo mencion\u00e9 deb\u00ed hacerlo. Quiz\u00e1 me traicionara el subconsciente porque aunque le citar\u00eda entre los mejores por su revoluci\u00f3n t\u00e1ctica siempre me fascin\u00f3 mucho menos que otros equipos que seguro cit\u00e9. Man\u00edas, pero segu\u00eda cada semana al Milan de Sacchi en el calcio y la mayor parte de los partidos me resultaban un poco tost\u00f3n. Me gust\u00f3 mucho m\u00e1s su versi\u00f3n europea.<\/p>\n<p>P.- \u00bfNo cree que Mou es el mejor fichaje del Barsa este a\u00f1o?. Siempre tendr\u00e1n una motivaci\u00f3n m\u00e1s que extra con s\u00f3lo poner su carrera por el Nou Camp, a pesar del robo de San Siro el a\u00f1o pasado con el gol de Milito en fuera de juego y el \u00e1rbitro portugues como mejor del partido?. <\/p>\n<p>R.- Creo que Mou puede ser un buen fichaje para el Madrid y su hoja de servicios est\u00e1 a la altura de un gigante como el Madrid. El Madrid y el Bar\u00e7a deben ir a o suyo, cada uno tiene sus propios retos, tanto el Bar\u00e7a vencer la resistencia de Mou como el Madrid frenar la supremac\u00eda azulgrana de estos a\u00f1os.<\/p>\n<p>P.- Muchas gracias Jos\u00e9 por la objetiva informaci\u00f3n que manej\u00e1is en la secci\u00f3n deportiva de El Pa\u00eds continuamente con tanta honestidad intelectual. La propaganda que ataca al FC Barcelona se hab\u00eda agudizado en las semanas anteriores al cl\u00e1sico. Pens\u00e1bamos que iba a moderarse pero el culebr\u00f3n del viaje del Bar\u00e7a a Pamplona el s\u00e1bado puso en el primer plano de varios medios renovados ataques injustificados al equipo y a Guardiola. Hasta cuando cree que deberemos seguir soportando la mala prensa?<\/p>\n<p>R.- Nadie tiene por qu\u00e9 soportar lo que considere mala prensa. A m\u00ed tambi\u00e9n me desagrada que se tiren tantas cerillas, vengan de donde vengan. No es sano y hay muchos motivos para disfrutar, colores al margen, del gran pulso entre estos dos gigantes que alinean una mayor\u00eda de los mejores jugadores del mundo.<\/p>\n","protected":false},"excerpt":{"rendered":"<p>El redactor Jefe de Deportes de EL PA\u00cdS, Jos\u00e9 S\u00e1mano, ha charlado con los lectores sobre la jornada de Liga, as\u00ed como del resto de la actualidad deportiva, con especial atenci\u00f3n al resultado del cl\u00e1sico.<\/p>\n<p>M\u00e1s entrevistas digitales<br \/>\n ARCHIVO DE ENTREVISTAS:<br \/>\n &#8211; 30 de noviembre &#8211; 22 de noviembre<br \/>\n &#8211; 15 de noviembre &#8211; 8 de noviembre<br \/>\n &#8211; 1 de noviembre &#8211; 25 de octubre<br \/>\n &#8211; 18 de octubre &#8211; 4 de octubre<br \/>\n &#8211; 27 de septiembre &#8211; 20 de septiembre<br \/>\n &#8211; 13 de septiembre &#8211; 30 de agosto<\/p>\n","protected":false},"author":1,"featured_media":0,"comment_status":"open","ping_status":"open","sticky":false,"template":"","format":"standard","meta":{"footnotes":""},"categories":[],"tags":[],"class_list":["post-7880","post","type-post","status-publish","format-standard","hentry"],"_links":{"self":[{"href":"https:\/\/intervius.com\/index.html\/wp-json\/wp\/v2\/posts\/7880","targetHints":{"allow":["GET"]}}],"collection":[{"href":"https:\/\/intervius.com\/index.html\/wp-json\/wp\/v2\/posts"}],"about":[{"href":"https:\/\/intervius.com\/index.html\/wp-json\/wp\/v2\/types\/post"}],"author":[{"embeddable":true,"href":"https:\/\/intervius.com\/index.html\/wp-json\/wp\/v2\/users\/1"}],"replies":[{"embeddable":true,"href":"https:\/\/intervius.com\/index.html\/wp-json\/wp\/v2\/comments?post=7880"}],"version-history":[{"count":0,"href":"https:\/\/intervius.com\/index.html\/wp-json\/wp\/v2\/posts\/7880\/revisions"}],"wp:attachment":[{"href":"https:\/\/intervius.com\/index.html\/wp-json\/wp\/v2\/media?parent=7880"}],"wp:term":[{"taxonomy":"category","embeddable":true,"href":"https:\/\/intervius.com\/index.html\/wp-json\/wp\/v2\/categories?post=7880"},{"taxonomy":"post_tag","embeddable":true,"href":"https:\/\/intervius.com\/index.html\/wp-json\/wp\/v2\/tags?post=7880"}],"curies":[{"name":"wp","href":"https:\/\/api.w.org\/{rel}","templated":true}]}}