{"id":7805,"date":"2010-11-22T00:00:00","date_gmt":"2006-11-06T00:00:00","guid":{"rendered":"https:\/\/intervius.com\/index.html\/?p=7805"},"modified":"2006-11-06T00:00:00","modified_gmt":"2006-11-06T00:00:00","slug":"Jose_Samano7805","status":"publish","type":"post","link":"https:\/\/intervius.com\/index.html\/Jose_Samano7805\/","title":{"rendered":"Jos\u00e9 S\u00e1mano"},"content":{"rendered":"<p>Pregunta.- \u00bfSe tienen prohibido en la redacci\u00f3n de El Pais cualquier elogio al Real Madrid?<\/p>\n<p>Respuesta.- Hola a todos y muy buenas tardes. En absoluto hay \u00f3rdenes de ning\u00fan tipo y encontrar\u00e1 usted m\u00faltiples elogios, sin ir m\u00e1s lejos esta misma temporada. Entiendo, eso s\u00ed, que como el f\u00fatbol desp\u00ecerta numerosas pasiones haya seguidores a los que todo elogio le parezca poco. Por si tiene m\u00e1s dudas, mi opini\u00f3n es que el Madrid se ha convertido en un equipo de una solidez extraordinaria, combativo, ambicioso, solidario y con una velocidad ofensiva que he visto a muy pocos equipos.<\/p>\n<p>P.- \u00bf Qu\u00e9 partido le ha gustado m\u00e1s de este fin de semana?<\/p>\n<p>R.- El Real Madrid-Athletic. El equipo de Caparr\u00f3s me gust\u00f3 mucho por su empe\u00f1o competitivo durante una hora, sin complejos. Su defensa es fr\u00e1gil, pero enfrente tuvo a una manada que hasta la fecha ha resultado imparable para todo el mundo, al menos en el Bernab\u00e9u.<\/p>\n<p>P.- Un entrenador que quita a la mayor\u00eda de jugadores titulares en un partido lo hace por: 1) No le interesa el resultado (amistoso o puntos intrascendentes). 2) S\u00ed le interesa el resultado pero cree que est\u00e1 tan claro que los cambios no lo van a modificar. Distinguimos entre: 2a) Est\u00e1 convencido de la victoria y la superioridad de su equipo, pese a los suplentes. 2b) Est\u00e1 convencido de la derrota y la inferioridad de su equipo, sean suplentes o titulares. \u00bfCu\u00e1l de los tres casos cree que l<\/p>\n<p>R.- Lo que creo es que Preciado valor\u00f3 que el partido del Camp Nou era entre semana, lo que no significa que alineara un equipo perdedor de antemano. Recuerdo que hizo algunos cambios t\u00e1cticos significativos para enredar al Bar\u00e7a y bien que lo consigui\u00f3. Por ejemplo, adelantar la posici\u00f3n de Lora. El Sporting fue un hueso para los azulgrana (1-0), luego no hay caso que discutir.<\/p>\n<p>P.- \u00bfCrees que en Espa\u00f1a podr\u00eda celebrarse algo parecido al Torneo de las Cinco Naciones en rugby pero en clave auton\u00f3mica-ib\u00e9rica, invitando quiz\u00e1s a Portugal, Andorra y Marruecos, en formato de FINAL 20, a partido \u00fanico, cada 4 a\u00f1os?. \u00bfCree que funcionar\u00eda la idea? <\/p>\n<p>R.- Me temo que los problemas del rugby espa\u00f1ol son mucho m\u00e1s agudos, para mi desgracia tambi\u00e9n porque es un deporte que me encanta. Ahora parece ser que el \u00faltimo recurso ha sido recurrir a una veintena de jugadores franceses de origen espa\u00f1ol. No le veo mucho futuro.<\/p>\n<p>P.- Sobre el tema del penalti que lanz\u00f3 Sergio Ramos me da para pensar, \u00bfhasta d\u00f3nde debe mandar el entrenador?\u00bfqu\u00e9 queda de la inspiraci\u00f3n, del talento libre y expont\u00e1neo? quiz\u00e1s el cl\u00e1sico nos ofrezca 2 opciones, una empezar\u00e1 hoy con las declaraciones pre-partido a modo de golpe bajo, seguir\u00e1 con gran rigor t\u00e1ctico y defensivo el lunes; la otra, con respuesta elegante y propuesta de espect\u00e1culo basada en el talento y la expontaneidad \u00bfson las 2 Espa\u00f1as de que tanto se habla?<\/p>\n<p>R.- Me gust\u00f3 el descaro de Sergio Ramos, que impuso su jerarqu\u00eda como segundo capit\u00e1n y lanz\u00f3 un mensaje a todos, incluido a Mourinho que, al parecer, pese a su estupor inicial, se lo ha tomado bien. El gesto de Sergio demuestra que se tiene mucha confianza a s\u00ed mismo y, de alguna manera, se &#8220;apropi\u00f3&#8221; de una terapia que necesitaba. &#8220;El gol se me estaba resistiendo&#8221;, dijo \u00e9l mismo, se\u00f1al de la ambici\u00f3n atacante de un lateral derecho que acepta jugar en una posici\u00f3n que no es su favorita (es la de central) y en la que se ha comido muchos marrones.<\/p>\n<p>P.- \u00bfVe de nuevo a Marcelo jugando de interior para tapar las subidas de Alves el pr\u00f3ximo lunes?<\/p>\n<p>R.- Ser\u00e1 un magn\u00edfico duelo entre para m\u00ed los dos mejores laterales del mundo junto a Sergio Ramos. En su autopista tendr\u00e1n por el medio a CR y Pedro, con Busquets y Khedira muy atentos para los auxilios. <\/p>\n<p>P.- Hola Jos\u00e9. Me gustaria saber el evento deportivo mas emocionante que te ha tocado cubrir. <\/p>\n<p>R.- Las dos finales ganadas por Espa\u00f1a en f\u00fatbol (Eurocopa y Mundial), las gestas de Phelps y Bolt en Pek\u00edn, el partidazo de la final de ol\u00edmpica de basket entre la NBA y Espa\u00f1a en China&#8230; Hay muchos m\u00e1s y algunos est\u00e1n en mi retina sin tener tanta trascendencia universal como los que he citado. Por ejemplo, a\u00fan recuerdo con emotividad la final de la Copa de la UEFA entre el Liverpool y un quijotesco e inolvidable Alav\u00e9s. <\/p>\n<p>P.- Muchas veces ha hablado sobre Busquets, pero \u00bfqu\u00e9 le parece Pedro? Si no fuera de la cantera, como dir\u00eda Guardiola \u00bftendr\u00edan dinero para ficharlo? Muchas gracias<\/p>\n<p>R.- Pedro me encanta por su descaro, su forma de atacar los espacios sin tener la pelota en el pie y su manejo de las dos piernas. Hoy juega con la misma humildad y solidaridad que en la Tercera catalana. Entiende de maravilla la pizarra de Guardiola y siempre he cre\u00eddo que de no haberse curtido en La Mas\u00eda hoy pasar\u00eda desapercibido.<\/p>\n<p>P.- Entre la mayor\u00eda (supongo) de preguntas sobre el cl\u00e1sico, un par de ellas sobre tenis. 1: Se retira Moy\u00e1, \u00bfcu\u00e1l cree que ha sido su impacto sobre el tenis espa\u00f1ol actual? 2: La Masters Cup de Londres se presenta muy abierta este a\u00f1o, \u00bfalg\u00fan pron\u00f3stico? Gracias y saludos.<\/p>\n<p>R.- Moy\u00e0 ha sido el jugador que devolvi\u00f3 al tenis espa\u00f1ol una dimensi\u00f3n universal que no ten\u00eda desde los tiempos de Santana. Su final en Australia fue una demostraci\u00f3n de que hab\u00eda algo m\u00e1s que la tierra batida y su golpe de derecha es de los mejores que he visto en el circuito. Un grande.<\/p>\n<p>P.- No piensas que le robaron ayer el partido a la Real? Cuando se van a introducir las nuevas tecnologias en el futbol y no se cambiaran resultados de futbol?<\/p>\n<p>R.- La Real fue perjudicada como otras veces ser\u00e1 beneficiada. Al igual que el Atl\u00e9tico, que comprob\u00f3 en Anoeta que los arbitrajes son veletas. Llevaba jornadas quej\u00e1ndose con bastante raz\u00f3n y en San Sebasti\u00e1n sali\u00f3 indemne de una mano de Tiago previa al empate de Forl\u00e1n y de un 1-2 en fuera de juego de Ag\u00fcero, que estaba por delante de Ujfalusi en el momento del pase. <\/p>\n<p>P.- Hola Jos\u00e9, que puede aportar Afellay al Barcelona.<\/p>\n<p>R.- Versatilidad, amplitud de armario y competencia, para los que est\u00e1n en la cima y para los que quieren llegar.<\/p>\n<p>P.- Hola Jos\u00e9 \u00bfQu\u00e9 opini\u00f3n le merece la defensa del Real Madrid a su entrenador en el tema Preciado y su inter\u00e9s en una competici\u00f3n limpia y deportiva, siendo un club que no permite, por ejemplo, jugar a sus cedidos contra ellos? <\/p>\n<p>R.- El Madrid se agarr\u00f3 a la palabra &#8220;canalla&#8221; (fea y muy desproporcionada, una pasada de Preciado, en mi opini\u00f3n) para sacar un escudo en favor de Mourinho e intentar as\u00ed camuflar su verborrea de toda la temporada. El Madrid quiso traducir las palabras de Mou diciendo que era una simple opini\u00f3n que entraba dentro del debate deportivo. Obviaron los directivos del Madrid que las insinuaciones del portugu\u00e9s llevaban impl\u00edcitas una \u00ednjuria, una grav\u00edsima acusaci\u00f3n para cualquier deportista: dejarse ganar, adulterar la competici\u00f3n.<\/p>\n<p>P.- Sr. S\u00e1mano: &#8220;As\u00ed es este Busquets, descarado con la estrella local en campo ajeno&#8221;, escribe usted justificando la brutal e innecesaria patada a Cristiano. &#8220;Habr\u00eda sido uno de los mejores goles que habr\u00eda marcado un cojo&#8221;, escribe ir\u00f3nicamente para desacreditar a Cristiano por, seg\u00fan usted, fingir dolor en la pierna despu\u00e9s de la patada. Transmite usted valores deportivos y anti-forofismos; pero estos comentarios son injustos, imparciales y de forofo -\u00bfdel barsa?-. Gracias.<\/p>\n<p>R.- Lamento que no se me entendiera lo que, a tenor de su interpretaci\u00f3n, expres\u00e9 de forma desafortunada. Al definir as\u00ed a Busquets quise dejar constancia de otro detalle del descaro que ha mostrado desde su mete\u00f3rica aparici\u00f3n en la \u00e9lite desde la Tercera Divisi\u00f3n. Nunca se ha arrugado, ha jugado siempre (con el Bar\u00e7a y Espa\u00f1a) como un veterano que se conoce todos los matices de este deporte. Es tal su descaro que se enfrent\u00f3 a CR en su propio campo, y en esta ocasi\u00f3n el descaro no lo digo como virtud (la entrada fue dur\u00edsima y fuera de lugar), sino para reflejar c\u00f3mo act\u00faa Busquets. En cuanto a la definici\u00f3n de CR, busqu\u00e9 todo lo conrtario que descreditarle. Como sabr\u00e1, en el f\u00fatbol se dice muchas veces lo del gol del cojo cuando lo marca alguien que est\u00e1 lastimado, dolorido. CR lo estaba desde el &#8220;navajazo&#8221; de Busi y su jugada fue a\u00fan m\u00e1s genial por estar f\u00edsicamente como estaba. Como podr\u00e1 leer, eso s\u00ed, jam\u00e1s en la cr\u00f3nica aparece que &#8220;fingiera&#8221;. Para nada.<\/p>\n<p>P.- \u00bfCree que el Athletic conseguir\u00e1 plaza europea?<\/p>\n<p>R.- No s\u00e9 si le alcanzar\u00e1, pero me gusta lo que le he visto esta temporada, aunque es algo flojo en defensa. Tiene una vocaci\u00f3n ofensiva que no ten\u00eda, quiz\u00e1 a rebufo de su gran estrella, Fernando Llorente. Si Muniain resiste har\u00e1n una gran pareja. Y a\u00fan espero a Javi Mart\u00ednez, algo gripado este curso.<\/p>\n<p>P.- Buenos dias y ante todo gracias por tu respuesta. Mi pregunta ser\u00eda: No est\u00e1 perjudicando a sus compa\u00f1eros la actitud chulesca de Cristiano, ya que al campo que van se la tienen tomada? Que opinas de la contestaci\u00f3n del mismo jugador cuando un periodista le pregunta por el 0-8 del Bar\u00e7a?<\/p>\n<p>R.- Es cierto que con su actitud Cristiano enciende a los rivales, pero tambi\u00e9n se activa \u00e9l mismo. Es su forma de ser, competitivo hasta el tu\u00e9tano. Su respuesta al 0-8 me pareci\u00f3 retadora, dentro de los cauces de la rivalidad deportiva. No la vi reprochable.<\/p>\n<p>P.- Usted critic\u00f3 la celebraci\u00f3n de Mourinho ante el H\u00e9rcules, entre otras cosas, porque se trataba de un &#8220;reci\u00e9n ascendido&#8221;. Vamos, que contra el Bar\u00e7a lo habr\u00eda entendido, pero contra el H\u00e9rcules, una insignificancia que hace un par de meses era un segunda%u2026 \u00bfverdad?. Le falt\u00f3 usted el respeto a toda la afici\u00f3n del H\u00e9rcules. Menos mal que Mourinho, que sabe de f\u00fatbol, s\u00ed que nos tom\u00f3 en serio como rival. \u00bfCu\u00e1nto va a tardar en pedir disculpas al aficionado del H\u00e9rcules por ese feo comentario?<\/p>\n<p>R.- No creo que recordar que el H\u00e9rcules es un reci\u00e9n ascendido sea un pecado que merezca disculparse. Lo hubiera sido de haber escrito lo que usted dice, eso de &#8220;insignificante&#8221;. No hay equipo que me lo parezca, todos me merecen enorme respeto y, le dir\u00e9, que fruto de mi apasionada infancia futbol\u00edstica, guardo grandes recuerdos de todos. \u00bfDel H\u00e9rcules? Le a\u00f1oraba en Primera. \u00a1Qu\u00e9 buenos partidos le recuerdo en el viejo Sardinero! Humberto, Deusto, Tomasevski, Jos\u00e9 Antonio, Giuliano, Baena, Rivera, Saccardi, el Tigre Barrios, Sancayetano, Lubecke, Kustodic&#8230; Y aqu\u00e9l H\u00e9rcules que extravi\u00f3 al Bar\u00e7a de Ronaldo&#8230;<\/p>\n<p>P.- \u00bfQu\u00e9 opini\u00f3n le merece Font\u00e1s? M\u00e1s all\u00e1 del pase de gol de Pedro, parece claro que tanto \u00e9l como Thiago tienen un puesto pr\u00e1cticamente asegurado en el primer equipo.<\/p>\n<p>R.- A Font\u00e1s le ha venido bieb retrasar su posici\u00f3n, juega con aplomo y soltura y tiene una zurda precisa y poderosa. No hay muchos centrales zurdos, son muy valorados. Thiago es mi debilidad y creo que est\u00e1 a punto de explotar en una gran partido. <\/p>\n<p>P.- \u00bfTiene Trezeguet posibilidades de volver a ser titular en alg\u00fan gran equipo? \u00bfY Cassano?<\/p>\n<p>R.- A Trezeguet le queda la gasolina justa; Cassano hace tiempo que tiene la cabeza justa, justa.<\/p>\n<p>P.- \u00bfQu\u00e9 le pasa al Inter? S\u00f3lo Etoo parece tener algo de sangre en las venas. \u00bfCulpa de Ben\u00edtez?<\/p>\n<p>R.- No es f\u00e1cil mantener la voracidad de un vestuario tras un triplete, de ah\u00ed los m\u00e9ritos de Guardiola, entre otros muchos. El Inter, adem\u00e1s, es un equipo muy veterano y apenas se ha renovado. Con Ben\u00edtez solo no basta, aunque hace mucho que me parece que su ojo futbol\u00edstico es m\u00e1s que cuestionable. Desde sus primer\u00edsimos tiempos en Anfield sus borrones son constantes, sobre todo a la hora de fichar. Estos d\u00edas, cuando le oigo reclamar fichajes, me imagino que alguien le habr\u00e1 entregado a Moratti su desastrosa lista de la compra en Liverpool. <\/p>\n<p>P.- \u00bfcomo tiene que plantear el partido Pep para parar a este intratable Moudrid? <\/p>\n<p>R.- No me siento autorizado a decir a dos entrenadores como Pep y Mou c\u00f3mo deben jugar. Solo me atrevo a decir que si yo fuera cualquiera de los dos no cambiar\u00eda nada de lo hecho hasta la fecha. Intuyo que quien m\u00e1s se desnaturalice lo pasar\u00e1 peor. Que el Bar\u00e7a sea este Bar\u00e7a y el Madrid este Madrid. <\/p>\n<p>P.- \u00bfVe a Mourinho como el Ferguson del Madrid? \u00bfO durar\u00e1 cuando dure la calma en el Bernabeu, es decir, de uno a dos a\u00f1os? <\/p>\n<p>R.- A Mou le gustan los retos y le quedan algunos, sobre todo con Portugal. Solo hay que ver que se plante\u00f3 ocupar su banquillo durante un par\u00e9ntesis. Puede que Madrid le cautive y le haga pegar un volantazo, pero le veo con un MUndial o una Eurocopa como pr\u00f3ximo gran reto.<\/p>\n<p>P.- Buenas tardes Jos\u00e9. Escribo desde Italia y le sigo todos los lunes. Lo tengo claro que el nivel de futbol espanol (y de la liga BBVA) es mucho mas alto que lo del futbol italiano (y de la serie A); pues los clubs espanol estan por encima a los italianos tambien a nivel internacional (lo del Inter del ano pasado es un caso que no va a repetir!). Pero no cree usted que sea una lastima que al final la liga BBVA sea una liga de dos? No cree que eso le quite interes a nivel international? MGracias<\/p>\n<p>R.- Me quedo con una frase pronunciada por Mourinho en Mil\u00e1n antes de medirse al equipo de Berluscono en la champions de esta temporada: &#8220;En el calcio gana el que menos puntos pierde; en Espa\u00f1a, el Bar\u00e7a y el Madrid pierden un punto y ya tienen serios problemas&#8221;. Real Madrid y Bar\u00e7a han ganado 37 de las \u00faltimas 50 Ligas, lo que pasa es que ahora lo hacen con mucha mayor facilidad. Para el f\u00fatbol espa\u00f1ol no es bueno y habr\u00e1 que ver sin en un tiempo los dos grandes no pierden competitividad en Europa al no tenerla en su torneo dom\u00e9stico.<\/p>\n<p>P.- Sorprende su silencio sobre Di Mar\u00eda, un jugador que, semana tras semana, est\u00e1 siendo siempre uno de los m\u00e1s destacados del Madrid, que ofrece desborde, velocidad, pase y sacrificio en defensa. Su despliegue contra el Athletic fue impresionante, pero no me mereci\u00f3 ni una menci\u00f3n suya. Parece que le ha cogido man\u00eda. <\/p>\n<p>R.- Ninguna man\u00eda, me parece el mejor fichaje de este Real Madrid. Las cr\u00f3nicas se hacen a la carrera y el tiempo de reflexi\u00f3n es m\u00ednimo. Es muy probable que si usted mismo, un entrenador, un jugador o un periodista repasaran por segunda vez un partido encontrar\u00edan nuevos matices.<\/p>\n<p>P.- El equipo esta rehecho y crecido, pero muchos madridistas seguimos sin ver a Higua\u00edn como el 9 y so\u00f1amos con que explote de una vez Benzema, que es el que lo lleva en la camiseta. \u00bfPor qu\u00e9 al franc\u00e9s le cuesta tanto y por qu\u00e9 aun as\u00ed Higua\u00edn no enamora pese a tener cifras m\u00e1s que respetables? <\/p>\n<p>R.- Higua\u00edn es un jugadorazo con un estado de \u00e1nimo fant\u00e1stico. Benzema es, potencialmente, otro jugadorazo pero con poco \u00e1nimo. <\/p>\n","protected":false},"excerpt":{"rendered":"<p>El redactor Jefe de Deportes de EL PA\u00cdS, Jos\u00e9 S\u00e1mano, ha charlado con los lectores sobre la jornada de Liga, as\u00ed como del resto de la actualidad deportiva<\/p>\n<p>M\u00e1s entrevistas digitales<br \/>\n ARCHIVO DE ENTREVISTAS:<br \/>\n &#8211; 15 de noviembre &#8211; 8 de noviembre<br \/>\n &#8211; 1 de noviembre &#8211; 25 de octubre<br \/>\n &#8211; 18 de octubre &#8211; 4 de octubre<br \/>\n &#8211; 27 de septiembre &#8211; 20 de septiembre<br \/>\n &#8211; 13 de septiembre &#8211; 30 de agosto<\/p>\n","protected":false},"author":1,"featured_media":0,"comment_status":"open","ping_status":"open","sticky":false,"template":"","format":"standard","meta":{"footnotes":""},"categories":[],"tags":[],"class_list":["post-7805","post","type-post","status-publish","format-standard","hentry"],"_links":{"self":[{"href":"https:\/\/intervius.com\/index.html\/wp-json\/wp\/v2\/posts\/7805","targetHints":{"allow":["GET"]}}],"collection":[{"href":"https:\/\/intervius.com\/index.html\/wp-json\/wp\/v2\/posts"}],"about":[{"href":"https:\/\/intervius.com\/index.html\/wp-json\/wp\/v2\/types\/post"}],"author":[{"embeddable":true,"href":"https:\/\/intervius.com\/index.html\/wp-json\/wp\/v2\/users\/1"}],"replies":[{"embeddable":true,"href":"https:\/\/intervius.com\/index.html\/wp-json\/wp\/v2\/comments?post=7805"}],"version-history":[{"count":0,"href":"https:\/\/intervius.com\/index.html\/wp-json\/wp\/v2\/posts\/7805\/revisions"}],"wp:attachment":[{"href":"https:\/\/intervius.com\/index.html\/wp-json\/wp\/v2\/media?parent=7805"}],"wp:term":[{"taxonomy":"category","embeddable":true,"href":"https:\/\/intervius.com\/index.html\/wp-json\/wp\/v2\/categories?post=7805"},{"taxonomy":"post_tag","embeddable":true,"href":"https:\/\/intervius.com\/index.html\/wp-json\/wp\/v2\/tags?post=7805"}],"curies":[{"name":"wp","href":"https:\/\/api.w.org\/{rel}","templated":true}]}}