{"id":7801,"date":"2010-11-19T00:00:00","date_gmt":"2006-11-06T00:00:00","guid":{"rendered":"https:\/\/intervius.com\/index.html\/?p=7801"},"modified":"2006-11-06T00:00:00","modified_gmt":"2006-11-06T00:00:00","slug":"Inako_Diaz_Guerra7801","status":"publish","type":"post","link":"https:\/\/intervius.com\/index.html\/Inako_Diaz_Guerra7801\/","title":{"rendered":"I\u00f1ako D\u00edaz Guerra"},"content":{"rendered":"<p>Pregunta.- que te parece el fichaje de gomaespuma por la web?? os habeis coronado!! jajaja que grandes!. un saludo!<\/p>\n<p>Respuesta.- Me parece magn\u00edfico. Soy fan desde siempre<\/p>\n<p>P.- \u00bfQu\u00e9 nos recomiendas a los que sabemos lo b\u00e1sico de NFL para que nos enganchemos un poco m\u00e1s y avancemos en el conocimiento poco a poco? Porque yo con los comentarios de la tele me pierdo bastante la verdad, y no es precisamente un deporte f\u00e1cil ni de entender ni de seguir.<\/p>\n<p>R.- Lo ideal es verlo con alguien que entienda y te pueda ir explicando. Si no, busca en Google &#8220;Reglas NFL&#8221; y te saldr\u00e1n mil p\u00e1ginas, al final tampoco es tan complicado cuando coges cuatro cosas. Y una vez que sabes lo b\u00e1sico, en las jugadas confusas Zanoni es buen\u00edsimo explic\u00e1ndolas. <\/p>\n<p>P.- Maestro, me pone jugar otro derbi pero siendo pr\u00e1cticos, no nos interesar\u00eda tirar la copa YA? Siendo realistas ganar la copa implica; Espanyol, Madrid, Valencia o Villareal o Sevilla, y Barca. Me toca antes el euromillon, vamos<\/p>\n<p>R.- Soy radicalmente contrario a tirar competiciones. El a\u00f1o pasado, muchos empezaron con que hab\u00eda que tirar la Europa LEague y mira c\u00f3mo acab\u00f3 la cosa&#8230; Est\u00e1s dando por hecho que todos los grandes van pasando rondas, cosa que no sucede jam\u00e1s. Y en realidad, no veo ning\u00fan equipo inalcanzable para el Atl\u00e9tico a dos partidos <\/p>\n<p>P.- Al pie: Lo de De Gea si que creo que despertaria a la masa social. si es cierto, yo rompo el carnet de hace mas de 22 a\u00f1os. Seria la constatacion de que les importamos un bledo. \u00bfTu que crees? Mario Suarez: Te he dado la barrila varias veces con este tema y te parecia un &#8220;buen fondo de armario&#8221;. En 2 partidos ha demostrado mas que cualquiera de los otros medios centros. \u00bfQue no veremos de el cuando lleve 20 partidos? Assunsao tardo 15 o 20 partidos en brillar. Mario Suarez es el mas completo con diferencia. Lo que es de risa es por que no ficharon a Borja Valero por 2 kilos en vez de traer a tu amigo Tiago, el esteta perezoso. Abrazos, campeon . twitter: tedstriker_<\/p>\n<p>R.- No creo que nada despierte a la masa social. \u00bfPor qu\u00e9 De Gea s\u00ed y Torres no? Me consta que el Atleti no quiere vender a De Gea, pero tambi\u00e9n que \u00e9ste tiene una oferta de renovaci\u00f3n encima de la mesa desde hace meses y a\u00fan no la ha firmado (no le culpo, para m\u00ed es un poco baja). Creo que se arreglar\u00e1, pero si no y De Gea decide irse al Manchester United, \u00bfcu\u00e1l es el gran drama? \u00bfQu\u00e9 culpa tiene el Atl\u00e9tico si el futbolista quiere irse? \u00bfQu\u00e9 culpa tiene el jugador si el United puede ofrecer m\u00e1s dinero y m\u00e1s \u00e9xitos?\u00bfCu\u00e1l es el crimen de cualquiera de las partes? Siempre que se fuera por la cl\u00e1usula, claro. Mario mejora a Assun\u00e7ao en la salida de bal\u00f3n pero es peor t\u00e1cticamente y recupera mucho menos. Est\u00e1 bien, mejor de lo que yo esperaba, y puede ser la soluci\u00f3n, pero yo no me volver\u00eda loco todav\u00eda. Tengo cierta vinculaci\u00f3n personal con Borja Valero, as\u00ed que no te haces idea lo que me hubiera gustado verle aqu\u00ed.<\/p>\n<p>P.- Hola I\u00f1ako ya tenia ganas de saludarte,jeje! Como va el tema de la peineta? Hay alguna posibilidad remota, de que con el tema de la crisis en el pais, se quede sin realizar el proyecto de la peineta y nos quedasemos en el calderon? ese seria el dia mas feliz de todos los atleticos! Un saludo y FORZA ATLETI!!<\/p>\n<p>R.- Hombre, yo creo que anularse no se va a anular, pero es evidente que s\u00ed se est\u00e1 retrasando, as\u00ed que disfrutad por ahora<\/p>\n<p>P.- \u00bfTe parece bien que el Atl\u00e9tico haya aceptado la propuesta de los dos grandes respecto al contrato televisivo? El contrato de los derechos los tendr\u00eda de pactar la LFP con todos, no solo con los dos grandes y que los dem\u00e1s recojan las sobras. Si yo fuera el presidente de un club, a los partidos contra Madrid y Bar\u00e7a ir\u00eda con los benjamines, que se jueguen la liga en dos partidos a ver si segu\u00edan pag\u00e1ndoles tanto o que se pasen las 38 jornadas jugando Madrid-Bar\u00e7a y el que m\u00e1s partidos gane campe\u00f3n, el otro segundo y el resto a luchar por ser terceros. Soy abonado y socio del Atletico.<\/p>\n<p>R.- El asunto es complejo. Es evidente que el Atleti, al unirse al Bar\u00e7a y el Madrid, ha jugado a ser tercero y no primero. A m\u00ed, personalmente no me gusta, preferir\u00eda un modelo similar al de la Premier, donde todo se reparte m\u00e1s. Pero lo mismo con uno modelo as\u00ed el Atleti en vez de tercero es d\u00e9cimoquinto.<\/p>\n<p>P.- \u00bfNo te parece curioso que, semana que juega el madrid contra cualquier equipo, semana en la que aparece la principal estrella de ese equipo en la portada de los peri\u00f3dicos y en las informaciones deportivas? El a\u00f1o pasado se vio: Perotti, Navas, Kun, Silva, vuelta de Parejo, Canales y Pedro Le\u00f3n (\u00fanicos que llegaron), Diego Alves, Nilmar, Javi Martinez, esta semana LLorente&#8230; \u00bfTanto peso tiene el equipo de prensa del madrid para tratar de desestabilizar las mentes de los jugadores rivales? \u00bfNo te parece un poco bochornoso utilizar a los medios (a los que no dudo que se les da el soplo desde dentro de que interesa) para un fin l\u00edcito, pero inmoral? Gracias<\/p>\n<p>R.- De todas las teor\u00edas conspiratorias que los aficionados atribuis a la prensa esta es de mis preferidas. No hay ni grandes planes conspiratorios ni intereses ocultos. Lo que s\u00ed sucede es que cuando un equipo se enfrenta a un jugador que le interesa, la curiosidad, morbo o como quieras llamarlo hace que sea m\u00e1s noticia, que se recuerde ese inter\u00e9s, etc&#8230; No es tan distinto a cuando un futbolista se enfrenta con su ex; tambi\u00e9n pasa a ser m\u00e1s tema. No hay m\u00e1s.<\/p>\n<p>P.- Hola fiera, te planteo lo siguiente: el atleti tiene casi fichado a Afellay, entonces de repente, se mete el bar\u00e7a por medio y se lo lleva, es evidente que el bar\u00e7a tiene muchos jugadores del perfil del holand\u00e9s y si me apuras mejores. \u00bfno ser\u00e1 que este verano van a ir a por Ag\u00fcero y van a ofrecer en la operaci\u00f3n a Afellay. Yo creo que la delantera que quiere Guardiola es Ag\u00fcero-Villa-Mesi \u00bfy t\u00fa que opinas? <\/p>\n<p>R.- Que no tiene nada que ver. Al Bar\u00e7a se le ha quedado muy corta la plantilla este a\u00f1o, Afellay es muy de su estilo y estaba a un precio irrechazable, por eso lo han fichado. <\/p>\n<p>P.- I\u00f1ako, cuando escucho (lo pongo como ejemplo) que Kaka se va a recuperar a Brasil o Gago a Argentina, me da la impresion que se van de vacaciones?. \u00bfes que no hay medicos y fisios en madrid?<\/p>\n<p>R.- Los clubes le consienten unas cosas a los futbolistas absolutamente incre\u00edbles, luego les salen mimados&#8230; Salvo que acudan a un reputad\u00edsimo especialista, es una concesi\u00f3n innecesaria<\/p>\n<p>P.- Hola I\u00f1ako. Por que no jugo Dominguez contra Osasuna? Es que Ujfa lo hace muy bien en el lateral, pero me convence de central. Crees que habra algun refuerzo en invierno? En las bandas no tenemos a nadie fuera de Reyes y Simao. Vendra Salvio?<\/p>\n<p>R.- A Quique le encanta la pareja Ujfalusi-God\u00edn y Dom\u00ednguez no ha estado a\u00fan esta temporada al nivel de la pasada. Esto unido a que Perea es un l\u00edder y est\u00e1 respondiendo, le abre muchas opciones. Los va a ir rotando. Salvio no creo, pero s\u00ed alg\u00fan fichaje de perfil bajo para ocupar el puesto de Jurado.<\/p>\n<p>P.- Y ahora que hacemos con Asenjo?<\/p>\n<p>R.- Pues nada, intentar colocarlo<\/p>\n<p>P.- Buenas , \u00bfquien crees que ganara la NBA este a\u00f1o?\u00bfy la ACB?un saludo y gracias<\/p>\n<p>R.- Celtics y Barcelona<\/p>\n<p>P.- No crees que Carlos Moy\u00e1 podr\u00eda haber sido n\u00famero 1 de la ATP m\u00e1s tiempo pero que prefiri\u00f3 dedicarse a ligar con pivones?<\/p>\n<p>R.- Soy muy de Carlos Moya. Pero mucho. Ya lo era antes, pero es que desde que le sigo en twitter estoy entregado, seguramente el deportista m\u00e1s interesante para seguir, un t\u00edo que se moja, sabe lo que dice y tiene mucho sentido del humor. Como tenista, mi admiraci\u00f3n eterna. Seguramente podr\u00eda haber llevado una vida m\u00e1s monacal y haber sido el 1 m\u00e1s tiempo, pero tampoco es que con la vida que llev\u00f3 le fuera mal. Yo tengo bastante claro que de haber tenido alg\u00fan tipo de talento no lo hubiera gestionado muy distinto a \u00e9l. Y tambi\u00e9n tuvo muy mala suerte con las lesiones. En cualquier caso, daba gusto verle jugar cuando estaba enchufado. Un superclase.<\/p>\n<p>P.- Viendo lo de ayer\u00bfde verdad es necesario el doble pivote Alonso- Busquets? Ni en los amistosos se puede probar otra cosa? Es que no llega tanta gente al ataque! ese es el problema, que ni Alonso ni Busquets pisan area contraria! Dios&#8230;<\/p>\n<p>R.- Lo dije en el Mundial y, aunque lo ganamos, no he cambiado de idea: a m\u00ed me sobra uno, se retrasa a Xavi y se abre hueco a Cesc o a un segundo delantero. Pero Del Bosque tiene un argumento de pese para defender su sistema, supongo. Campeones o no, a m\u00ed me gusta menos<\/p>\n<p>P.- I\u00f1ako,menuda jornadita de Euroliga ayer&#8230;explicaciones razonables? baja de Navarro? Arbitros en Belgrado? Se quieren cargar a Messina? y el Power no tiene nivel?? esta feo para clasificarse o me quito el pa\u00f1al??<\/p>\n<p>R.- Creo pasan todos seguro menos el Power, que tampoco est\u00e1 a\u00fan muerto. Es lo bueno de que se clasifiquen 4 de 6, da mucho margen de error. Cada derrota tiene su explicaci\u00f3n: el Bar\u00e7a no ten\u00eda a Navarro y Mickeal est\u00e1 mal de la rodilla, es circunstancial. El Madrid, como buen equipo joven, va a pegar un petardazo de estos cada 3 o 4 semanas. El Baskonia ha perdido a Splitter, palabras mayores, y encima Haislip va de lesi\u00f3n en lesi\u00f3n, as\u00ed que est\u00e1 muy justito dentro, pero si sabemos algo a estas alturas es que acabar\u00e1 fichando una soluci\u00f3n antes de primavera. No le dar\u00eda a este asunto car\u00e1cter de drama nacional, la verdad<\/p>\n<p>P.- Buenas I\u00f1ako, imaginemonos que el Madrid gana la liga con 3 jornadas de antelacion, el Atleti luchando por entrar en champions\/uefa contra Sevilla (antepenultimo) y Getafe (penultimo) rivales del Madrid, \u00bfque pasaria si el Madrid sacara 1 equipo B (suplentes y castilla) en esos partidos? \u00bflo verias justo? <\/p>\n<p>R.- S\u00ed. Aqu\u00ed cada uno tiene una plantilla y unos objetivos y debe gestionar su equipo como considere. Si uno ha cumplido sus objetivos con tres semanas de antelaci\u00f3n, bien por \u00e9l, tiene todo el derecho a dar minutos a los no habituales, y el que se queje, que hubiera solucionado sus problemas antes tambi\u00e9n. Si no, mala suerte. Igual que si Preciado considera que en el Camp Nou es el sitio ideal para dar descanso a titulares, tiene todo el derecho a hacerlo sin ser atacado. \u00bfO no rotan los grandes ante rivales menores y a veces pierden puntos por ello? \u00bfSe quejan en ese caso el resto de peque\u00f1os? Nop<\/p>\n<p>P.- Hola I\u00f1ako, \u00bfno chirria Xabi Alonso en el centro del campo de la Selecci\u00f3n? Es el que m\u00e1s balones pierde, a veces en zonas muy peligrosas, porque carece del toque de Iniesta y Xavi. Y Busquets corta m\u00e1s y mejor. Pero parece ser un jugador sobrevalorado que cae muy bien a un amplio sector de la prensa deportiva&#8230;. <\/p>\n<p>R.- A m\u00ed me encanta Xabi Alonso, no s\u00e9 si lo sobrevalorar\u00e9 o no, pero me parece el mediocentro perfecto, complet\u00edsimo. Tanto como Busquets. ME da igual al que prefiera Del Bosque, ponga al que ponga no me quejo. Lo que no me gusta es que ponga a los dos<\/p>\n<p>P.- Lo de jugar a las 12 me parece una gran idea. Nadie se da cuenta que ir al calder\u00f3n a las 9 o 10 de la noche y en invierno es un fastidio? a ti que te parece? Gracias<\/p>\n<p>R.- A m\u00ed me gusta el horario de 12. Lo viv\u00ed como socio del Rayo y luego otra vez con el Atleti en Segunda y siempre me encant\u00f3 ese plan de domingo por la ma\u00f1ana: f\u00fatbol y ca\u00f1as. Y si viviera fuera de Madrid, preferir\u00eda madrugar y luego irme de d\u00eda, que tener que volver a mi ciudad a las 12 de la noche.<\/p>\n<p>P.- I\u00f1ako intento ver el f\u00fatbol americano pero no entiendo nada. Alg\u00fan libro de iniciaci\u00f3n o manual que recomiendes? gracias<\/p>\n<p>R.- No. Busca las reglas en internet, ded\u00edcales un rato y date otra oportunidad. En serio, no es tan complejo<\/p>\n<p>P.- Como responsable de la secci\u00f3n de baloncesto, \u00bfen qu\u00e9 medida pod\u00e9is cambiar las cr\u00f3nicas NBA y no dar s\u00f3lo cancha a los n\u00fameros de los espa\u00f1oles? Los aficionados lo agradecer\u00edamos y no tendr\u00edamos que acudir a otras web para seguir la competici\u00f3n. Un saludo.<\/p>\n<p>R.- No damos s\u00f3lo cancha a los n\u00fameros de los espa\u00f1oles, aunque l\u00f3gicamente los pongamos. Todas las ma\u00f1anas a eso de las 8 tienes en As.com una cr\u00f3nica de Alejandro Delm\u00e1s de la jornada completa, hablando de toda la actualidad de la noche, no s\u00f3lo de los espa\u00f1oles. Y en el papel, buscamos m\u00e1s temas noticiosos y\/o curiosos que cr\u00f3nicas de partidos, ya que cuando llegamos a los kisocos se ha jugado otra jornada entre medias y estamos obsoletos.<\/p>\n<p>P.- Ha muerto Berlanga, a mi me me parec\u00eda un genio. T\u00fa que opinas? El Verdugo , Pl\u00e1cido y Bienvenido&#8230;obras maestras, y la Vaquilla es desternillante. hay muchas pel\u00edculas espa\u00f1olas que son muy buenas y nunca te he le\u00eddo nada al respecto&#8230;muerte de un ciclista, surco, atraco a las tres etc..no te gustan o simplemente no te interesa lo espa\u00f1ol? Muchas gracias.<\/p>\n<p>R.- No me habr\u00e9is preguntado. Berlanga es el gran genio del cine espa\u00f1ol, para m\u00ed, con Azcona como socio perfecto. De esa uni\u00f3n salieron, para m\u00ed, las dos mejores pel\u00edculas del cine espa\u00f1ol: El verdugo y Pl\u00e1cido. A m\u00ed me gusta el cine bueno sin entender de nacionalidades. Aunque puedo contar con los dedos de una mano las pelis espa\u00f1olas que me han gustado en los \u00faltimos a\u00f1os, la verdad. Espero que Balada triste de trompeta me recupere<\/p>\n<p>P.- Buenos d\u00edas I\u00f1ako. \u00bfCrees que Messina tiene culpa de que unos t\u00edos que juegan en ACB tengan un \u00a1\u00a1\u00a16% en triples!!! (es que todav\u00eda no me lo creo, yo en el parque de mi barrio meto un 7 por lo menos). Mi opini\u00f3n de Messina la verdad es que es contradictoria pero en resumen, como todos los madridistas me siento defraudad\u00edsimo. \u00bfT\u00fa qu\u00e9 opinas? \u00bfCese o paciencia? En caso de cese, \u00bfa qui\u00e9n ponemos? Se supone que \u00e9ste era el mejor de lo mejor \u00bfno? Podemos probar con Phill Jackson pero me da a m\u00ed que no&#8230;<\/p>\n<p>R.- No, evidentemente no la tiene. A m\u00ed ha habido cosas de Messina que no me han gustado y me han decepcionado, sobre todo la poca tranquilidad de transmite a sus j\u00f3venes. Pero sigo pensando que cualquiera que pudiera venir ahora ser\u00eda peor. Si los tres grandes popes de los banquillos europeos de los \u00faltimos 20 a\u00f1os (Messina, Obradovic y Maljkovic) han acabado mal en el Madrid, quiz\u00e1s el problema no sean ellos, \u00bfno?<\/p>\n<p>P.- Muy buenas I\u00f1ako!! qu\u00e9 te parece el rendimiento de Michael Vick esta temporada? lo esperabas? A mi desde los Falcons me parec\u00eda un jugador incre\u00edble, pero es que ahora parece que en la c\u00e1rcel ha mejorado mucho sus condiciones de QB!! Igual me estoy flipando, pero creo que como siga as\u00ed es claro aspirante a MVP, de hecho si la temporada acabase hoy se lo otorgar\u00eda a \u00e9l sin dudarlo.. Un saludo!!<\/p>\n<p>R.- El partido de Vick contra los Redskins fue, mal que le pese a mi hermano Dani Hidalgo, de lo m\u00e1s incre\u00edble que he visto nunca. Es evidente que el actual Vick piensa m\u00e1s y corre menos que con los Falcons, lo cual es maravilloso, porque cuando es necesario sigue fulmin\u00e1ndote corriendo, pero ya no es tan f\u00e1cil de defender, ya que ha alcanzado una precisi\u00f3n en el pase desconocida en \u00e9l. Si evita m\u00e1s problemas de lesiones (ya ha tenido una este a\u00f1o) y juega todos los partidos que quedan puede aspirar absolutamente al MVP (para m\u00ed hasta ahora es Brady). A d\u00eda de hoy ha jugado pocos partidos para poder serlo.<\/p>\n<p>P.- A ver qu\u00e9 opinas de lo siguiente: en Italia no hay pudor a traspasarse t\u00edos del Inter al Mil\u00e1n, de la Juve al Inter&#8230; Estamos hartos de ver jugadores que han jugado hasta en los tres equipos (Ibra, Baggio) o en al menos dos (Panucci, Seedor, Pirlo&#8230;) Aqu\u00ed ni hablar del peluqu\u00edn, por ejemplo el Atleti perdi\u00f3 la oportunidad de hacerse con Sneijder o Negredo cuando el Madrid se interes\u00f3 por Forl\u00e1n. Pens\u00e1ndolo fr\u00edamente igual le hab\u00eda venido bien \u00bfno? Yo soy partidario de este tipo de trasapasos \u00bfy t\u00fa? Gracias, crack.<\/p>\n<p>R.- Yo prefiero que los \u00eddolos atl\u00e9ticos no jueguen en el Madrid, pero tampoco me rasgar\u00eda las vestiduras si sucediera. Sin embargo, somos pocos los aficionados que pensamos as\u00ed, la mayor\u00eda prefiere perder 30 millones a ver a Forl\u00e1n de blanco y con esa mentalidad se limita la capacidad de mejorar del equipo. No lo comparto<\/p>\n<p>P.- Que tal crack? Se echan de menos tus cronicas&#8230;Cual de estos ficharias para tu equipo? Gasol o Navarro? Llul o Ricky?<\/p>\n<p>R.- Gasol y Ricky<\/p>\n<p>P.- viendo el partido de forl\u00e1n del s\u00e1bado, viendo el nivel futbol\u00edstico y cerebral de diego costa, y viendo la capacidad negociadora de nuestro directiva, afellay al bar\u00e7a, \u00bfde verdad piensas que hay que vender a forl\u00e1n? yo me temo que terminar\u00edamos jugando con salva ballesta de 9.<\/p>\n<p>R.- Pienso que se apuran los \u00faltimos momentos en los que Forl\u00e1n tiene valor de mercado y como el Atleti no tiene ni un duro, si sencillamente apura hasta que ya no d\u00e9 m\u00e1s de s\u00ed no habr\u00e1 pasta para intentar fichar un sustituto. <\/p>\n<p>P.- Hola I\u00f1ako, mojate: Habeis discutido alguna el mundo &#8220;atletico&#8221; del periodico con la direcci\u00f3n por opiniones, portadas, cronicas&#8230;Cuando jugamos la supercopa (y ganamos) la portada era Ronaldo &#8220;Con mou podemos ganarlo todo&#8221;&#8230;Se puede contar alguna? Tiene que ver con tu cambio de seccion? Supongo que diras que no&#8230;yo tambien aprecio mi trabajo&#8230;<\/p>\n<p>R.- Hemos discutido muchas. Pero con la Supercopa, en concreto, fuimos portada. En realidad, en Madrid el Atleti es portada casi siempre que hay algo importante, lo que sucede es que la que se ve en internet es la de edici\u00f3n nacional, sobre la que en cada edici\u00f3n se cambia. Eso ha creado bastantes confusiones ya como, seguramente, la que t\u00fa dices de Cristiano. Y no, sinceramente no tuvo nada que ver con mi cambio de secci\u00f3n. <\/p>\n<p>P.- Hola crack. Se echa falta ese sentimiento en las cronicas del Atleti, pero bueno. Dos preguntas. \u00bfQue te parece la postura del Atleti en el tema de los repartos del dinero de la television? creo que deberiamos apoyar a Del Nido, solo por esta vez. \u00bfMe recomiendas algun libro de intriga que merezca la pena?. Saludos<\/p>\n<p>R.- 1. Ya he comentado que me gustar\u00eda m\u00e1s un reparto equitativo. 2. Acabo de devorar los dos primeros de la serie de Kenzie y Gennaro, de Lehane (Un trago antes de la guerra y Abr\u00e1zame oscuridad). Son estupendos.<\/p>\n<p>P.- Aparece un genio y te concede cuatro deseos: Resucitar a un deportista, un escritor, un director y un m\u00fasico para que los entrevistes: A quien eliges y cual ser\u00eda tu primera pregunta para cada uno\/a ? Gracias..mi trabajo me aburre.<\/p>\n<p>R.- 1. Wilt Chamberlain. \u00bf20.000? \u00bfC\u00f3mo se puede ser tan fantasma?. 2. Tolkien. \u00bfAragorn se acost\u00f3 con Eowyn, verdad? 3. Wilder.\u00bfQu\u00e9 depar\u00f3 el futuro a Baxter y Kubelik? 4. Cobain \u00bfLo hiciste porque te diste cuenta de que Pearl Jam eran mucho mejores?<\/p>\n","protected":false},"excerpt":{"rendered":"<p>El jefe de la secci\u00f3n de Baloncesto del Diario AS I\u00f1ako D\u00edaz-Guerra ha analizado la actualidad del mundo del baloncesto, as\u00ed como la actualidad colchonera y temas tan mundanos como el cine, la literatura o la m\u00fasica.<\/p>\n","protected":false},"author":1,"featured_media":0,"comment_status":"open","ping_status":"open","sticky":false,"template":"","format":"standard","meta":{"footnotes":""},"categories":[],"tags":[],"class_list":["post-7801","post","type-post","status-publish","format-standard","hentry"],"_links":{"self":[{"href":"https:\/\/intervius.com\/index.html\/wp-json\/wp\/v2\/posts\/7801","targetHints":{"allow":["GET"]}}],"collection":[{"href":"https:\/\/intervius.com\/index.html\/wp-json\/wp\/v2\/posts"}],"about":[{"href":"https:\/\/intervius.com\/index.html\/wp-json\/wp\/v2\/types\/post"}],"author":[{"embeddable":true,"href":"https:\/\/intervius.com\/index.html\/wp-json\/wp\/v2\/users\/1"}],"replies":[{"embeddable":true,"href":"https:\/\/intervius.com\/index.html\/wp-json\/wp\/v2\/comments?post=7801"}],"version-history":[{"count":0,"href":"https:\/\/intervius.com\/index.html\/wp-json\/wp\/v2\/posts\/7801\/revisions"}],"wp:attachment":[{"href":"https:\/\/intervius.com\/index.html\/wp-json\/wp\/v2\/media?parent=7801"}],"wp:term":[{"taxonomy":"category","embeddable":true,"href":"https:\/\/intervius.com\/index.html\/wp-json\/wp\/v2\/categories?post=7801"},{"taxonomy":"post_tag","embeddable":true,"href":"https:\/\/intervius.com\/index.html\/wp-json\/wp\/v2\/tags?post=7801"}],"curies":[{"name":"wp","href":"https:\/\/api.w.org\/{rel}","templated":true}]}}