{"id":7781,"date":"2010-11-16T00:00:00","date_gmt":"2006-11-06T00:00:00","guid":{"rendered":"https:\/\/intervius.com\/index.html\/?p=7781"},"modified":"2006-11-06T00:00:00","modified_gmt":"2006-11-06T00:00:00","slug":"Tomas_Roncero7781","status":"publish","type":"post","link":"https:\/\/intervius.com\/index.html\/Tomas_Roncero7781\/","title":{"rendered":"Tom\u00e1s Roncero"},"content":{"rendered":"<p>Pregunta.- Grande Crack! Tengo m\u00e1s de una decada de seguirte desde Costa Rica donde habemos m\u00e1s madridistas que nada y entre ellos me considero de los mejores! \u00bfCuau fichaje ha sido el mejor para esta temporada Carvalho, Angel &#8220;Di Madrid&#8221;, o el Mago de Oz(il)?&#8230;me encantan los 3, pero personalmente me quedo con Di Maria del que lei que no era de sus favoritos para fichar antes que SIlva y Navas pero que esta demostrando porque costo 25kilos. Hala Moudrid!!<\/p>\n<p>Respuesta.- Di Maer\u00eda ha sido un golpe de aire fresco para todos. Joven, veloz, h\u00e1bil en el uno contra uno, presiona arriba como nadie y tiene gol. Un gran acierto. \u00d6zil es un genio y Carvalho es el lider de la defensa que nos hac\u00eda falta. Un tr\u00edo de lujo por s\u00f3lo 48 millones, vbeinte menos de lo que cost\u00f3 Ibrahimovic. Por ejemplo&#8230;<\/p>\n<p>P.- Hola Tom\u00e1s, lo primero decirle que me eres un autentico crack y encima manchego (de Ciudad Real como Yo)y lo segundo es hacerle la pregunta: \u00bfQu\u00e9 ha significado Ra\u00fal Gonz\u00e1lez Blanco en el Real Madrid y en el f\u00fatbol espa\u00f1ol bajo su punto de vista? Para m\u00ed ha sido el n\u00famero uno. Gracias y un abrazo.<\/p>\n<p>R.- Gracias por tus palabras paisano. Mira, Ra\u00fal es, ha sido y siempre ser\u00e1 un s\u00edmbolo sagrado para los madridistas. El capit\u00e1n se llev\u00f3 parte de nuestro coraz\u00f3n blanco a Alemania, pero seguro que cuando cuelgue las botas, en un par de a\u00f1os, regresar\u00e1 a su casa y en cinco o seis temporadas lo veremos de entrenador del Madrid en el banquillo. Mourinho habr\u00e1 dejado muchos titulos y muchas ense\u00f1anzas y Ra\u00fal ser\u00eda su relevo perfecto para cuando el portugu\u00e9s decida emprender su aventura con la selecci\u00f3n de su pa\u00eds. Todo ser\u00e1 perfecto. <\/p>\n<p>P.- Estimado Thomas!!! a ver si algun dia me respondes&#8230;. Te dire que igaual que Tu apostaba por la continuidad de Pellegrini&#8230; Pero MOU me ha convencido y al dia de hoy me parece que nuestro Madrid es el equipo mas solido de Europa.. Yo se que Tu eres el que mas espera la decima; dime a diferencia de otras veces que te hace pensar que este a\u00f1o SI ganamos la decima?? Gracias por volver a las charlas ya las extra\u00f1aba!!!<\/p>\n<p>R.- Amigo hondure\u00f1o este a\u00f1o he cambiado la t\u00e1ctica despu\u00e9s de seis a\u00f1os de frustraciones en Europa. El objetivo prioritario es pasar el maldito cruce de octavos. Ya estamos clasificados para esa ronda y ahora hay que pasar esa eliminatoria como sea. Una vez en cuartos, empezar\u00e1 la verdadera Champions para el Madrid. Pero antes de hablar de D\u00e9cima hazme caso, hablemos de superar los octavos. Despu\u00e9s, todo ser\u00e1 m\u00e1s f\u00e1cil&#8230;<\/p>\n<p>P.- Grande de Espa\u00f1a, estoy disfrutando como juega nuestro Madrid, pero le veo sin plan B. Empiezo a tener miedo si llega alguna lesi\u00f3n o cuando el cansancio empiece hacer mella en los 11 fant\u00e1sticos. \u00bfC\u00f3mo ves al equipo hacia el futuro? Un saludo<\/p>\n<p>R.- Amigo de Albox, Mourinho tiene muy estudiados los periodos de esfuerzo f\u00edsico y no olvides que esta temporada tenemos tanques muy poderosos como Khedira, Cristiano, Higua\u00edn, Di Mar\u00eda o Xabi Alonso que no se cansan nunca de correr. Estoy tranquilo. Seguro que aguantar\u00e1n hasta la recolecta (de t\u00edtulos) de mayo. <\/p>\n<p>P.- Tomas,soy de tu quinto y he crecido con el se\u00f1or\u00edo de Pirri,Santillana,Butrague\u00f1o y Raul y no puedo con CR7,ni con Mouri\u00f1o,desde que est\u00e1n ellos quiero que el RM pierda siempre.No vale solo ganar,al menos para mi no.\u00bfA t\u00ed no te pasa?<\/p>\n<p>R.- No, siento discrepar de ti. Para empezar, ni Mourinho ni Cristiano han insultado a nadie en una rueda de prensa. Son ganadores natos y eso a veces puede provocar alg\u00fan mal rollo, pero se les est\u00e1 demonizando por ser del Madrid. Por tu teor\u00eda t\u00fa hubieras querido que nuestros Madrid perdiese por el car\u00e1cter que ten\u00eda Juanito. Sin embargo, yo me hice m\u00e1s del Madrid gracias a Juanito y su personalidad. No desees nunca que pierda el Madrid o no me creer\u00e9 que eres blanco. <\/p>\n<p>P.- \u00bfcrees que deber\u00eda debutar el canterano Pablo Sarabia esta temporada?<\/p>\n<p>R.- Ojal\u00e1. Ser\u00eda un sue\u00f1o para m\u00ed. Sarabia es un jugador con una visi\u00f3n de juego y una picard\u00eda cerca del \u00e1rea que me tienen enganchado desde que lo vi por primera vez en Valdebebas hace tres a\u00f1os. Pablo es una joya y ojal\u00e1 sepan valorarlo para que se quede en el Bernab\u00e9u. <\/p>\n<p>P.- Tom\u00e1s, Ozil no me termina de convencer. No le veo para los partidos grandes: San Siro, Camp Nou&#8230; creo que necesitamos a Kak\u00e1 en forma para primaver. \u00bfC\u00f3mo lo ves? Saludos desde \u00c1vila<\/p>\n<p>R.- Pero si es muy bueno amigo. Ozil tiene un f\u00edsico a\u00fan en formaci\u00f3n y por eso es inconstante en algunos partidos, pero cuando se le enciende la bombilla es \u00fanico. Kak\u00e1 volver\u00e1 en enero y su recuperaci\u00f3n es a\u00fan una inc\u00f3gnita. Yo de Ozil como El Caser\u00edo, me f\u00edo&#8230; <\/p>\n<p>P.- El director de As habla de que a Mourinho le falta educaci\u00f3n, yo personalmente creo que le falta decencia como persona&#8230; Esta dispuesto a proclamar que con Mourinho el fin justifica los medios?<\/p>\n<p>R.- Yo nunca cre\u00ed en Maquiavelo. Pero es que no pienso que sea un indecente. Mourinho posee una personalidad fuerte, pero como dice el maestro Di St\u00e9fano lo que ocurre es que muchos tienen bronca con \u00e9l porque gana y tiene pinta de que va seguir ganando. Yo no demonizo a Mourinho. Con sus defectos, que claro que los tiene, lo admiro cada vez m\u00e1s. <\/p>\n<p>P.- Sr Roncero. Una pregunta: \u00bf Quien y como se puede parar a messi en el clasico ? Otra \u00bf Como tu lo vez a CR7 en el clasico, Marcar\u00e1?<\/p>\n<p>R.- Messi es un diablo, pero lo importante es frenar a Xavi e Iniesta. Haciendo eso, el Bar\u00e7a es un equipo m\u00e1s. <\/p>\n<p>P.- Hola Tom\u00e1s. Con todo este berenjenal levantado con lo de Mou, Preciado y tal, opino que primero Di Stefano, Y SOBRE TODO, SOBRE TODO, Alfredo Rela\u00f1o en su art\u00edculo de hoy, lo han clavado \u00bfno crees?. Y sobre lo que dice Alfredo Rela\u00f1o hoy, \u00bfpor qu\u00e9 eso no ocurre con el Barcelona?. Que sepas que te tengo mucha envidia (muy sana, eso s\u00ed) de ver como estas tan cerca del Madrid, de su estadio, de poder ver todos sus partidos en el Bernabeu&#8230;. quien pudiera t\u00edo.<\/p>\n<p>R.- Hola crack. Rela\u00f1o lo ha clavado hoy como bien dices en su editoria del AS. Ha dicho la verdad. Con el Madrid hay una vara de medir y con el Bar\u00e7a otra. Lo que hace Mourinho es pecado mortal y si Guardiola hace algo parecido se le disculpa y justifica. Piqu\u00e9 puede hablar de los \u00e1rbitros y ning\u00fan jugador del Madrid puede abrir la boca. Ese farise\u00edsmo est\u00e1 abriendo los ojos a la gente. Si las patadas de Gij\u00f3n a Cristiano se las dan a Messi se monta la mundial en Barcelona. Mucha hipocres\u00eda se\u00f1ores&#8230;<\/p>\n<p>P.- Mourinho y un miembro de su cuerpo tecnico increpan a Preciado con gestos y palabras de &#8220;a Segunda, a Segunda \u00bfesa es la imagen del Madrid que queremos dar? \u00bfQueremos que nos reciban mal en todos los campos de Espa\u00f1a?<\/p>\n<p>R.- Seg\u00fan la versi\u00f3n del Madrid, Preciado se acerca al autob\u00fas y se queda mirando con gestos desafiantes. Todos se equivocaron con tanto nerviosismo, pero si mi amigo Preciado no hubera dicho el viernes lo que dijo nada de esto habr\u00eda pasado. Lo de qui\u00e9n tir\u00f3 la primera piedra es muy discutible. <\/p>\n<p>P.- Hola se\u00f1or Roncero, holanda llama por primera vez a royston drenthe gracias a su buen inicio de temporada con el hercules, pienses que en un par de meses puede volver a jugar en el real madrid?<\/p>\n<p>R.- En junio puede volver al Madrid porque est\u00e1 cedido y el asunto tiene muy buena pinta. Ha madurado en Alicante y sus actuaciones son de diez. Es muy bueno, aunque le faltaba tener continuidad y sentirse importante. Seguro que volver\u00e1. <\/p>\n<p>P.- Hola crack, el regreso de kaka esta previsto para enero, pienses que puede ser titular para los partidos fuera del bernabeu y ozil para los otros?<\/p>\n<p>R.- Lo importante es que Kak\u00e1 se recupere bien de verdad. No s\u00e9 si con dos lesiones tan graves podr\u00e1 ser titular al ritmo que impone Mourinho. Lo bueno es que con \u00e9l, Ozil y Canales en ese puesto, est\u00e1 m\u00e1s que cubierto. No hay que agobiarse. M\u00e1s vale tener balas de plata que de fogueo. <\/p>\n<p>P.- El madridismo clama por la alineaci\u00f3n del Sporting contra el Bar\u00e7a ya que seg\u00fan vosotros eso adultera la competici\u00f3n. En tu opini\u00f3n, lo que hace el Real Madrid con los cedidos (no permitirles jugar contra ellos) \u00bfes adulterar la competici\u00f3n?<\/p>\n<p>R.- Est\u00e1 mal hecho y lo critiqu\u00e9 en una columna muy dura en el diario AS. Yo no hipoteco mi opini\u00f3n por los colores. Lo blanco y lo negro es negro siempre. Por eso me ratifico en lo el Camp Nou. Alineaci\u00f3n indebida. <\/p>\n<p>P.- Buenos d\u00edas, me gustar\u00eda saber su opini\u00f3n sincera sobre Mourinho, yo creo que como entrenador no tiene precio, pero como persona deja mucho que desear. Creo que un tipo as\u00ed no merece estar en el Madrid, no necesitamos showmans. Si hablamos del Madrid del se\u00f1or\u00edo y del que era admirado en toda Espa\u00f1a,sobra. Si hablamos del Madrid que cada vez despierta m\u00e1s rechazo, entonces es la persona indicada. Ni los presuntos t\u00edtulos que va a conseguir cambian nada.<\/p>\n<p>R.- Se est\u00e1 exagerando todo. Claro que puede atemperar algunos comportamientos, pero es su personalidad y no le he visto que haya insultado a nadie todav\u00eda. Dejemos que alguien tan especial como \u00e9l ilustre nuesta Liga. Adem\u00e1s, como t\u00e9cnico es un 10. Ser\u00e1 bueno para el Madrid. Estoy seguro de ello. <\/p>\n<p>P.- Hola Tom\u00e1s, \u00bfQu\u00e9 posibilidades reales ves acerca del fichaje de Llorente por el Madrid? \u00bfTendr\u00eda un hueco en el equipo? \u00bfAcabar\u00eda Florentino pagando la cl\u00e1usula a pesar de que dijo que no volver\u00eda a pagar una cl\u00e1usula? Un saludo.-<\/p>\n<p>R.- Veo posibilidades muy serias porque le gusta a Mourinho, le gusta a la afici\u00f3n blanca, s\u00e9 que al chaval le hace mucha ilusi\u00f3n y adem\u00e1s el dinero no es problema. Por lo tanto, todos los caminos conducen al rey le\u00f3n vestido de blanco en el Bernab\u00e9u&#8230;<\/p>\n<p>P.- Hola Tom\u00e1s, \u00bfno crees que existe carta blanca por parte de los entrenadores que se enfrentan al real madrid para que le den por todos los lados a Cristiano Ronaldo?, \u00bfno crees que es normal que se enfade teniendo en cuenta las faltas que sufri\u00f3 en el Molin\u00f3n?, es que veo que al final va a tener que pedir perd\u00f3n por ser tan buen jugador<\/p>\n<p>R.- Algo de eso hay. Cristiano es alto, fuerte, bien parecido y juega como los \u00e1ngeles. Hay gente que lo machaca por eso y parece que darle patadas est\u00e1 bien visto socialmente por algunos. Es una pena porque Cristiano ilumina esta Liga, pero a este paso lo vamos a echar a patadas. Nunca mejor dicho&#8230; <\/p>\n<p>P.- Hola Tom\u00e1s, soy del Sporting. Hace dos a\u00f1os Osasuna gan\u00f3 en el Camp Nou y al Madrid en las tres \u00faltimas jornadas, no os debemos ning\u00fan favor ni a ninguno de los &#8220;grandes&#8221;. \u00bfNo crees que en el sueldo de Cristiano va aguantar que le insulten sin provocar? A m\u00ed me parece que en un estadio hay que silbar y presionar al rival, otra cosa es cantar &#8220;a segunda&#8221; a los rivales como se hace en el Bernabeu.<\/p>\n<p>R.- No te lo tomes a mal, pero lo de \u00a1a Segunda, a Segunda! lo habr\u00e1n gritado un peque\u00f1o grupo alguna vez, pero jam\u00e1s todo el estadio. No es la forma de ser de los madridistas. La \u00faltima vez que lo o\u00ed de verdad fue en un Bar\u00e7a-Espanyol coreado por 100.000 personas. Al a\u00f1o siguiente lleg\u00f3 el gol de Tamudo como respuesta&#8230;<\/p>\n<p>P.- Hola Tomas,me encantaria que me contestaras a esta pregunta.\u00bfEs consciente el Madrid,especialmente Mourinho,de que Higuain no tiene el trato que merece?No crees que estaria bien algo mas de reconocimiento para \u00e9l,que no se sienta siempre cuestionado? Muchas gracias<\/p>\n<p>R.- Higua\u00edn tiene el reconocimiento del AS desde el d\u00eda que lleg\u00f3 y eso es suficiente porque el 99% de los madridistas leen este peri\u00f3dico. Pipita es una m\u00e1quina y su renovaci\u00f3n fue una manera de valorar su capacidad, que es indiscutible. Yo creo que Mourinho deber\u00eda cambiarle algo menos al final de los partidos. En Gij\u00f3n fue el mejor: dos goles legales, un poste, un parad\u00f3n de Juan Pablo&#8230; Qu\u00e9 m\u00e1s se le puede pedir a uin goleador. <\/p>\n","protected":false},"excerpt":{"rendered":"<p>El redactor jefe del Diario AS y colaborador de Cadena SER, Tom\u00e1s Roncero ha analizado con los internautas toda la actualidad del Real Madrid, con especial atenci\u00f3n al partido frente al Sporting.<\/p>\n","protected":false},"author":1,"featured_media":0,"comment_status":"open","ping_status":"open","sticky":false,"template":"","format":"standard","meta":{"footnotes":""},"categories":[],"tags":[],"class_list":["post-7781","post","type-post","status-publish","format-standard","hentry"],"_links":{"self":[{"href":"https:\/\/intervius.com\/index.html\/wp-json\/wp\/v2\/posts\/7781","targetHints":{"allow":["GET"]}}],"collection":[{"href":"https:\/\/intervius.com\/index.html\/wp-json\/wp\/v2\/posts"}],"about":[{"href":"https:\/\/intervius.com\/index.html\/wp-json\/wp\/v2\/types\/post"}],"author":[{"embeddable":true,"href":"https:\/\/intervius.com\/index.html\/wp-json\/wp\/v2\/users\/1"}],"replies":[{"embeddable":true,"href":"https:\/\/intervius.com\/index.html\/wp-json\/wp\/v2\/comments?post=7781"}],"version-history":[{"count":0,"href":"https:\/\/intervius.com\/index.html\/wp-json\/wp\/v2\/posts\/7781\/revisions"}],"wp:attachment":[{"href":"https:\/\/intervius.com\/index.html\/wp-json\/wp\/v2\/media?parent=7781"}],"wp:term":[{"taxonomy":"category","embeddable":true,"href":"https:\/\/intervius.com\/index.html\/wp-json\/wp\/v2\/categories?post=7781"},{"taxonomy":"post_tag","embeddable":true,"href":"https:\/\/intervius.com\/index.html\/wp-json\/wp\/v2\/tags?post=7781"}],"curies":[{"name":"wp","href":"https:\/\/api.w.org\/{rel}","templated":true}]}}