{"id":7771,"date":"2010-11-17T00:00:00","date_gmt":"2006-11-06T00:00:00","guid":{"rendered":"https:\/\/intervius.com\/index.html\/?p=7771"},"modified":"2006-11-06T00:00:00","modified_gmt":"2006-11-06T00:00:00","slug":"Kepa_Junkera7771","status":"publish","type":"post","link":"https:\/\/intervius.com\/index.html\/Kepa_Junkera7771\/","title":{"rendered":"Kepa Junkera"},"content":{"rendered":"<p>Pregunta.- \u00bfQu\u00e9 nos vamos a encontrar en tu \u00faltimo disco?<\/p>\n<p>Respuesta.- Hola a todos, es el final de la trilog\u00eda y nos vamos a encontrar con grabaciones hechas en Estambul, Atenas, Casablanca, Par\u00eds, Nueva York, San Francisco, etc. con muchos sonidos diferentes y voces muy interesantes, manteniendo la misma filosof\u00eda que en Etxea y Kalea, es decir, las canciones tradicionales que m\u00e1s me han gustado interpretadas por cantantes de todos estos lugares.<\/p>\n<p>P.- \u00bfCu\u00e1ndo tocar\u00e1s por los madriles? <\/p>\n<p>R.- El pr\u00f3ximo martes d\u00eda 23 estar\u00e9 dando una masterclass y una peque\u00f1a actuaci\u00f3n en la FNAC de Callao. Y espero para el pr\u00f3ximo a\u00f1o presentar el nuevo disco con mi grupo, aqu\u00ed tenemos muchos amigos que siempre nos reciben de forma fant\u00e1stica.<\/p>\n<p>P.- \u00bfSigues manteniendo contacto con tu barrio, con Rekalde? Saludos desde Bilbao.<\/p>\n<p>R.- Por supuesto, Rekalde siempre est\u00e1 presente, estoy muy orgulloso de ser &#8220;de barrio&#8221; siempre que puedo hablo de \u00e9l y de mis amigos de all\u00ed.<\/p>\n<p>P.- Buenas Kepa. Te he visto varias veces en concierto y tengo casi todos tus discos. Cada vez que escucho el Bok Spok con Hedningarna, me tiembla todo. \u00bfTienes en mente alguna nueva colaboraci\u00f3n con grupos escandinavos? Un abrazo!<\/p>\n<p>R.- Bok Espok es un tema muy especial para m\u00ed tambi\u00e9n, que pudiera colaborar Hedningarna en el disco Bilbao hora 00:00 fue todo un honor y un privilegio, es un grupo al que admiro mucho y el nivel en los pa\u00edses escandinavos es alt\u00edsimo en la m\u00fasica.<\/p>\n<p>P.- Kepa, me encanta tu trabajo. \u00bfhas pensado alguna vez en hacer una pieza de \u00f3pera con trikitixa? Yo lo veo como una idea muy fresca. Ir\u00eda a verla.<\/p>\n<p>R.- Muchas gracias, hemos hecho un par de experiencias con la orquesta sinf\u00f3nica de Bilbao y la de Euskadi, con mi m\u00fasica arreglada para esta formaci\u00f3n. Hay un proyecto de volver a actuar, a ver si puedes venir a verlo.<\/p>\n<p>P.- Aupa, Kepa. Una pregunta un poco infantil: \u00bfqu\u00e9 artista, de cualquier disciplina, dir\u00edas que te cambi\u00f3 la vida? Un saludo.<\/p>\n<p>R.- Me cambi\u00f3 la vida el haber escuchado a mi aitite y a mi ama, toda la energ\u00eda que me han transmitido. En un segundo momento fueron ya grupos como Oskorri, de fuera Astor Piazzolla.<\/p>\n<p>P.- Kaixo Kepa! Un grande como tu que se ha codeado con los m\u00e1s grandes&#8230; \u00bfno echa de menos tocar en alguna Kalejira de algun pueblo en fiestas? un abrazo de uno que si te echa de menos! <\/p>\n<p>R.- Claro que se echa de menos, tengo much\u00edsimos recuerdos de la \u00e9poca que tocaba romer\u00edas, fiestas, kalejiras&#8230; eso nunca se olvida.<\/p>\n<p>P.- \u00bfPensabas que un hombre con acorde\u00f3n podr\u00eda llegar a donde has llegado? \u00bfY c\u00f3mo llegar m\u00e1s all\u00e1?<\/p>\n<p>R.- Nunca me lo he planteado, he ido viviendo el presente y so\u00f1ando con proyectos, de vez en cuando al mirar atras, estoy orgulloso de lo conseguido, pero siempre pensando en el futuro.<\/p>\n<p>P.- En la calidad nada que objetar, pero \u00bfporqu\u00e9 os cuesta tanto, en general, a los m\u00fasicos folk vascos ser tan divertidos como Oskorri? <\/p>\n<p>R.- Oskorri son unos maestros en el escenario y fuera de el, llevan una trayectoria envidiable, y tienen much\u00edsima iron\u00eda. Me encantar\u00eda ser m\u00e1s divertido, pero es muy relativo.<\/p>\n<p>P.- Aupa Kepa, Simplemente decirte que tanto Etxea como Kalea me encantaron y supongo que en este te habras superado, y darte la enhorabuena por el proyecto. \u00bfQu\u00e9 punto de vista buscas en este \u00faltimo trabajo?<\/p>\n<p>R.- Aupa Serrutxo, muchas gracias y espero que Herria siga la misma l\u00ednea que Etxea y Kalea; aqu\u00ed he querido que sea muy variado, con muchas texturas, colores&#8230;<\/p>\n<p>P.- Zorionak Kepa, \u00bfQue es lo que mas te ha gustado de esta aventura? <\/p>\n<p>R.- Todo en general, desde el idearla al realizarla, he intentado disfrutar de todos los momentos y etapas necesarias para completar este proyecto.<\/p>\n<p>P.- Arratsaldeon, Kepa, eres maestro en tender puentes entre m\u00fasicas y m\u00fasicos aparente lejanos. \u00bfPara cu\u00e1ndo un encuentro entre los que sois m\u00e1s cercanos: Ordorika, Muguruza, etc.? Eskerrik asko \ud83d\ude42<\/p>\n<p>R.- No es un tema de distancias ni lejan\u00edas, todo lo contrario; me encantar\u00eda hacer cosas con la gente de aqu\u00ed, no hay ning\u00fan problema.<\/p>\n<p>P.- \u00bfTienes alguna composici\u00f3n -o pensamiento personal- acerca de la di\u00e1spora vasca y su esp\u00edritu aventurero?<\/p>\n<p>R.- La di\u00e1spora vasca ha estado tambi\u00e9n presente en mi familia, son generaciones que tienen mucho m\u00e9rito, han tenido que trabajar muy duro y esta trilog\u00eda es un poco homenaje a esa di\u00e1spora que tuvo que salir de su tierra en momentos duros. Va por ellos.<\/p>\n<p>P.- Kaixo Kepa. Soy consciente de que es una pregunta complicada, pero ideol\u00f3gicamente \u00bfqu\u00e9 fuerza vasca es la mejor repreesenta tu pensamiento? Besarkada bat!<\/p>\n<p>R.- No hay preguntas complicadas, te agradezco mucho tu pregunta, pero la fuerza vasca que mejor representa lo que pienso es la que piense en positivo, la que consiga establecer puentes entre culturas y que piense en la gente normal.<\/p>\n<p>P.- \u00bfTe has embarcado ya en futuros proyectos? \u00bfCon qu\u00e9 andas?<\/p>\n<p>R.- Ahora estoy empezando a mostrar esta trilog\u00eda, para el a\u00f1o que viene quiero hacer un disco con temas originales con mi grupo.<\/p>\n<p>P.- Seguro que ya hab\u00e9is hecho cosas juntos, pero me parece que compaginar\u00edas muy bien con Carlos Nu\u00f1ez. \u00bfCompartes esta opini\u00f3n? \u00bfTen\u00e9is algo previsto?<\/p>\n<p>R.- Tuve la suerte de encontrarme con el en &#8220;A irmandade das estrelas&#8221; y &#8220;Bilbao hora 00:00&#8221;, le admiro mucho y espero en un futuro poder hacer algo tambi\u00e9n con \u00e9l.<\/p>\n<p>P.- Me encatan tus discos, \u00bfpara cu\u00e1ndo regresaras a Santa cruz de Tenerife? Un saludo, Domingo desde tenerife<\/p>\n<p>R.- Soy un enamorado de las Islas Canarias, la gente es muy, muy especial y espero volver pronto. Desde aqu\u00ed un saludo a toda la familia de Jos\u00e9 Antonio Ramos y a todos los fant\u00e1sticos m\u00fasicos que est\u00e1n por ah\u00ed.<\/p>\n<p>P.- \u00bfQu\u00e9 grupos de m\u00fasica tradicional vasca escuchas?<\/p>\n<p>R.- Me encanta Oskorri, escucho mucha m\u00fasica de trikitixa tradicional, por supuesto todos los cl\u00e1sicos, Mikel Laboa, Benito Lertxundi, etc. Todo me gusta.<\/p>\n<p>P.- \u00bfTe has quedado con ganas de hacer alguna colaboraci\u00f3n m\u00e1s?<\/p>\n<p>R.- Siempre te quedas con ganas, pero te das cuenta que es inabarcable, no puedes conseguir todo lo que te gustar\u00eda. A d\u00eda de hoy no me puedo quejar del resultado.<\/p>\n<p>P.- Kepa, como athletizale que eres&#8230; \u00bfTe quedas este s\u00e1bado en Madrid para ver como le ganamos al todopoderoso Real Madrid?<\/p>\n<p>R.- Me encantar\u00eda, pero lo veremos desde Bilbao y seguro que vamos a disfrutar de un gran partido. Los 3 puntos vienen para el norte seguro.<\/p>\n<p>P.- Ahora que el flamenco es Patrimonio de la Humanidad, \u00bfte animar\u00edas a fusionar la m\u00fasica tradicional vasca con la andaluza? \u00a1Ser\u00eda genial!<\/p>\n<p>R.- Me encantar\u00eda profundizar m\u00e1s, en Etxea he colaborado con Ginesa Ortega, Estrella Morente, el Bola, anteriormente con Ca\u00f1izares.<\/p>\n<p>P.- \u00bfVas a hacer gira con este nuevo disco? \u00bfPor d\u00f3nde pasar\u00e1s?<\/p>\n<p>R.- Con este no, pero con el siguiente que voy a lanzar s\u00ed.<\/p>\n<p>P.- \u00bfEst\u00e1s de acuerdo en que la m\u00fasica en euskera o en catal\u00e1n o en gallego, as\u00ed como su literatura o expresiones de su cultura, tienen una presencia residual en los medios de comunicaci\u00f3n estatales? \u00bfSi crees as\u00ed a que crees que es debido y como se puede solucionar? Enhorabuena por tu m\u00fasica!<\/p>\n<p>R.- Gracias, seguramente ser\u00e1 as\u00ed, pero creo que los tiempos poco a poco est\u00e1n cambiando, somos artistas m\u00e1s artesanales, pero pienso que tambi\u00e9n ocurre con muchos artistas de Castilla, Andaluc\u00eda o Extremadura, no es algo exclusivo nuestro.<\/p>\n<p>P.- Sabemos que estas rodeado de ni\u00f1os, \u00bfPara cuando un disco para los mas peque\u00f1os?<\/p>\n<p>R.- Kaixo Garazi eta Ekain, un fuerte estir\u00f3n de orejas. Me encantar\u00eda porque disfruto mucho con los ni\u00f1os, pero me da mucho respeto, es un p\u00fablico muy exigente.<\/p>\n<p>P.- Aupa Kepa, \u00bfcrees que tu disco se puede convertir en uno de esos que lo pones dentro de 50 a\u00f1os y siga manteniendo esa simbiosis m\u00fasica-cultura?Besarkada bat<\/p>\n<p>R.- No lo s\u00e9, espero ponerlo yo mismo dentro de 50 a\u00f1os en mi casa.<\/p>\n<p>P.- \u00bfNo crees que los m\u00fasicos vascos no tienen difusi\u00f3n suficiente en el resto del Estado? Y no me vale lo de no entender las letras pues la mayor\u00eda no entiende el ingl\u00e9s tampoco. \u00bfQu\u00e9 opinas? <\/p>\n<p>R.- Los m\u00fasicos artesanales en general, siendo de cualquier cultura tienen menos difusi\u00f3n.<\/p>\n<p>P.- \u00bfA qu\u00e9 se debi\u00f3 tu empe\u00f1o en sacar adelante esta trilog\u00eda? <\/p>\n<p>R.- Hab\u00eda unas canciones preciosas que quer\u00eda compartir y ver qu\u00e9 suced\u00eda cuando las cantaban artistas de tantos lugares.<\/p>\n<p>P.- Kaixo, \u00bftienes alguna gira por Portugal? Milesker<\/p>\n<p>R.- Espero que el pr\u00f3ximo a\u00f1o podamos hacer algo, suelo ir casi todos los a\u00f1os con alg\u00fan concierto, una tierra que me encanta.<\/p>\n<p>P.- \u00bfQu\u00e9 ha descubierto de la m\u00fasica tradicional vasca en esta triolog\u00eda?<\/p>\n<p>R.- He aumentado las sensaciones emocionales que ten\u00eda con ellas, he disfrutado much\u00edsimo model\u00e1ndolas y adapt\u00e1ndolas.<\/p>\n<p>P.- Hola Kepa. Me encanta escuchar a gente que admiro, cantar en euskera. \u00bfTe animar\u00edas a grabar con euskaldunes que cantasen en otras lenguas?<\/p>\n<p>R.- Hola Kepa. Me encanta escuchar a gente que admiro, cantar en euskera. \u00bfTe animar\u00edas a grabar con euskaldunes que cantasen en otras lenguas?<\/p>\n<p>P.- Personalmente, no me gust\u00f3 demasiado el disco con las colaboraciones de diferentes artistas y prefiero la vuelta al sonido y a esa compleja simplicidad y a esa m\u00fasica casi \u00e9tnica de los primeros discos. \u00bfSe parece m\u00e1s este disco al Maren o al Hiri de hace unos a\u00f1os o sigue la senda de los \u00faltimos trabajos? Enhorabuena por sus sonidos y por su manera personal de entender el arte. <\/p>\n<p>R.- Gracias por tu apreciaci\u00f3n, lo veo a nivel global dentro de mi carrera, en unos momentos haces unos sonidos con m\u00e1s gente y otros m\u00e1s intimista. De todos modos, si entras en mi web kepajunkera.com puedes ver los diferentes proyectos, como ejemplos tienes los que comentas pero tambien Fandando Proven\u00e7a Sessions con Melonious Quartet, un cuarteto de mandolinas, Habana Sessions con Rolando Luna, un joven pianista Cubano, o el \u00faltimo Betibizi, con m\u00fasica electr\u00f3nica y un coro juvenil.<\/p>\n<p>P.- \u00bfCu\u00e1ntos instrumentos tocas?<\/p>\n<p>R.- Toco un poco la trikitixa, el pandero, alboka, txistu, txalaparta, diferentes percusiones del mundo, un poquito el piano y me encantar\u00eda tocar muchos m\u00e1s.<\/p>\n<p>P.- De los pa\u00edses que has visitado, \u00bfcon cu\u00e1l te quedas?<\/p>\n<p>R.- Es muy dif\u00edcil responderte porque todos tienen algo, he estado muy agusto en el oeste americano.<\/p>\n<p>P.- Hola, Kepa, me gustar\u00eda saber cuando podremos contar con tu extraordinaria presencia en la Trobada de Acordionistas Diat\u00f3nicos del Pirineo en Arseguell, como hace ya 5 \u00f3 6 a\u00f1os. Desde ese a\u00f1o soy (adem\u00e1s de fan tuyo, que ya lo era) asiduo fijo al festival que organiza tu amigo y tambi\u00e9n extraordinario musico y music\u00f3logo Artur Blasco.<\/p>\n<p>R.- El trabajo de Artur Blasco es una maravilla, le aprecio much\u00edsimo y la experiencia de estar en Arseguell fue incre\u00edble y \u00fanica. Espero volver pronto, un saludo para Catalu\u00f1a y este viernes nos vemos en el forum de la FNAC de Lilla.<\/p>\n<p>P.- \u00bfCu\u00e1ndo vienes a Brasil? \u00bfTienes pensado hacer gira por Am\u00e9rica?<\/p>\n<p>R.- Me encantar\u00eda, Brasil, Argentina, Uruguay, etc. son lugares donde nos han tratado genial y nos hemos inspirado mucho por el talento musical y la vitalidad que hay.<\/p>\n<p>P.- \u00bfCrees que el nacionalismo vasco ha ayudado a la difusi\u00f3n de la m\u00fasica vasca, o todo lo contrario? Un saludo<\/p>\n<p>R.- No lo s\u00e9, no soy un estudioso de estos temas, creo adem\u00e1s que la m\u00fasica, en este caso, tiene que estar por encima de ideas pol\u00edticas.<\/p>\n<p>P.- Hola Kepa. \u00bfDe d\u00f3nde te viene tu afici\u00f3n por la m\u00fasica? Gracias y un saludo<\/p>\n<p>R.- Viene de mi familia, del entorno de la m\u00fasica tradicional vasca en un principio.<\/p>\n","protected":false},"excerpt":{"rendered":"<p>El m\u00fasico Kepa Junkera publica nuevo disco, Herria (Pueblo en euskera), que supone la tercera y \u00faltima parte del proyecto de la Trilog\u00eda de la M\u00fasica Tradicional Vasca. Junkera ha charlado con los lectores al d\u00eda siguiente de publicar este trabajo sobre esta trilog\u00eda y su carrera.<br \/>\nFoto: Uly Mart\u00edn <\/p>\n","protected":false},"author":1,"featured_media":0,"comment_status":"open","ping_status":"open","sticky":false,"template":"","format":"standard","meta":{"footnotes":""},"categories":[],"tags":[],"class_list":["post-7771","post","type-post","status-publish","format-standard","hentry"],"_links":{"self":[{"href":"https:\/\/intervius.com\/index.html\/wp-json\/wp\/v2\/posts\/7771","targetHints":{"allow":["GET"]}}],"collection":[{"href":"https:\/\/intervius.com\/index.html\/wp-json\/wp\/v2\/posts"}],"about":[{"href":"https:\/\/intervius.com\/index.html\/wp-json\/wp\/v2\/types\/post"}],"author":[{"embeddable":true,"href":"https:\/\/intervius.com\/index.html\/wp-json\/wp\/v2\/users\/1"}],"replies":[{"embeddable":true,"href":"https:\/\/intervius.com\/index.html\/wp-json\/wp\/v2\/comments?post=7771"}],"version-history":[{"count":0,"href":"https:\/\/intervius.com\/index.html\/wp-json\/wp\/v2\/posts\/7771\/revisions"}],"wp:attachment":[{"href":"https:\/\/intervius.com\/index.html\/wp-json\/wp\/v2\/media?parent=7771"}],"wp:term":[{"taxonomy":"category","embeddable":true,"href":"https:\/\/intervius.com\/index.html\/wp-json\/wp\/v2\/categories?post=7771"},{"taxonomy":"post_tag","embeddable":true,"href":"https:\/\/intervius.com\/index.html\/wp-json\/wp\/v2\/tags?post=7771"}],"curies":[{"name":"wp","href":"https:\/\/api.w.org\/{rel}","templated":true}]}}