{"id":7761,"date":"2010-11-25T00:00:00","date_gmt":"2006-11-06T00:00:00","guid":{"rendered":"https:\/\/intervius.com\/index.html\/?p=7761"},"modified":"2006-11-06T00:00:00","modified_gmt":"2006-11-06T00:00:00","slug":"Joan_Puigcercos7761","status":"publish","type":"post","link":"https:\/\/intervius.com\/index.html\/Joan_Puigcercos7761\/","title":{"rendered":"Joan Puigcerc\u00f3s"},"content":{"rendered":"<p>Pregunta.- Mi voto depende de esta pregunta: \u00bfPactar\u00e1 usted con CiU? \u00bfA qu\u00e9 precio? <\/p>\n<p>Respuesta.- Esquerra no pactar\u00e1 con el PP ni con Cs, y con CiU solo si cumple con las condiciones que hemos expuesto desde antes de la campan\u00f1a electoral: referendum, concierto, economia productiva, eficiencia en la administraci\u00f3n y nung\u00fan paso atras en las politicas sociales. Vale para CiU, el PSC e ICV.<\/p>\n<p>P.- \u00bfPor qu\u00e9 deber\u00eda votarles a ustedes en vez de a Joan Laporta? \u00c9l parece m\u00e1s comprometido con el independentismo que ustedes, que han gobernado 7 a\u00f1os y no han hecho nada por conseguirlo. <\/p>\n<p>R.- Porque Esquerra va m\u00e1s all\u00e1 del independentismo, nosostros defendemos um modelo de sociedad m\u00e1s justa y sostenible porqu\u00e9 somos de izquierda, y como candidato tengo la hoja de ruta para la independ\u00e9ncia m\u00e1s realista porqu\u00e9 defiendo una consulta democr\u00e1tica.<\/p>\n<p>P.- Bon dia Sr.Puigcerc\u00f3s. Fa m\u00e9s d\u00b4una setmana que tinc el sobre a casa ja tancat amb la papeleta d\u00b4ERC, sempre he votat Iniciativa i em sento una mica infidel, alguna nit i tot he arribat a somiar-hi. Necessito si us plau una \u00faltima ra\u00f3 que m\u00b4acabi de conv\u00e8n\u00e7ar que tenir-vos com a amant valdr\u00e0 la pena. Una abra\u00e7ada.<\/p>\n<p>R.- doncs perqu\u00e8 som una esquerra que defensa ideals per\u00f2 no volem caure en el dogmatisme, li posar\u00e9 una exemple: limpost de successions, \u00e9s un impost per gravar les her\u00e8ncies per\u00f2 abans de la reforma que va promoure Esquerra gravava i perjudicava a rendes baixes i mitjanes, ara nom\u00e9s el paga el 6% de la poblaci\u00f3. Ciu el voltreure, nosaltres no. I finalment nosaltres som independentistes, la gent desquerres que vol la llibertat<\/p>\n<p>P.- \u00bfUsted qu\u00e9 es m\u00e1s, de izquierdas e independendista? Porque si continuamos el argumento de que pagan impuesto los territorios y no las personas, \u00bfpagar\u00e1n menos los de las zonas ricas de Barcelona y m\u00e1s los del cintur\u00f3n obrero de la capital? <\/p>\n<p>R.- no, somos de izquierdas y catalanes y creemos que como catalanes la mejor forma de defender la igualdad de oportunidades es con un estado propio para Catalunya. Los m\u00e1s perjudicados de nuestra dependencia pol\u00edtica s\u00f3n los trabajadores y rentas bajas, en Catalunya el coste de la vida es m\u00e1s alto y tenemos menos ayudas del estado espa\u00f1ol<\/p>\n<p>P.- Hola, Sr. Puigcerc\u00f3s. Uno de los argumentos m\u00e1s recurrentes de su partido es lo poco rentable que le sale a Catalu\u00f1a su pertenencia a Espa\u00f1a. Es un argumento poderoso pero, \u00bfno le parece m\u00e1s propio de una formaci\u00f3n liberal que de una progresista? \u00bfNo pretende la izquierda que los que m\u00e1s tienen paguen m\u00e1s para repartirlo entre los que tienen menos, mientras que la derecha se acerca m\u00e1s al &#8220;que cada uno se busque la vida&#8221;? <\/p>\n<p>R.- los impuestosque pagan los trabajadores y clases medias de Catalunya cabans sirviendo para los intereses regulados de la capital del reino, a saber: banca, electricas, telefonica, grandes superficies comerciales o grandes cosnstructoras de obra civil; y esto no tiene nada que ver com la solidaridad o o el progresismo y es sete modelo especulativo el que puede llevar a Espa\u00f1a por la senda de Irlanda o Grecia.<\/p>\n<p>P.- hola que tal Joan, \u00bfno le parece penoso que un pol\u00edtico de su altura afirme que los andaluces no pagan sus impuestos? \u00bfNo se da cuenta usted de que pierde votos con semejante afirmaci\u00f3n? Somos un par de millones los andaluces que votamos en Catalunya, no lo olvide. Un saludo. <\/p>\n<p>R.- Mi intenci\u00f3n no es ofender a nadie, pero los andalices progresistas deben saber que en el 2013 se terminan los fondos europeos y que cuando Catalunya sea independiente algnas territorios tendran menos ingresos, y esto que implica que Anadalucia debe confiar mucho m\u00e1s en su iniciativa empresarial y en su gente, el subsidio es m\u00e1s tipico del sigloXX que del XXI, y los andaluces m\u00e1s emprendores lo saben. Y no hay par de millones de andaluces en Catalunya, a lo sumo unos miles, lo que hay son catalanes que tienen origenes andaluz. Uno, amigo, no puede ser inmigrante toda la vida y menos sus hijos o nietos. Decia Picasso: uno es no de donde nace si no de donde pace<\/p>\n<p>P.- Senyor Puigcercos, Els funcionaris de la Generalitat estem preocupats davant de les propostes de retallades de plantilla del senyor Mas. Quina proposta ofereix ERC per tal que paguem els plats trencats els professionals al servei dels catalans?<\/p>\n<p>R.- no es ni realista ni cre\u00efble el que diu ciu, ells son els responsable dun model opcac i damiguisme que lactual govern es va trobar al 2003, dit aix\u00f2, en \u00e0rees com educaci\u00f3 sservis socials o salut per no dir seguretat falten professionals. i en quan a serveis central de l adm\u00f3. defenso el model de la declaraci\u00f3 responsable per obrir qualsevol activitat econ\u00f2mica i ser m\u00e9s efica\u00e7os<\/p>\n<p>P.- \u00bfUsted quiere que Valencia y las Illes Balears se anexionen a Catalunya?<\/p>\n<p>R.- yo defiendo unos Pa\u00efsos Catalans porqu\u00e9 compartimos lengua, cultura y hist\u00f2ria y futuro como por ejemplo el eje mediterraneo en infrastructuras!<\/p>\n<p>P.- Bon dia. Respeto el derecho de autodeterminaci\u00f3n y me parece perfecto que el pueblo catal\u00e1n se independice si eso es lo que quiere. Pero creo que deben explicar lo que eso supone, lo bueno y lo malo. Por poner un ejemplo sencillo, con el tema de las selecciones catalanas estar\u00eda bien que dijesen que el Barca (y el Espanyol) pasar\u00edan a jugar la liga con el Girona o con el Cornell\u00e1.<\/p>\n<p>R.- ante una crisis econ\u00f3mica como la que tenemos este es el ultimo proble que el estado catal\u00e1n va a tener, pero el futuro apunta a una liga europea de clubs, quien va a renunciar a un RMadrid vs Manchester o un Bar\u00e7a vs Milan?<\/p>\n<p>P.- Buenos d\u00edas Sr. Puicerc\u00f3s, \u00bfconoce las opiniones de las grandes empresas catalanas (La Caixa, Gas Natural, etc.) sobre una hipot\u00e9tica independencia, y los efectos que tendr\u00eda?<\/p>\n<p>R.- lo mismo que tendria para telefonica, carrefour o Endesa, son multinacionales y estan acostumbradas a trabajar en dieferentes pa\u00edses<\/p>\n<p>P.- \u00bfPor qu\u00e9 proponer el concierto econ\u00f3mico si aspiran a la independencia? \u00bfNo es mejor enfocarse en el referedum de independencia en vez de promover cambios en el modelo de financiaci\u00f3n de un Estado al que no quieren pertenecer?<\/p>\n<p>R.- si ERC tuviera 68 diputados no haria falta ni concierto ni referndum, proclamariamos unilateralmente la independencia<\/p>\n<p>P.- Buenos dias. \u00bfA qu\u00e9 cee que es debido el batacazo electoral que se le pronostica en las encuestas? <\/p>\n<p>R.- espero que como siempre las enquestas se equivoquen con Esquerra, una vez un diario independiente de la m\u00e1\u00f1ana nos dio 0 y sacamos 6, despues 6 y sacamos 11 y as\u00ed. Es verdad que los partidos de gobierno sufren desgadste y adem\u00e1 sESquerra ha sufrido mucho desgaste en su debate interno que conllevo una escisi\u00f3n al final pero todo esto esta superado y Esquerra esta m\u00e1s cohesionada <\/p>\n<p>P.- Buenas tardes, se\u00f1or Puigcerc\u00f3s. Soy andaluz residente en Catalu\u00f1a desde hace ya algunos a\u00f1os, pero creo que me voy a volver a mi tierra para no pagar impuestos. \u00bfTiene datos y cifras que demuestren la afirmaci\u00f3n que hizo sobre Andaluc\u00eda? Porque seg\u00fan los datos que yo conozco, el esfuerzo fiscal respecto al PIB de Andaluc\u00eda es superior que el de Catalu\u00f1a. Muchas gracias.<\/p>\n<p>R.- pues si es mas practico vivir fuera de Catalunya porque aqui estamos muy discriminados, cualquier web como la dEsquerra ofrece esta informaci\u00f3n<\/p>\n<p>P.- \u00bfPor qu\u00e9 hacer un referendum en vez de declarar unilateralmente la independencia?<\/p>\n<p>R.- si tuvieramos 68 diputados seria asi, pero no los tenemos y hay que convercer mucha m\u00e1s gente<\/p>\n<p>P.- \u00bfPor qu\u00e9 se propuso como ha presidenciable de su partido si ya entonces se preve\u00eda una gran bajada de ERC? \u00bfNo habr\u00eda sido mejor para usted dejar que se presentara Carod y esperar a las pr\u00f3ximas elecciones para tomar el relevo?<\/p>\n<p>R.- los que me conocen saben que no soy un oportunista y que asumo la responsabilidad siempre, en tiempos dificiles hay que dar la cara, para mi esto es la politica lo otro seria especulaci\u00f3n y mucho ego<\/p>\n<p>P.- Bon dia, si tan independentistes sou com heu proclamat sempre perqu\u00e8 no poseu el que sha de posar sobre la taula i declareu lindepend\u00e8ncia sense refer\u00e8ndums ni hist\u00f2ries? La Uni\u00f3 Europea va dictaminar que la independ\u00e8ncia es pot declarar unilateralment. Perqu\u00e8 han passat a ser un partit primer independentista i despr\u00e9s desquerres a ser un partit desquerres i despr\u00e9s independentista?<\/p>\n<p>R.- no cal fer un escissi\u00f3 i debilitar esquerra republicana com han fet alguns durant tant de temps per arribar a aquesta conclusi\u00f3, si ESquerra tingu\u00e9s 68 diputats ho fariem aix\u00ed fa m\u00e9s de 20 anys que aix\u00f2 jo i la gent dERC ho tenim clar\u00edssim<\/p>\n<p>P.- Hola, en la campa\u00f1a de 2003 unos de los temas centrales de ERC era los excesivos peajes que pagamos los catalanes. \u00bfPor qu\u00e9 despues de 7 a\u00f1os en el gobierno, y sin haberlos bajado, ya no hablan de ello? \u00bfTiene algo que ver las deudas de ERC i PSC con &#8220;la Caixa&#8221;?<\/p>\n<p>R.- peatge del cadi: gratis per la gent de la Cerdanya i lAlt urgell Maresme, descompte pels que van atreball Vall\u00e8s, idem,&#8230;. i podr\u00edem continuar, i hem de continuar treballant, perqu\u00e8 \u00e9s una discriminaci\u00f3 m\u00e9s de Catalunya<\/p>\n<p>P.- Senyor Puigcerc\u00f3s. Me gustar\u00eda saber cu\u00e1l es el presupuesto de ERC para esta campa\u00f1a y c\u00f3mo la financian.<\/p>\n<p>R.- 18 milions d\u20ac, el mateix que fa quatre anys, sabent que nom\u00e9s el fet de que cada elector rebi un sobre a mb les paperetes de vot a casa seva ja val a prop d1 mili\u00f3. molt per sota del que han pagat la resta de partits, que des de lestiu ja estan gastant molt i molt<\/p>\n","protected":false},"excerpt":{"rendered":"<p>Las elecciones del 28 de noviembre en Catalu\u00f1a se presentan con un panorama pol\u00edtico que apunta a un cambio. Joan Puigcerc\u00f3s, cabeza de lista de Esquerra Republicana de Catalunya (ERC), ha charlado con los lectores sobre el programa electoral de su partido y las opciones de su formaci\u00f3n pol\u00edtica en estos comicios.<br \/>\nM\u00e1s entrevistas digitales<\/p>\n","protected":false},"author":1,"featured_media":0,"comment_status":"open","ping_status":"open","sticky":false,"template":"","format":"standard","meta":{"footnotes":""},"categories":[],"tags":[],"class_list":["post-7761","post","type-post","status-publish","format-standard","hentry"],"_links":{"self":[{"href":"https:\/\/intervius.com\/index.html\/wp-json\/wp\/v2\/posts\/7761","targetHints":{"allow":["GET"]}}],"collection":[{"href":"https:\/\/intervius.com\/index.html\/wp-json\/wp\/v2\/posts"}],"about":[{"href":"https:\/\/intervius.com\/index.html\/wp-json\/wp\/v2\/types\/post"}],"author":[{"embeddable":true,"href":"https:\/\/intervius.com\/index.html\/wp-json\/wp\/v2\/users\/1"}],"replies":[{"embeddable":true,"href":"https:\/\/intervius.com\/index.html\/wp-json\/wp\/v2\/comments?post=7761"}],"version-history":[{"count":0,"href":"https:\/\/intervius.com\/index.html\/wp-json\/wp\/v2\/posts\/7761\/revisions"}],"wp:attachment":[{"href":"https:\/\/intervius.com\/index.html\/wp-json\/wp\/v2\/media?parent=7761"}],"wp:term":[{"taxonomy":"category","embeddable":true,"href":"https:\/\/intervius.com\/index.html\/wp-json\/wp\/v2\/categories?post=7761"},{"taxonomy":"post_tag","embeddable":true,"href":"https:\/\/intervius.com\/index.html\/wp-json\/wp\/v2\/tags?post=7761"}],"curies":[{"name":"wp","href":"https:\/\/api.w.org\/{rel}","templated":true}]}}