{"id":7756,"date":"2010-11-15T00:00:00","date_gmt":"2006-11-06T00:00:00","guid":{"rendered":"https:\/\/intervius.com\/index.html\/?p=7756"},"modified":"2006-11-06T00:00:00","modified_gmt":"2006-11-06T00:00:00","slug":"Jose_Samano7756","status":"publish","type":"post","link":"https:\/\/intervius.com\/index.html\/Jose_Samano7756\/","title":{"rendered":"Jos\u00e9 S\u00e1mano"},"content":{"rendered":"<p>Pregunta.- Cada jornada los sparring del Madrid y el Barcelona van cayendo con peque\u00f1as excepciones. Desde 1986 estos dos equipos han ganado 20 de los \u00faltimos 24 campeonatos de liga. Aparte de la escocesa, \u00bfhay liga m\u00e1s aburrida que la espa\u00f1ola? Gracias<\/p>\n<p>Respuesta.- Buenas tardes a todos y gracias por vuestro inter\u00e9s y hoy paciencia. Me gustar\u00eda que hubiera m\u00e1s competitividad, que el Bar\u00e7a y el Madrid sudaran m\u00e1s en cada partido. Tengo la sensaci\u00f3n de que para muchos equipos, para demasiados, jugar ante los dos grandes les da la coartada de decir que esa guerra no es la suya. Este fin de semana he visto al Sunderland ganar 0-3 al Chelsea y atacarle tras cada gol. Un ejemplo para muchos.<\/p>\n<p>P.- Yo quisiera saber porque con la formula 1 hay tanta imparcialidad y si gana cualquiera que no sea alonso es por trampas o errores de los demas, no lo entiendo y no creo que se solo se le apoye por ser espa\u00f1ol, si por ejemplo en motos gana Valentino Rossi u otro no dicen que se lo merecia mas lorenzo o pedrosa porque hiubo trampas o fallos o lo que sea digo yo, no se dan cuenta de que hay mucha gente que le tiene mania a alonso por cosas como esta un saludo<\/p>\n<p>R.- Estoy muy de acuerdo con usted. Con Alonso hay un miramiento patri\u00f3tico que en muchas ocasiones me parece excesivo. Alonso es un excelente piloto, pero con tachas, con comportamientos (como en McLaren con el asunto del espionaje) de dudosa fidelidad a quien le paga. Dicho esto, hoy, en su excelente art\u00edculo en EL PA\u00cdS, Ramon Besa pone el acento en que, pese a todo lo dicho, Red Bull &#8220;ten\u00eda raz\u00f3n&#8221;: ha ganado el Mundial de constructores, lo ha hecho sin \u00f3rdenes de equipo, con honestidad, ha amplificado los valores de la marca y, finalmente, al haber mantenido dos balas hasta el final consiguieron que Ferrari se equivocase. Si Red Bull solo hubiera apostado por un piloto, Alonso no se hubiera equivocado, solo hubiera tenido que marcar a uno. No pudo hacerlo con los dos. Y un apunte m\u00e1s: que nadie olvide que Vettel es un magn\u00edfico piloto como demuestran sus r\u00e9cords de precocicad. Tambi\u00e9n lo era y lo es Hamilton. Lo que no significa, ni mucho menos, que Alonso sea genial, pero no corre solo y tambi\u00e9n se equivoca en connivencia con su equipo. <\/p>\n<p>P.- que empacho de Mou, no?<\/p>\n<p>R.- Buen gancho al h\u00edgado. S\u00ed, ya empacha, pero mire, m\u00e1s del 85% de las preguntas llegadas hoy al chat tienen que ver con Mourinho. Se ve que empacha tanto como engancha; que empacha tanto como fomenta debates a su alrededor. Yo, personalmente, estoy deseando que su protagonismo tenga que ver con el debate futbol\u00edstico, de lo que sabe mucho, no tanto con la casquer\u00eda y los incendios que provoca. Los periodistas somos culpables por no forzarle al debate futbolero, pero \u00e9l tampoco lo fomenta, se siente m\u00e1s c\u00f3modo tirando gasolina con el mechero a punto.<\/p>\n<p>P.- Estimado Sr.S\u00e1mano, muchas gracias por estar ah\u00ed un d\u00eda m\u00e1s. Me gustar\u00eda que nos diese su opini\u00f3n sobre la postura de ciertos entrenadores &#8211; Guardiola y Bielsa, que yo conozca &#8211; que se niegan a conceder entrevistas a los medios. Su decisi\u00f3n es respetable, por supuesto, pero que le parece a un periodista como ud. esa postura? est\u00e1 justificada? Un cordial saludo.<\/p>\n<p>R.- Respeto su posici\u00f3n, pero me gustar\u00eda que fueran m\u00e1s abiertos. Ellos sostienen que as\u00ed no hay diferencias y, como no podr\u00edan atender de forma personalizada a todos los medios, nadie puede sentirse ninguneado. De todas formas, un matiz: Guardiola no acota sus ruedas de prensa, otros las zanjan cuando quieren. <\/p>\n<p>P.- \u00bfC\u00f3mo calificar\u00eda la actitud de CR7 tras la patada de Bot\u00eda? \u00bfC\u00f3mo la actitud constante de su entrenador? Puede ser que haya semejanzas entre uno y otro. Gracias<\/p>\n<p>R.- Lo primero que hay calificar es la entrada de Bot\u00eda: desmedida por completo, una burrada. La actitud de Cristiano no me gust\u00f3. Hay quien quiere justificar sus gestos chulescos y provocativos como respuesta a las patadas que soporta. Y no es siempre as\u00ed. A veces sus desplantes son previos y sin patadas mediantes. Creo algo muy, pero que muy simple: Cristiano es un extraordinario jugador que deber\u00eda limitarse a jugar lo bien que sabe; los defensas deber\u00edan buscarse la vida para frenarle sin agresiones, ya fuera con relevos, auxilios o por anticipaci\u00f3n. Por mucho que \u00e9l se descare no hay justificaci\u00f3n para atropellos como el de Bot\u00eda.<\/p>\n<p>P.- Buenas tardes. Reconoce que todos los period\u00edstas deportivos de este pais brindasteis con champ\u00e1n el d\u00eda que se supo que Mou fichaba por el Madrid. Desde entonces teneis asegurada la noticia pol\u00e9mica casi a diario. Saludos.<\/p>\n<p>R.- Insisto, preferir\u00eda que discuti\u00e9ramos en los medios sobre el estilo directo del Madrid y el toque del Bar\u00e7a; sobre lo bien que juega Espa\u00f1a, la fant\u00e1stica temporada de los moteros, la canonizaci\u00f3n de Pau Gasol en los Lakers o la grandiosidad de Nadal en tiempos de un superman como Federer. Lamentablemente, hay mareas que arrastran m\u00e1s de la cuenta. <\/p>\n<p>P.- Buenos d\u00edas. \u00bfEntiende usted el fichaje del holand\u00e9s Afellay por parte del Barcelona? Y m\u00e1s teniendo en 2\u00aa divisi\u00f3n centrocampistas como Thiago, Sergi Roberto o J. dos Santos. Cuesta muy poco, pero \u00bfresulta mejor ficharlo cuando probablemente le cueste m\u00e1s adaptarse que a un canterano? Y por otro lado, \u00bfpuede suponer el definitivo cierre a la llegada de Cesc? Gracias por estas charlas.<\/p>\n<p>R.- No todas las temporadas pueden salir de forma fulgurante y en las primeras jornadas futbolistas como Pedro y Busquets. Pep no es precisamente dudoso con la cantera, todo lo contrario, pero ahora considera que estos chicos necesitan ser dosificados. Affelay es un buen jugador, muy vers\u00e1til, un poco al estilo Cocu y no creo que de llegar sea un candado para nadie.<\/p>\n<p>P.- Cada vez estoy mas de acuerdo con Mar\u00edas en cuanto a Mou. No le empieza a cargar que se meta en todos los barros?<\/p>\n<p>R.- Claro que suscribo el pensamiento de Javie Mar\u00edas al respecto, por cierto muy extendido entre el madridismo. Es una l\u00e1stima que un magn\u00edfico entrenador no se limite a ser eso, un gran entrenador. Deber\u00eda ser m\u00e1s educado, moderado y respetuoso. Todo el mundo deber\u00eda serlo, pero cuando se ha tenido tanto \u00e9xito y se est\u00e1 en la c\u00faspide, a\u00fan m\u00e1s. Alguien del club deber\u00eda hacerle reflexionar sobre su condici\u00f3n de principal portavoz de la instituci\u00f3n. El Madrid no puede asociar su imagen a los incendios de su t\u00e9cnico. Pero es tal la confusi\u00f3n y las ansias de ganar a toda costa que hoy, hasta alguien que iba haciendo amigos como futbolista, sale a decir que &#8220;el Madrid no ha fichado a Mourinho para hacer amigos&#8221;. \u00a1Lo dice Butrague\u00f1o!<\/p>\n<p>P.- Buenas, Sr. Samano, \u00bfQu\u00e9 le pareci\u00f3 comunicado del R.Madrid diciendo que el club &#8220;cree que la competitividad, la rivalidad y la cr\u00edtica son compatibles con las buenas maneras. Asimismo, cree en el f\u00fatbol como un territorio de uni\u00f3n y de encuentro y no de confrontaci\u00f3n&#8221;? \u00bfCree que alguien del club se lo ha recordado a su entrenador?<\/p>\n<p>R.- Entiendo el f\u00fatbol, y otros deportes, como un territorio de confrontaci\u00f3n deportiva, sin m\u00e1s connotaciones. En su comunicado, el Madrid maquilla el tono de Mourinho y obvia que \u00e9ste no suele sacudirse la prepotencia en ninguno de sus dicscursos. \u00bfBuenas maneras? Lo son salir al calentamiento de San Siro y hacer un gesto a la hinchada del Milan recordando el triplete logrado con el Inter? \u00bfLo son llegar ayer al Molin\u00f3n recostado en el autob\u00fas y saludando con media sonrisa a los insultos de la hinchada local? <\/p>\n<p>P.- buenas tardes Sr Samano, me puede usted decir que se le ha perdido a Silva en el city?,y que opinion profesional tiene usted del Alfredo Relanyo,honesta por favor gracias<\/p>\n<p>R.- Lo \u00fanico que se la perdido a Silva en el City es un talonario que no pod\u00eda garantizarle el Valencia y que tan bien le ven\u00eda al club de Mestalla en tiempos de telara\u00f1as en la tesorer\u00eda. Silva ha tenido la desgracia de estar a las \u00f3rdenes de Mancini, pero si no se deprime deber\u00eda aprender de Xabi Alonso, que se curti\u00f3 en la Premier y hoy es un fiera a la hora de competir. Mi honesta (si no lo fuera hubiera obviado la pregunta) respuesta sobre Alfredo Rela\u00f1o: Un magn\u00edfico periodista, de los primordiales referentes en este pa\u00eds, cuya lectura diaria me resulta no solo una obligaci\u00f3n, sino una devoci\u00f3n, incluso cuando no coincido con sus tesis.<\/p>\n<p>P.- \u00bfQu\u00e9 papel crees que tuvo la prensa m\u00e1s sensacionalista en los incidentes y la violencia que se vi\u00f3 ayer en el Molin\u00f3n? <\/p>\n<p>R.- Mourinho tir\u00f3 por segunda vez la gasolina contra Preciado, Preciado se excedi\u00f3 en la respuesta, el Sporting jug\u00f3 demasiado incendiado, Cristiano y alg\u00fan otro atizaron a\u00fan m\u00e1s el fuego&#8230; Muchos culpables, aunque todo acab\u00f3 mejor de lo que yo sospechaba por lo sucedido en la previa y visto el partido.<\/p>\n<p>P.- Hola Jose, Crees que se deberia sancionar a Mourinho y a Preciado por sus penoso comportamiento de este fin de semana. <\/p>\n<p>R.- Deber\u00edan llevarse una reprimenda de sus propios clubes. <\/p>\n<p>P.- Sr. Samano, segun J. Carlin el futbol no es negocio. Como puede ser que el Barca o el Man. Un. hayan perdido dinero el ano pasado y el R. Madrid haya ganado? es verdad o son malabarismos de las cuentas?<\/p>\n<p>R.- No soy ingeniero financiero y debo creerme los resultados que dan los propios equipos. En el caso del Madrid, explican sus gur\u00fas, que la marca est\u00e1 por encima incluso de los resultados. Misterios del f\u00fatbol. Hoy, m\u00e1s que de los resultados deportivos, en los despachos financieros de equipos como el Madrid se valora m\u00e1s los &#8220;impactos de la marca&#8221; y t\u00e9rminos as\u00ed.<\/p>\n<p>P.- Hola Jos\u00e9, mi pregunta es con respecto a Busquets, o de como un centrocampista con m\u00e1s fisico que t\u00e9cnica, pero eso si, con mucha visi\u00f3n t\u00e1ctica y estrat\u00e9gica, puede llegar a ser tan imprescindible en el Barcelona de las filigranas de Xavi, Iniesta, Messi y compa\u00f1\u00eda 8 y en la selecci\u00f3n). T\u00fa que analisis haces de este jugador? con quien lo comparar\u00edas a nivel internacional y en el pasado reciente? De quien habr\u00e1 aprendido ese saber estar? Mil gracias<\/p>\n<p>R.- No le encuentro parecido con nadie. Sabe en cada momento qu\u00e9 es los que tiene que hacer, es el escolta de todos. Tiene un sexto sentido para saber por d\u00f3nde le buscar\u00e1 las cosquillas a su equipo el rival, cuando el aversario roba y sale, all\u00ed est\u00e1 Busi. Con la pelota no es un piernas, es muy fiable. Para mi, entre los m\u00e1s decisivos del t\u00edtulo Mundial. Le admiro tanto como Del Bosque. <\/p>\n<p>P.- \u00bfQu\u00e9 encuentra noticiable del Sporting-Madrid de ayer? Imagino que con la l\u00ednea dura que mantiene contra el Real Madrid, la dureza general de los sportinguistas, la criminal entrada de Botia a CR con el partido acabado o la sonrisita verdaderamente canalla de Preciado hasta el gol de Higua\u00edn habr\u00e1n pasado completamente desapercibidas para usted.<\/p>\n<p>R.- Nada ha pasado desapercibido puesto que todo ha sido comentado en este chat, pero hubo mucho m\u00e1s acciones lamentables, por ambos bandos, que las que usted cita. <\/p>\n<p>P.- \u00bfCrees como yo que el Real Madrid jugar\u00eda mejor sin Cristiano, jugador egoista, megalomano y que provoca ansiedades y envidias entre sus compa\u00f1eros, adem\u00e1s de perjudicar claramente la circulaci\u00f3n de pelota del equipo?<\/p>\n<p>R.- CR es muchas m\u00e1s veces una soluci\u00f3n que un problema. Le vendr\u00eda bien moderarse, pero entonces quiz\u00e1 fuera Sans\u00f3n sin pelo.<\/p>\n","protected":false},"excerpt":{"rendered":"<p>El redactor Jefe de Deportes de EL PA\u00cdS, Jos\u00e9 S\u00e1mano, ha charlado con los lectores sobre la jornada de Liga, el Mundial de f\u00f3rmula uno, as\u00ed como del resto de la actualidad deportiva<br \/>\n ARCHIVO DE ENTREVISTAS:<br \/>\n &#8211; 8 de noviembre<br \/>\n &#8211; 1 de noviembre<br \/>\n &#8211; 25 de octubre &#8211; 18 de octubre<br \/>\n &#8211; 4 de octubre &#8211; 27 de septiembre<br \/>\n &#8211; 20 de septiembre &#8211; 13 de septiembre<br \/>\n &#8211; 30 de agosto<\/p>\n","protected":false},"author":1,"featured_media":0,"comment_status":"open","ping_status":"open","sticky":false,"template":"","format":"standard","meta":{"footnotes":""},"categories":[],"tags":[],"class_list":["post-7756","post","type-post","status-publish","format-standard","hentry"],"_links":{"self":[{"href":"https:\/\/intervius.com\/index.html\/wp-json\/wp\/v2\/posts\/7756","targetHints":{"allow":["GET"]}}],"collection":[{"href":"https:\/\/intervius.com\/index.html\/wp-json\/wp\/v2\/posts"}],"about":[{"href":"https:\/\/intervius.com\/index.html\/wp-json\/wp\/v2\/types\/post"}],"author":[{"embeddable":true,"href":"https:\/\/intervius.com\/index.html\/wp-json\/wp\/v2\/users\/1"}],"replies":[{"embeddable":true,"href":"https:\/\/intervius.com\/index.html\/wp-json\/wp\/v2\/comments?post=7756"}],"version-history":[{"count":0,"href":"https:\/\/intervius.com\/index.html\/wp-json\/wp\/v2\/posts\/7756\/revisions"}],"wp:attachment":[{"href":"https:\/\/intervius.com\/index.html\/wp-json\/wp\/v2\/media?parent=7756"}],"wp:term":[{"taxonomy":"category","embeddable":true,"href":"https:\/\/intervius.com\/index.html\/wp-json\/wp\/v2\/categories?post=7756"},{"taxonomy":"post_tag","embeddable":true,"href":"https:\/\/intervius.com\/index.html\/wp-json\/wp\/v2\/tags?post=7756"}],"curies":[{"name":"wp","href":"https:\/\/api.w.org\/{rel}","templated":true}]}}