{"id":7744,"date":"2010-11-12T00:00:00","date_gmt":"2006-11-06T00:00:00","guid":{"rendered":"https:\/\/intervius.com\/index.html\/?p=7744"},"modified":"2006-11-06T00:00:00","modified_gmt":"2006-11-06T00:00:00","slug":"Javier_G-_Matallanas7744","status":"publish","type":"post","link":"https:\/\/intervius.com\/index.html\/Javier_G-_Matallanas7744\/","title":{"rendered":"Javier G. Matallanas"},"content":{"rendered":"<p>Pregunta.- mata, cual seria tu once de gala de la roja?<\/p>\n<p>Respuesta.- Casillas, Ramos, Puyol, Piqu\u00e9, Capdevila; Busquets, Xabi Alonso, Xavi, Iniesta; Villa y Torres<\/p>\n<p>P.- buenas \u00bfQue piensas sobre De Gea?\u00bfno crees que se le esta dando demasiado bombo?<\/p>\n<p>R.- Creo que se le est\u00e1 destacando en funci\u00f3n de sus actuaciones. Es un portero muy joven con unas grandes condiciones con un margen de progresi\u00f3n importante.<\/p>\n<p>P.- Mata q tl!! no crees q si no tenems ni un duro seria mejor buscar jugadores gratis para tener mejor banquillo yaq se a visto q andamos nulos en extremos laterales , cual de stos ficharias a coste 0, defensas :emanuelson,fanni,ivanovic,upson ,eboue mexesr.ziegler,taiwo,revillere centro :afellay,trochoskis extremos :vicente ,geovani,lolo,pienaar,srna delanteros:h.almeida,klose&#8230;YO FICHABA A IVANOVIC EBOUE MEXES AFELLAY Y SRNA !!!(aunq pidan mucho vienen x o euros)<\/p>\n<p>R.- \u00bfY esos futbolistas rendir\u00edan en el Atl\u00e9tico? Son todos buenos, pero hay muchos ejemplos de futbolistas buenos que no se han adaptado. Lo de fichar jugadores libres es algo que buscan todos los equipos, por eso son importantes los buenos directores deportivos para conocer bien el mercado y hacer fichajes de ese corte y acertar.<\/p>\n<p>P.- Kaixo, Mata. Soy rojillo. Vi nacer a Ra\u00fal Garc\u00eda en Primera. Ahora cumple 100 partidos de rojiblanco. \u00bfNo crees que se esperaba mucho m\u00e1s de \u00e9l? \u00bfSer\u00eda lo mejor para \u00e9l dejar el Calder\u00f3n? Gracias fen\u00f3meno y espero (no confio) que ma\u00f1ana duermas triste, je, je.<\/p>\n<p>R.- Ra\u00fal Garc\u00eda a\u00fan cuenta con margen de progresi\u00f3n. Es cierto que da la sensaci\u00f3n de haber cortado esa progresi\u00f3n y que, a lo mejor, si saliera del Atl\u00e9tico mejorar\u00eda, pero creo que en su inicio de temporada (final de la Supercopa y partido ante el Sporting), as\u00ed como en la Europa League la pasada temporada, demostr\u00f3 un nivel adecuado para mantener la titularidad. Ma\u00f1ana ser\u00e1 un partido dif\u00edcil para el Atl\u00e9tico&#8230;.<\/p>\n<p>P.- Hola crack!! Me gustar\u00eda mucho saber tu opini\u00f3n sobre cual ser\u00eda para ti.el sustituto ideal de Forl\u00e1n,siendo realistas. Un saludo!<\/p>\n<p>R.- Luis Su\u00e1rez ser\u00eda un buen recambio, pero quiz\u00e1s si hay que pujar con el Bar\u00e7a o el Madrid ser\u00eda un fichaje complicado. Hulk del Oporto tambi\u00e9n es un buen delantero, pero el equipo portugu\u00e9s pedir\u00e1 mucho dinero por su traspaso como hace siempre. Fernando Llorente tambi\u00e9n se escapa, pero ser\u00eda un recambio ideal. Siendo realistas, mejor que Forl\u00e1n se qued\u00e9 hasta final de temporada como m\u00ednimo, que seguro que hace 20 goles&#8230; <\/p>\n<p>P.- \u00bfno deberia ser convocado hoy De Gea a la seleccion absoluta para ir haciendose al grupo?<\/p>\n<p>R.- De Gea es el titular de la sub 21 y el objetivo es clasificarse para los Juegos Ol\u00edmpicos. A ese magn\u00edfico grupo todos se adaptan rap\u00eddisimo, ya le llamar\u00e1n.<\/p>\n<p>P.- Hola Mata. Me parece que tenemos muchas carencias, en este orden de prioridades: cerebro, delantero, lateral derecho. En realidad, \u00bfA qu\u00e9 podemos aspirar en invierno? Yo creo que con el cerebro nos bastar\u00eda y que habr\u00eda que dar un ag\u00fcerazo e ir a por Ganso como sea. Dile a Cerezo que se moje. Es que si no, no vamos a ninguna parte. La afici\u00f3n est\u00e1 hundida y pensando lo de &#8220;otro a\u00f1o&#8230;&#8221;<\/p>\n<p>R.- Tampoco hay que ser tan pesimista. El objetivo es meterse en Liga de Campeones y ganar la Copa del Rey e intentar reeditar la Europa League. Hace un a\u00f1o ning\u00fan atl\u00e9tico habr\u00eda apostado por ganar un t\u00edtulo en 2010 y el Atl\u00e9tico gan\u00f3 dos. Despu\u00e9s de ganar un punto de 15 posibles ante los rivales directos po la Champions no es nada positivo, pero el equipo est\u00e1 armado y cuando vuelvan a funcionar Forl\u00e1n y Ag\u00fcero ganar\u00e1 muchos puntos. A final de la temporada pasada todos parec\u00edan mejores y hoy vuelven a parecer peores. Es una plantilla para disputar la tercera plaza y hay que exigirle ese objetivo. Pero no creo que la afici\u00f3n deba hundirse&#8230;<\/p>\n<p>P.- HOLA BUENOS DIAS JAVIER, \u00bfCREES QUE VICENTE DEL BOSQUE SE MERECE UNA OBACION EN EL SANTIAGO BERNABEU POR SU TRAYECTORIA?<\/p>\n<p>R.- Por supuesto que Vicente del Bosque se merece una ovaci\u00f3n y un homenaje por parte del Real Madrid, como el que le va a dar esta tarde la Fundaci\u00f3n del Atl\u00e9tico de Madrid. <\/p>\n<p>P.- Hola qtal! Me gustaria saber tu opinion sobre llevar al amistoso de la seleccion a Torres y Xavi, recien recuperados de sus lesiones?<\/p>\n<p>R.- Torres ya est\u00e1 recuperando su nivel y Xavi se est\u00e1 dosificando pero no quiere dejar de ir con Espa\u00f1a. Creo que es una buena decisi\u00f3n del seleccionador.<\/p>\n<p>P.- Javier que jugadores de la selecci\u00f3n crees que se les debe ir buscando un relevo a medio plazo? Cu\u00e1les podr\u00edan ser sus sustitutos? Gracias.<\/p>\n<p>R.- A medio plazo hay que buscar recambio para Capdevila, Xavi y Puyol. Monreal, Borja Valero y Thiago, y Dom\u00ednguez son buenos recambios para los tres.<\/p>\n<p>P.- Hola matallanas,mi pregunta es,que te parece el caso asenjo,deben de venderle?recordemos que vino con la vitola de mejor portero joven de europa.muchas gracias.un abrazo crack,eres el mejor.<\/p>\n<p>R.- Primero que se recupere totalmente de su lesi\u00f3n. Considero que ser\u00eda buena una cesi\u00f3n en enero para que recupere su mejor nivel. Asenjo es un grand\u00edsimo portero y triunfar\u00e1 como se preve\u00eda en el Valladolid.<\/p>\n<p>P.- buenas javi!! oye por qu\u00e9 en el nuevo contrato del kun le han tenido que bajar la clausula a 45 kilos?? Es que estan haciendo lo mismo que en su dia hicieron por torres que se la bajaron de 90 a 40. \u00bfPor qu\u00e9 no quieren que un jugador se quede durante toda su carrera en el club? gracias men!<\/p>\n<p>R.- Es adecuar su precio al mercado, pero no significa necesariamente que por bajar su cl\u00e1usula de 60 millones a 45 (como inform\u00f3 Antonio Sanz en P\u00fablico, ver: http:\/\/matador.elconfidencial.com\/2010\/10\/el-kun-vale-45-millones-por-antonio.html ) le vayan a traspasar. A lo mejor los que no quieren pasar toda su carrera en el club son los jugadores, aunque creo que el Kun ya ha cambiado de opini\u00f3n.<\/p>\n<p>P.- Acabo de ver la lista de la selecci\u00f3n y sigue sin estar Reyes. \u00bfque tiene que hacer para figurar en la lista? y porque figuran en ella suplentes del Madrid, como Albiol y Arbeloa Yo creo que a Del bosque se le ven mucho los colores y su acusado antiatletismo. te acuerdas en su etapa de jugador como provocaba a ruben cano? por favor contestame y no seas politicamente correcto<\/p>\n<p>R.- Del Bosque de jugador era un madridista a la vieja usanza y su gran rival era el Atl\u00e9tico. Como seleccionador, al margen de las convocatorias, siempre ha demostrado un respeto m\u00e1ximo al Atl\u00e9tico. No creo que no convocar a jugadores del Atl\u00e9tico pase por ninguna fobia a los colchoneros, porque me consta que no la tiene. Ha llevado a todos los campeones del mundo y considera que le vienen mejor que Reyes. Pero en la no convocatoria de Reyes, como en la de Joaqu\u00edn del Valencia, creo que quiz\u00e1s influya algo el director deportivo.<\/p>\n<p>P.- muy buenos dias, mi pregunta es \u00bfsi tendria hueco cesc en la seleccion de ahora con un cambio de sistema y espa\u00f1a jugara con un solo punta? gracias!!<\/p>\n<p>R.- Cesc siempre tiene hueco en la selecci\u00f3n, con uno o con dos puntas. Es uno de los grandes del mundo.<\/p>\n<p>P.- Por que el atletico que ha ganado dos copas este a\u00f1o y ha disputado tres finales, \u00bfno ha podido ganar al barcelona ni al madrid? y que sabes lo del rumor forlan vestido de blanco estas navidades, no es un poco exagerado<\/p>\n<p>R.- Al Barcelona s\u00ed le gan\u00f3 en la segunda vuelta de la pasada temporada, disputada este a\u00f1o. La diferencia entre el Madrid y el Bar\u00e7a y todos los dem\u00e1s es abismal. Forl\u00e1n no creo que juegue en el Madrid, hubo una oportunidad en el verano de 2009, pero el Atl\u00e9tico no quiso negociar con el Madrid.<\/p>\n<p>P.- Para que viaja tanto pitarch a Brasil si no van a fichar a nadie? <\/p>\n<p>R.- Para estudiar el mercado. Luego no tendr\u00e1 margen de maniobra para firmar.<\/p>\n<p>P.- Buenas! Qu\u00e9 diferencia hay entre ver un partido el lunes o verlo un martes o miercoles en champions? No entiendo el revuelo de un lunes. A mi en particular me alegrar\u00e1 empezar la semana sabiendo que hay un derbi!<\/p>\n<p>R.- Es la novedad. Pero creo que ser\u00e1 una buena experiencia que se juegue el lunes. Es un buen aliciente para empezar una semana, como tu dices&#8230; <\/p>\n<p>P.- hola javier,yo pienso que ahora mismo di maria esta entre los 10 mejores jugadores del mundo,posee verticalidad,regate y es muy desequilibrante.\u00bfque opinion tienes tu,javier?un saludo.<\/p>\n<p>R.- Di Mar\u00eda se ha adaptado muy r\u00e1pido al Madrid y tiene las condiciones \u00f3ptimas para triunfar en el f\u00fatbol moderno. Estar\u00e1 entre los mejores del mundo de seguir esta progresi\u00f3n, pero a\u00fan es pronto.<\/p>\n<p>P.- Me indigna la situaci\u00f3n de CANALES. Creo que es de los que apuntan m\u00e1s de todo lo visto en los \u00faltimos a\u00f1os. Mourinho puede ser su valedor o su bestia negra. A este chaval hay que darle partidos s\u00ed o s\u00ed, juegue mejor o peor. Canales ve el f\u00fatbol distinto a lo que muchos, tiene visi\u00f3n de pase y juega para el equipo. Sinceramente, creo que es mejor que \u00d6zil. A este paso le ocurrir\u00e1 lo que a Bojan, por poner un ejemplo. Son jugadores con un potencial que queda frenado por su entrenador. La excusa de la juventud me parece demagogia barata. Ser\u00eda una pena que Canales se perdiera en la antesala de lo que promete. \u00bfQu\u00e9 piensas al respecto, Javier?<\/p>\n<p>R.- Yo era partidario de una cesi\u00f3n para Canales. Creo que puede triunfar en el Madrid, pero a\u00fan est\u00e1 poco hecho y debe curtirse en Primera divisi\u00f3n. Se le ve sin confianza y los m\u00e9todos de motivaci\u00f3n de Mourinho le pueden favorecer o perjudicar mucho.<\/p>\n<p>P.- venderias a forlan>por mas que tenga 31 a\u00f1os<\/p>\n<p>R.- Si hay una buena oferta para las dos partes, s\u00ed, le vender\u00eda.<\/p>\n<p>P.- Muy bunas Matallanas!!!Que te parecer\u00eda el fichaje de Piatti por el Atleti??Y el delantero Osvaldo del Espa\u00f1ol si se va Forl\u00e1n??Porque Luis Suarez y Hulk est\u00e1n fuera del alcance del Atleti no???Muchas gracias.<\/p>\n<p>R.- Osvaldo tiene muy buena pinta y Pitatti es un tiro, ser\u00edan buenos refuerzos. Luis Su\u00e1rez y Hulk est\u00e1n en otra escala y los podr\u00eda fichar haciendo un esfuerzo muy grande y quiz\u00e1s un dispendio econ\u00f3mico nada recomendable.<\/p>\n<p>P.- Buenas. Como aficionado rojiblanco pienso que el problema central del equipo se encuentra en el centro del campo, especialmente por la presencia de Simao que ha quedado para lanzar faltas y poco mas. El y Reyes son ofensivos y no cubren a los medios centros , donde ademas Tiago no acaba de ser el jugador que se esperaba. Esa es la principal diferencia con los equipos realmente grandes, porque calidad hay de sobra. Un saludo<\/p>\n<p>R.- Sigue necesitando un cerebro, un organizador, porque Tiago no est\u00e1 al nivel esperado como bien dices. Simao ha perdido velocidad pero trabaja en defensa bien. Y Reyes tambi\u00e9n se sacrifica para defender. <\/p>\n<p>P.- Hola Javier. Una pregunta particular en relacion con los Audis ofrecidos a los jugadores del Real: cual es el criterio. Pueden escoger el coche? Si es asi, porqu\u00e9 no escogen todos al mas caro, como Kaka? Gracias y un saludo<\/p>\n<p>R.- Creo que pueden elegir cualquier modelo. No les apetecer\u00e1 tener el m\u00e1s caro. Lo tienen durante una temporada y se los cambian, antes ofreci\u00e9ndoles la opci\u00f3n de comprarlos.<\/p>\n<p>P.- QUE TE PARECE LA LISTA QUE HA DADO VICENTE DEL BOSQUE PARA EL PARTIDO CONTRA PORTUGAL Y QUE TE PARECE QUE INCORPORE A CAZORLA<\/p>\n<p>R.- Me parece una buena lista y me parece bien que llame a Cazorla porque est\u00e1 a un gran nivel, siendo uno de los art\u00edfices de que el Villarreal vaya tercero. Se qued\u00f3 fuera del Mudial por una lesi\u00f3n.<\/p>\n","protected":false},"excerpt":{"rendered":"<p>Javier G. Matallanas, adjunto a la direcci\u00f3n de AS, ha charlado con los lectores sobre la actualidad deportiva, con especial atenci\u00f3n a la actualidad del Atl\u00e9tico de Madrid.<\/p>\n","protected":false},"author":1,"featured_media":0,"comment_status":"open","ping_status":"open","sticky":false,"template":"","format":"standard","meta":{"footnotes":""},"categories":[],"tags":[],"class_list":["post-7744","post","type-post","status-publish","format-standard","hentry"],"_links":{"self":[{"href":"https:\/\/intervius.com\/index.html\/wp-json\/wp\/v2\/posts\/7744","targetHints":{"allow":["GET"]}}],"collection":[{"href":"https:\/\/intervius.com\/index.html\/wp-json\/wp\/v2\/posts"}],"about":[{"href":"https:\/\/intervius.com\/index.html\/wp-json\/wp\/v2\/types\/post"}],"author":[{"embeddable":true,"href":"https:\/\/intervius.com\/index.html\/wp-json\/wp\/v2\/users\/1"}],"replies":[{"embeddable":true,"href":"https:\/\/intervius.com\/index.html\/wp-json\/wp\/v2\/comments?post=7744"}],"version-history":[{"count":0,"href":"https:\/\/intervius.com\/index.html\/wp-json\/wp\/v2\/posts\/7744\/revisions"}],"wp:attachment":[{"href":"https:\/\/intervius.com\/index.html\/wp-json\/wp\/v2\/media?parent=7744"}],"wp:term":[{"taxonomy":"category","embeddable":true,"href":"https:\/\/intervius.com\/index.html\/wp-json\/wp\/v2\/categories?post=7744"},{"taxonomy":"post_tag","embeddable":true,"href":"https:\/\/intervius.com\/index.html\/wp-json\/wp\/v2\/tags?post=7744"}],"curies":[{"name":"wp","href":"https:\/\/api.w.org\/{rel}","templated":true}]}}