{"id":7674,"date":"2009-06-09T00:00:00","date_gmt":"2006-11-06T00:00:00","guid":{"rendered":"https:\/\/intervius.com\/index.html\/?p=7674"},"modified":"2006-11-06T00:00:00","modified_gmt":"2006-11-06T00:00:00","slug":"Inako_Diaz_Guerra7674","status":"publish","type":"post","link":"https:\/\/intervius.com\/index.html\/Inako_Diaz_Guerra7674\/","title":{"rendered":"I\u00f1ako D\u00edaz Guerra"},"content":{"rendered":"<p>Pregunta.- Hola I\u00f1ako, No termino de entender la noticia de As de hoy sobre Asenjo: \u00bfLa cla\u00fasula es de 5,5 millones y nosotros ofrecemos 5, m\u00e1s tres jugadores, m\u00e1s el 20% de un posible traspaso? Para cortarse las venas&#8230;<\/p>\n<p>Respuesta.- Hay una percepci\u00f3n equivocada con las cl\u00e1usulas por c\u00f3mo se han utilizado. La cl\u00e1usula debe pagarla el jugador, no el club al que va, y se le suma el 43% de IRPF. Por lo tanto, Asenjo no costar\u00eda 5,5 millones, sino m\u00e1s de 8. En realidad, los clubes utilizan las cl\u00e1usulas como un precio que ponen a los jugadores. Cuando un futbolista se va por el precio de la cl\u00e1usula es que los dos clubes se han puesto de acuerdo y han firmado un traspaso. As\u00ed, si el Valladolid no acepta la oferta por Asenjo, su precio ser\u00edan esos 8 millones y picos.<\/p>\n<p>P.- hola i\u00f1ako, paso de preguntarte por forlan, el madrilactico, el barcelona blablabla, \u00bfcual es tu cancion preferida de los planetas? si tuviera que escoger, sin duda, me quedaria con la copa de europa. saludos.<\/p>\n<p>R.- Son uno de mis dos o tres grupos favoritos, me cuesta elegir una, aunque la que m\u00e1s veces he o\u00eddo es Desorden. Soy la alegr\u00eda de la huerta como ves<\/p>\n<p>P.- \u00bfCrees que el Atletico permanecera en manos de los Gil por mucho tiempo mas o tras la venta del Calderon vendran nuevos tiempos?<\/p>\n<p>R.- No les veo fuera a medio plazo<\/p>\n<p>P.- Hay 5 delanteros que parece que este verano van a ser el deseo de los grandes clubs europeos y que se van a pelear por ellos. Me refiero a Ibra, Villa, Forl\u00e1n, Benzema e incluso Etoo. Podr\u00edas decirnos las virtudes y defectos de cada uno, y cual de ellos te parece m\u00e1s completo? A cual de ellos fichar\u00edas si tuvieses que elegir? (poniendote en el lugar del Barcelona y de Real Madrid)<\/p>\n<p>R.- Adebayor est\u00e1 m\u00e1s cotizado que Benzema, incluso Mi debilidad es Ibrahimovic por elegancia, por calidad pura, por disparo lejano, por todo. Existe el rid\u00edculo t\u00f3pico de que no tiene gol, pero luego miras los n\u00fameros y&#8230; Pero est\u00e1 como un cencerro. Si yo fuera el Bar\u00e7a, me dar\u00eda mucho miedo meterle en el vestuario ahora que todo va tan bien y tan suave. Villa nunca ha sido uno de mis favoritos. me parece un delantero list\u00edsimo, pero algo chup\u00f3n, de los que necesita que todo el equipo juegue para \u00e9l. Es un punta fabuloso para un equipo bueno pero no buen\u00edsimo. Dudod e su rendimiento en un grande cuando sea uno m\u00e1s entre once. Forl\u00e1n es el profesional perfecto y tiene un plus incre\u00edble en ser ambidiestro. Sus 30 a\u00f1os me parecen enga\u00f1osos, ya que se cuida tanto que creo que va a estar a un gran nivel 4 a\u00f1os m\u00e1s sin problemas. Benzema est\u00e1 por probar al m\u00e1s alto nivel. Hay d\u00edas que le ves y te parece una fuerza de la naturaleza imparable y otros, uno m\u00e1s. Teniendo en cuenta la barbaridad e dinero que pide el Lyon, yo pasaba. Etoo era el mejor nueve del mundo hasta su lesi\u00f3n de rodilla. No ha vuelto a ser el mismo. Este Bar\u00e7a es tan hueno que, al 70% de lo que fue, a\u00fan ha metido 30 goles, pero la mayor\u00eda de empujarla. Esas arrancadas imparables han desaparecido. Puede volver a ser el que fue, pero las rodillas son traicioneras. El mejor es Ibrahimovic, pero si yo fuera el Bar\u00e7a fichar\u00eda a Forl\u00e1n, que es perfecto para lo que necesita. Si fuera el Madrid, s\u00ed que ir\u00eda a por el sueco, porque lo que necesita es fueras de serie para acortar la distancia con los grandes de Europa<\/p>\n<p>P.- I\u00f1ako, dime, porque yo estoy muy perdido y este Aleti me va a matar un d\u00eda&#8230; jeje&#8230; \u00bfQu\u00e9 planes crees que tiene el club para la temporada que viene? Creo que, si un club quiere estar entre los grandes, no puede permitirse el lujo de vender a sus cracks. Ah, y, con las \u00faltimas declaraciones del Kun sobre el Bar\u00e7a, \u00bfa qu\u00e9 crees que juega este muchacho? A cualquier futbolista, hoy en d\u00eda, le gustar\u00eda militar en ese club pero creo que esa es una opini\u00f3n que no deber\u00eda llegar a o\u00eddos del aficionado atl\u00e9tico. Me matan&#8230; un d\u00eda me matan.<\/p>\n<p>R.- Me da la sensaci\u00f3n de que el Atleti est\u00e1 en comp\u00e1s de espera, que quiere tener m\u00e1s claro qu\u00e9 va a suceder con sus estrellas antes de empezar a fichar. Las ventas decidir\u00e1n los fichajes. ME parece que Kun se equivoc\u00f3, pero tambi\u00e9n que es mucho menos grave de lo que se dice. Por m\u00ed, mientras cuando llegue el momento juegue bien, puede decir lo que quiera<\/p>\n<p>P.- \u00bfNo te parece que los nombres que baraja la direcci\u00f3n deportiva son solo promesas y para el Atl\u00e9tico hace falta un jugador de calidad contrastada para el centro del campo?\u00bfNo hay dinero para hacer un esfuerzo por un mediocampista de primer nivel mundial?<\/p>\n<p>R.- Nada de lo que hay en el mercado termina de convencer al Atl\u00e9tico, as\u00ed que parece decidido a continuar con Salvio la estrategia que tan bien le sal\u00edo con Kun. Seguramente esta sea la \u00fanica forma de poder fichar aut\u00e9nticos cracks, pill\u00e1ndoles antes de que se dispare su precio, pero si no fichan un veterano de nivel para el centro del campo se equivocan gravemente<\/p>\n<p>P.- Hola I\u00f1ako, \u00bfhas oido algo de que puede haber alguien interesado en comprar el Atletico? Me han comentado algo en el campo<\/p>\n<p>R.- Lo he o\u00eddo mil veces, pero nunca he visto una oferta real<\/p>\n<p>P.- Buenos d\u00edas I\u00f1ako, dime los 3 fichajes (nombres) que tu har\u00edas para el Atleti para la pr\u00f3xima temporada. \u00bfA que debe aspirar el Atleti la pr\u00f3xima temporada?<\/p>\n<p>R.- Intentando ajustarme al mercado: Moutinho, Arbeloa y Salvio<\/p>\n<p>P.- Buenos Dias I\u00f1ako. En tus cr\u00f3nicas aprecio cierto inter\u00e9s por la filosof\u00eda a raiz de algunos similes. Mi preguntas serian las siguientes:\u00bfExiste un componente de ascetismo en el sentimiento atletico ya que se nos tilda siempre de sufridores?. \u00bfSe puede afirmar que el ascetismo es la antites\u00eds del hedonismo?.<\/p>\n<p>R.- Creo que lo de los sufridores es una excusa, no una filosof\u00eda. Yo, personalmente, soy atl\u00e9tico y hedonista, el ascetismo nunca ha formado parte de mis costumbres, as\u00ed que&#8230;<\/p>\n<p>P.- Que tal I\u00f1ako?, no crees que el Atleti que tanto idolatramos (doblete) era un equipo vulgar? Eso si, coincidieron todos en su mejor momento. \u00bfNo crees que por plantilla era mejor el equipo que baj\u00f3 a 2\u00aa? Saludos<\/p>\n<p>R.- Noooooo. era una plantilla cort\u00edsima, pero el once titular era buen\u00edsimo y,a dem\u00e1s,e s cierto que los jugadores m\u00e1s flojos vivieron sus mejores d\u00edas ese a\u00f1o. M\u00e9rito de Antic. Caminero y Kiko era superclases. Simeone nunca fue santo de mi devoci\u00f3n, pero daba un car\u00e1cter tremendo al equipo. Pantic y Penev eran veteranos con unas carreras muy complicadas, pero mucho talento. Molina es el mejor portero que yo he visto en el Atleti. Y la defensa funcionaba muy bien porque Soloz\u00e1bal es uno de los futbolistas m\u00e1s infravalorados de los \u00faltimos tiempos. Era un central inteligent\u00edsimo. Igual que Vizca\u00edno en el medio.<\/p>\n<p>P.- i\u00f1ako, por favor dime que no es verdad que se nos van los dos de arriba, sin ellos el equipo vuelve a partir de cero&#8230; \u00bfse esta moviendo alguien en el tema fichajes?<\/p>\n<p>R.- Me sorprender\u00eda much\u00edsimo que se fueran los dos. Si tuviera que apostar ahora, dir\u00eda que Kun se queda y Forl\u00e1n se va, pero todo va a depender de c\u00f3mo se mueva el mercado de delanteros con Ibrahimovic, Adebayor, Etoo y Villa cambiando casi seguro de equipo.Si tuviera q apostar dir\u00eda Villa al Madrid, Etoo al Chelsea, Adebayor al Mil\u00e1n y queda el gran misterio que son Bar\u00e7a e Inter. Si Ibrahimovic no se va al Bar\u00e7a, ir\u00e1 Forl\u00e1n.<\/p>\n<p>P.- Hola I\u00f1ako \u00bfPor que no se habla casi de la posibilidad de fichar un buen extremo derecho y dejarse de tanto mediapunta? Por ejemplo,el sevilla juega con 2 extremos y 2 delanteros los ultimos 4 a\u00f1os y le va muy bien.<\/p>\n<p>R.- En realidad, s\u00ed se est\u00e1 mirando esa posici\u00f3n y es de las que est\u00e1 previsto reforzar. Salvio ha jugado siempre en esa posici\u00f3n m\u00e1s que de mediapunta. Benayoun tambi\u00e9n.<\/p>\n<p>P.- hola I\u00f1ako, el crack del AS. La iron\u00eda al servicio del periodismo. Gracias por tu visi\u00f3n distinta de este sin sentido que es el Atleti. Varias preguntas: Quien no se atreve a vender a Maxi, Pitarch o Gil Mar\u00edn? Le quiere Abel a Maxi? porque creo que es de los 4 de arriba al que quitaria para compensar el centro del campo, tipo Bar\u00e7a 4-3-3, aunque en versi\u00f3n mujer barbuda. Que opinas? un saludo.<\/p>\n<p>R.- Maxi est\u00e1 en el mercado este verano, el problema es que da la sensaci\u00f3n de que su cartel ha bajado. En principio, de los cuatro de arriba es el elegido para hacer caja. Abel no ha exigido que se vaya, pero tampoco llorar\u00eda. S\u00ed, yo tambi\u00e9n llevo d\u00e1ndole vueltas a esa idea del 4-3-3 un tiempo, pero se necesita un organizador que lo haga funcionar todo. Si no, son necesarios los extremos.<\/p>\n<p>P.- I\u00f1ako, que jugadores de la primera plantilla sienten de verdad los colores?? Di nombres!!! Y otra, que canterano tiene mas posibilidades de exito?<\/p>\n<p>R.- Hay mucho t\u00f3pico con eso de los colores. Forl\u00e1n ser\u00e1 hincha de Pe\u00f1arol y Kun de Independiente y nos han metido en Champions, as\u00ed que, por m\u00ed, dame mil de esos que no sienten los colores. De entre Keko, Koke, Pacheco y Borja van a salir, al menos, dos estrellas.<\/p>\n<p>P.- Buenas Crack! Ante la posible marcha de Forlan,\u00bfQu\u00e9 sustitutos convendrian al atleti? Acabo de leer en el AS que el atleti estaria muy interesado en el joven delantero de Lanus, Salvio. Le he visto jugar y es muy bueno, \u00bfQue te sugiere? \u00bfCual seria otra solucion?<\/p>\n<p>R.- Si Forl\u00e1n se fuera al Madrid, el que podr\u00eda llegar es Negredo. Si fuera al Bar\u00e7a, el mejor colocado ser\u00eda Keirrison. Los dos me gustan, aunque prefiero al brasile\u00f1o porque creo que tiene m\u00e1s potencial a largo plazo, aunque Negredo est\u00e9 ya m\u00e1s probado. Salvio me gusta mucho, pero su fichaje no tiene que ver con los delanteros. Ser\u00eda para el mediocampo, bien como enganche bien como volante<\/p>\n<p>P.- Buenas I\u00f1ako, te lo pregunte en tu blog y no me has contestado: es verdad que el mal a\u00f1o que ha hecho De Gea en el &#8220;b&#8221; ha hecho que ya no se tenga tanta f\u00e9 en \u00e9l, y por eso se ha apostado por Asenjo?. Un saludo<\/p>\n<p>R.- El a\u00f1o de De Gea no ha sido malo, ha sido irregular. Y s\u00ed ha influido en lo de Asenjo. No se le ha perdido la fe, pero tampoco se le ve para hacerse con el puesto de manera inmediata. As\u00ed que Asenjo es v\u00e1lvula de seguridad e inversi\u00f3n. De Gea ser\u00e1 el segundo portero ya el a\u00f1o que viene y si en un par de temporadas crece como se espera, se vende a Asenjo por m\u00e1s de lo que cost\u00f3 y todos felices. Si De Gea se estanca, pues Asenjo a largo plazo.<\/p>\n<p>P.- hola holita i\u00f1ako. dos preguntas de musica sobre dos estilos: te gusta el reggae? y el ska? pasalo bien en verano!<\/p>\n<p>R.- Con ambos me pasa lo mismo: me resultan agradables, me gustan un ratito corto y luego me comienzan a aburrir<\/p>\n<p>P.- Buenas i\u00f1ako. Se habla que tanto aguero como forlan lo tienen los dos hechos con el Barca. Sinceramente lo veo inviable que nos den casi 100 millones por los dos. Creo que forlan esta mas cerca del barca que Aguero. \u00bfTu que sabes de esto?\u00bfcrees que los 2, uno o ninguno?<\/p>\n<p>R.- Se habla mucho, demasiado. Este verano, Forl\u00e1n podr\u00eda irse al Bar\u00e7a si no fichan a Ibrahimovic. Ag\u00fcero yo lo descartar\u00eda. A medio plazo, cambian las tornas, en los pr\u00f3ximos veranos ser\u00eda Kun el que tuviera m\u00e1s opciones de irse all\u00ed. Los dos, ni de co\u00f1a.<\/p>\n<p>P.- Bueno I\u00f1ako bona tarda desde Sant Boi me gustar\u00eda saber si tu aprobar\u00edas o ver\u00edas como bueno el fichaje de Bale el lateral de los Spurs &#8230; ERES UN CRACK SIGUE AS\u00cd<\/p>\n<p>R.- Sobrevalor\u00e1is mis conocimientos. No he visto lo suficiente a Bale como para opinar. De hecho, cuando he le\u00eddo Sant Boi y Spurs, instintivamente he pensado en la NBA.<\/p>\n<p>P.- Buenas I\u00f1ako, \u00bfEn serio hay alguna mujer mas bella que Monica Bellucci? Aparte de esto, \u00bfQue hay de cierto en que Forlan ha alquilado una casa en la zona de barcelona? MAldita sea!!! esto es como el chiste del gato que se sube al arbol y el telegrama. \u00bfNos estais preparando para el drama de la venta de Forlan?<\/p>\n<p>R.- Monica Bellucci me da miedo, no le durar\u00eda un asalto, mucha mujer para m\u00ed. No es mi favorita, pero tampoco me har\u00eda el estrecho, eh. Lo mismo s\u00f3lo quiere tener una casa en la playa. Pero vamos, s\u00ed, id asumi\u00e9ndolo<\/p>\n<p>P.- I\u00f1ako \u00bfcomo ves la planificacion para la proxima temporada del Atleti? \u00bfcrees que seguir\u00e1 Forlan?\u00bfqu\u00e9 te parece Jose Enrique en lugar de Pernia?\u00bfcuantos subirias del B y a quien?Podr\u00eda hacerte mas preguntas pero yo creo que lo solucionabas con una nueva entrada en la Reserva \u00bfno crees?<\/p>\n<p>R.- Al contrario que la mayor\u00eda de aficionados al f\u00fatbol, no soy muy fan de las fantas\u00edas veraniegas con los fichajes. Cuando de verdad se negocia ya con uno es cuando pienso si me gusta o no. Lo dem\u00e1s es ciencia ficci\u00f3n y para eso prefiero Blade Runner. Lo de Forl\u00e1n lo veo 75% se va, 25% se queda. Jos\u00e9 Enrique es mejor que Pern\u00eda, pero tampoco me vuelve loco. Prefiero, por ejemplo, a Monreal. Contando ya a Dom\u00ednguez como jugador de la primera plantilla, subir\u00eda a entrenar todos los d\u00edas a Keko y Koke y a menudo a Pacheco y Borja. Luego, a jugar con el filiai salvo urgencias<\/p>\n<p>P.- hola I\u00f1ako, me podrias decir si \u00bfes legal convertir una SAD en club de futbol? y si la respuesta es positiva \u00bfcuanto dinero podria costarle eso a un equipo como el at.madrid? muchas gracias<\/p>\n<p>R.- No soy un experto, pero creo que con la ley actual no se puede deshacer el proceso de conversi\u00f3n en S.A.D.<\/p>\n<p>P.- Hola I\u00f1ako!! \u00bfPor qu\u00e9 nadie de la Junta Directiva ha salido a desmentir los rumores de venta de Forlan como corresponder\u00eda? \u00bfPor qu\u00e9 no se atreven a decir que no van a negociar con nadie y que si alguien quiere al uruguayo, solo saldr\u00e1 con el pago \u00edntegro de su clausula? Esto me suena a venta pactada por 30 kilos y una inversion en dos fichajes mediocres de 15&#8230;.<\/p>\n<p>R.- Lo de la cl\u00e1usula s\u00ed lo han dicho, el desmentido no porque, en el fondo, piensan que se va a ir.<\/p>\n","protected":false},"excerpt":{"rendered":"<p>El redactor del Diario AS I\u00f1ako D\u00edaz-Guerra analiza cada semana la situaci\u00f3n del Atl\u00e9tico de Madrid. El periodista ha charlado con los lectores sobre todas las novedades que afectan al club colchonero.<br \/>\nARCHIVO DE ENTREVISTAS:<\/p>\n<p>-02 de junio -26 de mayo -19 de mayo &#8211; 12 de mayo &#8211; 05 de mayo &#8211; 28 de abril &#8211; 21 de abril &#8211; 14 de abril &#8211; 07 de abril &#8211; 24 de marzo &#8211; 17 de marzo &#8211; 10 de marzo &#8211; 3 de marzo &#8211; 24 de febrero &#8211; 10 de febrero &#8211; 17 de febrero &#8211; 13 3 de enero &#8211; 2 3 de diciembre &#8211; 2 de diciembre &#8211; 25 de noviembre &#8211; 4 de noviembre &#8211; 18 de noviembre &#8211; 4 de noviembre &#8211; 11 de noviembre &#8211; 4 de noviembre &#8211; 24 de octubre &#8211; 7 de octubre &#8211; 30 de septiembre &#8211; 23 de septiembre &#8211; 16 de septiembre <\/p>\n","protected":false},"author":1,"featured_media":0,"comment_status":"open","ping_status":"open","sticky":false,"template":"","format":"standard","meta":{"footnotes":""},"categories":[],"tags":[],"class_list":["post-7674","post","type-post","status-publish","format-standard","hentry"],"_links":{"self":[{"href":"https:\/\/intervius.com\/index.html\/wp-json\/wp\/v2\/posts\/7674","targetHints":{"allow":["GET"]}}],"collection":[{"href":"https:\/\/intervius.com\/index.html\/wp-json\/wp\/v2\/posts"}],"about":[{"href":"https:\/\/intervius.com\/index.html\/wp-json\/wp\/v2\/types\/post"}],"author":[{"embeddable":true,"href":"https:\/\/intervius.com\/index.html\/wp-json\/wp\/v2\/users\/1"}],"replies":[{"embeddable":true,"href":"https:\/\/intervius.com\/index.html\/wp-json\/wp\/v2\/comments?post=7674"}],"version-history":[{"count":0,"href":"https:\/\/intervius.com\/index.html\/wp-json\/wp\/v2\/posts\/7674\/revisions"}],"wp:attachment":[{"href":"https:\/\/intervius.com\/index.html\/wp-json\/wp\/v2\/media?parent=7674"}],"wp:term":[{"taxonomy":"category","embeddable":true,"href":"https:\/\/intervius.com\/index.html\/wp-json\/wp\/v2\/categories?post=7674"},{"taxonomy":"post_tag","embeddable":true,"href":"https:\/\/intervius.com\/index.html\/wp-json\/wp\/v2\/tags?post=7674"}],"curies":[{"name":"wp","href":"https:\/\/api.w.org\/{rel}","templated":true}]}}