{"id":7673,"date":"2010-11-02T00:00:00","date_gmt":"2006-11-06T00:00:00","guid":{"rendered":"https:\/\/intervius.com\/index.html\/?p=7673"},"modified":"2006-11-06T00:00:00","modified_gmt":"2006-11-06T00:00:00","slug":"Tomas_Roncero7673","status":"publish","type":"post","link":"https:\/\/intervius.com\/index.html\/Tomas_Roncero7673\/","title":{"rendered":"Tom\u00e1s Roncero"},"content":{"rendered":"<p>Pregunta.- Hola Tom\u00e1s, solo le queria preguntar por unos jugadores de la historia del Real Madrid. Resulta que mi abuelo se izo del Madrid por un jugador que se llamaba Hector Rial, mi padre se izo del Madrid por un jugador que se llamaba Pirri, y yo, que tengo 14 a\u00f1os, me he echo del madrid gracias a Raul. Me podria comentar algo sobre los tres jugadores? Como ve, una familia de cuna madridista, gracias de antemano Tom\u00e1s, y a seguir reuniendote con las pe\u00f1as que seguro que lo disfrutas.<\/p>\n<p>Respuesta.- Qu\u00e9 envidia me das Iv\u00e1n con semejante \u00e1rbol geneal\u00f3gico madridista de pura cepa. De Rial s\u00e9 que era un delantero fino y elegante, muy del f\u00fatbol sudamericano de los a\u00f1os 50. Sus compa\u00f1eros hablan maravillas de \u00e9l. La delantera que Rial formaba junto a Kopa, Di St\u00e9fano, Puskas y Gento quedar\u00e1 para la historia. Pirri lo llegu\u00e9 a ver en sus \u00faltimos siete a\u00f1os de carrera en el Madrid (entre 1973 y 1980). Te voy directo. Me hice del Madrid por \u00e9l. De ni\u00f1o me fascin\u00f3 su pundonor, su garra y su calidad. Y de Ra\u00fal sobran las palabras. Ra\u00fal es el escudo del Real Madrid con botas. Siempre ser\u00e1 mi eterno capit\u00e1n. <\/p>\n<p>P.- Que opinas que el madrid venda a benzema \u00bfNo te da miedo que triunfe en otro equipo?.Por que a mi como madridista si me da un poco\u00a1Gracias! Eres un crack.<\/p>\n<p>R.- Benzema es un arma de doble filo. Si se centra y se acopla de una vez a Madrid y al Madrid, tiene talento y calidad para ser un delantero de nivel durante muchos a\u00f1os. Pero si sigue con sus altibajos emocionales y futbol\u00edsticos ser\u00eda buena oeraci\u00f3n venderlo en juni al Manchester por 35 kilos y utilizar ese dinero en fichar a Fernando Llorente. <\/p>\n<p>P.- \u00bfCUANTOS GOLES CREES QUE METERA CRISTIANO ESTA TEMPORADA<\/p>\n<p>R.- 47. Ser\u00e1 el mejor a\u00f1o de su carrera. Se lo ha propuesto y lo conseguir\u00e1. M\u00e1quina total. <\/p>\n<p>P.- Tom\u00e1s, \u00bfno crees que jugar con los mismos 11 en Liga, Champions y Copa (jugaron 6 titulares contra el Murcia, si llegamos hasta cuartos, seguro que salen 10 u 11) es peligroso? Recuerda el a\u00f1o de los galacticos 2003-2004, hasta Marzo arrasando y despu\u00e9s desfonde absoluto por falta de rotaciones. Encima te recuerdo que Xabi Alonso, Ramos, Khedira y Ozil jugaron 7 partidos en el Mundial&#8230;<\/p>\n<p>R.- Mourinho es muy inteligente y en cuanto que el equipo haya echado tierra de por medio tras acabar el primer tercio de a temporada, empezar\u00e1 a dar entrada a los Canales, Pedro Le\u00f3n, Benzema, Albiol y compa\u00f1\u00eda. Esta plantilla tiene profundidad y Mourinho sabr\u00e1 sacarle partido. Es imposible que se repita lo de Queiroz. <\/p>\n<p>P.- Hola Tomas, te hubiese gustado que el 7 de Raul lo llevase Higuain? el es un jugador de sacrificio y tiene lo suficiente para convertirse en un estandarte del Madrid. Saludos desde Venezuela<\/p>\n<p>R.- El 7 siempre estar\u00e1 en la memoria de jugadores-iconos para los madridistas como Amancio, Butrague\u00f1o, Juanito y Ra\u00fal. Ahora lo lleva Cristiano, que es el mejor fubolista del mundo. Higua\u00edn lo hubiera lucido con dignidad, pero no le pega porque Pipita es m\u00e1s un 9. A \u00e9l le gusta el 20 y a m\u00ed tambi\u00e9n. No es problema amigo. <\/p>\n<p>P.- esta jornada de liga hay 2 partidos importantes en madrid y getafe \u00bfcrees que michel y compa\u00f1ia nos haran un favor?<\/p>\n<p>R.- Gabi, ya sabes que el Getafe tiene sus limitaciones esta temporada y se vieron en Bilbao. Pero conociendo a Michel y lo ambicioso que es, seguro que prepara algo que hace sufrir al Bar\u00e7a lo suyo. No descarto ua sorpresa en el Coliseum. El Getafe ya le meti\u00f3 un 4-0 apart\u00e1ndole de la final de Copa. Por otro lado, s\u00e9 que tienes inquietudes con lo que le pas\u00f3 a Drenthe en Alicante. Traquilo. Estaba festejando el triunfo de su Real Madrid en el Rico P\u00e9rez y quiz\u00e1s se le fue la mano al volante por las calles de Alicante&#8230; <\/p>\n<p>P.- Hola Crack \u00bfComo te parecio la victoria del Real Madrid en Alicante contra el H\u00e9rcules?\u00bfYcontra el Mil\u00e1n el Mi\u00e9rcoles en Champions?<\/p>\n<p>R.- Mucho m\u00e9rito. Ese H\u00e9rcules del gran Boquer\u00f3n Esteban hab\u00eda desnudado al Bar\u00e7a en el Camp Nou y hab\u00eda tumbado al Sevilla. Equipazo de actitud y de calidad. Por eso, que el Madrid remontase el 0-1 con ese oficio tiene doble m\u00e9rito. En partidos as\u00ed se ganan las Ligas&#8230;<\/p>\n<p>P.- Hola colega madridista. Pr\u00f3xima temporada: Altas: Llorente, Lukaku, Sweinsteiger, Cazorla y Capdevila. Bajas: Benzem\u00e1, Lass, Diarra, Gago y Dudek. \u00bfQue te parece? <\/p>\n<p>R.- Si traes a Llorente ya no hace falta Lukaku. Llorente es de los cinco mejores nueves de Europa y si viene para qu\u00e9 queremos m\u00e1s teniendo a Higua\u00edn y Cristiano en n\u00f3mina. Lo del alem\u00e1n me encanta aunque el Bayern siempre nos pone precio de beluga. Lo de Cazorla y Capdevila no lo veo, para qu\u00e9 enga\u00f1arte. En lo de las bajas parecen m\u00e1s o menos razonables todas a la espera de si reacciona o no Benzema. <\/p>\n<p>P.- \u00bfPara que Karanka va a los partidos del Castilla a realizar informes, si despu\u00e9s no vemos a ning\u00fan canterano jugar en el primer equipo?. \u00bfEstan mirando para un futuro muy pr\u00f3ximo o lejano?<\/p>\n<p>R.- No es verdad del todo amigo. Juan Carlos ya ha debutado con el primer equipo y chavales como Mateos ya son habituales en los viajes del primer equipo. Juanfran tambi\u00e9n ha tenido sus oportunidades y Morata y Sarabia saben que est\u00e1n en el punto de mira. Poco a poco. Paciencia campe\u00f3n. <\/p>\n<p>P.- Buenas Roncero, tengo 18 a\u00f1os y tengo pensado ser periodista deportivo a raiz de que te conoci eres mi idolo. Tomas creo que el problema del Madrid de estos ultimos a\u00f1os ha sido la inestabilidad y soy partidario de que hay que darle tiempo a un entrenador, porque en nuestro pais no hay entrenadores que duren tanto tiempo como por ejemplo Ferguson? Roncero que opinas sobre la situacion de Pepe? <\/p>\n<p>R.- Alejo, te animo a que sigas con esa pasi\u00f3n sana por el Periodismo, que es la profesi\u00f3n m\u00e1s atractiva que hay en el mundo. En lo del entrenador estoy de acuerdo y por eso Mourinho firm\u00f3 un contrato por cuatro a\u00f1os con el Madrid. Si se cumplen, ser\u00e1 muy buena se\u00f1al. En cuanto a Pepe la situaci\u00f3n es dif\u00edcil. El chaval pide una ficha alta porque al llegar al Madrid en 2007 renunci\u00f3 a un sueldo elevado para que se pudiera hacer el fichaje, y ahora quiere un gesto del club para compensarle. Pero el Madrid no quiere que se le disparen las n\u00f3minas y le ofrece un sueldo medio de 3,5 millones netos, que es lo que cobra Higua\u00edn, por ejemplo. Las dos partes tienen sus razones&#8230;<\/p>\n<p>P.- Tras el partido ante el Hercules, MOurinho dijo que el mejor habia sido Khedira. Asi se demuestra a lo que juega el Madrid. Todo lo contrario de a lo que juega el Barsa. Pelotazos y a pescar rebotes o vivir de lso fallos del contrario,&#8230;<\/p>\n<p>R.- No hiciste la lectura que pretend\u00eda Mourinho. Al decir el mejor no se refiere obviamente al m\u00e1s brillante o al m\u00e1s efectivo. \u00c9l habla de equilibrio t\u00e1ctico. Gente como Khedira, que hoy sale en la portada del AS con sabias reflexiones, es la que permite que Xabi Alonso est\u00e9 como nunca, que Di Mar\u00eda y Ozil la l\u00eden por arriba, y que Cristiano e Higua\u00edn maten a las defensas rivales. Khedira era como Tour\u00e9 para el Bar\u00e7a. Pero Tour\u00e9 ya no est\u00e1 y Khedira s\u00ed&#8230;<\/p>\n<p>P.- Buenos d\u00edas Tom\u00e1s. Antes que nada agradecerte como defiendes el Madridismo y al Madrid. He apostado que si ganamos la D\u00e9cima, cosa que as\u00ed ser\u00e1, me dejo bigote durante dos semanas. \u00bfQu\u00e9 est\u00e1s dispuesto a hacer si ganamos la D\u00e9cima?. Un abrazo desde Noruega y MOUchas felicidades por tu \u00e9xito profesional.<\/p>\n<p>R.- Gracias por tus palabras y m\u00e1s estando tan lejos en Noruega. Yo si ganamos la D\u00e9cima me dejo tambi\u00e9n bigote por unos d\u00edas. Jam\u00e1s he llevado, o sea que puede ser una buena experiencia. Hala Moudrid. <\/p>\n<p>P.- Hola crack!!!&#8230;&#8230;. \u00bfCrees que Mourinho dej\u00f3 a posta los papeles de su libreta en el banquillo tras el partido contra el Hercules?&#8230;. Yo pienso que s\u00ed, ya que de ah\u00ed no se quita nada en concreto.<\/p>\n<p>R.- Est\u00e1 claro que es un \u00e9xito period\u00edstico de los compa\u00f1eros de El D\u00eda despu\u00e9s, pero es evidente que si Mourinho hubiera escondido en esas notas los secretos de su proyecto no se le habr\u00edan olvidado. Pero est\u00e1 bien lo del n\u00famero de partidos con los que cuenta y la posible eliminaci\u00f3n en cuartos en la Copa. No le pega a Mou renunciar a nada&#8230;<\/p>\n<p>P.- Hola Tom\u00e1s.- \u00bfle dar\u00edas el Bal\u00f3n de Oro a Xavi, aunque sea del Bar\u00e7a?<\/p>\n<p>R.- No tendr\u00eda el menor problema porque Xavi es uno de los grandes de nuestra maravillosa Selecci\u00f3n Espa\u00f1ola y aqu\u00ed no hay equipos ni nada por el estilo. El AS ya editorializ\u00f3 al respecto en verano y dejamos claro que los ocho azulgrana de la selecci\u00f3n de Del Bosque son tan queridos como los del Madrid, el Athletic, el Sevilla, el Valencia o el Villarreal. Todos son espa\u00f1oles y nos hicieron llorar de orgullo en Sud\u00e1frica. Si se lo dan a Xavi, perfecto por el chaval. No olvides que \u00e9l en Col\u00f3n grit\u00f3 tras la Eurocopa: &#8220;\u00a1Viva Espa\u00f1a!&#8221;.<\/p>\n<p>P.- Hola Tom\u00e1s, creo que se ha visto con suficiente nitidez lo sobrevalorado que estaba Ra\u00fal, la selecci\u00f3n espa\u00f1ola campeona de europa y del mundo jugando sin el y a un nivel alt\u00edsimo, y despu\u00e9s viendo que jugando en un equipo de mediocres como es el Shalke 04 el no marca diferencias, que toda su vida deportiva ha sido un enga\u00f1o porque ha estado acostumbrado a jugar al lado de los mejores jugadores del mundo, Zidade, Roberto Carlos,etc \u00bfque opinas?<\/p>\n<p>R.- Que no haces justicia con \u00e9l. Ra\u00fal llev\u00f3 \u00e9l solito al Madrid a lo m\u00e1s alto hasta que llegaron los Gal\u00e1cticos y luego le toc\u00f3 remar casi en solitario cuando lleg\u00f3 la decadencia de \u00e9stos. Ra\u00fal siempre se parti\u00f3 , cara por los dem\u00e1s y por el Madrid y lo gano todo. Tras Champions, no s\u00e9 cuantas Ligas, dos Intercontinenatles, m\u00e1ximo goleador de Espa\u00f1a en su historia (Villa le ha igualado, no le ha superado)&#8230; Adem\u00e1s, en el Schalke ha igualdo al r\u00e9cord hist\u00f3rico de M\u00fcller y lo va a superar seguro. Ra\u00fal se merece todos mis respetos. Siempre ser\u00e1 el eterno capit\u00e1n&#8230;<\/p>\n<p>P.- Buenas Tom\u00e0s aqu\u00ec un cul\u00e9 que gusta de frustarse leyendo tus charlas. Dime una cosa: si tuvieras que elegir entre ganar la liga y el Bar\u00e7a la Champions y ganar la Champions y el Bar\u00e7a la liga&#8230; con cual te quedas? <\/p>\n<p>R.- Gracias por tu fair play pese a ser de mi eterno rival. Claramente, mi respuesta es que prefiero la Champions y para el Bar\u00e7a la Liga. La Copa de Europa es el trofeo del Madrid por naturaleza. Tenemos 9, m\u00e1s que nadie, y es momento de reencontrarnos con la historia y levantar la so\u00f1aad D\u00e9cima. Mourinho parece predestinado para alcanzar ese honor. <\/p>\n<p>P.- hola crack. tengo una pregunta,yo creo que en vez de estar discutiendo de que si messi es mejor que cristiano o viceversa, deberiamos bacilar como decimos aqui en cadiz de tener los dos mejores futbolistas del mundo en nuestra liga. \u00bfno opinas lo mismo? un abrazo amigo.<\/p>\n<p>R.- Es una lectura positiva y sana, pero debes entender que la rivalidad Madrid-Bar\u00e7a se come casi todo y es inevitable que la gente haga comparaciones entre los dos. Estoy contigo en que es un lujo que los dos jugadores Top del mundo est\u00e9n aqu\u00ed, pero no podremos evitar que haya cristianistas y messianicos. <\/p>\n<p>P.- Buenas sr.Roncero, opinas como yo que Benzema necesita tiempo y menos presi\u00f3n mediatica para que consiga su verdadero juego, y mi otra pregunta es que si piensas que a C.Ronaldo se le deber\u00eda decir: \u00a8ese portugues, que bueno que es\u00a8 Gracias, un saludo y \u00a1\u00a1HALA MADRID!!<\/p>\n<p>R.- En lo \u00faltimo estamos tan de acuerdo como que ya ha sido dos veces portada del AS y yo lo escrib\u00ed el domingo en mi p\u00e1gina del H\u00e9rcules: &#8220;Ese portugu\u00e9s, qu\u00e9 bueno es&#8221;. En cuanto a Benzema, tienes toda la raz\u00f3n. Es cierto que \u00e9l tambi\u00e9n tiene que poner de su parte e involucrarse m\u00e1s, pero no es normal que lo hayan matado con solo 22 a\u00f1os&#8230; <\/p>\n<p>P.- \u00bfCual es tu opini\u00f3n de lo que hemos visto este fin de semana, en que el Real Madrid &#8220;no ha dejado&#8221; jugar a Drenthe en su partido frente al H\u00e9rcules y el Bar\u00e7a no ha impedido que Martin Caceres juegue con el Sevilla? \u00bfSer\u00e1 que hoy hay m\u00e1s se\u00f1orio en la Ciudad Condal que en la capital?<\/p>\n<p>R.- No es cuesti\u00f3n de se\u00f1or\u00edo, sino de casos concretos. Yo mismo critiqu\u00e9 en AS lo de Drenthe porque va en contra del estilo del Madrid, pero tambi\u00e9n entiendo que era un cl\u00e1usula de protecci\u00f3n despu\u00e9s de lo sucedido con Morientes, Etoo, Munitis y compa\u00f1\u00eda. Pero en el esp\u00edritu estoy contigo. Hubiera sido mejor ver a Drenthe el s\u00e1bado en el campo. <\/p>\n<p>P.- \u00bfVes al Real Madrid con opciones de golear al Atletico de Madrid en el debi?<\/p>\n<p>R.- Por supuesto. Ser\u00e1 dif\u00edcil porque el Atleti es un grande pese a los problemas que acumula, pero si Cristiano, Higua\u00edn, Ozil y Di Mar\u00eda siguen en ese plan no descarto un 4-1. \u00bfPor qu\u00e9 no?<\/p>\n<p>P.- Buenas crack!\u00bfQuien crees que ser\u00eda el compa\u00f1ero ideal para Xabi Alonso en la media del Madrid? Quitando al &#8220;imposible&#8221; Cesc,Arteta,Borja Valero,Ander Herrera,Javi Martinez,Schweinstiger o alg\u00fan otro que creas\u00bfParejo se adaptar\u00eda al Madrid en esa posici\u00f3n? \u00bfY Pastore rendir\u00eda igual de bi\u00e9n jugando tan retrasado?\u00bfT\u00fc lo ficharias para el Madrid teniendo ya a \u00d6zil? Un abrazo<\/p>\n<p>R.- A Khedira yo le dar\u00eda margen de mejora porque cada partido que pasa est\u00e1 m\u00e1s metido en faena y me convence su actitud y compromiso con el equipo. De los que me has nombrado me motiva mucho el navarro Javi Mart\u00ednez por ser de los nuestros, pero Schwensteinger tambi\u00e9n es una m\u00e1quina. Parejo volver\u00e1 en verano seguro. Hay futuro. Hay talento. Hay alternativas. <\/p>\n","protected":false},"excerpt":{"rendered":"<p>El redactor jefe del Diario AS y colaborador de Cadena SER, Tom\u00e1s Roncero ha charlado con los internautas sobre la actualidad del Real Madrid.<\/p>\n","protected":false},"author":1,"featured_media":0,"comment_status":"open","ping_status":"open","sticky":false,"template":"","format":"standard","meta":{"footnotes":""},"categories":[],"tags":[],"class_list":["post-7673","post","type-post","status-publish","format-standard","hentry"],"_links":{"self":[{"href":"https:\/\/intervius.com\/index.html\/wp-json\/wp\/v2\/posts\/7673","targetHints":{"allow":["GET"]}}],"collection":[{"href":"https:\/\/intervius.com\/index.html\/wp-json\/wp\/v2\/posts"}],"about":[{"href":"https:\/\/intervius.com\/index.html\/wp-json\/wp\/v2\/types\/post"}],"author":[{"embeddable":true,"href":"https:\/\/intervius.com\/index.html\/wp-json\/wp\/v2\/users\/1"}],"replies":[{"embeddable":true,"href":"https:\/\/intervius.com\/index.html\/wp-json\/wp\/v2\/comments?post=7673"}],"version-history":[{"count":0,"href":"https:\/\/intervius.com\/index.html\/wp-json\/wp\/v2\/posts\/7673\/revisions"}],"wp:attachment":[{"href":"https:\/\/intervius.com\/index.html\/wp-json\/wp\/v2\/media?parent=7673"}],"wp:term":[{"taxonomy":"category","embeddable":true,"href":"https:\/\/intervius.com\/index.html\/wp-json\/wp\/v2\/categories?post=7673"},{"taxonomy":"post_tag","embeddable":true,"href":"https:\/\/intervius.com\/index.html\/wp-json\/wp\/v2\/tags?post=7673"}],"curies":[{"name":"wp","href":"https:\/\/api.w.org\/{rel}","templated":true}]}}