{"id":7663,"date":"2010-11-02T00:00:00","date_gmt":"2006-11-06T00:00:00","guid":{"rendered":"https:\/\/intervius.com\/index.html\/?p=7663"},"modified":"2006-11-06T00:00:00","modified_gmt":"2006-11-06T00:00:00","slug":"Jorge_Sanz_y_David_Trueba7663","status":"publish","type":"post","link":"https:\/\/intervius.com\/index.html\/Jorge_Sanz_y_David_Trueba7663\/","title":{"rendered":"Jorge Sanz y David Trueba"},"content":{"rendered":"<p>Pregunta.- \u00bfEs esto una especie de copia de la idea del falso documental que se hizo sobre Ralph Macchio hace alg\u00fan tiempo?<\/p>\n<p>Respuesta.- Saludos a todos. Aqu\u00ed est\u00e1 David, mientras llega el amigo Jorge, que vive en el extrarradio. Hola Miguel G. M\u00e1s quisiera yo que hacer algo m\u00edtico como lo de Ralpha Macchio. No, la serie de Jorge es una miniserie de seis episodios, de unos treinta y cinco minutos de duraci\u00f3n, de ficci\u00f3n. No es un documental. M\u00e1s bien se parece, para que te hagas una idea, a la serie de Larry David Curb your enthusiasm, al menos formalmente.<\/p>\n<p>P.- \u00bfComo surgi\u00f3 la idea de hacer esta serie?<\/p>\n<p>R.- Se nos ocurri\u00f3 un d\u00eda en que a Jorge le hab\u00edan propuesto una serie que no le acababa de gustar y d\u00e1ndole vueltas inventamos esta, se la propusimos y nos dijeron que no. As\u00ed que terminamos haci\u00e9ndola nosotros, porque nos enamoramos de la idea. Somos as\u00ed. <\/p>\n<p>P.- \u00bfTiene esto algo que ver con la idea de Larry David en su show &#8220;Curb your Enthusiasm&#8221;?<\/p>\n<p>R.- S\u00ed, claro, lo que pasa es que Larry es un personaje de ficci\u00f3n absoluto, porque nadie le conoce y por tanto ha inventado todo. En su magn\u00edfica serie el argumento tiene m\u00e1s que ver con historietas de vida cotidiana, aqu\u00ed jorge es el sujeto pasivo de lo que sucede alrededor<\/p>\n<p>P.- Que cada uno diga una virtud y un defecto del otro. <\/p>\n<p>R.- Virtud de Jorge, que es un actor estupendo y el mejor amigo del mundo. Y el mayor defecto es que nunca le habla bien de m\u00ed a sus exnovias. La virtud de David, es que es la persona m\u00e1s bondadosa que conozco. Y el mayor defecto, que habla mucho con mis exnovias.<\/p>\n<p>P.- Jorge, para m\u00ed siempre ser\u00e1s mi gal\u00e1n favorito. Desde aquellas pel\u00edculas m\u00edticas de mi juventud, no he vuelto a disfrutar tanto con un filme espa\u00f1ol. \u00bfPara cu\u00e1ndo un estreno contigo de protagonista? \u00bfCu\u00e1nto riesgo tiene que asumir la industria del cine para ver el renacer (o la vuelta) de un buen actor? Espero que esta serie sea un nuevo comienzo de tu carrera profesional, pero&#8230; no vuelvas a hacer de extraterrestre, \u00bfvale? Un beso muy fuerte, Jorge.<\/p>\n<p>R.- Gracias Luc\u00eda, espero que te guste la serie. Ya sabes que este oficio es un ir y venir continuo, que se salva gracias a la fidelidad de espectadores como t\u00fa. Un abrazo<\/p>\n<p>P.- Jorge \u00bfcu\u00e1l ha sido el momento m\u00e1s feliz de tu carrera?<\/p>\n<p>R.- La lectura del gui\u00f3n de La ni\u00f1a de tus ojos. Fue un instante feliz. Pero este oficio te regala muy buenos momentos. Sin ir m\u00e1s lejos, el rodaje de esta serie. Hac\u00eda mucho tiempo que no nos re\u00edamos tanto<\/p>\n<p>P.- David, \u00bfhaces alg\u00fan cameo en la serie?<\/p>\n<p>R.- No, aunque se me ve reflejado en algunas ventanas o gafas. Quer\u00eda haber rodado una escena entre Jorge y yo, pero al final me faltaba equipo. Un beso, gaditana, que me acuerdo de ti, no creas<\/p>\n<p>P.- Se agradece viento fresco, espero que este proyecto triunfe, la valent\u00eda es algo que se va perdiendo, y jugar sobre seguro es f\u00e1cil y aburrido para el espectador. \u00bfMiedo?<\/p>\n<p>R.- Siempre lo hay. Pero el riesgo lo hemos asumido desde el principio. De lo que se trata es que la gente disfrute con ello, que lo entienda como algo saludable<\/p>\n<p>P.- \u00bfPara cuando una pel\u00edcula al estilo Being John Malkovich pero con Jorge Sanz?<\/p>\n<p>R.- Entrar en la cabeza de Jorge dar\u00eda como resultado una pel\u00edcula m\u00e1s del tipo Origen, pero en versi\u00f3n porno. Es broma. Creo que ese tipo de pel\u00edculas son siempre estimulantes y ojal\u00e1 alguien la haga&#8230;<\/p>\n<p>P.- Jorge, de todas las mujeres que han pasado por tu vida, \u00bfexiste alguna que te haya marcado de verdad?<\/p>\n<p>R.- Por supuesto. Todas. Cada una a su manera. <\/p>\n<p>P.- Para Jorge: tenemos la imagen de t\u00ed de chico duro, gamberro, lig\u00f3n&#8230;Pero detr\u00e1s de esa careta seguro que se esconde alguien sensible. Dime: \u00bfcu\u00e1ndo ha sido la \u00faltima vez que has llorado? Y&#8230;\u00bfpor qu\u00e9?<\/p>\n<p>R.- Estuvo llorando la otra tarde con P\u00e9rez Reverte. Ah, no, espera que te lo paso&#8230; Fue en el cine, viendo Gran Torino. Las dos veces que la he visto he llorado. La segunda fue en un tren y me dio un poco de verg\u00fcenza que me vieran<\/p>\n<p>P.- \u00bfD\u00f3nde ha estado Jorge Sanz todo este tiempo?<\/p>\n<p>R.- Criando tomates en mi huertecillo y una familia, pero he ido trabajando en las cosas que me iban saliendo. La verdad es que bastante feliz<\/p>\n<p>P.- \u00bfCuales son vuestras series preferidas? Que haya suerte, espero que vuestra serie sea un punto de partida para empezar a hacer series de verdad en Espa\u00f1a.<\/p>\n<p>R.- A Jorge le sigue enganchando Los Simpson. A m\u00ed me encant\u00f3 The Wire.<\/p>\n<p>P.- \u00bfCualquier tiempo pasado en el cine espa\u00f1ol fue mejor?<\/p>\n<p>R.- Lo mejor est\u00e1 por venir. Aunque un buen rodaje con Fern\u00e1n G\u00f3mez, Agust\u00edn Gonz\u00e1lez y Manolo Aleixandre no lo cambi\u00e1bamos por nada<\/p>\n<p>P.- Buenas, Enhorabuena a ambos por un producto tan arriesgado y deseo que os vaya bien. Hab\u00e9is hablado de la influencia de Larry David pero hace poco le\u00ed un art\u00edculo sobre un &#8220;documental&#8221; sobre Ralph Macchio, el de Karate Kid, cuya tem\u00e1tica es muy similar a vuestra serie.\u00bfLo conoc\u00e9is? Gracias y suerte.<\/p>\n<p>R.- Jorge no lo conoce, pero est\u00e1 muy interesado en verlo. \u00bfQu\u00e9 fue de Ralph Macchio? ser\u00eda estupendo que la HBO hiciera un remake de la serie con \u00e9l o con Tom Cruise de protagonista<\/p>\n<p>P.- Para Jorge Sanz: \u00bfhubo alg\u00fan momento m\u00e1s grato en tu carrera que aquella escena er\u00f3tica con Ana \u00c1lvarez en Cha cha cha? Un saludo.<\/p>\n<p>R.- Hab\u00eda demasiada gente alrededor. Oye, Jorge, nunca me has hablado de esa escena. Qu\u00e9 grande es Ana.<\/p>\n<p>P.- \u00bfCu\u00e1l ha sido tu actor\/iz y director\/a favorito y qu\u00e9 es lo que te ha llamado la atenci\u00f3n de ellos para considerarlos los mejores?<\/p>\n<p>R.- Contesta Jorge: Eduardo Antu\u00f1a, que me acompa\u00f1a como protagonista en esta serie, es para m\u00ed un amigo fiel, un tipo maravilloso y el mejor compa\u00f1ero que puedes tener en una escena y fuera de ella. <\/p>\n<p>P.- Jorge, \u00bfQu\u00e9 influencia esperas que ejerza la realizaci\u00f3n de esta serie en tu carrera profesional?<\/p>\n<p>R.- Espero que buena, pero me va a costar interpretar a alguien que no sea yo. Creo que este personaje me ha salido muy bien y me ser\u00e1 dif\u00edcil coger a otro, pero lo que venga, habr\u00e1 que sacarlo adelante<\/p>\n<p>P.- \u00bfIncluir\u00e9is incluso alguna parte de la faceta marciana de Jorge como el Inquilino?<\/p>\n<p>R.- Alguna referencia hay. Soy bastante marciano en realidad<\/p>\n<p>P.- Buenos d\u00edas a ambos. V\u00ed 2 c\u00e1pitulos ( 4y5) en el Circulo en el Festival y os he de decir que si la primera temporada consta de 6 cap, yo ya quiero ver la 2\u00aa Temporada!! Habr\u00e1?! Es una idea genial, bravo!!<\/p>\n<p>R.- No lo sabemos, en principio la serie la hicimos cerrada. Nos gustar\u00eda, quiz\u00e1, hacer alg\u00fan episodio de vez en cuando, sin fecha fija, mientras va pasando el tiempo. Creo que ser\u00eda el formato ideal. Me encantar\u00eda hacer un c\u00e0p\u00edtulo cuando tengamos los dos ochenta a\u00f1os, por ejemplo, jubilados en la casa del actor, con Elsa Pataki y el ni\u00f1o del orfanato<\/p>\n<p>P.- \u00a1Muy buenos d\u00edas! Enhorabuena por el proyecto. Tiene muy buena pinta. Contadnos: \u00bfQu\u00e9 duraci\u00f3n tiene cada cap\u00edtulo? \u00bfVamos a poder ver la serie on-line en internet? Supongo que muchos no tenemos C en casa&#8230;<\/p>\n<p>R.- Los cap\u00edtulos duran 35 minutos. Se ver\u00e1n en la p\u00e1gina web del canal un poco despu\u00e9s de emitirse y tambi\u00e9n saldr\u00e1 un dvd con todos y algo extra de regalo para quien lo quiera poseer<\/p>\n<p>P.- Enhorabuena por la idea a los dos y por haberle echado valor a Jorge. Viendo el trailer me he acordado de los d\u00edas del rodaje de Belle Epoque en Arruda dos Vinhos. Todos nos hacemos mayores y esto me parece un acto encomiable de envejecer con dignidad (la barriguita incipiente en el traje de Superman va a causar estragos). <\/p>\n<p>R.- Gracias Amando. Nosotros tampoco te olvidamos. Creo que la barriguilla es generalizada a partir de nuestra edad. Yo le estoy sacando partida, como personaje<\/p>\n<p>P.- Hola a los dos. David, antes has dicho que esta serie la propusisteis y os llevasteis una negativa. La mayor\u00eda de gente que conozco del medio se est\u00e1 yendo fuera de Espa\u00f1a por el mismo problema. \u00bfPor qu\u00e9 cre\u00e9is que sucede esto en un pa\u00eds que ha dado grandes talentos art\u00edsticos? \u00bfCu\u00e1l es el futuro que nos espera si seguimos con esta fuga de cerebros?<\/p>\n<p>R.- Bueno, es normal que en este oficio te encuentres con dificultades y negativas. Es algo que hay que asumir. Alas teles les falta un poco de confianza y pluralidad, de hacer cosas un poco distintas, pero hay que colarse por las rendijas. En el extranjero tampoco est\u00e1 f\u00e1cil, as\u00ed que yo creo que perseverar y tratar de ganar a los espectadores para nuestras causas es lo \u00fanico que podemos hacer para evitar esta fuga<\/p>\n<p>P.- Hola, admirados amigos, Cre\u00e9is que la tele contempor\u00e1nea, al fragmentarse las audiencias puede tirar, sin cortarse, de recursos m\u00e1s estilizados, usados ya en el teatro y el cine el siglo anterior, y que los manuales del buen productor televisivo no los recomienda para TODA la familia por ser veneno para el share. Puede vivir publicitariamente una serie con medio mill\u00f3n de fieles espectadores \u00bfSer\u00eda rentable? \u00bfHay hueco? Os deseo \u00e9xito. Est\u00e1is abriendo brecha. Peli juntos, ya.<\/p>\n<p>R.- Muchas gracias. Quiz\u00e1 la fragmentaci\u00f3n de audiencias va a permitir elaborar productos diferentes, pero como las cadenas est\u00e1n en las mismas manos de siempre, pues ser\u00e1 complicado que salgan de sus modelos habituales. Quiz\u00e1 una TDT m\u00e1s plural habr\u00eda ayudado, pero la crisis ha reducido las empresas de tele a su m\u00ednima expresi\u00f3n<\/p>\n<p>P.- Jorge, \u00bfnos puedes decir cuando podremos ver alg\u00fan tr\u00e1iler de tu \u00faltima pel\u00edcula rodada en Cuba?<\/p>\n<p>R.- Creo que el trailer ya est\u00e1, pero fue una gozada pasearse en Harley por las playas del Este<\/p>\n<p>P.- \u00bfLa serie retrata a un Jorge Sanz como personaje puro de ficci\u00f3n o se trata de una peque\u00f1a biograf\u00eda (o autobiograf\u00eda) del actor?<\/p>\n<p>R.- Toma elementos de mi peripecia, pero est\u00e1n reconvertidos y organizados para ser una serie que se pueda disfrutar narrativamente como una ficci\u00f3n. En realidad hasta las autobiograf\u00edas son ficci\u00f3n en su mayor parte<\/p>\n<p>P.- Jorge, \u00bfel actor nace o se hace? <\/p>\n<p>R.- Las dos cosas. Hay dos tipos de actores, los que hemos crecido ya rodando y los que se incorporan tras otra preparaci\u00f3n. Lo importante es que los dos alcancen un buen resultado en su trabajo y que transmitan una cierta sencillez en la forma de hacerlo. Este oficio es o muy f\u00e1cil o imposible<\/p>\n<p>P.- Buenos d\u00edas. La pregunta no podr\u00eda ser otra: \u00bfqu\u00e9 fue de Jorge Sanz? Saludos<\/p>\n<p>R.- Aqu\u00ed estoy, presentando una serie de televisi\u00f3n que comineza a emitirse el doce de noviembre en el Plus<\/p>\n<p>P.- \u00bfC\u00faal ha sido vuestro capitulo favorito y por qu\u00e9? Enhorabuena a ambos!!<\/p>\n<p>R.- El \u00faltimo, que rodamos en Guatemala, reuni\u00f3 todas las cualidades que ten\u00eda que tener un rodaje. Fue una experiencia \u00fanica, donde adem\u00e1s nos trataron de maravilla <\/p>\n<p>P.- David, algunas de tus novelas, en especial &#8220;Saber perder&#8221; parecen dedicadas a radiografiar la experiencia del fracaso. \u00bfSe puede decir que este nuevo proyecto con Jorge Sanz continua con esa l\u00ednea? Un saludo<\/p>\n<p>R.- David, algunas de tus novelas, en especial &#8220;Saber perder&#8221; parecen dedicadas a radiografiar la experiencia del fracaso. \u00bfSe puede decir que este nuevo proyecto con Jorge Sanz continua con esa l\u00ednea? Un saludo<\/p>\n<p>P.- Para los dos: Despu\u00e9s de esto, \u00bften\u00e9is algun otro plan profesional para el futuro? Os deseo mucha suerte con la serie. <\/p>\n<p>R.- Jorge ha rodado una pel\u00edcula en Cuba y otra en Guatemala. David ha rodado una pel\u00edcula muy peque\u00f1a este verano, que se llama Madrid, 1987, pero que a\u00fan est\u00e1 montando<\/p>\n<p>P.- Hola David \u00bfPor qu\u00e9 los productores espa\u00f1oles no apuestan por ideas innovadoras? Estamos condenados a ver siempre lo mismo en el cine\/ tv espa\u00f1ol\/a y aqu\u00ed hay gente con buenas ideas que se est\u00e1 yendo fuera. Y los que os qued\u00e1is, con talento, os ten\u00e9is que autofinanciar. \u00bfQu\u00e9 est\u00e1 pasando? \u00bfQu\u00e9 va a pasar? <\/p>\n<p>R.- Siempre ha sido igual. En esto uno empieza desde cero, salvo que su \u00faltima pel\u00edcula sea un \u00e9xito. Pero es una profesi\u00f3n privilegiada y hay que tomar las dificultades como un precio que pagar. El ideal ser\u00eda que hubiera espectadores fieles a las experiencias m\u00e1s atrevidas, ellos son los que fabrican las posibilidades<\/p>\n<p>P.- Hay cameos no profesionales, Ayanta, etc. \u00bfAlguno m\u00e1s?<\/p>\n<p>R.- Muchos. La mezcla de actores y no actores era una de las claves de la serie. Sale gente profesional, muchos no conocidos, pero que hacen un papel que les va muy bien. Los ir\u00e1s descubriendo en cada cap\u00edtulo<\/p>\n<p>P.- Jorge, tu has sido un actor muy cotizado en el cine espa\u00f1ol de las \u00faltimas d\u00e9cadas. Has participado en muchas pel\u00edculas con mayor o menor \u00e9xito, pero&#8230; si tuvieras la oportunidad de volver atr\u00e1s \u00bfa cu\u00e1l de ellas dir\u00edas ahora &#8220;esta no la hago&#8221; y por contra \u00bfen qu\u00e9 pel\u00edcula espa\u00f1ola te hubiera gustado participar si hubieras tenido oportunidad?<\/p>\n<p>R.- Me gustan todas las que he hecho, de todas aprendes. En las malas a veces aprendes m\u00e1s que en las buenas. Si no hubiera hecho Belle Epoque, me hubiera jodido un mont\u00f3n<\/p>\n<p>P.- Jorge que papel\u00f3n hiciste en Conan el b\u00e1rbaro, entre tus miradas, gestos y la m\u00fasica de Poledouris la pel\u00edcula me emociona cada vez que la veo, \u00bfte atrever\u00edas de nuevo a compartir reparto con el &#8220;gobernator&#8221;?<\/p>\n<p>R.- Mientras no sea de su becario en el despacho, cualquier cosa. Yo s\u00f3lo ten\u00eda una frase en la pel\u00edcula, pero al final me la quitaron porque no pude llorar ese d\u00eda, por el fr\u00edo que hac\u00eda, se me congelaban las l\u00e1grimas<\/p>\n<p>P.- Hola David, \u00bfpara cu\u00e1ndo otro &#8220;Peor programa de la Semana&#8221;? Para m\u00ed, siempre ha sido el mejor. Un abrazo, amigos!!<\/p>\n<p>R.- Me encantar\u00eda volver a hacerlo y que esta vez durara. Siempre echo de menos tener un espacio para decir burradas, hacer comedia, poner todo en tela de juicio, pero creo que en la tele no hay mucho sitio para eso. La gente es muy pol\u00edticamente correcta y falta sentido del humor. En esta serie, creo que se ve el lado salvaje de nuestra iron\u00eda y eso es bueno<\/p>\n<p>P.- Tuvo que ser dif\u00edcil escoger al actor. Los que no fueron escogidos deben de sentirse a\u00fan m\u00e1s olvidados, \u00bfno? Es broma. No te lo tomes mal Jorge.<\/p>\n<p>R.- Con el t\u00edtulo de la serie, el casting fue muy dif\u00edcil. El que m\u00e1s cerca estuvo de hacerlo fue Blanca Portillo, pero pensando en los desnudos al final la balanza se inclin\u00f3 hacia Jorge <\/p>\n","protected":false},"excerpt":{"rendered":"<p>El 12 de noviembre Canal + estrena su primera serie propia, \u00bfQu\u00e9 fue de Jorge Sanz?, en la que la ficci\u00f3n sirve para ironizar sobre la vida y el trabajo del mismo Jorge Sanz. El director David Trueba es el encargado de estar tras las c\u00e1maras de esta sitcom hiperrealista. El director y actor de la serie han charlado con los lectores sobre su nueva serie.<br \/>\nFoto: Gorka Lejarcegi<br \/>\n Hablando en serie, en Eskup Entrevista a David Trueba<br \/>\n V\u00eddeo: \u00bfQu\u00e9 fue de Jorge Sanz?<\/p>\n","protected":false},"author":1,"featured_media":0,"comment_status":"open","ping_status":"open","sticky":false,"template":"","format":"standard","meta":{"footnotes":""},"categories":[],"tags":[],"class_list":["post-7663","post","type-post","status-publish","format-standard","hentry"],"_links":{"self":[{"href":"https:\/\/intervius.com\/index.html\/wp-json\/wp\/v2\/posts\/7663","targetHints":{"allow":["GET"]}}],"collection":[{"href":"https:\/\/intervius.com\/index.html\/wp-json\/wp\/v2\/posts"}],"about":[{"href":"https:\/\/intervius.com\/index.html\/wp-json\/wp\/v2\/types\/post"}],"author":[{"embeddable":true,"href":"https:\/\/intervius.com\/index.html\/wp-json\/wp\/v2\/users\/1"}],"replies":[{"embeddable":true,"href":"https:\/\/intervius.com\/index.html\/wp-json\/wp\/v2\/comments?post=7663"}],"version-history":[{"count":0,"href":"https:\/\/intervius.com\/index.html\/wp-json\/wp\/v2\/posts\/7663\/revisions"}],"wp:attachment":[{"href":"https:\/\/intervius.com\/index.html\/wp-json\/wp\/v2\/media?parent=7663"}],"wp:term":[{"taxonomy":"category","embeddable":true,"href":"https:\/\/intervius.com\/index.html\/wp-json\/wp\/v2\/categories?post=7663"},{"taxonomy":"post_tag","embeddable":true,"href":"https:\/\/intervius.com\/index.html\/wp-json\/wp\/v2\/tags?post=7663"}],"curies":[{"name":"wp","href":"https:\/\/api.w.org\/{rel}","templated":true}]}}