{"id":7653,"date":"2010-10-27T00:00:00","date_gmt":"2006-11-06T00:00:00","guid":{"rendered":"https:\/\/intervius.com\/index.html\/?p=7653"},"modified":"2006-11-06T00:00:00","modified_gmt":"2006-11-06T00:00:00","slug":"Javier_Hoyos7653","status":"publish","type":"post","link":"https:\/\/intervius.com\/index.html\/Javier_Hoyos7653\/","title":{"rendered":"Javier Hoyos"},"content":{"rendered":"<p>Pregunta.- Hola, queria sabeer si habra carrusel nacional hoy con la copa.Hasta luego.<\/p>\n<p>Respuesta.- Hola Adri\u00e1n. Te confirmo que volver\u00e1 a haber Carrusel esta tarde con la segunda jornada de los dieciseisavos de final. Eso si, al igual que sucedi\u00f3 ayer martes, dado que en la cadena estamos desarrollando la gira &#8221; IxD&#8221;, Carrusel volver\u00e1 a emitirse \u00fanicamente a trav\u00e9s de la O.M. Un abrazo.<\/p>\n<p>P.- QUE TAL HOYOS!!!!QUE OPINAS DE LA REAL SOCIEDAD.. CRES QUE ARA UN BUEN PAPEL EN LA LIGA??GRACIAS NOS VEMOS!!!<\/p>\n<p>R.- Hola Jon. Desde que comenz\u00f3 la liga tengo claro que la Real va pasar un a\u00f1o pl\u00e1cido. Para un reci\u00e9n ascendido mostrar la solidez que est\u00e1 teniendo el equipo de Lasarte no es nada habitual. Ten\u00e9is jugadores como Griezman o Zurutuza que me encantan y arriba hay p\u00f3lvora. Ser\u00e1 un buen a\u00f1o txuriurdin. Un abrazo.<\/p>\n<p>P.- Felicidades Javi, carrusel deportivo sigue siendo el mejor programa para seguir las jornadas futbol\u00edsticas. Me encanta el aumento que se ha producido en la capacidad de interactuaci\u00f3n con el oyente a trav\u00e9s de la redes sociales, la cercan\u00eda al oyente sigue estando presente como se\u00f1a de identidad de la cadena ser. Me gustar\u00eda conocer tus sensaciones en estos primeros meses al frente de Carrusel. Un abrazo.<\/p>\n<p>R.- Hola amigo. Gracias por tu comentario. Para mi es clave que vosotros, los oyentes, os sint\u00e1is protagonistas, pod\u00e1is comprobar c\u00f3mo cuanto llega a Carrusel es trasladado a la antena. La cercan\u00eda con el oyentes es precisamente eso porque no olvides nunca que los realmente importantes sois vosotros. En cuanto a mis sensaciones son muy buenas. Estoy satisfecho con el modo en que est\u00e1 evolucionando el programa y, poco a poco, seguiremos introduciendo novedades. Nos seguimos escuchando.<\/p>\n<p>P.- hola crack,\u00bfte parece que el Real madrid estuvo tan mal ayer?porque para mi estuvo bien,solo le falto el gol,y la segunda es \u00bfporque el Real madrid de baloncesto no juega partidos contras contras equipos NBA,como por ejemplo este a\u00f1o el CAJA LABORAL Y BARCA? .por cierto \u00bfhoy haceis un especial de la copa? gracias <\/p>\n<p>R.- Hola Manolo 1987. Yo creo que el Real Madrid hizo un partido serio pero volvi\u00f3 a sufrir lo que le pasaba a comienzo de temporada, falta de facilidad en la llegada a porter\u00eda lo que le lleva a jug\u00e1rsela en disparos lejanos. Ese mal ya lo ha despejado con Ozil, Di Mar\u00eda, Higuain y CR7 en el campo pero ayer faltaron algunos. Para mi lo peor fue comprobar la ausencia de Benzema quien lleva camino de convertirse en una cruz para Mourinho. En cuanto al Carrusel, efectivamente volvemos esta tarde a partir de las ocho con los 11 partidos quye se disputan este mi\u00e9rcoles. Un abrazo.<\/p>\n<p>P.- Hola javi, a ver si me respondes una&#8230;. que ha hecho Casillas para merecer el bal\u00f3n de oro mas que Xavi? Mas titulos en los ultimos a\u00f1os con su club? Mas titulos con la seleccion? Mas incidencia en el juego de uno de los mejores clubes de futbol y de la mejor seleccion de la historia? Si por ser capitan y hacer 4 buenas paradas en el mundial (no necesito hacer muchas mas) lo merece mas que el hombre sobre el que gira todo el cotarro de espa\u00f1a, la llevamos clara&#8230; un saludo!<\/p>\n<p>R.- Hola Oliver. Lo primero es constatar que los porteros tiene casi siempre menos papeletas para conseguir esa distinci\u00f3n. Dicho \u00e9sto, yo ya deje claro anoche en Carrusel que se lo dar\u00eda a Xavi. Su incidencia, como tu dices, en el juego de su equipo, ya sea la selecci\u00f3n, ya el Barsa, es brutal. Por otra parte Iker dispone a\u00fan de m\u00e1s tiempo para lograr ese t\u00edtulo aunque este \u00faltimo no sea un argumento de peso. Un saludo amigo. <\/p>\n<p>P.- nada solo era para darte la enhorabuena que poquito a poquito lo vais haciendo mejor y que muy pronto se veran los resultados y veras como son muy buenos un saludo y no cambieis nunca<\/p>\n<p>R.- Gracias Aza\u00f1a. Me alegro que te guste lo que hacemos. Un abrazo de coraz\u00f3n.<\/p>\n<p>P.- Lo de Rooney en el Manchester me recuerda a cualquier empleadillo listo en una empresa que se la l\u00eda hasta que le suben el sueldo&#8230; No crees que este tipo de cosas hacen ver el f\u00fatbol m\u00e1s como empresas y comercio y menos como diversi\u00f3n y deporte???<\/p>\n<p>R.- Hola asino. Tristemente hace ya mucho tiempo que el componente comercial en el mundo del f\u00fatbol es central. Estoy de acuerdo contigo en que Rooney se ha montado una pel\u00edcula para conseguir que le doblen el sueldo en su club &#8220;de toda la vida&#8221;. Quien conoce c\u00f3mo se vive el f\u00fatbol en Manchester sabe que un cambio de aires al City hubiera obligado al peque\u00f1o pero gran delantero a vivir en una urna. Creo que todo ha sido una pose bien gestionada y con un gran final para quien ha pasado de cobrar 5 millones netos al a\u00f1o al doble exacto. Un abrazo.<\/p>\n<p>P.- Ha parado el Murcia al R.Madrid? tienen que venir los peque\u00f1os a parar a los grandes?<\/p>\n<p>R.- Hola Alfonso. El Murcia ha parado al Real Madrid. Para que eso suceda es necesario que los de I\u00f1aki Alonso hicieran el partido de su vida y que el Madrid no acertara con su juego letal de las \u00faltimas jornadas. Todo ello ha sucedido. Aprovecho para decir una vez m\u00e1s que, a estas alturas, debi\u00e9ramos volver a las eliminatorias a partido \u00fanico. S\u00e9 que son un peligro para los grandes pero volver\u00edan a aportar inter\u00e9s a la Copa. Un abrazo.<\/p>\n<p>P.- Crees que lo que dice Pacoj\u00f3 en el blogs es verdad? Pau va a por el tercer anillo??<\/p>\n<p>R.- Hola impresionado. Pacojo es uno de los mejores periodistas deportivos de este pa\u00eds y, en baloncesto, m\u00e1s a\u00fan. En cuanto a que Pau va a por su tercer anillo, estoy seguro. Aunque esta noche les ha costado doblegar a los Rockets no tengo duda de que Lakers es el gran favorito de la conferencia oeste. Daimiel , que es un monstruo en esto del basket, ha apostado por una final Lakers-Orlando. Yo le hago caso. Un abrazo.<\/p>\n<p>P.- Hola Javi, me encanta este nuevo equipo de Carrusel y Carlos me hace mucha gracia. Quer\u00eda preguntarte c\u00f3mo ves los comienzos de Mou en el R. Madrid. La verdad es que se le critic\u00f3 mucho en Espa\u00f1a antes de que aterrizara y parece que tiene un proyecto pensado que est\u00e1 consolidando \u00bfno crees? gracias<\/p>\n<p>R.- Hola periquita. Mourinho no hace amigos pero consigue lo que busca. A d\u00eda de hoy ha dado ya con un once letal con el que el Madrid es capaz de hacere media docena de goles a quien haga falta. Se est\u00e1 consolidando y, a mi modo de ver, mucho antes de lo esperado. La temporada promete para el Real Madrid. En cuanto a tus comentarios, muchas gracias. Nos seguimos escuchando.<\/p>\n<p>P.- hola Hoyos, me preocupan la cantidad de infartos que est\u00e1n ocurriendo a jugadores en el campo ultimamente&#8230; Recuerdas si antes ocurr\u00eda lo mismo? porque creo que no \u00bfa qu\u00e9 puede ser debido?<\/p>\n<p>R.- Hola pip\u00edn. A mi tambi\u00e9n me parece sorprendente. Aprovecho esta pregunta para preparar un estudio en Carrusel. De todos modos dudo que haya m\u00e1s que antes pues es un hecho cierto que los controles son mejores y m\u00e1s exhaustivos aunque tambi\u00e9n el nivel de exigencia es mucho mayor. Un abrazo.<\/p>\n<p>P.- Hola Javi, lo primero daros la enhorabuena porque creo que hac\u00e9is un programa que tambi\u00e9n las mujeres podemos escuchar.. Me encanta Ponseti, le ten\u00e9is que dar m\u00e1s bola. Mi pregunta es si sientes que Guardiola est\u00e1 nervioso ante el nuevo y potende Real Madrid y si a lo mejor necesita frescura en su equipo?<\/p>\n<p>R.- Hola Mar\u00eda. Me alegro que te guste el Carrusel en el que te puedo asegurar que pensamos en la cantidad de mujeres que est\u00e1is en el deporte y disfrut\u00e1is con \u00e9l olvidando una idea absolutamente peregrina de que son s\u00f3lo los hombres quienes disfrutan del f\u00fatbol y dem\u00e1s. En cuanto a Ponseti, te prometo que le traslado tu comentario aunque hay que tener cuidado no se &#8220;vaya a venir arriba&#8221;. En cuanto a Guardiola, tiene razones concretas para pensar que el nuevo Madrid es muy s\u00f3lido al tiuempo que buena parte de su columna vertebral en el Barsa parece cansada. Nos escuchamos.<\/p>\n<p>P.- Buenas Javi! soy fiel a la ser, quer\u00eda saber si ves el Mundial de 125 para Marquez o para Espargar\u00f3! yo quiero que gane Espargar\u00f3<\/p>\n<p>R.- Hola Esteban. Gracias por tu fidelidad. Creo que este a\u00f1o Marc Marquez tiene todas las papeletas para lograr el t\u00edtulo. Est\u00e1 logrando ser m\u00e1s veloz y seguro que sus rivales aunque tanto \u00e9l como Espargar\u00f3 o Nico Terol son unos monstruos que nos garantizan cantera para el futuro. Y a\u00fan hay otros como Efr\u00e9n. Estamos viviendo la Edad de Oro del deporte espa\u00f1ol y en la moto, tambi\u00e9n. Yo, que como seguramente conoces, soy un enfermo de las motos, me lo estoy pasando en grande. R\u00e1fagas. <\/p>\n<p>P.- Que tal Javier hoy quiero preguntarte acerca del Barca, si Xavi se encuentra bajo de forma no crees que hay que dejarlo recuperarse y para suplir su ausencia en el medio campo retrasar a Messi para dejar en la delantera a Villa por un extremo Pedro por el otro y Bojan por el centro??? saludos.<\/p>\n<p>R.- Hola panagil. El problema es que Xavi est\u00e1 agotado y para colmo no ha podido ni hacer pretemporada. Las opciones para darle un respiro son varias pero yo no cambiar\u00eda a Messi. Leo debe seguir jugando entre l\u00edneas como media punta rompiendo a las defensas contarias. Un saludo.<\/p>\n<p>P.- Que opini\u00f3n te merece la posibilidad de poner la eliminatoria de dieciseisavos de final a partido \u00fanico en el campo del equipo de 2-B. Gracias.<\/p>\n<p>R.- Hola Jos\u00e9 Antonio L\u00f3pez. No tengo duda de que esa eliminatoria debe volver a partido \u00fanicoy en el campo del equipo de menor categor\u00eda. Los grandes se tensan y sufren pero es el modo de recuperar la atenci\u00f3n sobre la Copa. Un abrazo.<\/p>\n<p>P.- Hola Javi. Mis felicitaciones por el programa. Me ha sorprendido muy positivamente. \u00bfQuien crees que ser\u00e1 el maximo goleador del a\u00f1o? Opini\u00f3n sobre nuestro Racing. Saludos y a seguir as\u00ed.<\/p>\n<p>R.- Hola Ricar. Me alegro que te guste el nuevo tiempo de Carrusel. Sobre el m\u00e1ximo goleador creo que Cristiano Ronaldo tiene muchas papeletas pero ojo con Messi. En cuanto a nuestro Racing estoy muy mosca esta semana. POdemos perder pero no dar la lamentable imagen del s\u00e1bado en el Bernabeu. Es loable el intento de Portugal por hacer que toquemos y hagamos juego pero creo que con esta plantilla, mejor y m\u00e1s compensada que la del a\u00f1o pasado, no era necesario un cambio de estilo tan brutal. Por otra parte, a estas laturas ya hemos conseguido en casa la mitad de las victorias del a\u00f1o pasado. Tranquilidad. Nos escuchamos.<\/p>\n<p>P.- Hola Javier, \u00bfPodrias invitar a algun partido del Athletic a Jose Luis Mendilibar? Para que acompa\u00f1e a Daniel Ruiz Bazan en los comentarios . Gracias<\/p>\n<p>R.- Hola Carlos. Me encantar\u00eda contar con Mendilibar a quien conozco desde hace muchos a\u00f1os. A\u00fan le recuerdo como capit\u00e1n del River (Sestao) con quien compart\u00ed muy buenos momentos. Te tomo la palabra y le llamaremos. Un abrazo.<\/p>\n<p>P.- Que piensas Javier, sobre el Rancng de hacer un fichaje para cubrir la baja del griego, y sobre el Atletic la venta de sus dos mundialistas. Por cierto soy un forofo de vuestro CARRUSEL DEPORTIVO, pues creo que ha cambiado para bien, sobre todo, en ameno y simpatico- Un saludo<\/p>\n<p>R.- Hola Chapul\u00edn. El problema es que al Racing no le sobra la pasta pero creo que deber\u00eda hacer un esfuerzo si aparece en el mercado alg\u00fan jugador ceativo para la parcela central. En cuanto al Athletic, la llegada de una nueva carrera presidencial puede llevar a alguien a equivocarse. Tanto Javi Mart\u00ednez como Llorente deber\u00edan seguir en Bilbao aunque me temo que va a costar. Me alegro que te guste el nuevo tiempo de Carrusel. Gracias por tu apoyo y buen 28-O.<\/p>\n<p>P.- Benzema&#8230;est\u00e1 muerto? por que si no&#8230; ya matenlo por favor!!!<\/p>\n<p>R.- Hola Luis. Benzema no est\u00e1 en lo que celebra y creo sinceramente que el Real Madrid har\u00eda bien en sacar por su venta la mayor cantidad para recuperar la mucha pasta que pag\u00f3 por \u00e9l. Que Mou le cambiara anoche pese a haber anunciado que jugar\u00eda todo el partido me temo que le deja al borde del abismo. Un abrazo.<\/p>\n<p>P.- Muy buenas tardes Javier: Pues quiero saber tu opini\u00f3n y que espero que no sea un mal ahugurio. NO crees que Fernando Alonso, cuando estaba a casi 50 puntos, todo el mundo pensaba que ya hab\u00eda acabado aqui su mundial, y ahora que lo tiene a tiro todos creer que ya lo tienen ganado, \u00bfno crees que es un poco pronto para cantar el alir\u00f3n? ya que puede pasarle un problema mec\u00e1nico en estas carreras, pero que dios no lo quiera jeje<\/p>\n<p>R.- Hola David Ortega. El porcentaje de opciones de Alonso para hacerse con ese mundial de f-1 es muy alto pero estoy de acuerdo contigo en poner los pies en el suelo. Eso si, Fernando es un tipo muy cerebral capaz de ir sobre ra\u00edles sin perder la l\u00ednea. La apuesta por \u00e9l es clara y, si consigue sobreponerse al que para mi es un mal a\u00f1o de Ferrari, habr\u00e1 dado un paso de gigante de cara a su futuro. Nos escuchamos.<\/p>\n<p>P.- hola javi nola zago me encnata el nuevo carrusel ya era hora de cambiar aire que olia ha viejo por cierto haber si dais los resultado de futbol femenino que hay esta mi athetic nad aams onda pasa eta zorionak a ati y dani garrido agur eta ondo pasa <\/p>\n<p>R.- Hola pitxu. Me alegro que te guste el nuevo Carrusel de siempre. Por supuesto que estamos muy pendientes del deporte femenino y, como no, de tu Athletic. Un abrazo lagun.<\/p>\n<p>P.- \u00bf C\u00f3mo ha visto los primeros partidos de la Copa del Rey?<\/p>\n<p>R.- Hola Nuria. El Real Madrid se encontr\u00f3 con un Murcia muy bien plantado y fue incapaz de romperlo. Con todo mostr\u00f3 un alto grado de compromiso tal y como le hab\u00eda pedido Mourinho al equipo, Benzema aparte. En cuanto al Barsa en Ceuta, le result\u00f3 m\u00e1s f\u00e1cil a pesar de que en la segunda mitad les cost\u00f3 mantener la tensi\u00f3n. Me preocupa Bojan, un jugador que me encanta, pero que pasa, creo, por un tiempo de falta de confianza. Nos escuchamos.<\/p>\n","protected":false},"excerpt":{"rendered":"<p>El director de Carrusel Deportivo charlar\u00e1 este mi\u00e9rcoles con los lectores sobre la actualidad deportiva<\/p>\n","protected":false},"author":1,"featured_media":0,"comment_status":"open","ping_status":"open","sticky":false,"template":"","format":"standard","meta":{"footnotes":""},"categories":[],"tags":[],"class_list":["post-7653","post","type-post","status-publish","format-standard","hentry"],"_links":{"self":[{"href":"https:\/\/intervius.com\/index.html\/wp-json\/wp\/v2\/posts\/7653","targetHints":{"allow":["GET"]}}],"collection":[{"href":"https:\/\/intervius.com\/index.html\/wp-json\/wp\/v2\/posts"}],"about":[{"href":"https:\/\/intervius.com\/index.html\/wp-json\/wp\/v2\/types\/post"}],"author":[{"embeddable":true,"href":"https:\/\/intervius.com\/index.html\/wp-json\/wp\/v2\/users\/1"}],"replies":[{"embeddable":true,"href":"https:\/\/intervius.com\/index.html\/wp-json\/wp\/v2\/comments?post=7653"}],"version-history":[{"count":0,"href":"https:\/\/intervius.com\/index.html\/wp-json\/wp\/v2\/posts\/7653\/revisions"}],"wp:attachment":[{"href":"https:\/\/intervius.com\/index.html\/wp-json\/wp\/v2\/media?parent=7653"}],"wp:term":[{"taxonomy":"category","embeddable":true,"href":"https:\/\/intervius.com\/index.html\/wp-json\/wp\/v2\/categories?post=7653"},{"taxonomy":"post_tag","embeddable":true,"href":"https:\/\/intervius.com\/index.html\/wp-json\/wp\/v2\/tags?post=7653"}],"curies":[{"name":"wp","href":"https:\/\/api.w.org\/{rel}","templated":true}]}}