{"id":7632,"date":"2010-10-25T00:00:00","date_gmt":"2006-11-06T00:00:00","guid":{"rendered":"https:\/\/intervius.com\/index.html\/?p=7632"},"modified":"2006-11-06T00:00:00","modified_gmt":"2006-11-06T00:00:00","slug":"Alfredo_Relano7632","status":"publish","type":"post","link":"https:\/\/intervius.com\/index.html\/Alfredo_Relano7632\/","title":{"rendered":"Alfredo Rela\u00f1o"},"content":{"rendered":"<p>Pregunta.- Hola! \u00bfNo le da la impresi\u00f3n que se est\u00e1 magnificando todo alrededor de Mourinho? Todo han sido rivales menores (excepto un Mil\u00e1n decr\u00e9pito), parece que han ganado t\u00edtulos. Por otro lado, es admisible el baj\u00f3n del Barca pero, \u00bfno le parece que se le est\u00e1 menospreciando? Adem\u00e1s me da la sensaci\u00f3n que est\u00e1 pagando un precio brutal por haber constituido la super-base de la selecci\u00f3n campeona del mundial \u00bfQu\u00e9 le parece?<\/p>\n<p>Respuesta.- Siempre digo que el f\u00fatbol nos gusta porque provoca sensaciones axageradas. Ahora en torno al Madrid hay euforia, por esoy por varias razones. Despu\u00e9s de a\u00f1os de desconcierto en todos los entrenadores, hay unio que se ha hech cargo con firmeza de la sitiaci\u00f3n en tres meses; los rivales han sido flojos, pero el Madrid golea. Respecto del Bar\u00e7a, s\u00ed parece que cada a\u00f1o va bajando un pelda\u00f1ito. Sigue siendo extraordinario, pero se ha queado un poquito corto de plantilla y desde luego que el Mundial le puede pesar algo. <\/p>\n<p>P.- De un madridista cubano. Que espera usted que pase en la Copa del Rey, Mau va a alinear a los poco habituales, dos titulares y ser\u00eda posible darle la titularidad a alg\u00fan canterazo, me refiero a Juan Carlos, Morata o Sarabia. Saludos desde la Habana. PD: llevamos un ritmo impresionante este Madrid mola mucho estamos ante los verdaderos neogalacticos. <\/p>\n<p>R.- Estamos a la espera de la lista ahora mismo. S\u00e9 que Marcelo no va a ir, lo mismo que Xabi Alonso, \u00d6zil y Carvalho. Jugar\u00e1 alg\u00fan canterano, seguramente Juanfran de dos, y quiz\u00e1 tambi\u00e9n vaya Juan Carlos. Cristiano y Benzema van a ser titulares. Vuelve Ramos, seguro que para jugar. Tendr\u00e1n oportunidad Pedro Le\u00f3n y Canales, seguro. <\/p>\n<p>P.- Sr. Rela\u00f1o: le sorprende la supuesta compra de votos en la FIFA de cara a la elecci\u00f3n de los mundiales de 2018 y 2022?<\/p>\n<p>R.- Esa misma investigaci\u00f3n la hizo un peri\u00f3dico ingl\u00e9s ante la elecci\u00f3n de los JJOO 2012. No me extra\u00f1a. Hasat esas alturas se cuela mucho golfo.<\/p>\n<p>P.- Si es verdad que Mourinho va a dar descanso a Xabi, \u00bfa quien cree usted que puede poner en su sitio?porque Ozil y Carvalho tienen recambio. Gracias<\/p>\n<p>R.- Ser\u00e1n Khedira y Diarra, porque no hay otro. Lass se ha lesionado. Salvo que quiera probar a Sergio Ramos ah\u00ed. (Ha ido, y ya jug\u00f3 algunos partidos en esa posici\u00f3n.)<\/p>\n<p>P.- Hola Alfredo, me parece que de todos los candidatos a ser rival del Madrid y Barca, el mas serio veo que es el Villareal,tu que dices?<\/p>\n<p>R.- Yo creo que no tienen rival. Pero s\u00ed, el Villarreal tiene pinta de que va a andar todo el a\u00f1o por arriba.<\/p>\n<p>P.- \u00a1Hola, buenos d\u00edas! Antes de la pregunta, un ruego. No haga caso a los ultras del Madrid, por favor, ni siquiera de pasada como en el art\u00edculo del otro d\u00eda. \u00bfEscuch\u00f3 c\u00f3mo insultaban a Cantabria el s\u00e1bado? La tierra de Gento y Santillana entre otros como se\u00f1alaba usted ayer. Bueno, la pregunta: \u00bfqu\u00e9 nos puede contar de Agust\u00edn Dom\u00ednguez? He podido leer que a \u00e9l y a Saporta les acusaron de abandonar la nave a la muerte de Bernab\u00e9u, pero ellos se declaraban m\u00e1s &#8220;bernabeu\u00edstas&#8221; que madridistas. \u00bfFue as\u00ed? \u00a1Gracias por su atenci\u00f3n! PD: Estoy disfrutando mucho sus &#8220;366 historias del f\u00fatbol mundial&#8221;.<\/p>\n<p>R.- No o\u00ed nada de eso, pero si pas\u00f3 lo deploro de verdad. Respecto a Ag\u00fast\u00edn Dom\u00ednguez, fue un excelente trabajador de los despachos. Entr\u00f3 de adolescente, casi de botones, pero su inteligencia y su comprensi\u00f3n de lo que era el Madrid le hicieron crecer hasta ser gerente. Saporta hab\u00eda anunciado que se ir\u00eda del Madrid un minuto despu\u00e9s que Bernab\u00e9u, y as\u00ed lo hizo. Dom\u00ednguez comprendi\u00f3 que empezaba otra \u00e9poca, y al llegar el nuevo presidente, Luis de Carlos, incorpor\u00f3 como gerente a Fern\u00e1ndez Trigo, al que hab\u00eda tratado mucho en Galicia, a trav\u00e9s del Teresa Herrera. (No fue un gran acierto, dicho sea de paso). Agust\u00edn Dom\u00ednguez se fue por las buenas, tras un tr\u00e1nsito ordenado. Se fue de Secretario General a la Federaci\u00f3n, con Porta, donde tambi\u00e9n hizo una buena labor. Un buen hombre, enamorado del f\u00fatbol. Se hizo, para \u00e9l mismo y los amigos, un magn\u00edfico muse\u00edto del f\u00fatbol, del que nunca quiso hacer publicidad. S\u00f3lo para su satisfacci\u00f3n. Nunca quiso darlo a conocer en prensa. Un buen hombre, nada que reprocharle, y muy madridista. Y gracias por lo del libro. Celebro que lo est\u00e9 disfrutando. <\/p>\n<p>P.- Hola Alfredo: Raul lleva 68 goles en champions en 135 partidos y Gerd Muller hizo 68 en 77 !! \u00bfesta claro quien fue mejor delantero no te parece ? pero es que ademas el bombardero gano 3 champions, una recopa, una intercontinental ,1 eurocopa y un mundial con su selecci\u00f3n, ademas de ser 7 veces pichichi de la bundesliga y ser eldelantero de seleccion con mejor promedio de la historia: 68 goles en 62 partidos !!!. sinceramente \u00bfno te parece un sacrilegio poner a raul a la altura de este fuera de serie? <\/p>\n<p>R.- MUller fue mejor delantero que Ra\u00fal, desde luego, pero no es sacrilegio contar los goles de Ra\u00fal ni decir que se propuso adelantar (en n\u00famero, nunca en porcentaje) al alem\u00e1n en ese rubro. Esos porcentajes que usted cita est\u00e1n publicados en AS. Lo dmirable de Ra\u00fal es su capacidad para marcarse objetivos y lucha rpor ellos. Es un ejemplo moral. <\/p>\n<p>P.- Don Alfredo: Un saludo desde los EEUU: Usted ve realista la posibilidad de que mi Madrid gane el triplete? Veo a Mourinho con capacidad, pero me preocupa la capacidad fisica del equipo que parece consolidado!<\/p>\n<p>R.- Desde luego, va a estar en las tres. Tiene funcionamiento, tiene un fen\u00f3meno como Cristiano, tiene un l\u00edder fuerte en Mourinho. Yo lo veo posible.<\/p>\n<p>P.- Soy rojiblanco pero del Sporting pero no le parece que el arbitraje del Villarreal- Atl\u00e9tico es uno de los atropellos m\u00e1s sonrojantes que ha visto en un campo???? Yo no recuerdo una cosa similar en mis 42 a\u00f1os de vida&#8230;<\/p>\n<p>R.- Ha sido gordo, desde luego. A m\u00ed en un caso as\u00ed se me escapan las explicaciones.<\/p>\n<p>P.- Maestro Rela\u00f1o, mis respetos desde M\u00e9rida, Venezuela. La pregunta es para pedirle una recomendaci\u00f3n literaria; \u00bfacons\u00e9jeme dos o tres libros sobre literatura y deporte que hayan sido importante en su vida? Otra m\u00e1s: cu\u00e1l es su m\u00e1xima en el periodismo deportivo? Abrazos<\/p>\n<p>R.- Me gust\u00f3 mucho Area 18, de Fontanarrosa. Busque tambi\u00e9n los Cuentos de F\u00fatbol, recopilados por Valdano, y editados por Aguilar. El \u00c1ngel del F\u00fatbol, de un autor dan\u00e9s, que no recuerdo, tambi\u00e9n me gust\u00f3 mucho. Y hay un c\u00e1lsico: &#8220;F\u00fatbol, Din\u00e1mica de lo Impensado&#8221;, que me influy\u00f3 mucho. Fuera del f\u00fatbol disfrut\u00e9 Alpe dHuez, creo que se llamaba as\u00ed, de Javier Garc\u00eda, y El l\u00e1tigo del jab sobre los rostros&#8230; de un buen autor americano que ahora no recuerdo si era Norman Mailer.<\/p>\n<p>P.- Buenos d\u00edas, antes que nada quiero decirle que soy un seguidor suyo pues me parecen muy acertadas sus opiniones y sin m\u00e1s pre\u00e1mbulos tres preguntillas: \u00bfCree usted que el Real Madrid ha alcanzando su techo o por el contrario tiene margen de mejora?\u00bfNo cree que con un delantero, digamos cl\u00e1sico, como Llorente (lo nombro a \u00e9l por que es el mejor ejemplo de jugador con corpulencia para jugar de espaldas y para el juego aereo, tambi\u00e9n podria valer Negredo) el Madrid alcanzar\u00eda la excelencia (yo as\u00ed lo creo teniendo a Di Mar\u00eda en una banda y a Marcelo en la otra)? Y la \u00faltima \u00bfCree que le afectar\u00e1 al Barcelona el cansancio acumulado, sobre todo al final del campeonato, en estas dos magnificas temporadas que ha realizado?<\/p>\n<p>R.- Yo creo que el Madrid est\u00e1 muy bien, y que con Llorente en vez de Higua\u00edn no mejorar\u00eda, porque Higua\u00edn es m\u00e1s r\u00e1pido, auqnue s\u00ed tendr\u00eda otra alternativa. Desde luego, mejor que con Benzema, para los ratos que fuere menester. Respecto a techo, est\u00e1 muy cerca, creo. Lo estoy viendo muy bien. Respecto al Bar\u00e7a, me parece que se ha quedado un poquito corto de efectivos, ha podado de m\u00e1s. Y Xavi y Pujol van entrando en una edad den la que necesitan cuidarse.<\/p>\n<p>P.- Hola Alfredo, \u00bfte parece que este Madrid si juega bonito? \u00bfPara t\u00ed que tiene que mejorar a\u00fan el equipo madridista? Muchas gracias y un saludo,<\/p>\n<p>R.- Me gusta como est\u00e1. Me gusta mucho. S\u00f3lo espero qeu cuando tenga una salida gorda no vuelva al trivote. <\/p>\n<p>P.- sr rela\u00f1o.en su opinion como valoraria el trabajo hasta ahora de mourino con respecto a pellegrini en todos los conceptos de lo que es llevar al real madrid.<\/p>\n<p>R.- Creo que lo est\u00e1 haciendo mejor. Ha implantado su autoridad en la casa, no deja que el exterior le implante dudas, y creo que los jugadores le obedecen ciegamente, sin disidentes. En todo eso le est\u00e1 ganando. <\/p>\n<p>P.- hola alfredo,ve la plantilla del barcelona corta para todas las competiciones o crree que guardiola tirara alguna competicion para poder dar descanso.<\/p>\n<p>R.- La veo corta, por eso deja a ocho titulares en la Copa, y tira de cantera m\u00e1s que nunca. Lo que no s\u00e9 es si en enero (mes en el que la Copa ocupa todos los mi\u00e9rcoles) har\u00e1 lo mismo, con rivales mayores. <\/p>\n<p>P.- buenas , vera no dudo del fichaje de carvalho pero albiol es un gran central y mas joven , yo me temo que otro jugador sin futuro en el madrid una verdadera pena , aparte que el puesto de central estaba cubierto hasta con garay <\/p>\n<p>R.- Le inspiraba mucha confianza a Mourinho. En cierto modo, es una cuota que hay que pagarle a un entrenador nuevo. Le negaron a Maicon (con el que Sergio hubiera pasado a central) y le cedieron en esto. No me parece mal. Albiol y Garay tienen juventud y a\u00f1os por delante.<\/p>\n<p>P.- hola rela\u00f1o mi pregunta es la siguiente \u00bfse atrevera jugar mou , con un centro del campo mas constructivo quitando a quedira y en su lugar pedro leon o canales , a mi me gusta mas <\/p>\n<p>R.- No, no har\u00e1 eso. Khedira es titular seguro. Y si un d\u00eda falta jugar\u00e1 lo m\u00e1s parecido que tenga a \u00e9l. <\/p>\n<p>P.- Hola Alfredo. Etoo lleva esta temporada 15 goles, por 8 de Ibra y 4 de Villa. Ha dado adem\u00e1s varias asistencias y esta jugando a un nivel igual o mejor que su mejor \u00e9poca en Barcelona. La temporada pasada, jugo con melancol\u00eda y disciplina de carrilero sin decir ni P\u00edo. Podemos decir ya sin tapujos que Guardiola cometi\u00f3 un error inmenso? Etoo es el mejor 9 que hay y ya se ha visto que jugar ah\u00ed con la omnipresencia de Messi no es f\u00e1cil. Un saludo<\/p>\n<p>R.- Etoo es un fen\u00f3meno. En el Bar\u00e7a hubo una guerra de egos entre \u00e9l y Ronaldinho. Guardiola les quiso sacar a los dos. Sac\u00f3 primero a Ronaldinho, se qued\u00f3 Etoo y el Bar\u00e7a gan\u00f3 el triplete. Luego quiz\u00e1 a Guardiola no le pareci\u00f3 justo no castigarle tambi\u00e9n y lo cambi\u00f3 por Ibrahimovic, que tampoco est\u00e1 ahora. No ha sido un acierto, no. Ha sido el mejor delantero centro del Bar\u00e7a en much\u00edsimos a\u00f1os. Lo que veo de Guardiola es que no aguanta vedettes. <\/p>\n<p>P.- Buenos d\u00edas Alfredo, me est\u00e1 sorprendiendo el rendimiento de \u00d6zil, todo el mundo habla de su clase, de su \u00faltimo pase, de la pausa que da, etc, etc, en mi opini\u00f3n el alem\u00e1n tiene una caracteristica genial y que no abunda en el f\u00fatbol de hoy y es la generosidad. Me gustar\u00eda conocer su opini\u00f3n. Gracias y un saludo muy cordial.<\/p>\n<p>R.- Copincido plenamente con usted. Es un genio que piensa en el equipo. Para m\u00ed s\u00f3lo le falta algo, que es continuidad. Peor creo que la adquirir\u00e1. Acaba de llegar al f\u00fatbol de verdad serio. <\/p>\n<p>P.- Buenas Sr. Rela\u00f1o \u00bfque opini\u00f3n le merece el contenido de la carta de Ram\u00f3n Calderon dirigida a Florentino?<\/p>\n<p>R.- Creo que Calder\u00f3n sufri\u00f3 ataques injustos y est\u00e1 resentido. Pero le debilit\u00f3 la directiva de que se rode\u00f3 (los nanines, b\u00e1rcenas, amadores y dem\u00e1s) y acab\u00f3 cayendo por eso, sin haber hecho una mala gesti\u00f3n. Creo que debe esperar a que pase el tiempo, se despeje el panorama judicial y, cuando se vea que no hab\u00eda nada, salir a reivindicarse. Ahora me parece todav\u00eda incluso demasiado pronto. <\/p>\n<p>P.- Buenos d\u00edas, Alfredo. Escuchando el estupendo discurso de Del Bosque (\u00a1Qu\u00e9 maravilloso ser humano!), buceando en la mente de los jugadores que asistieron, mirando los ojos de todos los presentes, recordando aquellos m\u00e1gicos momentos de este julio inmortal de 2010, pens\u00e9 que, si bien ha habido selecciones que han maravillado con su f\u00fatbol, como la de Brasil70, la selecci\u00f3n espa\u00f1ola tiene algo especial que la ha hecho \u00fanica. Porque enamor\u00f3 con un f\u00fatbol distinto en el que parec\u00eda que el bal\u00f3n coleccionaba jugadores a su alrededor. Porque lo hizo precisamente en una \u00e9poca en la que el f\u00fatbol t\u00e1ctico y f\u00edsico amenazaba con elgullirlo todo. Porque, a partir de esa rom\u00e1ntica convicci\u00f3n, ha conquistado el coraz\u00f3n del mundo futbol\u00edstico. No s\u00e9 si un equipo ha hecho tanto por un pa\u00eds. \u00bfVolveremos a ser tan felices, Alfredo?<\/p>\n<p>R.- Estoy de acuerdo. El f\u00fatbol de Espa\u00f1a regenera el f\u00fatbol, como lo hizo el del Ajax en los setenta, depsu\u00e9s de una \u00e9poca oscura, o como lo hicieron el Madrid de La Quinta del Buitre y el Bar\u00e7a del Dream Team en a\u00f1os en que se volv\u00eda a caer en el c\u00e1lculo y en el ego\u00edsmo. Este f\u00fatbol es hermoso y ejemplar y da gusto reafirmarse en que adem\u00e1s da m\u00e1s victorias que el otro. <\/p>\n<p>P.- Hola crack. El otro d\u00eda recordaba el comienzo de la Ley Bosman. Sorprendentemente (o no tanto), varios a\u00f1os despu\u00e9s no ha surgido ninguna potencia a nivel selecciones ni han ca\u00eddo las habituales (m\u00e1s all\u00e1 de una mala combinaci\u00f3n de generaciones como en el caso de Inglaterra). Con el filtro del tiempo, qu\u00e9 cosas positivas\/negativas ves en esta ley y en c\u00f3mo cambi\u00f3 el f\u00fatbol? Gracias.<\/p>\n<p>R.- En \u00e9l f\u00fatbol de clubes s\u00ed se ha notado mucho. Se ha acumulado m\u00e1s poder en los clubes ricos de los pa\u00edses ricos. \u00bfAhora podr\u00eda un Steaua de Bucarest ser campe\u00f3n o finalista? En las selecciones no, porque aun en los pa\u00edses m\u00e1s compradores se han seguido trabajando las canetras. <\/p>\n<p>P.- Hola Alfredo. No le parece increible que este a\u00f1o en el que no se ha fichado ningun &#8220;galactico&#8221; haya sido el mejor desde hace mucho tiempo? Y ya no me refiero solo al precio, sino al compromiso y la ambicion de los nuevos. Podemos por fin enterrar lo de &#8220;Zidanes y Pavones&#8221;?<\/p>\n<p>R.- Se ha enterrado del todo. Ahora estamos en el mourinhato. Pero hay un gal\u00e1ctico, Cristiano, y es important\u00edsimo.<\/p>\n","protected":false},"excerpt":{"rendered":"<p>Alfredo Rela\u00f1o, director del Diario As, ha charlado de toda la actualidad deportiva.<\/p>\n","protected":false},"author":1,"featured_media":0,"comment_status":"open","ping_status":"open","sticky":false,"template":"","format":"standard","meta":{"footnotes":""},"categories":[],"tags":[],"class_list":["post-7632","post","type-post","status-publish","format-standard","hentry"],"_links":{"self":[{"href":"https:\/\/intervius.com\/index.html\/wp-json\/wp\/v2\/posts\/7632","targetHints":{"allow":["GET"]}}],"collection":[{"href":"https:\/\/intervius.com\/index.html\/wp-json\/wp\/v2\/posts"}],"about":[{"href":"https:\/\/intervius.com\/index.html\/wp-json\/wp\/v2\/types\/post"}],"author":[{"embeddable":true,"href":"https:\/\/intervius.com\/index.html\/wp-json\/wp\/v2\/users\/1"}],"replies":[{"embeddable":true,"href":"https:\/\/intervius.com\/index.html\/wp-json\/wp\/v2\/comments?post=7632"}],"version-history":[{"count":0,"href":"https:\/\/intervius.com\/index.html\/wp-json\/wp\/v2\/posts\/7632\/revisions"}],"wp:attachment":[{"href":"https:\/\/intervius.com\/index.html\/wp-json\/wp\/v2\/media?parent=7632"}],"wp:term":[{"taxonomy":"category","embeddable":true,"href":"https:\/\/intervius.com\/index.html\/wp-json\/wp\/v2\/categories?post=7632"},{"taxonomy":"post_tag","embeddable":true,"href":"https:\/\/intervius.com\/index.html\/wp-json\/wp\/v2\/tags?post=7632"}],"curies":[{"name":"wp","href":"https:\/\/api.w.org\/{rel}","templated":true}]}}